{"id":2858,"date":"2025-10-05T08:41:38","date_gmt":"2025-10-05T06:41:38","guid":{"rendered":"https:\/\/www.diocesitn.it\/vitaconsacrata\/notizie\/i-religiosi-di-trento-e-bolzano-uniti-a-pietralba-per-il-loro-giubileo-3\/"},"modified":"2025-10-22T15:50:32","modified_gmt":"2025-10-22T13:50:32","slug":"i-religiosi-di-trento-e-bolzano-uniti-a-pietralba-per-il-loro-giubileo-3","status":"publish","type":"post","link":"https:\/\/www.diocesitn.it\/vitaconsacrata\/notizie\/i-religiosi-di-trento-e-bolzano-uniti-a-pietralba-per-il-loro-giubileo-3\/","title":{"rendered":"I religiosi di Trento e Bolzano-Bressanone uniti a Pietralba per il loro Giubileo"},"content":{"rendered":"<p><span style=\"font-size: inherit; -webkit-text-size-adjust: 100%;\">Per la prima volta i <strong>religiosi e le religiose<\/strong> delle diocesi di <strong>Trento<\/strong> e <strong>Bolzano-Bressanone<\/strong> si sono incontrati insieme, lo scorso 30 settembre, al santuario della <strong>Madonna di Pietralba<\/strong> per celebrare il Giubileo 2025 e vivere il dono dell\u2019indulgenza plenaria.<\/span><\/p>\n<p>Il vescovo di Bolzano-Bressanone, mons. <strong>Ivo Muser<\/strong>, ha sottolineato il valore simbolico dell\u2019evento: \u00abMai come oggi le diverse congregazioni e gli ordini religiosi erano stati cos\u00ec uniti\u00bb. Nella crisi delle vocazioni, ha aggiunto, si sta riscoprendo una maggiore unit\u00e0 e armonia.<\/p>\n<h4>La messa bilingue e l\u2019omelia dell\u2019arcivescovo Tisi<\/h4>\n<p style=\"text-align: left;\"><a href=\"https:\/\/www.diocesitn.it\/?attachment_id=2852\" rel=\"attachment wp-att-2852\"><img loading=\"lazy\" decoding=\"async\" class=\"alignleft wp-image-2852 size-thumbnail\" src=\"https:\/\/www.diocesitn.it\/vitaconsacrata\/wp-content\/uploads\/sites\/18\/2025\/10\/Pietralba-1-150x150.jpeg\" alt=\"\" width=\"150\" height=\"150\" srcset=\"https:\/\/www.diocesitn.it\/vitaconsacrata\/wp-content\/uploads\/sites\/18\/2025\/10\/Pietralba-1-150x150.jpeg 150w, https:\/\/www.diocesitn.it\/vitaconsacrata\/wp-content\/uploads\/sites\/18\/2025\/10\/Pietralba-1-200x200.jpeg 200w, https:\/\/www.diocesitn.it\/vitaconsacrata\/wp-content\/uploads\/sites\/18\/2025\/10\/Pietralba-1-300x300.jpeg 300w\" sizes=\"auto, (max-width: 150px) 100vw, 150px\" \/><\/a>La giornata si \u00e8 aperta con una messa solenne bilingue (italiano e tedesco), presieduta dall\u2019arcivescovo di Trento mons. <strong>Lauro Tisi<\/strong>.<\/p>\n<p>Nella sua <strong>omelia<\/strong> (QUI <strong><a href=\"https:\/\/www.diocesitn.it\/wp-content\/uploads\/2025\/10\/2025-09-30-Pietralba.docx\">TESTO<\/a><\/strong>) , mons. Tisi ha richiamato i religiosi a un atteggiamento di vigilanza:<\/p>\n<p>\u00abOggi sembriamo stupiti per le guerre che infuriano, come lo eravamo di fronte al COVID. Ma da decenni il mondo si arma e si prepara al conflitto\u00bb.<\/p>\n<p>Ha quindi invitato i religiosi a lavorare ogni giorno per divenire operatori di pace nelle loro case, nei loro ambienti, nel mondo che li circonda.<\/p>\n<p>\u00c8 seguita una riunione congiunta in una sala dell\u2019albergo Pietralba, dove tutti i superiori e le superiore presenti hanno illustrato la vita delle loro comunit\u00e0 e le sfide alle quali sono attualmente maggiormente esposte. \u00c8 risultato che la sfida maggiormente incombente oggi \u00e8 quella dell\u2019invecchiamento delle comunit\u00e0 religiose, specie di quelle femminili. Tuttavia ci sono varie comunit\u00e0 che continuano con fedelt\u00e0 il servizio di sempre, come i francescani e i salesiani a Bolzano nella formazione e nell\u2019educazione dei giovani, o i padri Venturini di Trento a favore dei preti maggiormente in difficolt\u00e0. Altri poi hanno saputo integrare con soddisfazione giovani religiosi provenienti da altri continenti (specie Asia e Africa), come i Verbiti a Bolzano o i Servi di Maria a Pietralba per poter continuare cos\u00ec i servizi che hanno sempre svolto.<\/p>\n<p><span style=\"font-size: inherit; -webkit-text-size-adjust: 100%;\">La giornata si \u00e8 chiusa con un pranzo conviviale presso il ristorante di Pietralba. Tra soddisfazione e fraternit\u00e0, i religiosi delle due diocesi hanno espresso il desiderio di ritrovarsi nuovamente nel 2026, questa volta a Trento.<\/span><\/p>\n","protected":false},"excerpt":{"rendered":"<p>Per la prima volta i religiosi e le religiose delle diocesi di Trento e Bolzano-Bressanone si sono incontrati insieme, lo scorso 30 settembre, al santuario della Madonna di Pietralba per celebrare il Giubileo 2025 e<\/p>\n","protected":false},"author":3,"featured_media":2851,"comment_status":"closed","ping_status":"closed","sticky":false,"template":"","format":"standard","meta":{"footnotes":""},"categories":[435,547,276,436],"tags":[548,549,550,400],"class_list":["post-2858","post","type-post","status-publish","format-standard","has-post-thumbnail","hentry","category-arcivescovo-lauro","category-giubileo-2025","category-notizie","category-religiosi","tag-giubileo-2025","tag-pietralba","tag-religiose","tag-religiosi"],"acf":{"seed-localization-paese-cod":"IT","seed-localization-address":"","seed-localization-citta":"Trento","seed-localization-regione-cod-istat":"04","seed-localization-citta-cod-istat":"022205","seed-localization-localita":"","seed-localization-cap":"","seed-localization-marker-visibility":false,"seed-localization-children-visibility":false,"seed-localization-kml":"","seed-localization-custom-marker":""},"yoast_head":"<!-- This site is optimized with the Yoast SEO Premium plugin v20.2.1 (Yoast SEO v22.2) - https:\/\/yoast.com\/wordpress\/plugins\/seo\/ -->\n<title>Giubileo di religiose e religiosi delle diocesi Trento e Bolzano Brixen<\/title>\n<meta name=\"description\" content=\"Religiosi e religiose delle diocesi di Trento e Bolzano-Bressanone insieme, lo scorso 30 settembre, alla Madonna di Pietralba per il Giubileo\" \/>\n<meta name=\"robots\" content=\"index, follow, max-snippet:-1, max-image-preview:large, max-video-preview:-1\" \/>\n<link rel=\"canonical\" href=\"https:\/\/www.diocesitn.it\/vitaconsacrata\/notizie\/i-religiosi-di-trento-e-bolzano-uniti-a-pietralba-per-il-loro-giubileo-3\/\" \/>\n<meta property=\"og:locale\" content=\"it_IT\" \/>\n<meta property=\"og:type\" content=\"article\" \/>\n<meta property=\"og:title\" content=\"I religiosi di Trento e Bolzano-Bressanone uniti a Pietralba per il loro Giubileo\" \/>\n<meta property=\"og:description\" content=\"Religiosi e religiose delle diocesi di Trento e Bolzano-Bressanone insieme, lo scorso 30 settembre, alla Madonna di Pietralba per il Giubileo\" \/>\n<meta property=\"og:url\" content=\"https:\/\/www.diocesitn.it\/vitaconsacrata\/notizie\/i-religiosi-di-trento-e-bolzano-uniti-a-pietralba-per-il-loro-giubileo-3\/\" \/>\n<meta property=\"og:site_name\" content=\"Vita consacrata\" \/>\n<meta property=\"article:published_time\" content=\"2025-10-05T06:41:38+00:00\" \/>\n<meta property=\"article:modified_time\" content=\"2025-10-22T13:50:32+00:00\" \/>\n<meta property=\"og:image\" content=\"https:\/\/www.diocesitn.it\/vitaconsacrata\/wp-content\/uploads\/sites\/18\/2025\/10\/Pietralba-3-e1759646455166.jpeg\" \/>\n\t<meta property=\"og:image:width\" content=\"900\" \/>\n\t<meta property=\"og:image:height\" content=\"561\" \/>\n\t<meta property=\"og:image:type\" content=\"image\/jpeg\" \/>\n<meta name=\"author\" content=\"Piergiorgio Franceschini\" \/>\n<meta name=\"twitter:card\" content=\"summary_large_image\" \/>\n<meta name=\"twitter:label1\" content=\"Scritto da\" \/>\n\t<meta name=\"twitter:data1\" content=\"Piergiorgio Franceschini\" \/>\n\t<meta name=\"twitter:label2\" content=\"Tempo di lettura stimato\" \/>\n\t<meta name=\"twitter:data2\" content=\"3 minuti\" \/>\n<script type=\"application\/ld+json\" class=\"yoast-schema-graph\">{\"@context\":\"https:\/\/schema.org\",\"@graph\":[{\"@type\":\"WebPage\",\"@id\":\"https:\/\/www.diocesitn.it\/vitaconsacrata\/notizie\/i-religiosi-di-trento-e-bolzano-uniti-a-pietralba-per-il-loro-giubileo-3\/\",\"url\":\"https:\/\/www.diocesitn.it\/vitaconsacrata\/notizie\/i-religiosi-di-trento-e-bolzano-uniti-a-pietralba-per-il-loro-giubileo-3\/\",\"name\":\"Giubileo di religiose e religiosi delle diocesi Trento e Bolzano Brixen\",\"isPartOf\":{\"@id\":\"https:\/\/www.diocesitn.it\/vitaconsacrata\/#website\"},\"primaryImageOfPage\":{\"@id\":\"https:\/\/www.diocesitn.it\/vitaconsacrata\/notizie\/i-religiosi-di-trento-e-bolzano-uniti-a-pietralba-per-il-loro-giubileo-3\/#primaryimage\"},\"image\":{\"@id\":\"https:\/\/www.diocesitn.it\/vitaconsacrata\/notizie\/i-religiosi-di-trento-e-bolzano-uniti-a-pietralba-per-il-loro-giubileo-3\/#primaryimage\"},\"thumbnailUrl\":\"https:\/\/www.diocesitn.it\/vitaconsacrata\/wp-content\/uploads\/sites\/18\/2025\/10\/Pietralba-3-e1759646455166.jpeg\",\"datePublished\":\"2025-10-05T06:41:38+00:00\",\"dateModified\":\"2025-10-22T13:50:32+00:00\",\"author\":{\"@id\":\"https:\/\/www.diocesitn.it\/vitaconsacrata\/#\/schema\/person\/99590c84577873a025247b6aeb16ad2e\"},\"description\":\"Religiosi e religiose delle diocesi di Trento e Bolzano-Bressanone insieme, lo scorso 30 settembre, alla Madonna di Pietralba per il Giubileo\",\"breadcrumb\":{\"@id\":\"https:\/\/www.diocesitn.it\/vitaconsacrata\/notizie\/i-religiosi-di-trento-e-bolzano-uniti-a-pietralba-per-il-loro-giubileo-3\/#breadcrumb\"},\"inLanguage\":\"it-IT\",\"potentialAction\":[{\"@type\":\"ReadAction\",\"target\":[\"https:\/\/www.diocesitn.it\/vitaconsacrata\/notizie\/i-religiosi-di-trento-e-bolzano-uniti-a-pietralba-per-il-loro-giubileo-3\/\"]}]},{\"@type\":\"ImageObject\",\"inLanguage\":\"it-IT\",\"@id\":\"https:\/\/www.diocesitn.it\/vitaconsacrata\/notizie\/i-religiosi-di-trento-e-bolzano-uniti-a-pietralba-per-il-loro-giubileo-3\/#primaryimage\",\"url\":\"https:\/\/www.diocesitn.it\/vitaconsacrata\/wp-content\/uploads\/sites\/18\/2025\/10\/Pietralba-3-e1759646455166.jpeg\",\"contentUrl\":\"https:\/\/www.diocesitn.it\/vitaconsacrata\/wp-content\/uploads\/sites\/18\/2025\/10\/Pietralba-3-e1759646455166.jpeg\",\"width\":900,\"height\":561},{\"@type\":\"BreadcrumbList\",\"@id\":\"https:\/\/www.diocesitn.it\/vitaconsacrata\/notizie\/i-religiosi-di-trento-e-bolzano-uniti-a-pietralba-per-il-loro-giubileo-3\/#breadcrumb\",\"itemListElement\":[{\"@type\":\"ListItem\",\"position\":1,\"name\":\"Home\",\"item\":\"https:\/\/www.diocesitn.it\/vitaconsacrata\/\"},{\"@type\":\"ListItem\",\"position\":2,\"name\":\"I religiosi di Trento e Bolzano-Bressanone uniti a Pietralba per il loro Giubileo\"}]},{\"@type\":\"WebSite\",\"@id\":\"https:\/\/www.diocesitn.it\/vitaconsacrata\/#website\",\"url\":\"https:\/\/www.diocesitn.it\/vitaconsacrata\/\",\"name\":\"Vita consacrata\",\"description\":\"Chiesa di TRENTO\",\"potentialAction\":[{\"@type\":\"SearchAction\",\"target\":{\"@type\":\"EntryPoint\",\"urlTemplate\":\"https:\/\/www.diocesitn.it\/vitaconsacrata\/?s={search_term_string}\"},\"query-input\":\"required name=search_term_string\"}],\"inLanguage\":\"it-IT\"},{\"@type\":\"ImageObject\",\"inLanguage\":\"it-IT\",\"@id\":\"https:\/\/www.diocesitn.it\/vitaconsacrata\/notizie\/i-religiosi-di-trento-e-bolzano-uniti-a-pietralba-per-il-loro-giubileo-3\/#local-main-organization-logo\",\"url\":\"\",\"contentUrl\":\"\",\"caption\":\"Vita consacrata\"}]}<\/script>\n<!-- \/ Yoast SEO Premium plugin. -->","yoast_head_json":{"title":"Giubileo di religiose e religiosi delle diocesi Trento e Bolzano Brixen","description":"Religiosi e religiose delle diocesi di Trento e Bolzano-Bressanone insieme, lo scorso 30 settembre, alla Madonna di Pietralba per il Giubileo","robots":{"index":"index","follow":"follow","max-snippet":"max-snippet:-1","max-image-preview":"max-image-preview:large","max-video-preview":"max-video-preview:-1"},"canonical":"https:\/\/www.diocesitn.it\/vitaconsacrata\/notizie\/i-religiosi-di-trento-e-bolzano-uniti-a-pietralba-per-il-loro-giubileo-3\/","og_locale":"it_IT","og_type":"article","og_title":"I religiosi di Trento e Bolzano-Bressanone uniti a Pietralba per il loro Giubileo","og_description":"Religiosi e religiose delle diocesi di Trento e Bolzano-Bressanone insieme, lo scorso 30 settembre, alla Madonna di Pietralba per il Giubileo","og_url":"https:\/\/www.diocesitn.it\/vitaconsacrata\/notizie\/i-religiosi-di-trento-e-bolzano-uniti-a-pietralba-per-il-loro-giubileo-3\/","og_site_name":"Vita consacrata","article_published_time":"2025-10-05T06:41:38+00:00","article_modified_time":"2025-10-22T13:50:32+00:00","og_image":[{"width":900,"height":561,"url":"https:\/\/www.diocesitn.it\/vitaconsacrata\/wp-content\/uploads\/sites\/18\/2025\/10\/Pietralba-3-e1759646455166.jpeg","type":"image\/jpeg"}],"author":"Piergiorgio Franceschini","twitter_card":"summary_large_image","twitter_misc":{"Scritto da":"Piergiorgio Franceschini","Tempo di lettura stimato":"3 minuti"},"schema":{"@context":"https:\/\/schema.org","@graph":[{"@type":"WebPage","@id":"https:\/\/www.diocesitn.it\/vitaconsacrata\/notizie\/i-religiosi-di-trento-e-bolzano-uniti-a-pietralba-per-il-loro-giubileo-3\/","url":"https:\/\/www.diocesitn.it\/vitaconsacrata\/notizie\/i-religiosi-di-trento-e-bolzano-uniti-a-pietralba-per-il-loro-giubileo-3\/","name":"Giubileo di religiose e religiosi delle diocesi Trento e Bolzano Brixen","isPartOf":{"@id":"https:\/\/www.diocesitn.it\/vitaconsacrata\/#website"},"primaryImageOfPage":{"@id":"https:\/\/www.diocesitn.it\/vitaconsacrata\/notizie\/i-religiosi-di-trento-e-bolzano-uniti-a-pietralba-per-il-loro-giubileo-3\/#primaryimage"},"image":{"@id":"https:\/\/www.diocesitn.it\/vitaconsacrata\/notizie\/i-religiosi-di-trento-e-bolzano-uniti-a-pietralba-per-il-loro-giubileo-3\/#primaryimage"},"thumbnailUrl":"https:\/\/www.diocesitn.it\/vitaconsacrata\/wp-content\/uploads\/sites\/18\/2025\/10\/Pietralba-3-e1759646455166.jpeg","datePublished":"2025-10-05T06:41:38+00:00","dateModified":"2025-10-22T13:50:32+00:00","author":{"@id":"https:\/\/www.diocesitn.it\/vitaconsacrata\/#\/schema\/person\/99590c84577873a025247b6aeb16ad2e"},"description":"Religiosi e religiose delle diocesi di Trento e Bolzano-Bressanone insieme, lo scorso 30 settembre, alla Madonna di Pietralba per il Giubileo","breadcrumb":{"@id":"https:\/\/www.diocesitn.it\/vitaconsacrata\/notizie\/i-religiosi-di-trento-e-bolzano-uniti-a-pietralba-per-il-loro-giubileo-3\/#breadcrumb"},"inLanguage":"it-IT","potentialAction":[{"@type":"ReadAction","target":["https:\/\/www.diocesitn.it\/vitaconsacrata\/notizie\/i-religiosi-di-trento-e-bolzano-uniti-a-pietralba-per-il-loro-giubileo-3\/"]}]},{"@type":"ImageObject","inLanguage":"it-IT","@id":"https:\/\/www.diocesitn.it\/vitaconsacrata\/notizie\/i-religiosi-di-trento-e-bolzano-uniti-a-pietralba-per-il-loro-giubileo-3\/#primaryimage","url":"https:\/\/www.diocesitn.it\/vitaconsacrata\/wp-content\/uploads\/sites\/18\/2025\/10\/Pietralba-3-e1759646455166.jpeg","contentUrl":"https:\/\/www.diocesitn.it\/vitaconsacrata\/wp-content\/uploads\/sites\/18\/2025\/10\/Pietralba-3-e1759646455166.jpeg","width":900,"height":561},{"@type":"BreadcrumbList","@id":"https:\/\/www.diocesitn.it\/vitaconsacrata\/notizie\/i-religiosi-di-trento-e-bolzano-uniti-a-pietralba-per-il-loro-giubileo-3\/#breadcrumb","itemListElement":[{"@type":"ListItem","position":1,"name":"Home","item":"https:\/\/www.diocesitn.it\/vitaconsacrata\/"},{"@type":"ListItem","position":2,"name":"I religiosi di Trento e Bolzano-Bressanone uniti a Pietralba per il loro Giubileo"}]},{"@type":"WebSite","@id":"https:\/\/www.diocesitn.it\/vitaconsacrata\/#website","url":"https:\/\/www.diocesitn.it\/vitaconsacrata\/","name":"Vita consacrata","description":"Chiesa di TRENTO","potentialAction":[{"@type":"SearchAction","target":{"@type":"EntryPoint","urlTemplate":"https:\/\/www.diocesitn.it\/vitaconsacrata\/?s={search_term_string}"},"query-input":"required name=search_term_string"}],"inLanguage":"it-IT"},{"@type":"ImageObject","inLanguage":"it-IT","@id":"https:\/\/www.diocesitn.it\/vitaconsacrata\/notizie\/i-religiosi-di-trento-e-bolzano-uniti-a-pietralba-per-il-loro-giubileo-3\/#local-main-organization-logo","url":"","contentUrl":"","caption":"Vita consacrata"}]}},"_links":{"self":[{"href":"https:\/\/www.diocesitn.it\/vitaconsacrata\/wp-json\/wp\/v2\/posts\/2858","targetHints":{"allow":["GET"]}}],"collection":[{"href":"https:\/\/www.diocesitn.it\/vitaconsacrata\/wp-json\/wp\/v2\/posts"}],"about":[{"href":"https:\/\/www.diocesitn.it\/vitaconsacrata\/wp-json\/wp\/v2\/types\/post"}],"author":[{"embeddable":true,"href":"https:\/\/www.diocesitn.it\/vitaconsacrata\/wp-json\/wp\/v2\/users\/3"}],"replies":[{"embeddable":true,"href":"https:\/\/www.diocesitn.it\/vitaconsacrata\/wp-json\/wp\/v2\/comments?post=2858"}],"version-history":[{"count":3,"href":"https:\/\/www.diocesitn.it\/vitaconsacrata\/wp-json\/wp\/v2\/posts\/2858\/revisions"}],"predecessor-version":[{"id":2861,"href":"https:\/\/www.diocesitn.it\/vitaconsacrata\/wp-json\/wp\/v2\/posts\/2858\/revisions\/2861"}],"wp:featuredmedia":[{"embeddable":true,"href":"https:\/\/www.diocesitn.it\/vitaconsacrata\/wp-json\/wp\/v2\/media\/2851"}],"wp:attachment":[{"href":"https:\/\/www.diocesitn.it\/vitaconsacrata\/wp-json\/wp\/v2\/media?parent=2858"}],"wp:term":[{"taxonomy":"category","embeddable":true,"href":"https:\/\/www.diocesitn.it\/vitaconsacrata\/wp-json\/wp\/v2\/categories?post=2858"},{"taxonomy":"post_tag","embeddable":true,"href":"https:\/\/www.diocesitn.it\/vitaconsacrata\/wp-json\/wp\/v2\/tags?post=2858"}],"curies":[{"name":"wp","href":"https:\/\/api.w.org\/{rel}","templated":true}]}}