{"id":2845,"date":"2025-09-29T10:42:46","date_gmt":"2025-09-29T08:42:46","guid":{"rendered":"https:\/\/www.diocesitn.it\/vitaconsacrata\/?p=2845"},"modified":"2025-10-22T15:34:08","modified_gmt":"2025-10-22T13:34:08","slug":"montagnaga-celebrato-il-giubileo-della-vita-consacrata","status":"publish","type":"post","link":"https:\/\/www.diocesitn.it\/vitaconsacrata\/vita-consacrata\/montagnaga-celebrato-il-giubileo-della-vita-consacrata\/","title":{"rendered":"Montagnaga, celebrato il Giubileo della vita consacrata"},"content":{"rendered":"<p>Sabato 7 giugno si \u00e8 celebrato presso il Santuario di Montagnaga il Giubileo della vita consacrata, organizzato dalla Diocesi di Trento insieme alle tre segreterie CISM, USMI, CIIS che rappresentano rispettivamente gli appartenenti alla vita religiosa femminile, a quella maschile e agli Istituti secolari. Dopo un momento di preghiera silenziosa davanti alla croce del Giubileo all\u2019interno della chiesa di Montagnaga, una piccola processione guidata dal Vescovo Lauro si \u00e8 recata in processione alla Comparsa recitando il Rosario, un mosaico di pellegrini diversi per colore della pelle e per i vari abiti di suore, di frati, di preti. Alle 11 \u00e8 iniziata la S. Messa presieduta dal nostro presule. La liturgia \u00e8 stata animata dal coro di Gardolo. Don Lauro nell\u2019omelia ha sottolineato l\u2019elemento unificante delle varie vocazioni, cio\u00e8 l\u2019incoscienza della\u00a0 gratuit\u00e0 di Dio che ha attirato uomini e donne facendo saltare legittime aspettative della famiglia di origine, di relazioni affettive importanti, superando nelle partenze i confini della propria terra. Don Lauro ha poi invitato i consacrati a cambiare linguaggio, a vedere l\u2019intervento dello Spirito Santo anche dentro l\u2019avanzare dell\u2019et\u00e0, dentro la difficolt\u00e0 nella gestione delle opere; \u00e8 stato sottolineato come tutto questo \u00e8 uno stimolo a reinventare la vita consacrata, a vivere dentro una rilettura degli inconvenienti, che approdi ad una nuova creativit\u00e0, per essere cos\u00ec il canto della gratuit\u00e0 di Dio. Il gruppo, formato da un\u2019ottantina di consacrati, era molto rappresentativo della Chiesa in cammino per il Giubileo della speranza: sacerdoti e laici, uomini e donne diversi per et\u00e0, per varie appartenenze a Istituti, Congregazioni, Ordini religiosi, provenienti dai quattro angoli del pianeta. Anche le suore di Clausura &#8211; Clarisse e Cappuccine &#8211; hanno voluto rendersi presenti con dei messaggi di vicinanza e di preghiera. Al termine \u00e8 seguito un momento di agape fraterna col pranzo comunitario.<\/p>\n","protected":false},"excerpt":{"rendered":"<p>Sabato 7 giugno si \u00e8 celebrato presso il Santuario di Montagnaga il Giubileo della vita consacrata, organizzato dalla Diocesi di Trento insieme alle tre segreterie CISM, USMI, CIIS che rappresentano rispettivamente gli appartenenti alla vita<\/p>\n","protected":false},"author":3,"featured_media":2846,"comment_status":"closed","ping_status":"closed","sticky":false,"template":"","format":"standard","meta":{"footnotes":""},"categories":[276,533],"tags":[],"class_list":["post-2845","post","type-post","status-publish","format-standard","has-post-thumbnail","hentry","category-notizie","category-vita-consacrata"],"acf":{"seed-localization-paese-cod":"IT","seed-localization-address":"","seed-localization-citta":"","seed-localization-regione-cod-istat":"04","seed-localization-citta-cod-istat":"","seed-localization-localita":"","seed-localization-cap":"","seed-localization-marker-visibility":false,"seed-localization-children-visibility":false,"seed-localization-kml":"","seed-localization-custom-marker":""},"yoast_head":"<!-- This site is optimized with the Yoast SEO Premium plugin v20.2.1 (Yoast SEO v22.2) - https:\/\/yoast.com\/wordpress\/plugins\/seo\/ -->\n<title>Montagnaga, celebrato il Giubileo della vita consacrata - Vita consacrata<\/title>\n<meta name=\"robots\" content=\"index, follow, max-snippet:-1, max-image-preview:large, max-video-preview:-1\" \/>\n<link rel=\"canonical\" href=\"https:\/\/www.diocesitn.it\/vitaconsacrata\/notizie\/montagnaga-celebrato-il-giubileo-della-vita-consacrata\/\" \/>\n<meta property=\"og:locale\" content=\"it_IT\" \/>\n<meta property=\"og:type\" content=\"article\" \/>\n<meta property=\"og:title\" content=\"Montagnaga, celebrato il Giubileo della vita consacrata\" \/>\n<meta property=\"og:description\" content=\"Sabato 7 giugno si \u00e8 celebrato presso il Santuario di Montagnaga il Giubileo della vita consacrata, organizzato dalla Diocesi di Trento insieme alle tre segreterie CISM, USMI, CIIS che rappresentano rispettivamente gli appartenenti alla vita\" \/>\n<meta property=\"og:url\" content=\"https:\/\/www.diocesitn.it\/vitaconsacrata\/notizie\/montagnaga-celebrato-il-giubileo-della-vita-consacrata\/\" \/>\n<meta property=\"og:site_name\" content=\"Vita consacrata\" \/>\n<meta property=\"article:published_time\" content=\"2025-09-29T08:42:46+00:00\" \/>\n<meta property=\"article:modified_time\" content=\"2025-10-22T13:34:08+00:00\" \/>\n<meta property=\"og:image\" content=\"https:\/\/www.diocesitn.it\/vitaconsacrata\/wp-content\/uploads\/sites\/18\/2025\/09\/vita-consacarata-giubileo.jpg\" \/>\n\t<meta property=\"og:image:width\" content=\"643\" \/>\n\t<meta property=\"og:image:height\" content=\"289\" \/>\n\t<meta property=\"og:image:type\" content=\"image\/jpeg\" \/>\n<meta name=\"author\" content=\"Piergiorgio Franceschini\" \/>\n<meta name=\"twitter:card\" content=\"summary_large_image\" \/>\n<meta name=\"twitter:label1\" content=\"Scritto da\" \/>\n\t<meta name=\"twitter:data1\" content=\"Piergiorgio Franceschini\" \/>\n\t<meta name=\"twitter:label2\" content=\"Tempo di lettura stimato\" \/>\n\t<meta name=\"twitter:data2\" content=\"2 minuti\" \/>\n<script type=\"application\/ld+json\" class=\"yoast-schema-graph\">{\"@context\":\"https:\/\/schema.org\",\"@graph\":[{\"@type\":\"WebPage\",\"@id\":\"https:\/\/www.diocesitn.it\/vitaconsacrata\/notizie\/montagnaga-celebrato-il-giubileo-della-vita-consacrata\/\",\"url\":\"https:\/\/www.diocesitn.it\/vitaconsacrata\/notizie\/montagnaga-celebrato-il-giubileo-della-vita-consacrata\/\",\"name\":\"Montagnaga, celebrato il Giubileo della vita consacrata - Vita consacrata\",\"isPartOf\":{\"@id\":\"https:\/\/www.diocesitn.it\/vitaconsacrata\/#website\"},\"primaryImageOfPage\":{\"@id\":\"https:\/\/www.diocesitn.it\/vitaconsacrata\/notizie\/montagnaga-celebrato-il-giubileo-della-vita-consacrata\/#primaryimage\"},\"image\":{\"@id\":\"https:\/\/www.diocesitn.it\/vitaconsacrata\/notizie\/montagnaga-celebrato-il-giubileo-della-vita-consacrata\/#primaryimage\"},\"thumbnailUrl\":\"https:\/\/www.diocesitn.it\/vitaconsacrata\/wp-content\/uploads\/sites\/18\/2025\/09\/vita-consacarata-giubileo.jpg\",\"datePublished\":\"2025-09-29T08:42:46+00:00\",\"dateModified\":\"2025-10-22T13:34:08+00:00\",\"author\":{\"@id\":\"https:\/\/www.diocesitn.it\/vitaconsacrata\/#\/schema\/person\/99590c84577873a025247b6aeb16ad2e\"},\"breadcrumb\":{\"@id\":\"https:\/\/www.diocesitn.it\/vitaconsacrata\/notizie\/montagnaga-celebrato-il-giubileo-della-vita-consacrata\/#breadcrumb\"},\"inLanguage\":\"it-IT\",\"potentialAction\":[{\"@type\":\"ReadAction\",\"target\":[\"https:\/\/www.diocesitn.it\/vitaconsacrata\/notizie\/montagnaga-celebrato-il-giubileo-della-vita-consacrata\/\"]}]},{\"@type\":\"ImageObject\",\"inLanguage\":\"it-IT\",\"@id\":\"https:\/\/www.diocesitn.it\/vitaconsacrata\/notizie\/montagnaga-celebrato-il-giubileo-della-vita-consacrata\/#primaryimage\",\"url\":\"https:\/\/www.diocesitn.it\/vitaconsacrata\/wp-content\/uploads\/sites\/18\/2025\/09\/vita-consacarata-giubileo.jpg\",\"contentUrl\":\"https:\/\/www.diocesitn.it\/vitaconsacrata\/wp-content\/uploads\/sites\/18\/2025\/09\/vita-consacarata-giubileo.jpg\",\"width\":643,\"height\":289},{\"@type\":\"BreadcrumbList\",\"@id\":\"https:\/\/www.diocesitn.it\/vitaconsacrata\/notizie\/montagnaga-celebrato-il-giubileo-della-vita-consacrata\/#breadcrumb\",\"itemListElement\":[{\"@type\":\"ListItem\",\"position\":1,\"name\":\"Home\",\"item\":\"https:\/\/www.diocesitn.it\/vitaconsacrata\/\"},{\"@type\":\"ListItem\",\"position\":2,\"name\":\"Montagnaga, celebrato il Giubileo della vita consacrata\"}]},{\"@type\":\"WebSite\",\"@id\":\"https:\/\/www.diocesitn.it\/vitaconsacrata\/#website\",\"url\":\"https:\/\/www.diocesitn.it\/vitaconsacrata\/\",\"name\":\"Vita consacrata\",\"description\":\"Chiesa di TRENTO\",\"potentialAction\":[{\"@type\":\"SearchAction\",\"target\":{\"@type\":\"EntryPoint\",\"urlTemplate\":\"https:\/\/www.diocesitn.it\/vitaconsacrata\/?s={search_term_string}\"},\"query-input\":\"required name=search_term_string\"}],\"inLanguage\":\"it-IT\"},{\"@type\":\"ImageObject\",\"inLanguage\":\"it-IT\",\"@id\":\"https:\/\/www.diocesitn.it\/vitaconsacrata\/notizie\/montagnaga-celebrato-il-giubileo-della-vita-consacrata\/#local-main-organization-logo\",\"url\":\"\",\"contentUrl\":\"\",\"caption\":\"Vita consacrata\"}]}<\/script>\n<!-- \/ Yoast SEO Premium plugin. -->","yoast_head_json":{"title":"Montagnaga, celebrato il Giubileo della vita consacrata - Vita consacrata","robots":{"index":"index","follow":"follow","max-snippet":"max-snippet:-1","max-image-preview":"max-image-preview:large","max-video-preview":"max-video-preview:-1"},"canonical":"https:\/\/www.diocesitn.it\/vitaconsacrata\/notizie\/montagnaga-celebrato-il-giubileo-della-vita-consacrata\/","og_locale":"it_IT","og_type":"article","og_title":"Montagnaga, celebrato il Giubileo della vita consacrata","og_description":"Sabato 7 giugno si \u00e8 celebrato presso il Santuario di Montagnaga il Giubileo della vita consacrata, organizzato dalla Diocesi di Trento insieme alle tre segreterie CISM, USMI, CIIS che rappresentano rispettivamente gli appartenenti alla vita","og_url":"https:\/\/www.diocesitn.it\/vitaconsacrata\/notizie\/montagnaga-celebrato-il-giubileo-della-vita-consacrata\/","og_site_name":"Vita consacrata","article_published_time":"2025-09-29T08:42:46+00:00","article_modified_time":"2025-10-22T13:34:08+00:00","og_image":[{"width":643,"height":289,"url":"https:\/\/www.diocesitn.it\/vitaconsacrata\/wp-content\/uploads\/sites\/18\/2025\/09\/vita-consacarata-giubileo.jpg","type":"image\/jpeg"}],"author":"Piergiorgio Franceschini","twitter_card":"summary_large_image","twitter_misc":{"Scritto da":"Piergiorgio Franceschini","Tempo di lettura stimato":"2 minuti"},"schema":{"@context":"https:\/\/schema.org","@graph":[{"@type":"WebPage","@id":"https:\/\/www.diocesitn.it\/vitaconsacrata\/notizie\/montagnaga-celebrato-il-giubileo-della-vita-consacrata\/","url":"https:\/\/www.diocesitn.it\/vitaconsacrata\/notizie\/montagnaga-celebrato-il-giubileo-della-vita-consacrata\/","name":"Montagnaga, celebrato il Giubileo della vita consacrata - Vita consacrata","isPartOf":{"@id":"https:\/\/www.diocesitn.it\/vitaconsacrata\/#website"},"primaryImageOfPage":{"@id":"https:\/\/www.diocesitn.it\/vitaconsacrata\/notizie\/montagnaga-celebrato-il-giubileo-della-vita-consacrata\/#primaryimage"},"image":{"@id":"https:\/\/www.diocesitn.it\/vitaconsacrata\/notizie\/montagnaga-celebrato-il-giubileo-della-vita-consacrata\/#primaryimage"},"thumbnailUrl":"https:\/\/www.diocesitn.it\/vitaconsacrata\/wp-content\/uploads\/sites\/18\/2025\/09\/vita-consacarata-giubileo.jpg","datePublished":"2025-09-29T08:42:46+00:00","dateModified":"2025-10-22T13:34:08+00:00","author":{"@id":"https:\/\/www.diocesitn.it\/vitaconsacrata\/#\/schema\/person\/99590c84577873a025247b6aeb16ad2e"},"breadcrumb":{"@id":"https:\/\/www.diocesitn.it\/vitaconsacrata\/notizie\/montagnaga-celebrato-il-giubileo-della-vita-consacrata\/#breadcrumb"},"inLanguage":"it-IT","potentialAction":[{"@type":"ReadAction","target":["https:\/\/www.diocesitn.it\/vitaconsacrata\/notizie\/montagnaga-celebrato-il-giubileo-della-vita-consacrata\/"]}]},{"@type":"ImageObject","inLanguage":"it-IT","@id":"https:\/\/www.diocesitn.it\/vitaconsacrata\/notizie\/montagnaga-celebrato-il-giubileo-della-vita-consacrata\/#primaryimage","url":"https:\/\/www.diocesitn.it\/vitaconsacrata\/wp-content\/uploads\/sites\/18\/2025\/09\/vita-consacarata-giubileo.jpg","contentUrl":"https:\/\/www.diocesitn.it\/vitaconsacrata\/wp-content\/uploads\/sites\/18\/2025\/09\/vita-consacarata-giubileo.jpg","width":643,"height":289},{"@type":"BreadcrumbList","@id":"https:\/\/www.diocesitn.it\/vitaconsacrata\/notizie\/montagnaga-celebrato-il-giubileo-della-vita-consacrata\/#breadcrumb","itemListElement":[{"@type":"ListItem","position":1,"name":"Home","item":"https:\/\/www.diocesitn.it\/vitaconsacrata\/"},{"@type":"ListItem","position":2,"name":"Montagnaga, celebrato il Giubileo della vita consacrata"}]},{"@type":"WebSite","@id":"https:\/\/www.diocesitn.it\/vitaconsacrata\/#website","url":"https:\/\/www.diocesitn.it\/vitaconsacrata\/","name":"Vita consacrata","description":"Chiesa di TRENTO","potentialAction":[{"@type":"SearchAction","target":{"@type":"EntryPoint","urlTemplate":"https:\/\/www.diocesitn.it\/vitaconsacrata\/?s={search_term_string}"},"query-input":"required name=search_term_string"}],"inLanguage":"it-IT"},{"@type":"ImageObject","inLanguage":"it-IT","@id":"https:\/\/www.diocesitn.it\/vitaconsacrata\/notizie\/montagnaga-celebrato-il-giubileo-della-vita-consacrata\/#local-main-organization-logo","url":"","contentUrl":"","caption":"Vita consacrata"}]}},"_links":{"self":[{"href":"https:\/\/www.diocesitn.it\/vitaconsacrata\/wp-json\/wp\/v2\/posts\/2845","targetHints":{"allow":["GET"]}}],"collection":[{"href":"https:\/\/www.diocesitn.it\/vitaconsacrata\/wp-json\/wp\/v2\/posts"}],"about":[{"href":"https:\/\/www.diocesitn.it\/vitaconsacrata\/wp-json\/wp\/v2\/types\/post"}],"author":[{"embeddable":true,"href":"https:\/\/www.diocesitn.it\/vitaconsacrata\/wp-json\/wp\/v2\/users\/3"}],"replies":[{"embeddable":true,"href":"https:\/\/www.diocesitn.it\/vitaconsacrata\/wp-json\/wp\/v2\/comments?post=2845"}],"version-history":[{"count":1,"href":"https:\/\/www.diocesitn.it\/vitaconsacrata\/wp-json\/wp\/v2\/posts\/2845\/revisions"}],"predecessor-version":[{"id":2847,"href":"https:\/\/www.diocesitn.it\/vitaconsacrata\/wp-json\/wp\/v2\/posts\/2845\/revisions\/2847"}],"wp:featuredmedia":[{"embeddable":true,"href":"https:\/\/www.diocesitn.it\/vitaconsacrata\/wp-json\/wp\/v2\/media\/2846"}],"wp:attachment":[{"href":"https:\/\/www.diocesitn.it\/vitaconsacrata\/wp-json\/wp\/v2\/media?parent=2845"}],"wp:term":[{"taxonomy":"category","embeddable":true,"href":"https:\/\/www.diocesitn.it\/vitaconsacrata\/wp-json\/wp\/v2\/categories?post=2845"},{"taxonomy":"post_tag","embeddable":true,"href":"https:\/\/www.diocesitn.it\/vitaconsacrata\/wp-json\/wp\/v2\/tags?post=2845"}],"curies":[{"name":"wp","href":"https:\/\/api.w.org\/{rel}","templated":true}]}}