{"id":2793,"date":"2024-01-15T11:07:15","date_gmt":"2024-01-15T10:07:15","guid":{"rendered":"https:\/\/www.diocesitn.it\/vitaconsacrata\/notizie\/giornata-mondiale-della-vita-consacrata-appuntamento-l1-febbraio-a-trento-in-santa-maria-maggiore\/"},"modified":"2025-01-22T14:43:01","modified_gmt":"2025-01-22T13:43:01","slug":"giornata-mondiale-della-vita-consacrata-appuntamento-l1-febbraio-a-trento-in-santa-maria-maggiore","status":"publish","type":"post","link":"https:\/\/www.diocesitn.it\/vitaconsacrata\/notizie\/giornata-mondiale-della-vita-consacrata-appuntamento-l1-febbraio-a-trento-in-santa-maria-maggiore\/","title":{"rendered":"Giornata della vita consacrata, appuntamento il 1\u00b0 febbraio a Trento in Santa Maria Maggiore (ore 17)"},"content":{"rendered":"<p><strong>Gioved\u00ec 1 febbraio 2024<\/strong>, in occasione della\u00a0 <strong>XXVIII Giornata della Vita Consacrata<\/strong> (in programma nella Festa della Presentazione del Signore, il 2 febbraio), le consacrate e i consacrati della <strong>Diocesi di Trento<\/strong> sono invitati a partecipare alla <strong>S. Messa presieduta dall&#8217;arcivescovo Lauro Tisi alle ore 17 in Santa Maria Maggiore<\/strong> a Trento. L&#8217;iniziativa \u00e8 promossa dai principali organismi che coordinato la vita consacrata: Cism, Usmi e Ciis.<\/p>\n<p>In quest\u2019occasione saranno celebrati anche alcuni giubilei di professione religiosa.\u00a0Il titolo pensato per la Giornata in Diocesi di Trento \u00e8 &#8220;Per una chiesa sinodale&#8221;: alla celebrazione sono invitati non a caso tutte le comunit\u00e0 parrocchiali, in particolare della citt\u00e0 capoluogo, e i relativi parroci.<\/p>\n<p>Al termine della celebrazione \u00e8 previsto un momento conviviale.<\/p>\n<p><a href=\"https:\/\/www.diocesitn.it\/vitaconsacrata\/wp-content\/uploads\/sites\/18\/2023\/11\/Vita-Consacrata-TN-Programma-2023-2024.pdf\"><img loading=\"lazy\" decoding=\"async\" class=\"alignnone wp-image-2795 size-medium\" src=\"https:\/\/www.diocesitn.it\/vitaconsacrata\/wp-content\/uploads\/sites\/18\/2024\/01\/01-Febbraio-2024-Locandina-invito-002-scaled-212x300.jpg\" alt=\"\" width=\"212\" height=\"300\" srcset=\"https:\/\/www.diocesitn.it\/vitaconsacrata\/wp-content\/uploads\/sites\/18\/2024\/01\/01-Febbraio-2024-Locandina-invito-002-scaled-212x300.jpg 212w, https:\/\/www.diocesitn.it\/vitaconsacrata\/wp-content\/uploads\/sites\/18\/2024\/01\/01-Febbraio-2024-Locandina-invito-002-scaled-722x1024.jpg 722w, https:\/\/www.diocesitn.it\/vitaconsacrata\/wp-content\/uploads\/sites\/18\/2024\/01\/01-Febbraio-2024-Locandina-invito-002-scaled-768x1089.jpg 768w, https:\/\/www.diocesitn.it\/vitaconsacrata\/wp-content\/uploads\/sites\/18\/2024\/01\/01-Febbraio-2024-Locandina-invito-002-scaled-197x280.jpg 197w, https:\/\/www.diocesitn.it\/vitaconsacrata\/wp-content\/uploads\/sites\/18\/2024\/01\/01-Febbraio-2024-Locandina-invito-002-scaled-542x768.jpg 542w, https:\/\/www.diocesitn.it\/vitaconsacrata\/wp-content\/uploads\/sites\/18\/2024\/01\/01-Febbraio-2024-Locandina-invito-002-scaled-1083x1536.jpg 1083w, https:\/\/www.diocesitn.it\/vitaconsacrata\/wp-content\/uploads\/sites\/18\/2024\/01\/01-Febbraio-2024-Locandina-invito-002-scaled-1444x2048.jpg 1444w, https:\/\/www.diocesitn.it\/vitaconsacrata\/wp-content\/uploads\/sites\/18\/2024\/01\/01-Febbraio-2024-Locandina-invito-002-scaled-800x1135.jpg 800w, https:\/\/www.diocesitn.it\/vitaconsacrata\/wp-content\/uploads\/sites\/18\/2024\/01\/01-Febbraio-2024-Locandina-invito-002-scaled-1200x1702.jpg 1200w, https:\/\/www.diocesitn.it\/vitaconsacrata\/wp-content\/uploads\/sites\/18\/2024\/01\/01-Febbraio-2024-Locandina-invito-002-scaled.jpg 1805w\" sizes=\"auto, (max-width: 212px) 100vw, 212px\" \/><\/a><\/p>\n<p>Il programma 2023-2024 per la Vita Consacrata \u00e8 disponibile a <a href=\"https:\/\/www.diocesitn.it\/vitaconsacrata\/notizie\/programma-2023-2024-della-vita-consacrata-per-una-chiesa-sinodale\/\">QUESTO LINK<\/a>.<\/p>\n<p>&nbsp;<\/p>\n<p>&nbsp;<\/p>\n","protected":false},"excerpt":{"rendered":"<p>Gioved\u00ec 1 febbraio 2024, in occasione della\u00a0 XXVIII Giornata della Vita Consacrata (in programma nella Festa della Presentazione del Signore, il 2 febbraio), le consacrate e i consacrati della Diocesi di Trento sono invitati a<\/p>\n","protected":false},"author":168,"featured_media":2794,"comment_status":"closed","ping_status":"closed","sticky":false,"template":"","format":"standard","meta":{"footnotes":""},"categories":[534,276],"tags":[],"class_list":["post-2793","post","type-post","status-publish","format-standard","has-post-thumbnail","hentry","category-clero","category-notizie"],"acf":{"seed-localization-paese-cod":"","seed-localization-address":"","seed-localization-citta":"","seed-localization-regione-cod-istat":"","seed-localization-citta-cod-istat":"","seed-localization-localita":"","seed-localization-cap":"","seed-localization-marker-visibility":false,"seed-localization-children-visibility":false,"seed-localization-kml":"","seed-localization-custom-marker":""},"yoast_head":"<!-- This site is optimized with the Yoast SEO Premium plugin v20.2.1 (Yoast SEO v22.2) - https:\/\/yoast.com\/wordpress\/plugins\/seo\/ -->\n<title>Giornata della vita consacrata, appuntamento il 1\u00b0 febbraio a Trento in Santa Maria Maggiore (ore 17) - Vita consacrata<\/title>\n<meta name=\"robots\" content=\"index, follow, max-snippet:-1, max-image-preview:large, max-video-preview:-1\" \/>\n<link rel=\"canonical\" href=\"https:\/\/www.diocesitn.it\/vitaconsacrata\/notizie\/giornata-mondiale-della-vita-consacrata-appuntamento-l1-febbraio-a-trento-in-santa-maria-maggiore\/\" \/>\n<meta property=\"og:locale\" content=\"it_IT\" \/>\n<meta property=\"og:type\" content=\"article\" \/>\n<meta property=\"og:title\" content=\"Giornata della vita consacrata, appuntamento il 1\u00b0 febbraio a Trento in Santa Maria Maggiore (ore 17)\" \/>\n<meta property=\"og:description\" content=\"Gioved\u00ec 1 febbraio 2024, in occasione della\u00a0 XXVIII Giornata della Vita Consacrata (in programma nella Festa della Presentazione del Signore, il 2 febbraio), le consacrate e i consacrati della Diocesi di Trento sono invitati a\" \/>\n<meta property=\"og:url\" content=\"https:\/\/www.diocesitn.it\/vitaconsacrata\/notizie\/giornata-mondiale-della-vita-consacrata-appuntamento-l1-febbraio-a-trento-in-santa-maria-maggiore\/\" \/>\n<meta property=\"og:site_name\" content=\"Vita consacrata\" \/>\n<meta property=\"article:published_time\" content=\"2024-01-15T10:07:15+00:00\" \/>\n<meta property=\"article:modified_time\" content=\"2025-01-22T13:43:01+00:00\" \/>\n<meta property=\"og:image\" content=\"https:\/\/www.diocesitn.it\/vitaconsacrata\/wp-content\/uploads\/sites\/18\/2024\/01\/religiosi_1febbraio2023_2-1200x900-1.jpg\" \/>\n\t<meta property=\"og:image:width\" content=\"1200\" \/>\n\t<meta property=\"og:image:height\" content=\"900\" \/>\n\t<meta property=\"og:image:type\" content=\"image\/jpeg\" \/>\n<meta name=\"author\" content=\"losspapot\" \/>\n<meta name=\"twitter:card\" content=\"summary_large_image\" \/>\n<meta name=\"twitter:label1\" content=\"Scritto da\" \/>\n\t<meta name=\"twitter:data1\" content=\"losspapot\" \/>\n\t<meta name=\"twitter:label2\" content=\"Tempo di lettura stimato\" \/>\n\t<meta name=\"twitter:data2\" content=\"1 minuto\" \/>\n<script type=\"application\/ld+json\" class=\"yoast-schema-graph\">{\"@context\":\"https:\/\/schema.org\",\"@graph\":[{\"@type\":\"WebPage\",\"@id\":\"https:\/\/www.diocesitn.it\/vitaconsacrata\/notizie\/giornata-mondiale-della-vita-consacrata-appuntamento-l1-febbraio-a-trento-in-santa-maria-maggiore\/\",\"url\":\"https:\/\/www.diocesitn.it\/vitaconsacrata\/notizie\/giornata-mondiale-della-vita-consacrata-appuntamento-l1-febbraio-a-trento-in-santa-maria-maggiore\/\",\"name\":\"Giornata della vita consacrata, appuntamento il 1\u00b0 febbraio a Trento in Santa Maria Maggiore (ore 17) - Vita consacrata\",\"isPartOf\":{\"@id\":\"https:\/\/www.diocesitn.it\/vitaconsacrata\/#website\"},\"primaryImageOfPage\":{\"@id\":\"https:\/\/www.diocesitn.it\/vitaconsacrata\/notizie\/giornata-mondiale-della-vita-consacrata-appuntamento-l1-febbraio-a-trento-in-santa-maria-maggiore\/#primaryimage\"},\"image\":{\"@id\":\"https:\/\/www.diocesitn.it\/vitaconsacrata\/notizie\/giornata-mondiale-della-vita-consacrata-appuntamento-l1-febbraio-a-trento-in-santa-maria-maggiore\/#primaryimage\"},\"thumbnailUrl\":\"https:\/\/www.diocesitn.it\/vitaconsacrata\/wp-content\/uploads\/sites\/18\/2024\/01\/religiosi_1febbraio2023_2-1200x900-1.jpg\",\"datePublished\":\"2024-01-15T10:07:15+00:00\",\"dateModified\":\"2025-01-22T13:43:01+00:00\",\"author\":{\"@id\":\"https:\/\/www.diocesitn.it\/vitaconsacrata\/#\/schema\/person\/3526ceacb35e1aa4c86252e45adfad22\"},\"breadcrumb\":{\"@id\":\"https:\/\/www.diocesitn.it\/vitaconsacrata\/notizie\/giornata-mondiale-della-vita-consacrata-appuntamento-l1-febbraio-a-trento-in-santa-maria-maggiore\/#breadcrumb\"},\"inLanguage\":\"it-IT\",\"potentialAction\":[{\"@type\":\"ReadAction\",\"target\":[\"https:\/\/www.diocesitn.it\/vitaconsacrata\/notizie\/giornata-mondiale-della-vita-consacrata-appuntamento-l1-febbraio-a-trento-in-santa-maria-maggiore\/\"]}]},{\"@type\":\"ImageObject\",\"inLanguage\":\"it-IT\",\"@id\":\"https:\/\/www.diocesitn.it\/vitaconsacrata\/notizie\/giornata-mondiale-della-vita-consacrata-appuntamento-l1-febbraio-a-trento-in-santa-maria-maggiore\/#primaryimage\",\"url\":\"https:\/\/www.diocesitn.it\/vitaconsacrata\/wp-content\/uploads\/sites\/18\/2024\/01\/religiosi_1febbraio2023_2-1200x900-1.jpg\",\"contentUrl\":\"https:\/\/www.diocesitn.it\/vitaconsacrata\/wp-content\/uploads\/sites\/18\/2024\/01\/religiosi_1febbraio2023_2-1200x900-1.jpg\",\"width\":1200,\"height\":900},{\"@type\":\"BreadcrumbList\",\"@id\":\"https:\/\/www.diocesitn.it\/vitaconsacrata\/notizie\/giornata-mondiale-della-vita-consacrata-appuntamento-l1-febbraio-a-trento-in-santa-maria-maggiore\/#breadcrumb\",\"itemListElement\":[{\"@type\":\"ListItem\",\"position\":1,\"name\":\"Home\",\"item\":\"https:\/\/www.diocesitn.it\/vitaconsacrata\/\"},{\"@type\":\"ListItem\",\"position\":2,\"name\":\"Giornata della vita consacrata, appuntamento il 1\u00b0 febbraio a Trento in Santa Maria Maggiore (ore 17)\"}]},{\"@type\":\"WebSite\",\"@id\":\"https:\/\/www.diocesitn.it\/vitaconsacrata\/#website\",\"url\":\"https:\/\/www.diocesitn.it\/vitaconsacrata\/\",\"name\":\"Vita consacrata\",\"description\":\"Chiesa di TRENTO\",\"potentialAction\":[{\"@type\":\"SearchAction\",\"target\":{\"@type\":\"EntryPoint\",\"urlTemplate\":\"https:\/\/www.diocesitn.it\/vitaconsacrata\/?s={search_term_string}\"},\"query-input\":\"required name=search_term_string\"}],\"inLanguage\":\"it-IT\"},{\"@type\":\"ImageObject\",\"inLanguage\":\"it-IT\",\"@id\":\"https:\/\/www.diocesitn.it\/vitaconsacrata\/notizie\/giornata-mondiale-della-vita-consacrata-appuntamento-l1-febbraio-a-trento-in-santa-maria-maggiore\/#local-main-organization-logo\",\"url\":\"\",\"contentUrl\":\"\",\"caption\":\"Vita consacrata\"}]}<\/script>\n<!-- \/ Yoast SEO Premium plugin. -->","yoast_head_json":{"title":"Giornata della vita consacrata, appuntamento il 1\u00b0 febbraio a Trento in Santa Maria Maggiore (ore 17) - Vita consacrata","robots":{"index":"index","follow":"follow","max-snippet":"max-snippet:-1","max-image-preview":"max-image-preview:large","max-video-preview":"max-video-preview:-1"},"canonical":"https:\/\/www.diocesitn.it\/vitaconsacrata\/notizie\/giornata-mondiale-della-vita-consacrata-appuntamento-l1-febbraio-a-trento-in-santa-maria-maggiore\/","og_locale":"it_IT","og_type":"article","og_title":"Giornata della vita consacrata, appuntamento il 1\u00b0 febbraio a Trento in Santa Maria Maggiore (ore 17)","og_description":"Gioved\u00ec 1 febbraio 2024, in occasione della\u00a0 XXVIII Giornata della Vita Consacrata (in programma nella Festa della Presentazione del Signore, il 2 febbraio), le consacrate e i consacrati della Diocesi di Trento sono invitati a","og_url":"https:\/\/www.diocesitn.it\/vitaconsacrata\/notizie\/giornata-mondiale-della-vita-consacrata-appuntamento-l1-febbraio-a-trento-in-santa-maria-maggiore\/","og_site_name":"Vita consacrata","article_published_time":"2024-01-15T10:07:15+00:00","article_modified_time":"2025-01-22T13:43:01+00:00","og_image":[{"width":1200,"height":900,"url":"https:\/\/www.diocesitn.it\/vitaconsacrata\/wp-content\/uploads\/sites\/18\/2024\/01\/religiosi_1febbraio2023_2-1200x900-1.jpg","type":"image\/jpeg"}],"author":"losspapot","twitter_card":"summary_large_image","twitter_misc":{"Scritto da":"losspapot","Tempo di lettura stimato":"1 minuto"},"schema":{"@context":"https:\/\/schema.org","@graph":[{"@type":"WebPage","@id":"https:\/\/www.diocesitn.it\/vitaconsacrata\/notizie\/giornata-mondiale-della-vita-consacrata-appuntamento-l1-febbraio-a-trento-in-santa-maria-maggiore\/","url":"https:\/\/www.diocesitn.it\/vitaconsacrata\/notizie\/giornata-mondiale-della-vita-consacrata-appuntamento-l1-febbraio-a-trento-in-santa-maria-maggiore\/","name":"Giornata della vita consacrata, appuntamento il 1\u00b0 febbraio a Trento in Santa Maria Maggiore (ore 17) - Vita consacrata","isPartOf":{"@id":"https:\/\/www.diocesitn.it\/vitaconsacrata\/#website"},"primaryImageOfPage":{"@id":"https:\/\/www.diocesitn.it\/vitaconsacrata\/notizie\/giornata-mondiale-della-vita-consacrata-appuntamento-l1-febbraio-a-trento-in-santa-maria-maggiore\/#primaryimage"},"image":{"@id":"https:\/\/www.diocesitn.it\/vitaconsacrata\/notizie\/giornata-mondiale-della-vita-consacrata-appuntamento-l1-febbraio-a-trento-in-santa-maria-maggiore\/#primaryimage"},"thumbnailUrl":"https:\/\/www.diocesitn.it\/vitaconsacrata\/wp-content\/uploads\/sites\/18\/2024\/01\/religiosi_1febbraio2023_2-1200x900-1.jpg","datePublished":"2024-01-15T10:07:15+00:00","dateModified":"2025-01-22T13:43:01+00:00","author":{"@id":"https:\/\/www.diocesitn.it\/vitaconsacrata\/#\/schema\/person\/3526ceacb35e1aa4c86252e45adfad22"},"breadcrumb":{"@id":"https:\/\/www.diocesitn.it\/vitaconsacrata\/notizie\/giornata-mondiale-della-vita-consacrata-appuntamento-l1-febbraio-a-trento-in-santa-maria-maggiore\/#breadcrumb"},"inLanguage":"it-IT","potentialAction":[{"@type":"ReadAction","target":["https:\/\/www.diocesitn.it\/vitaconsacrata\/notizie\/giornata-mondiale-della-vita-consacrata-appuntamento-l1-febbraio-a-trento-in-santa-maria-maggiore\/"]}]},{"@type":"ImageObject","inLanguage":"it-IT","@id":"https:\/\/www.diocesitn.it\/vitaconsacrata\/notizie\/giornata-mondiale-della-vita-consacrata-appuntamento-l1-febbraio-a-trento-in-santa-maria-maggiore\/#primaryimage","url":"https:\/\/www.diocesitn.it\/vitaconsacrata\/wp-content\/uploads\/sites\/18\/2024\/01\/religiosi_1febbraio2023_2-1200x900-1.jpg","contentUrl":"https:\/\/www.diocesitn.it\/vitaconsacrata\/wp-content\/uploads\/sites\/18\/2024\/01\/religiosi_1febbraio2023_2-1200x900-1.jpg","width":1200,"height":900},{"@type":"BreadcrumbList","@id":"https:\/\/www.diocesitn.it\/vitaconsacrata\/notizie\/giornata-mondiale-della-vita-consacrata-appuntamento-l1-febbraio-a-trento-in-santa-maria-maggiore\/#breadcrumb","itemListElement":[{"@type":"ListItem","position":1,"name":"Home","item":"https:\/\/www.diocesitn.it\/vitaconsacrata\/"},{"@type":"ListItem","position":2,"name":"Giornata della vita consacrata, appuntamento il 1\u00b0 febbraio a Trento in Santa Maria Maggiore (ore 17)"}]},{"@type":"WebSite","@id":"https:\/\/www.diocesitn.it\/vitaconsacrata\/#website","url":"https:\/\/www.diocesitn.it\/vitaconsacrata\/","name":"Vita consacrata","description":"Chiesa di TRENTO","potentialAction":[{"@type":"SearchAction","target":{"@type":"EntryPoint","urlTemplate":"https:\/\/www.diocesitn.it\/vitaconsacrata\/?s={search_term_string}"},"query-input":"required name=search_term_string"}],"inLanguage":"it-IT"},{"@type":"ImageObject","inLanguage":"it-IT","@id":"https:\/\/www.diocesitn.it\/vitaconsacrata\/notizie\/giornata-mondiale-della-vita-consacrata-appuntamento-l1-febbraio-a-trento-in-santa-maria-maggiore\/#local-main-organization-logo","url":"","contentUrl":"","caption":"Vita consacrata"}]}},"_links":{"self":[{"href":"https:\/\/www.diocesitn.it\/vitaconsacrata\/wp-json\/wp\/v2\/posts\/2793","targetHints":{"allow":["GET"]}}],"collection":[{"href":"https:\/\/www.diocesitn.it\/vitaconsacrata\/wp-json\/wp\/v2\/posts"}],"about":[{"href":"https:\/\/www.diocesitn.it\/vitaconsacrata\/wp-json\/wp\/v2\/types\/post"}],"author":[{"embeddable":true,"href":"https:\/\/www.diocesitn.it\/vitaconsacrata\/wp-json\/wp\/v2\/users\/168"}],"replies":[{"embeddable":true,"href":"https:\/\/www.diocesitn.it\/vitaconsacrata\/wp-json\/wp\/v2\/comments?post=2793"}],"version-history":[{"count":3,"href":"https:\/\/www.diocesitn.it\/vitaconsacrata\/wp-json\/wp\/v2\/posts\/2793\/revisions"}],"predecessor-version":[{"id":2799,"href":"https:\/\/www.diocesitn.it\/vitaconsacrata\/wp-json\/wp\/v2\/posts\/2793\/revisions\/2799"}],"wp:featuredmedia":[{"embeddable":true,"href":"https:\/\/www.diocesitn.it\/vitaconsacrata\/wp-json\/wp\/v2\/media\/2794"}],"wp:attachment":[{"href":"https:\/\/www.diocesitn.it\/vitaconsacrata\/wp-json\/wp\/v2\/media?parent=2793"}],"wp:term":[{"taxonomy":"category","embeddable":true,"href":"https:\/\/www.diocesitn.it\/vitaconsacrata\/wp-json\/wp\/v2\/categories?post=2793"},{"taxonomy":"post_tag","embeddable":true,"href":"https:\/\/www.diocesitn.it\/vitaconsacrata\/wp-json\/wp\/v2\/tags?post=2793"}],"curies":[{"name":"wp","href":"https:\/\/api.w.org\/{rel}","templated":true}]}}