{"id":985,"date":"2024-10-08T18:38:01","date_gmt":"2024-10-08T16:38:01","guid":{"rendered":"https:\/\/www.diocesitn.it\/seminario\/?p=985"},"modified":"2024-10-09T08:18:40","modified_gmt":"2024-10-09T06:18:40","slug":"chitarra-la-mia-passione","status":"publish","type":"post","link":"https:\/\/www.diocesitn.it\/seminario\/2024\/10\/08\/chitarra-la-mia-passione\/","title":{"rendered":"Quella chitarra abbandonata in casa"},"content":{"rendered":"<p>Don Bosco diceva che \u201cun\u2019oratorio senza musica \u00e8 come un corpo senz\u2019anima\u201d. Quando ero in seconda elementare, prima ancora di sapere che don Bosco la pensasse cos\u00ec, mi sono sentito attratto dalla musica, anche se ero totalmente stonato a cantare e non sapevo ancora suonare nulla. Ho iniziato cos\u00ec un percorso che, per certi versi, non ho pi\u00f9 sospeso, e che tutt\u2019ora mi permette di esprimere quello che sono. Imparare a cantare \u00e8 stato relativamente facile, e quanto era bello cantare in un coro assieme a tanti altri bambini! Il vero scoglio, per\u00f2, era capire quale strumento volessi suonare. Il primo strumento che avevo ipotizzato era il clarinetto ma poi, sul pi\u00f9 bello, nel momento della scelta ufficiale ho immediatamente cambiato idea barrando la crocetta sulla voce\u2026 \u201cpianoforte\u201d! E cos\u00ec per dieci anni mi sono dedicato a migliorare la tecnica, senza mai \u201cmorirci dietro\u201d ma comunque raggiungendo un livello che mi permettesse di suonare in<br \/>\nautonomia. La cosa che per\u00f2 mi mancava era il poter condividere questa passione con qualcun altro: suonare a messa assieme alle chitarre era l\u2019occasione che pi\u00f9 mi faceva felice. Nel periodo del lockdown, tuttavia, quando tutti eravamo costretti a stare in casa, ho iniziato a pensare che tutto quel tempo a mia disposizione poteva diventare l\u2019occasione per imparare qualcosa di nuovo\u2026 e cos\u00ec, da autodidatta, ho iniziato a strimpellare una chitarra che, da anni, era stata abbandonata in casa. Sento che la chitarra, ancor pi\u00f9 del pianoforte, rappresenti il piacere che ho di stare tra la gente: in campeggio, a messa, in seminario, in oratorio, in casa di riposo\u2026 la chitarra \u00e8 sempre pronta all\u2019uso per permettere a chi c\u2019\u00e8, indipendentemente dall\u2019et\u00e0, di cantare assieme. Poterla suonare mi fa stare bene, anche quando sono pi\u00f9 stanco o arrabbiato, e spero che possa regalare attimi di spensieratezza anche alle persone che mi stanno attorno.<\/p>\n<p>&nbsp;<\/p>\n<p>Federico Mattivi<\/p>\n<p>&nbsp;<\/p>\n<div aria-hidden=\"true\">\n<div class=\"aVY aZn\">\n<div class=\"aZm\"><\/div>\n<\/div>\n<div class=\"aSH\">\n<p><img loading=\"lazy\" decoding=\"async\" class=\"alignnone size-medium wp-image-988\" src=\"https:\/\/www.diocesitn.it\/seminario\/wp-content\/uploads\/sites\/41\/2024\/10\/pag5_Chitarra_Foto1-300x225.jpg\" alt=\"\" width=\"300\" height=\"225\" srcset=\"https:\/\/www.diocesitn.it\/seminario\/wp-content\/uploads\/sites\/41\/2024\/10\/pag5_Chitarra_Foto1-300x225.jpg 300w, https:\/\/www.diocesitn.it\/seminario\/wp-content\/uploads\/sites\/41\/2024\/10\/pag5_Chitarra_Foto1-1024x768.jpg 1024w, https:\/\/www.diocesitn.it\/seminario\/wp-content\/uploads\/sites\/41\/2024\/10\/pag5_Chitarra_Foto1-768x576.jpg 768w, https:\/\/www.diocesitn.it\/seminario\/wp-content\/uploads\/sites\/41\/2024\/10\/pag5_Chitarra_Foto1-360x270.jpg 360w, https:\/\/www.diocesitn.it\/seminario\/wp-content\/uploads\/sites\/41\/2024\/10\/pag5_Chitarra_Foto1-1536x1152.jpg 1536w, https:\/\/www.diocesitn.it\/seminario\/wp-content\/uploads\/sites\/41\/2024\/10\/pag5_Chitarra_Foto1-2048x1536.jpg 2048w, https:\/\/www.diocesitn.it\/seminario\/wp-content\/uploads\/sites\/41\/2024\/10\/pag5_Chitarra_Foto1-800x600.jpg 800w, https:\/\/www.diocesitn.it\/seminario\/wp-content\/uploads\/sites\/41\/2024\/10\/pag5_Chitarra_Foto1-1200x900.jpg 1200w\" sizes=\"auto, (max-width: 300px) 100vw, 300px\" \/><\/p>\n<p>&nbsp;<\/p>\n<p><img loading=\"lazy\" decoding=\"async\" class=\"alignnone size-medium wp-image-989\" src=\"https:\/\/www.diocesitn.it\/seminario\/wp-content\/uploads\/sites\/41\/2024\/10\/pag5_Chitarra_Foto2-300x199.jpg\" alt=\"\" width=\"300\" height=\"199\" srcset=\"https:\/\/www.diocesitn.it\/seminario\/wp-content\/uploads\/sites\/41\/2024\/10\/pag5_Chitarra_Foto2-300x199.jpg 300w, https:\/\/www.diocesitn.it\/seminario\/wp-content\/uploads\/sites\/41\/2024\/10\/pag5_Chitarra_Foto2-1024x681.jpg 1024w, https:\/\/www.diocesitn.it\/seminario\/wp-content\/uploads\/sites\/41\/2024\/10\/pag5_Chitarra_Foto2-768x511.jpg 768w, https:\/\/www.diocesitn.it\/seminario\/wp-content\/uploads\/sites\/41\/2024\/10\/pag5_Chitarra_Foto2-360x239.jpg 360w, https:\/\/www.diocesitn.it\/seminario\/wp-content\/uploads\/sites\/41\/2024\/10\/pag5_Chitarra_Foto2-1536x1021.jpg 1536w, https:\/\/www.diocesitn.it\/seminario\/wp-content\/uploads\/sites\/41\/2024\/10\/pag5_Chitarra_Foto2-2048x1361.jpg 2048w, https:\/\/www.diocesitn.it\/seminario\/wp-content\/uploads\/sites\/41\/2024\/10\/pag5_Chitarra_Foto2-800x532.jpg 800w, https:\/\/www.diocesitn.it\/seminario\/wp-content\/uploads\/sites\/41\/2024\/10\/pag5_Chitarra_Foto2-1200x798.jpg 1200w\" sizes=\"auto, (max-width: 300px) 100vw, 300px\" \/><\/p>\n<div id=\":qm\" class=\"aYv\"><img decoding=\"async\" class=\"aYw aZy\" src=\"https:\/\/ssl.gstatic.com\/ui\/v1\/icons\/mail\/images\/cleardot.gif\" \/><\/div>\n<\/div>\n<div class=\"aSI\">\n<div id=\":ql\" class=\"aSJ\">\n<div aria-hidden=\"true\">\n<div class=\"aSG\"><\/div>\n<div class=\"aVY aZn\">\n<div class=\"aZm\"><\/div>\n<\/div>\n<div class=\"aSH\">\n<div id=\":sk\" class=\"aYv\"><img decoding=\"async\" class=\"aYw aZy\" src=\"https:\/\/ssl.gstatic.com\/ui\/v1\/icons\/mail\/images\/cleardot.gif\" \/><\/div>\n<div id=\":sq\" class=\"aYy\">\n<div class=\"aYz\">\n<div class=\"a12\">\n<div class=\"aYp\"><\/div>\n<\/div>\n<\/div>\n<\/div>\n<\/div>\n<div class=\"aSI\">\n<div id=\":sj\" class=\"aSJ\"><\/div>\n<\/div>\n<\/div>\n<\/div>\n<\/div>\n<\/div>\n<p>&nbsp;<\/p>\n<p>&nbsp;<\/p>\n","protected":false},"excerpt":{"rendered":"<p>Don Bosco diceva che \u201cun\u2019oratorio senza musica \u00e8 come un corpo senz\u2019anima\u201d. Quando ero in seconda elementare, prima ancora di sapere che don Bosco la pensasse cos\u00ec, mi sono sentito attratto dalla musica, anche se<\/p>\n","protected":false},"author":172,"featured_media":988,"comment_status":"closed","ping_status":"closed","sticky":false,"template":"","format":"standard","meta":{"footnotes":""},"categories":[176],"tags":[],"class_list":["post-985","post","type-post","status-publish","format-standard","has-post-thumbnail","hentry","category-notizie"],"acf":{"seed-localization-paese-cod":"IT","seed-localization-address":"","seed-localization-citta":"Trento","seed-localization-regione-cod-istat":"04","seed-localization-citta-cod-istat":"022205","seed-localization-localita":"","seed-localization-cap":"","seed-localization-marker-visibility":false,"seed-localization-children-visibility":false,"seed-localization-kml":"","seed-localization-custom-marker":""},"yoast_head":"<!-- This site is optimized with the Yoast SEO Premium plugin v20.2.1 (Yoast SEO v22.2) - https:\/\/yoast.com\/wordpress\/plugins\/seo\/ -->\n<title>Quella chitarra abbandonata in casa - Seminario Maggiore Arcivescovile<\/title>\n<meta name=\"robots\" content=\"index, follow, max-snippet:-1, max-image-preview:large, max-video-preview:-1\" \/>\n<link rel=\"canonical\" href=\"https:\/\/www.diocesitn.it\/seminario\/2024\/10\/08\/chitarra-la-mia-passione\/\" \/>\n<meta property=\"og:locale\" content=\"it_IT\" \/>\n<meta property=\"og:type\" content=\"article\" \/>\n<meta property=\"og:title\" content=\"Quella chitarra abbandonata in casa\" \/>\n<meta property=\"og:description\" content=\"Don Bosco diceva che \u201cun\u2019oratorio senza musica \u00e8 come un corpo senz\u2019anima\u201d. Quando ero in seconda elementare, prima ancora di sapere che don Bosco la pensasse cos\u00ec, mi sono sentito attratto dalla musica, anche se\" \/>\n<meta property=\"og:url\" content=\"https:\/\/www.diocesitn.it\/seminario\/2024\/10\/08\/chitarra-la-mia-passione\/\" \/>\n<meta property=\"og:site_name\" content=\"Seminario Maggiore Arcivescovile\" \/>\n<meta property=\"article:publisher\" content=\"https:\/\/www.facebook.com\/seminariotrento\/\" \/>\n<meta property=\"article:published_time\" content=\"2024-10-08T16:38:01+00:00\" \/>\n<meta property=\"article:modified_time\" content=\"2024-10-09T06:18:40+00:00\" \/>\n<meta property=\"og:image\" content=\"https:\/\/www.diocesitn.it\/seminario\/wp-content\/uploads\/sites\/41\/2024\/10\/pag5_Chitarra_Foto1-scaled.jpg\" \/>\n\t<meta property=\"og:image:width\" content=\"2560\" \/>\n\t<meta property=\"og:image:height\" content=\"1920\" \/>\n\t<meta property=\"og:image:type\" content=\"image\/jpeg\" \/>\n<meta name=\"author\" content=\"seminaristitrento\" \/>\n<meta name=\"twitter:card\" content=\"summary_large_image\" \/>\n<meta name=\"twitter:label1\" content=\"Scritto da\" \/>\n\t<meta name=\"twitter:data1\" content=\"seminaristitrento\" \/>\n\t<meta name=\"twitter:label2\" content=\"Tempo di lettura stimato\" \/>\n\t<meta name=\"twitter:data2\" content=\"3 minuti\" \/>\n<script type=\"application\/ld+json\" class=\"yoast-schema-graph\">{\"@context\":\"https:\/\/schema.org\",\"@graph\":[{\"@type\":\"WebPage\",\"@id\":\"https:\/\/www.diocesitn.it\/seminario\/2024\/10\/08\/chitarra-la-mia-passione\/\",\"url\":\"https:\/\/www.diocesitn.it\/seminario\/2024\/10\/08\/chitarra-la-mia-passione\/\",\"name\":\"Quella chitarra abbandonata in casa - Seminario Maggiore Arcivescovile\",\"isPartOf\":{\"@id\":\"https:\/\/www.diocesitn.it\/seminario\/#website\"},\"primaryImageOfPage\":{\"@id\":\"https:\/\/www.diocesitn.it\/seminario\/2024\/10\/08\/chitarra-la-mia-passione\/#primaryimage\"},\"image\":{\"@id\":\"https:\/\/www.diocesitn.it\/seminario\/2024\/10\/08\/chitarra-la-mia-passione\/#primaryimage\"},\"thumbnailUrl\":\"https:\/\/www.diocesitn.it\/seminario\/wp-content\/uploads\/sites\/41\/2024\/10\/pag5_Chitarra_Foto1-scaled.jpg\",\"datePublished\":\"2024-10-08T16:38:01+00:00\",\"dateModified\":\"2024-10-09T06:18:40+00:00\",\"author\":{\"@id\":\"https:\/\/www.diocesitn.it\/seminario\/#\/schema\/person\/fe751b4cf044b25d6ad3f1991d9b6d54\"},\"breadcrumb\":{\"@id\":\"https:\/\/www.diocesitn.it\/seminario\/2024\/10\/08\/chitarra-la-mia-passione\/#breadcrumb\"},\"inLanguage\":\"it-IT\",\"potentialAction\":[{\"@type\":\"ReadAction\",\"target\":[\"https:\/\/www.diocesitn.it\/seminario\/2024\/10\/08\/chitarra-la-mia-passione\/\"]}]},{\"@type\":\"ImageObject\",\"inLanguage\":\"it-IT\",\"@id\":\"https:\/\/www.diocesitn.it\/seminario\/2024\/10\/08\/chitarra-la-mia-passione\/#primaryimage\",\"url\":\"https:\/\/www.diocesitn.it\/seminario\/wp-content\/uploads\/sites\/41\/2024\/10\/pag5_Chitarra_Foto1-scaled.jpg\",\"contentUrl\":\"https:\/\/www.diocesitn.it\/seminario\/wp-content\/uploads\/sites\/41\/2024\/10\/pag5_Chitarra_Foto1-scaled.jpg\",\"width\":2560,\"height\":1920},{\"@type\":\"BreadcrumbList\",\"@id\":\"https:\/\/www.diocesitn.it\/seminario\/2024\/10\/08\/chitarra-la-mia-passione\/#breadcrumb\",\"itemListElement\":[{\"@type\":\"ListItem\",\"position\":1,\"name\":\"Home\",\"item\":\"https:\/\/www.diocesitn.it\/seminario\/\"},{\"@type\":\"ListItem\",\"position\":2,\"name\":\"Quella chitarra abbandonata in casa\"}]},{\"@type\":\"WebSite\",\"@id\":\"https:\/\/www.diocesitn.it\/seminario\/#website\",\"url\":\"https:\/\/www.diocesitn.it\/seminario\/\",\"name\":\"Seminario Maggiore Arcivescovile\",\"description\":\"Chiesa di Trento\",\"potentialAction\":[{\"@type\":\"SearchAction\",\"target\":{\"@type\":\"EntryPoint\",\"urlTemplate\":\"https:\/\/www.diocesitn.it\/seminario\/?s={search_term_string}\"},\"query-input\":\"required name=search_term_string\"}],\"inLanguage\":\"it-IT\"},{\"@type\":\"ImageObject\",\"inLanguage\":\"it-IT\",\"@id\":\"https:\/\/www.diocesitn.it\/seminario\/2024\/10\/08\/chitarra-la-mia-passione\/#local-main-organization-logo\",\"url\":\"\",\"contentUrl\":\"\",\"caption\":\"Seminario Maggiore Arcivescovile - Chiesa di Trento\"}]}<\/script>\n<!-- \/ Yoast SEO Premium plugin. -->","yoast_head_json":{"title":"Quella chitarra abbandonata in casa - Seminario Maggiore Arcivescovile","robots":{"index":"index","follow":"follow","max-snippet":"max-snippet:-1","max-image-preview":"max-image-preview:large","max-video-preview":"max-video-preview:-1"},"canonical":"https:\/\/www.diocesitn.it\/seminario\/2024\/10\/08\/chitarra-la-mia-passione\/","og_locale":"it_IT","og_type":"article","og_title":"Quella chitarra abbandonata in casa","og_description":"Don Bosco diceva che \u201cun\u2019oratorio senza musica \u00e8 come un corpo senz\u2019anima\u201d. Quando ero in seconda elementare, prima ancora di sapere che don Bosco la pensasse cos\u00ec, mi sono sentito attratto dalla musica, anche se","og_url":"https:\/\/www.diocesitn.it\/seminario\/2024\/10\/08\/chitarra-la-mia-passione\/","og_site_name":"Seminario Maggiore Arcivescovile","article_publisher":"https:\/\/www.facebook.com\/seminariotrento\/","article_published_time":"2024-10-08T16:38:01+00:00","article_modified_time":"2024-10-09T06:18:40+00:00","og_image":[{"width":2560,"height":1920,"url":"https:\/\/www.diocesitn.it\/seminario\/wp-content\/uploads\/sites\/41\/2024\/10\/pag5_Chitarra_Foto1-scaled.jpg","type":"image\/jpeg"}],"author":"seminaristitrento","twitter_card":"summary_large_image","twitter_misc":{"Scritto da":"seminaristitrento","Tempo di lettura stimato":"3 minuti"},"schema":{"@context":"https:\/\/schema.org","@graph":[{"@type":"WebPage","@id":"https:\/\/www.diocesitn.it\/seminario\/2024\/10\/08\/chitarra-la-mia-passione\/","url":"https:\/\/www.diocesitn.it\/seminario\/2024\/10\/08\/chitarra-la-mia-passione\/","name":"Quella chitarra abbandonata in casa - Seminario Maggiore Arcivescovile","isPartOf":{"@id":"https:\/\/www.diocesitn.it\/seminario\/#website"},"primaryImageOfPage":{"@id":"https:\/\/www.diocesitn.it\/seminario\/2024\/10\/08\/chitarra-la-mia-passione\/#primaryimage"},"image":{"@id":"https:\/\/www.diocesitn.it\/seminario\/2024\/10\/08\/chitarra-la-mia-passione\/#primaryimage"},"thumbnailUrl":"https:\/\/www.diocesitn.it\/seminario\/wp-content\/uploads\/sites\/41\/2024\/10\/pag5_Chitarra_Foto1-scaled.jpg","datePublished":"2024-10-08T16:38:01+00:00","dateModified":"2024-10-09T06:18:40+00:00","author":{"@id":"https:\/\/www.diocesitn.it\/seminario\/#\/schema\/person\/fe751b4cf044b25d6ad3f1991d9b6d54"},"breadcrumb":{"@id":"https:\/\/www.diocesitn.it\/seminario\/2024\/10\/08\/chitarra-la-mia-passione\/#breadcrumb"},"inLanguage":"it-IT","potentialAction":[{"@type":"ReadAction","target":["https:\/\/www.diocesitn.it\/seminario\/2024\/10\/08\/chitarra-la-mia-passione\/"]}]},{"@type":"ImageObject","inLanguage":"it-IT","@id":"https:\/\/www.diocesitn.it\/seminario\/2024\/10\/08\/chitarra-la-mia-passione\/#primaryimage","url":"https:\/\/www.diocesitn.it\/seminario\/wp-content\/uploads\/sites\/41\/2024\/10\/pag5_Chitarra_Foto1-scaled.jpg","contentUrl":"https:\/\/www.diocesitn.it\/seminario\/wp-content\/uploads\/sites\/41\/2024\/10\/pag5_Chitarra_Foto1-scaled.jpg","width":2560,"height":1920},{"@type":"BreadcrumbList","@id":"https:\/\/www.diocesitn.it\/seminario\/2024\/10\/08\/chitarra-la-mia-passione\/#breadcrumb","itemListElement":[{"@type":"ListItem","position":1,"name":"Home","item":"https:\/\/www.diocesitn.it\/seminario\/"},{"@type":"ListItem","position":2,"name":"Quella chitarra abbandonata in casa"}]},{"@type":"WebSite","@id":"https:\/\/www.diocesitn.it\/seminario\/#website","url":"https:\/\/www.diocesitn.it\/seminario\/","name":"Seminario Maggiore Arcivescovile","description":"Chiesa di Trento","potentialAction":[{"@type":"SearchAction","target":{"@type":"EntryPoint","urlTemplate":"https:\/\/www.diocesitn.it\/seminario\/?s={search_term_string}"},"query-input":"required name=search_term_string"}],"inLanguage":"it-IT"},{"@type":"ImageObject","inLanguage":"it-IT","@id":"https:\/\/www.diocesitn.it\/seminario\/2024\/10\/08\/chitarra-la-mia-passione\/#local-main-organization-logo","url":"","contentUrl":"","caption":"Seminario Maggiore Arcivescovile - Chiesa di Trento"}]}},"_links":{"self":[{"href":"https:\/\/www.diocesitn.it\/seminario\/wp-json\/wp\/v2\/posts\/985","targetHints":{"allow":["GET"]}}],"collection":[{"href":"https:\/\/www.diocesitn.it\/seminario\/wp-json\/wp\/v2\/posts"}],"about":[{"href":"https:\/\/www.diocesitn.it\/seminario\/wp-json\/wp\/v2\/types\/post"}],"author":[{"embeddable":true,"href":"https:\/\/www.diocesitn.it\/seminario\/wp-json\/wp\/v2\/users\/172"}],"replies":[{"embeddable":true,"href":"https:\/\/www.diocesitn.it\/seminario\/wp-json\/wp\/v2\/comments?post=985"}],"version-history":[{"count":3,"href":"https:\/\/www.diocesitn.it\/seminario\/wp-json\/wp\/v2\/posts\/985\/revisions"}],"predecessor-version":[{"id":995,"href":"https:\/\/www.diocesitn.it\/seminario\/wp-json\/wp\/v2\/posts\/985\/revisions\/995"}],"wp:featuredmedia":[{"embeddable":true,"href":"https:\/\/www.diocesitn.it\/seminario\/wp-json\/wp\/v2\/media\/988"}],"wp:attachment":[{"href":"https:\/\/www.diocesitn.it\/seminario\/wp-json\/wp\/v2\/media?parent=985"}],"wp:term":[{"taxonomy":"category","embeddable":true,"href":"https:\/\/www.diocesitn.it\/seminario\/wp-json\/wp\/v2\/categories?post=985"},{"taxonomy":"post_tag","embeddable":true,"href":"https:\/\/www.diocesitn.it\/seminario\/wp-json\/wp\/v2\/tags?post=985"}],"curies":[{"name":"wp","href":"https:\/\/api.w.org\/{rel}","templated":true}]}}