{"id":957,"date":"2024-05-29T17:10:24","date_gmt":"2024-05-29T15:10:24","guid":{"rendered":"https:\/\/www.diocesitn.it\/seminario\/?p=957"},"modified":"2024-05-29T17:15:41","modified_gmt":"2024-05-29T15:15:41","slug":"altro-che-masterchef","status":"publish","type":"post","link":"https:\/\/www.diocesitn.it\/seminario\/2024\/05\/29\/altro-che-masterchef\/","title":{"rendered":"Altro che Masterchef"},"content":{"rendered":"<p>Ciao a tutti, sono Alberto Bolognani, ho 26 anni e provengo da Vigo Cavedine, un piccolo paese della Valle dei Laghi. Dopo il cammino pastorale nelle parrocchie di Mattarello e di Riva del Garda, quest\u2019anno in vista e in preparazione all\u2019ordinazione sacerdotale, il nostro Vescovo mi ha proposto di trascorrere i fine settimana presso le comunit\u00e0 della Val di Fiemme, vivendo al convento di Cavalese con don Albino, don Luca e don Renzo.<br \/>\nOgnuno di noi ha una o pi\u00f9 passioni, per esempio a me piacciono tanto la fotografia, i video, le campane, la compagnia degli amici. Vorrei condividere con voi per\u00f2 una passione importante che ho fin da quando ero piccolo: la cucina!<br \/>\nDa quando ero all\u2019asilo, con il mio amico Sebastiano, giocavamo spesso nella zona cucina e quando arrivavo a casa per raccontare ai miei genitori cosa avevo fatto all\u2019asilo rispondevo con: \u201caven fat luganeghe!\u201d<br \/>\nPenso che la cucina sia un bel passatempo e se devo essere sincero \u00e8 un\u2019attivit\u00e0 che mi rilassa. Ho imparato tanto da mia nonna e da mia mamma, entrambe molto brave a preparare buoni pranzi e cenette, ma anche dolci. Tra i piatti che preferisco realizzare ci sono: le lasagne ai porri e salmone, i risotti, la focaccia alla genovese e la torta \u201cforesta nera\u201d.<br \/>\nAlcuni studiosi affermano che \u201ccucinare serva per prendersi cura di s\u00e9 stessi, nel corpo e nell\u2019anima\u201d, sono molto convinto di questo.<br \/>\nPenso alle famiglie dove spesso i genitori lavorano tutto il giorno, ma riescono nonostante tutto a organizzarsi per portare a tavola un buon pasto ai loro figli. Dimostrano non solo di portare a compimento un dovere: quello di sfamarsi; ma anche di prendersi cura non solo di loro stessi ma anche dei figli.<br \/>\nRicordo anche i volontari delle mense dei poveri che sono dei veri \u201csamaritani\u201d per quelle persone che bussano per poter avere un piatto caldo.<br \/>\nQuanto \u00e8 bello \u201ctrovarlo fatto\u201d il pranzo o la cena, ma io credo che sia ancora pi\u00f9 bello realizzarlo con le tue mani perch\u00e8 hai la possibilit\u00e0 di dimostrare affetto, amore e premura per il prossimo.<\/p>\n<p>Alberto Bolognani<\/p>\n<p><img loading=\"lazy\" decoding=\"async\" class=\"alignnone wp-image-959 size-large\" src=\"https:\/\/www.diocesitn.it\/seminario\/wp-content\/uploads\/sites\/41\/2024\/05\/Alberto-in-cucina-768x1024.jpeg\" alt=\"\" width=\"768\" height=\"1024\" srcset=\"https:\/\/www.diocesitn.it\/seminario\/wp-content\/uploads\/sites\/41\/2024\/05\/Alberto-in-cucina-768x1024.jpeg 768w, https:\/\/www.diocesitn.it\/seminario\/wp-content\/uploads\/sites\/41\/2024\/05\/Alberto-in-cucina-225x300.jpeg 225w, https:\/\/www.diocesitn.it\/seminario\/wp-content\/uploads\/sites\/41\/2024\/05\/Alberto-in-cucina-210x280.jpeg 210w, https:\/\/www.diocesitn.it\/seminario\/wp-content\/uploads\/sites\/41\/2024\/05\/Alberto-in-cucina-576x768.jpeg 576w, https:\/\/www.diocesitn.it\/seminario\/wp-content\/uploads\/sites\/41\/2024\/05\/Alberto-in-cucina-1152x1536.jpeg 1152w, https:\/\/www.diocesitn.it\/seminario\/wp-content\/uploads\/sites\/41\/2024\/05\/Alberto-in-cucina-1536x2048.jpeg 1536w, https:\/\/www.diocesitn.it\/seminario\/wp-content\/uploads\/sites\/41\/2024\/05\/Alberto-in-cucina-800x1067.jpeg 800w, https:\/\/www.diocesitn.it\/seminario\/wp-content\/uploads\/sites\/41\/2024\/05\/Alberto-in-cucina-1200x1600.jpeg 1200w, https:\/\/www.diocesitn.it\/seminario\/wp-content\/uploads\/sites\/41\/2024\/05\/Alberto-in-cucina-scaled.jpeg 1920w\" sizes=\"auto, (max-width: 768px) 100vw, 768px\" \/><\/p>\n<p><img loading=\"lazy\" decoding=\"async\" class=\"alignnone wp-image-958 size-large\" src=\"https:\/\/www.diocesitn.it\/seminario\/wp-content\/uploads\/sites\/41\/2024\/05\/Alberto-con-la-nonna-Maria-quando-era-piccolo-sul-Monte-Bondone--1024x696.jpeg\" alt=\"\" width=\"800\" height=\"544\" srcset=\"https:\/\/www.diocesitn.it\/seminario\/wp-content\/uploads\/sites\/41\/2024\/05\/Alberto-con-la-nonna-Maria-quando-era-piccolo-sul-Monte-Bondone--1024x696.jpeg 1024w, https:\/\/www.diocesitn.it\/seminario\/wp-content\/uploads\/sites\/41\/2024\/05\/Alberto-con-la-nonna-Maria-quando-era-piccolo-sul-Monte-Bondone--300x204.jpeg 300w, https:\/\/www.diocesitn.it\/seminario\/wp-content\/uploads\/sites\/41\/2024\/05\/Alberto-con-la-nonna-Maria-quando-era-piccolo-sul-Monte-Bondone--768x522.jpeg 768w, https:\/\/www.diocesitn.it\/seminario\/wp-content\/uploads\/sites\/41\/2024\/05\/Alberto-con-la-nonna-Maria-quando-era-piccolo-sul-Monte-Bondone--360x245.jpeg 360w, https:\/\/www.diocesitn.it\/seminario\/wp-content\/uploads\/sites\/41\/2024\/05\/Alberto-con-la-nonna-Maria-quando-era-piccolo-sul-Monte-Bondone--1536x1044.jpeg 1536w, https:\/\/www.diocesitn.it\/seminario\/wp-content\/uploads\/sites\/41\/2024\/05\/Alberto-con-la-nonna-Maria-quando-era-piccolo-sul-Monte-Bondone--800x544.jpeg 800w, https:\/\/www.diocesitn.it\/seminario\/wp-content\/uploads\/sites\/41\/2024\/05\/Alberto-con-la-nonna-Maria-quando-era-piccolo-sul-Monte-Bondone--1200x816.jpeg 1200w, https:\/\/www.diocesitn.it\/seminario\/wp-content\/uploads\/sites\/41\/2024\/05\/Alberto-con-la-nonna-Maria-quando-era-piccolo-sul-Monte-Bondone-.jpeg 1736w\" sizes=\"auto, (max-width: 800px) 100vw, 800px\" \/>Alberto con la nonna Maria quando era piccolo sul Monte Bondone<\/p>\n","protected":false},"excerpt":{"rendered":"<p>Ciao a tutti, sono Alberto Bolognani, ho 26 anni e provengo da Vigo Cavedine, un piccolo paese della Valle dei Laghi. Dopo il cammino pastorale nelle parrocchie di Mattarello e di Riva del Garda, quest\u2019anno<\/p>\n","protected":false},"author":172,"featured_media":961,"comment_status":"closed","ping_status":"closed","sticky":false,"template":"","format":"standard","meta":{"footnotes":""},"categories":[176],"tags":[],"class_list":["post-957","post","type-post","status-publish","format-standard","has-post-thumbnail","hentry","category-notizie"],"acf":{"seed-localization-paese-cod":"IT","seed-localization-address":"","seed-localization-citta":"Trento","seed-localization-regione-cod-istat":"04","seed-localization-citta-cod-istat":"022205","seed-localization-localita":"","seed-localization-cap":"","seed-localization-marker-visibility":false,"seed-localization-children-visibility":false,"seed-localization-kml":"","seed-localization-custom-marker":""},"yoast_head":"<!-- This site is optimized with the Yoast SEO Premium plugin v20.2.1 (Yoast SEO v22.2) - https:\/\/yoast.com\/wordpress\/plugins\/seo\/ -->\n<title>Altro che Masterchef - Seminario Maggiore Arcivescovile<\/title>\n<meta name=\"robots\" content=\"index, follow, max-snippet:-1, max-image-preview:large, max-video-preview:-1\" \/>\n<link rel=\"canonical\" href=\"https:\/\/www.diocesitn.it\/seminario\/2024\/05\/29\/altro-che-masterchef\/\" \/>\n<meta property=\"og:locale\" content=\"it_IT\" \/>\n<meta property=\"og:type\" content=\"article\" \/>\n<meta property=\"og:title\" content=\"Altro che Masterchef\" \/>\n<meta property=\"og:description\" content=\"Ciao a tutti, sono Alberto Bolognani, ho 26 anni e provengo da Vigo Cavedine, un piccolo paese della Valle dei Laghi. Dopo il cammino pastorale nelle parrocchie di Mattarello e di Riva del Garda, quest\u2019anno\" \/>\n<meta property=\"og:url\" content=\"https:\/\/www.diocesitn.it\/seminario\/2024\/05\/29\/altro-che-masterchef\/\" \/>\n<meta property=\"og:site_name\" content=\"Seminario Maggiore Arcivescovile\" \/>\n<meta property=\"article:publisher\" content=\"https:\/\/www.facebook.com\/seminariotrento\/\" \/>\n<meta property=\"article:published_time\" content=\"2024-05-29T15:10:24+00:00\" \/>\n<meta property=\"article:modified_time\" content=\"2024-05-29T15:15:41+00:00\" \/>\n<meta property=\"og:image\" content=\"https:\/\/www.diocesitn.it\/seminario\/wp-content\/uploads\/sites\/41\/2024\/05\/urban-gyllstrom-MaWMfm-HCqQ-unsplash-scaled.jpg\" \/>\n\t<meta property=\"og:image:width\" content=\"2560\" \/>\n\t<meta property=\"og:image:height\" content=\"1440\" \/>\n\t<meta property=\"og:image:type\" content=\"image\/jpeg\" \/>\n<meta name=\"author\" content=\"seminaristitrento\" \/>\n<meta name=\"twitter:card\" content=\"summary_large_image\" \/>\n<meta name=\"twitter:label1\" content=\"Scritto da\" \/>\n\t<meta name=\"twitter:data1\" content=\"seminaristitrento\" \/>\n\t<meta name=\"twitter:label2\" content=\"Tempo di lettura stimato\" \/>\n\t<meta name=\"twitter:data2\" content=\"3 minuti\" \/>\n<script type=\"application\/ld+json\" class=\"yoast-schema-graph\">{\"@context\":\"https:\/\/schema.org\",\"@graph\":[{\"@type\":\"WebPage\",\"@id\":\"https:\/\/www.diocesitn.it\/seminario\/2024\/05\/29\/altro-che-masterchef\/\",\"url\":\"https:\/\/www.diocesitn.it\/seminario\/2024\/05\/29\/altro-che-masterchef\/\",\"name\":\"Altro che Masterchef - Seminario Maggiore Arcivescovile\",\"isPartOf\":{\"@id\":\"https:\/\/www.diocesitn.it\/seminario\/#website\"},\"primaryImageOfPage\":{\"@id\":\"https:\/\/www.diocesitn.it\/seminario\/2024\/05\/29\/altro-che-masterchef\/#primaryimage\"},\"image\":{\"@id\":\"https:\/\/www.diocesitn.it\/seminario\/2024\/05\/29\/altro-che-masterchef\/#primaryimage\"},\"thumbnailUrl\":\"https:\/\/www.diocesitn.it\/seminario\/wp-content\/uploads\/sites\/41\/2024\/05\/urban-gyllstrom-MaWMfm-HCqQ-unsplash-scaled.jpg\",\"datePublished\":\"2024-05-29T15:10:24+00:00\",\"dateModified\":\"2024-05-29T15:15:41+00:00\",\"author\":{\"@id\":\"https:\/\/www.diocesitn.it\/seminario\/#\/schema\/person\/fe751b4cf044b25d6ad3f1991d9b6d54\"},\"breadcrumb\":{\"@id\":\"https:\/\/www.diocesitn.it\/seminario\/2024\/05\/29\/altro-che-masterchef\/#breadcrumb\"},\"inLanguage\":\"it-IT\",\"potentialAction\":[{\"@type\":\"ReadAction\",\"target\":[\"https:\/\/www.diocesitn.it\/seminario\/2024\/05\/29\/altro-che-masterchef\/\"]}]},{\"@type\":\"ImageObject\",\"inLanguage\":\"it-IT\",\"@id\":\"https:\/\/www.diocesitn.it\/seminario\/2024\/05\/29\/altro-che-masterchef\/#primaryimage\",\"url\":\"https:\/\/www.diocesitn.it\/seminario\/wp-content\/uploads\/sites\/41\/2024\/05\/urban-gyllstrom-MaWMfm-HCqQ-unsplash-scaled.jpg\",\"contentUrl\":\"https:\/\/www.diocesitn.it\/seminario\/wp-content\/uploads\/sites\/41\/2024\/05\/urban-gyllstrom-MaWMfm-HCqQ-unsplash-scaled.jpg\",\"width\":2560,\"height\":1440},{\"@type\":\"BreadcrumbList\",\"@id\":\"https:\/\/www.diocesitn.it\/seminario\/2024\/05\/29\/altro-che-masterchef\/#breadcrumb\",\"itemListElement\":[{\"@type\":\"ListItem\",\"position\":1,\"name\":\"Home\",\"item\":\"https:\/\/www.diocesitn.it\/seminario\/\"},{\"@type\":\"ListItem\",\"position\":2,\"name\":\"Altro che Masterchef\"}]},{\"@type\":\"WebSite\",\"@id\":\"https:\/\/www.diocesitn.it\/seminario\/#website\",\"url\":\"https:\/\/www.diocesitn.it\/seminario\/\",\"name\":\"Seminario Maggiore Arcivescovile\",\"description\":\"Chiesa di Trento\",\"potentialAction\":[{\"@type\":\"SearchAction\",\"target\":{\"@type\":\"EntryPoint\",\"urlTemplate\":\"https:\/\/www.diocesitn.it\/seminario\/?s={search_term_string}\"},\"query-input\":\"required name=search_term_string\"}],\"inLanguage\":\"it-IT\"},{\"@type\":\"ImageObject\",\"inLanguage\":\"it-IT\",\"@id\":\"https:\/\/www.diocesitn.it\/seminario\/2024\/05\/29\/altro-che-masterchef\/#local-main-organization-logo\",\"url\":\"\",\"contentUrl\":\"\",\"caption\":\"Seminario Maggiore Arcivescovile - Chiesa di Trento\"}]}<\/script>\n<!-- \/ Yoast SEO Premium plugin. -->","yoast_head_json":{"title":"Altro che Masterchef - Seminario Maggiore Arcivescovile","robots":{"index":"index","follow":"follow","max-snippet":"max-snippet:-1","max-image-preview":"max-image-preview:large","max-video-preview":"max-video-preview:-1"},"canonical":"https:\/\/www.diocesitn.it\/seminario\/2024\/05\/29\/altro-che-masterchef\/","og_locale":"it_IT","og_type":"article","og_title":"Altro che Masterchef","og_description":"Ciao a tutti, sono Alberto Bolognani, ho 26 anni e provengo da Vigo Cavedine, un piccolo paese della Valle dei Laghi. Dopo il cammino pastorale nelle parrocchie di Mattarello e di Riva del Garda, quest\u2019anno","og_url":"https:\/\/www.diocesitn.it\/seminario\/2024\/05\/29\/altro-che-masterchef\/","og_site_name":"Seminario Maggiore Arcivescovile","article_publisher":"https:\/\/www.facebook.com\/seminariotrento\/","article_published_time":"2024-05-29T15:10:24+00:00","article_modified_time":"2024-05-29T15:15:41+00:00","og_image":[{"width":2560,"height":1440,"url":"https:\/\/www.diocesitn.it\/seminario\/wp-content\/uploads\/sites\/41\/2024\/05\/urban-gyllstrom-MaWMfm-HCqQ-unsplash-scaled.jpg","type":"image\/jpeg"}],"author":"seminaristitrento","twitter_card":"summary_large_image","twitter_misc":{"Scritto da":"seminaristitrento","Tempo di lettura stimato":"3 minuti"},"schema":{"@context":"https:\/\/schema.org","@graph":[{"@type":"WebPage","@id":"https:\/\/www.diocesitn.it\/seminario\/2024\/05\/29\/altro-che-masterchef\/","url":"https:\/\/www.diocesitn.it\/seminario\/2024\/05\/29\/altro-che-masterchef\/","name":"Altro che Masterchef - Seminario Maggiore Arcivescovile","isPartOf":{"@id":"https:\/\/www.diocesitn.it\/seminario\/#website"},"primaryImageOfPage":{"@id":"https:\/\/www.diocesitn.it\/seminario\/2024\/05\/29\/altro-che-masterchef\/#primaryimage"},"image":{"@id":"https:\/\/www.diocesitn.it\/seminario\/2024\/05\/29\/altro-che-masterchef\/#primaryimage"},"thumbnailUrl":"https:\/\/www.diocesitn.it\/seminario\/wp-content\/uploads\/sites\/41\/2024\/05\/urban-gyllstrom-MaWMfm-HCqQ-unsplash-scaled.jpg","datePublished":"2024-05-29T15:10:24+00:00","dateModified":"2024-05-29T15:15:41+00:00","author":{"@id":"https:\/\/www.diocesitn.it\/seminario\/#\/schema\/person\/fe751b4cf044b25d6ad3f1991d9b6d54"},"breadcrumb":{"@id":"https:\/\/www.diocesitn.it\/seminario\/2024\/05\/29\/altro-che-masterchef\/#breadcrumb"},"inLanguage":"it-IT","potentialAction":[{"@type":"ReadAction","target":["https:\/\/www.diocesitn.it\/seminario\/2024\/05\/29\/altro-che-masterchef\/"]}]},{"@type":"ImageObject","inLanguage":"it-IT","@id":"https:\/\/www.diocesitn.it\/seminario\/2024\/05\/29\/altro-che-masterchef\/#primaryimage","url":"https:\/\/www.diocesitn.it\/seminario\/wp-content\/uploads\/sites\/41\/2024\/05\/urban-gyllstrom-MaWMfm-HCqQ-unsplash-scaled.jpg","contentUrl":"https:\/\/www.diocesitn.it\/seminario\/wp-content\/uploads\/sites\/41\/2024\/05\/urban-gyllstrom-MaWMfm-HCqQ-unsplash-scaled.jpg","width":2560,"height":1440},{"@type":"BreadcrumbList","@id":"https:\/\/www.diocesitn.it\/seminario\/2024\/05\/29\/altro-che-masterchef\/#breadcrumb","itemListElement":[{"@type":"ListItem","position":1,"name":"Home","item":"https:\/\/www.diocesitn.it\/seminario\/"},{"@type":"ListItem","position":2,"name":"Altro che Masterchef"}]},{"@type":"WebSite","@id":"https:\/\/www.diocesitn.it\/seminario\/#website","url":"https:\/\/www.diocesitn.it\/seminario\/","name":"Seminario Maggiore Arcivescovile","description":"Chiesa di Trento","potentialAction":[{"@type":"SearchAction","target":{"@type":"EntryPoint","urlTemplate":"https:\/\/www.diocesitn.it\/seminario\/?s={search_term_string}"},"query-input":"required name=search_term_string"}],"inLanguage":"it-IT"},{"@type":"ImageObject","inLanguage":"it-IT","@id":"https:\/\/www.diocesitn.it\/seminario\/2024\/05\/29\/altro-che-masterchef\/#local-main-organization-logo","url":"","contentUrl":"","caption":"Seminario Maggiore Arcivescovile - Chiesa di Trento"}]}},"_links":{"self":[{"href":"https:\/\/www.diocesitn.it\/seminario\/wp-json\/wp\/v2\/posts\/957","targetHints":{"allow":["GET"]}}],"collection":[{"href":"https:\/\/www.diocesitn.it\/seminario\/wp-json\/wp\/v2\/posts"}],"about":[{"href":"https:\/\/www.diocesitn.it\/seminario\/wp-json\/wp\/v2\/types\/post"}],"author":[{"embeddable":true,"href":"https:\/\/www.diocesitn.it\/seminario\/wp-json\/wp\/v2\/users\/172"}],"replies":[{"embeddable":true,"href":"https:\/\/www.diocesitn.it\/seminario\/wp-json\/wp\/v2\/comments?post=957"}],"version-history":[{"count":3,"href":"https:\/\/www.diocesitn.it\/seminario\/wp-json\/wp\/v2\/posts\/957\/revisions"}],"predecessor-version":[{"id":963,"href":"https:\/\/www.diocesitn.it\/seminario\/wp-json\/wp\/v2\/posts\/957\/revisions\/963"}],"wp:featuredmedia":[{"embeddable":true,"href":"https:\/\/www.diocesitn.it\/seminario\/wp-json\/wp\/v2\/media\/961"}],"wp:attachment":[{"href":"https:\/\/www.diocesitn.it\/seminario\/wp-json\/wp\/v2\/media?parent=957"}],"wp:term":[{"taxonomy":"category","embeddable":true,"href":"https:\/\/www.diocesitn.it\/seminario\/wp-json\/wp\/v2\/categories?post=957"},{"taxonomy":"post_tag","embeddable":true,"href":"https:\/\/www.diocesitn.it\/seminario\/wp-json\/wp\/v2\/tags?post=957"}],"curies":[{"name":"wp","href":"https:\/\/api.w.org\/{rel}","templated":true}]}}