{"id":949,"date":"2024-05-29T16:51:07","date_gmt":"2024-05-29T14:51:07","guid":{"rendered":"https:\/\/www.diocesitn.it\/seminario\/?p=949"},"modified":"2024-05-29T16:53:52","modified_gmt":"2024-05-29T14:53:52","slug":"lordinazione-presbiterale-di-don-andrea-canal-nella-cattedrale-di-belluno","status":"publish","type":"post","link":"https:\/\/www.diocesitn.it\/seminario\/2024\/05\/29\/lordinazione-presbiterale-di-don-andrea-canal-nella-cattedrale-di-belluno\/","title":{"rendered":"L\u2019ordinazione presbiterale di don Andrea Canal nella Cattedrale di Belluno"},"content":{"rendered":"<p>Alle 10 di sabato 4 maggio, nella plumbea e sonnacchiosa mattinata di mercato nel centro cittadino di Belluno, un festoso e prolungato suono di campane a festa, provenienti dal campanile dello Juvarra, ha rotto il silenzio della citt\u00e0: un evento si preparava nella Cattedrale, addobbata a festa come per le grandi occasioni.<\/p>\n<p>Alle 10.30 le campane hanno ancora accompagnato il solenne ingresso del corteo dei ministranti, dei numerosi concelebranti, dei diaconi, del Vescovo. Davanti a tutti incedeva, emozionato, il diacono don Andrea Canal, sul quale si posavano gli occhi dei numerosi giovani presenti: probabilmente amici e parrocchiani di Santa Giustina, la parrocchia di origine, e di Agordo, Taibon e La Valle, dove da diacono ha mosso i primi passi di vita pastorale nell\u2019ultimo anno. A rendere ancora pi\u00f9 solenne questo ingresso il canto del coro diocesano, diretto da don Sandro Gabrieli.<\/p>\n<p>La celebrazione \u00e8 stata scandita dai suggestivi riti dell\u2019ordinazione. Dopo il Vangelo, la chiamata del candidato, che risponde \u00abEccomi\u00bb; la presentazione del rettore del seminario tridentino, dove si \u00e8 preparato per anni, in attesa di questo giorno. Poi l\u2019<a href=\"https:\/\/www.chiesabellunofeltre.it\/wd-interventi-vesc\/in-questa-citta-ho-un-popolo-numeroso\/\">intesa omelia, pronunciata dal Vescovo<\/a>\u00a0per tutti, ma soprattutto rivolta all\u2019ordinando.<\/p>\n<p>\u00abNon scordiamolo: la Chiesa del Risorto \u00e8 un seme piccolo, ma sparso ovunque. La Chiesa del Risorto germoglia come esile pianta, esposta a tutte le intemperie e fiorisce con colori inaspettati. Caro Andrea, oggi la tua ordinazione a prete sembra isolata, avviene due anni dopo quella di don Sandro, amico e compagno di viaggio. A qualcuno apparir\u00e0 paradossale questo avvicendarsi di ridotte risorse umane, immaginando la tua ordinazione accerchiata da mille attese, pronta ad essere aggredita da incalzanti impegni pastorali, assorbita e frantumata da troppe comunit\u00e0. Forse scorgerai anche tra noi dei volti tristi\u2026 Qualche sentimento o pensiero di esitazione probabilmente l\u2019avrai anche percepito di riflesso in te: \u00e8 il momento in cui le nostre attese si scostano dall\u2019imprevedibile amore del Risorto, dalla sua inesauribile riserva di vita, dal suo intramontabile sogno sul Regno di Dio\u00bb.<\/p>\n<p>Dopo l\u2019omelia, le domande dirette dal Vescovo all\u2019ordinando sugli impegni della vita da prete: tante volte risponde: \u00abS\u00ec, lo voglio\u00bb; e infine: \u00abS\u00ec, con l\u2019aiuto di Dio, lo voglio\u00bb. Da ultima la promessa di obbedienza e rispetto dovuti al Vescovo e ai suoi successori. Di seguito, quel forte gesto di prostrarsi a terra, mentre la sorella Luisa e don Sandro De Gasperi e l\u2019assemblea si alternano nell\u2019invocazione dei santi. I genitori in prima fila, unici di tutta l\u2019assemblea, si inginocchiavano ed \u00e8 toccato proprio alla giovane sorella cantare: \u00abBenedici, santifica e consacra questo tuo eletto\u00bb.<\/p>\n<p>Quindi i gesti centrali: l\u2019imposizione delle mani sul capo dell\u2019ordinando da parte del vescovo, e poi di tutti i preti presenti: tanti anziani, qualche prete giovane proveniente da altre diocesi, il tutto circondato dal silenzio di un\u2019assemblea composta e partecipe. Il Vescovo pronuncia l\u2019intensa preghiera per la consacrazione e don Andrea diventa prete \u00abper sempre\u00bb, come lui stesso ha ricordato\u00a0<a href=\"https:\/\/www.chiesabellunofeltre.it\/in-questa-scelta-mi-piace-il-per-sempre\/\">nell\u2019intervista concessa al settimanale diocesano<em>\u00a0L\u2019Amico del Popolo<\/em><\/a>\u00a0e come il Vescovo ha ripreso nell\u2019omelia:<\/p>\n<blockquote><p>\u00abAndrea, \u00e8 il Suo \u201cper sempre\u201d che non ti abbandoner\u00e0, che ti consacra, che ti abbellisce, che ti render\u00e0 ancor pi\u00f9 e ancor meglio \u201cnuotatore\u201d, cos\u00ec come ieri sera hai evocato la tua passione: \u201cGratuitamente avete ricevuto, gratuitamente\u2026\u201d dai\u00bb (Mt 10,8).<\/p><\/blockquote>\n<p>La celebrazione \u00e8 continuata con la vestizione, il nuovo passaggio di tutti i preti per l\u2019abbraccio di pace che accoglie il prete novello nel presbiterio. E poi la liturgia all\u2019altare, con il nuovo prete al fianco del Vescovo a concelebrare la sua prima Messa.<\/p>\n<p>Una liturgia molto lunga, quasi due ore: il pensiero va a quei numerosi giovani presenti, forse poco avvezzi a queste solennit\u00e0, ma forse con qualche domanda nel cuore di fronte al \u201cper sempre\u201d pronunciato da un giovane. Prima della conclusione, Francesco Laveder, a nome del Consiglio pastorale diocesano, ha offerto al prete novello un simpatico augurio con \u00abtre consigli non richiesti\u00bb, che hanno suscitato il fragoroso applauso dei presenti. E durante la comunione, finalmente il sole ha fatto capolino tra le finestre della Cattedrale.<\/p>\n<p><strong>Davide Fiocco<\/strong><\/p>\n<p>&nbsp;<\/p>\n<p><img loading=\"lazy\" decoding=\"async\" class=\"alignnone wp-image-950 size-large\" src=\"https:\/\/www.diocesitn.it\/seminario\/wp-content\/uploads\/sites\/41\/2024\/05\/Immagine-WhatsApp-2024-05-04-ore-13.35.50_0e6f8ebc-1024x768.jpg\" alt=\"\" width=\"800\" height=\"600\" srcset=\"https:\/\/www.diocesitn.it\/seminario\/wp-content\/uploads\/sites\/41\/2024\/05\/Immagine-WhatsApp-2024-05-04-ore-13.35.50_0e6f8ebc-1024x768.jpg 1024w, https:\/\/www.diocesitn.it\/seminario\/wp-content\/uploads\/sites\/41\/2024\/05\/Immagine-WhatsApp-2024-05-04-ore-13.35.50_0e6f8ebc-300x225.jpg 300w, https:\/\/www.diocesitn.it\/seminario\/wp-content\/uploads\/sites\/41\/2024\/05\/Immagine-WhatsApp-2024-05-04-ore-13.35.50_0e6f8ebc-768x576.jpg 768w, https:\/\/www.diocesitn.it\/seminario\/wp-content\/uploads\/sites\/41\/2024\/05\/Immagine-WhatsApp-2024-05-04-ore-13.35.50_0e6f8ebc-360x270.jpg 360w, https:\/\/www.diocesitn.it\/seminario\/wp-content\/uploads\/sites\/41\/2024\/05\/Immagine-WhatsApp-2024-05-04-ore-13.35.50_0e6f8ebc-1536x1152.jpg 1536w, https:\/\/www.diocesitn.it\/seminario\/wp-content\/uploads\/sites\/41\/2024\/05\/Immagine-WhatsApp-2024-05-04-ore-13.35.50_0e6f8ebc-800x600.jpg 800w, https:\/\/www.diocesitn.it\/seminario\/wp-content\/uploads\/sites\/41\/2024\/05\/Immagine-WhatsApp-2024-05-04-ore-13.35.50_0e6f8ebc-1200x900.jpg 1200w, https:\/\/www.diocesitn.it\/seminario\/wp-content\/uploads\/sites\/41\/2024\/05\/Immagine-WhatsApp-2024-05-04-ore-13.35.50_0e6f8ebc.jpg 2016w\" sizes=\"auto, (max-width: 800px) 100vw, 800px\" \/> <img loading=\"lazy\" decoding=\"async\" class=\"alignnone wp-image-951 size-large\" src=\"https:\/\/www.diocesitn.it\/seminario\/wp-content\/uploads\/sites\/41\/2024\/05\/Immagine-WhatsApp-2024-05-04-ore-13.35.50_ea59af61-1024x768.jpg\" alt=\"\" width=\"800\" height=\"600\" srcset=\"https:\/\/www.diocesitn.it\/seminario\/wp-content\/uploads\/sites\/41\/2024\/05\/Immagine-WhatsApp-2024-05-04-ore-13.35.50_ea59af61-1024x768.jpg 1024w, https:\/\/www.diocesitn.it\/seminario\/wp-content\/uploads\/sites\/41\/2024\/05\/Immagine-WhatsApp-2024-05-04-ore-13.35.50_ea59af61-300x225.jpg 300w, https:\/\/www.diocesitn.it\/seminario\/wp-content\/uploads\/sites\/41\/2024\/05\/Immagine-WhatsApp-2024-05-04-ore-13.35.50_ea59af61-768x576.jpg 768w, https:\/\/www.diocesitn.it\/seminario\/wp-content\/uploads\/sites\/41\/2024\/05\/Immagine-WhatsApp-2024-05-04-ore-13.35.50_ea59af61-360x270.jpg 360w, https:\/\/www.diocesitn.it\/seminario\/wp-content\/uploads\/sites\/41\/2024\/05\/Immagine-WhatsApp-2024-05-04-ore-13.35.50_ea59af61-1536x1152.jpg 1536w, https:\/\/www.diocesitn.it\/seminario\/wp-content\/uploads\/sites\/41\/2024\/05\/Immagine-WhatsApp-2024-05-04-ore-13.35.50_ea59af61-800x600.jpg 800w, https:\/\/www.diocesitn.it\/seminario\/wp-content\/uploads\/sites\/41\/2024\/05\/Immagine-WhatsApp-2024-05-04-ore-13.35.50_ea59af61-1200x900.jpg 1200w, https:\/\/www.diocesitn.it\/seminario\/wp-content\/uploads\/sites\/41\/2024\/05\/Immagine-WhatsApp-2024-05-04-ore-13.35.50_ea59af61.jpg 2016w\" sizes=\"auto, (max-width: 800px) 100vw, 800px\" \/><img loading=\"lazy\" decoding=\"async\" class=\"alignnone wp-image-952 size-large\" src=\"https:\/\/www.diocesitn.it\/seminario\/wp-content\/uploads\/sites\/41\/2024\/05\/Immagine-WhatsApp-2024-05-04-ore-13.40.05_2d26c7a0-1024x768.jpg\" alt=\"\" width=\"800\" height=\"600\" srcset=\"https:\/\/www.diocesitn.it\/seminario\/wp-content\/uploads\/sites\/41\/2024\/05\/Immagine-WhatsApp-2024-05-04-ore-13.40.05_2d26c7a0-1024x768.jpg 1024w, https:\/\/www.diocesitn.it\/seminario\/wp-content\/uploads\/sites\/41\/2024\/05\/Immagine-WhatsApp-2024-05-04-ore-13.40.05_2d26c7a0-300x225.jpg 300w, https:\/\/www.diocesitn.it\/seminario\/wp-content\/uploads\/sites\/41\/2024\/05\/Immagine-WhatsApp-2024-05-04-ore-13.40.05_2d26c7a0-768x576.jpg 768w, https:\/\/www.diocesitn.it\/seminario\/wp-content\/uploads\/sites\/41\/2024\/05\/Immagine-WhatsApp-2024-05-04-ore-13.40.05_2d26c7a0-360x270.jpg 360w, https:\/\/www.diocesitn.it\/seminario\/wp-content\/uploads\/sites\/41\/2024\/05\/Immagine-WhatsApp-2024-05-04-ore-13.40.05_2d26c7a0-1536x1152.jpg 1536w, https:\/\/www.diocesitn.it\/seminario\/wp-content\/uploads\/sites\/41\/2024\/05\/Immagine-WhatsApp-2024-05-04-ore-13.40.05_2d26c7a0-800x600.jpg 800w, https:\/\/www.diocesitn.it\/seminario\/wp-content\/uploads\/sites\/41\/2024\/05\/Immagine-WhatsApp-2024-05-04-ore-13.40.05_2d26c7a0-1200x900.jpg 1200w, https:\/\/www.diocesitn.it\/seminario\/wp-content\/uploads\/sites\/41\/2024\/05\/Immagine-WhatsApp-2024-05-04-ore-13.40.05_2d26c7a0.jpg 2016w\" sizes=\"auto, (max-width: 800px) 100vw, 800px\" \/><\/p>\n","protected":false},"excerpt":{"rendered":"<p>Alle 10 di sabato 4 maggio, nella plumbea e sonnacchiosa mattinata di mercato nel centro cittadino di Belluno, un festoso e prolungato suono di campane a festa, provenienti dal campanile dello Juvarra, ha rotto il<\/p>\n","protected":false},"author":172,"featured_media":955,"comment_status":"closed","ping_status":"closed","sticky":false,"template":"","format":"standard","meta":{"footnotes":""},"categories":[176],"tags":[],"class_list":["post-949","post","type-post","status-publish","format-standard","has-post-thumbnail","hentry","category-notizie"],"acf":{"seed-localization-paese-cod":"IT","seed-localization-address":"","seed-localization-citta":"Trento","seed-localization-regione-cod-istat":"04","seed-localization-citta-cod-istat":"022205","seed-localization-localita":"","seed-localization-cap":"","seed-localization-marker-visibility":false,"seed-localization-children-visibility":false,"seed-localization-kml":"","seed-localization-custom-marker":""},"yoast_head":"<!-- This site is optimized with the Yoast SEO Premium plugin v20.2.1 (Yoast SEO v22.2) - https:\/\/yoast.com\/wordpress\/plugins\/seo\/ -->\n<title>L\u2019ordinazione presbiterale di don Andrea Canal nella Cattedrale di Belluno - Seminario Maggiore Arcivescovile<\/title>\n<meta name=\"robots\" content=\"index, follow, max-snippet:-1, max-image-preview:large, max-video-preview:-1\" \/>\n<link rel=\"canonical\" href=\"https:\/\/www.diocesitn.it\/seminario\/2024\/05\/29\/lordinazione-presbiterale-di-don-andrea-canal-nella-cattedrale-di-belluno\/\" \/>\n<meta property=\"og:locale\" content=\"it_IT\" \/>\n<meta property=\"og:type\" content=\"article\" \/>\n<meta property=\"og:title\" content=\"L\u2019ordinazione presbiterale di don Andrea Canal nella Cattedrale di Belluno\" \/>\n<meta property=\"og:description\" content=\"Alle 10 di sabato 4 maggio, nella plumbea e sonnacchiosa mattinata di mercato nel centro cittadino di Belluno, un festoso e prolungato suono di campane a festa, provenienti dal campanile dello Juvarra, ha rotto il\" \/>\n<meta property=\"og:url\" content=\"https:\/\/www.diocesitn.it\/seminario\/2024\/05\/29\/lordinazione-presbiterale-di-don-andrea-canal-nella-cattedrale-di-belluno\/\" \/>\n<meta property=\"og:site_name\" content=\"Seminario Maggiore Arcivescovile\" \/>\n<meta property=\"article:publisher\" content=\"https:\/\/www.facebook.com\/seminariotrento\/\" \/>\n<meta property=\"article:published_time\" content=\"2024-05-29T14:51:07+00:00\" \/>\n<meta property=\"article:modified_time\" content=\"2024-05-29T14:53:52+00:00\" \/>\n<meta property=\"og:image\" content=\"https:\/\/www.diocesitn.it\/seminario\/wp-content\/uploads\/sites\/41\/2024\/05\/IMG_8760-2-scaled.jpg\" \/>\n\t<meta property=\"og:image:width\" content=\"2560\" \/>\n\t<meta property=\"og:image:height\" content=\"1920\" \/>\n\t<meta property=\"og:image:type\" content=\"image\/jpeg\" \/>\n<meta name=\"author\" content=\"seminaristitrento\" \/>\n<meta name=\"twitter:card\" content=\"summary_large_image\" \/>\n<meta name=\"twitter:label1\" content=\"Scritto da\" \/>\n\t<meta name=\"twitter:data1\" content=\"seminaristitrento\" \/>\n\t<meta name=\"twitter:label2\" content=\"Tempo di lettura stimato\" \/>\n\t<meta name=\"twitter:data2\" content=\"5 minuti\" \/>\n<script type=\"application\/ld+json\" class=\"yoast-schema-graph\">{\"@context\":\"https:\/\/schema.org\",\"@graph\":[{\"@type\":\"WebPage\",\"@id\":\"https:\/\/www.diocesitn.it\/seminario\/2024\/05\/29\/lordinazione-presbiterale-di-don-andrea-canal-nella-cattedrale-di-belluno\/\",\"url\":\"https:\/\/www.diocesitn.it\/seminario\/2024\/05\/29\/lordinazione-presbiterale-di-don-andrea-canal-nella-cattedrale-di-belluno\/\",\"name\":\"L\u2019ordinazione presbiterale di don Andrea Canal nella Cattedrale di Belluno - Seminario Maggiore Arcivescovile\",\"isPartOf\":{\"@id\":\"https:\/\/www.diocesitn.it\/seminario\/#website\"},\"primaryImageOfPage\":{\"@id\":\"https:\/\/www.diocesitn.it\/seminario\/2024\/05\/29\/lordinazione-presbiterale-di-don-andrea-canal-nella-cattedrale-di-belluno\/#primaryimage\"},\"image\":{\"@id\":\"https:\/\/www.diocesitn.it\/seminario\/2024\/05\/29\/lordinazione-presbiterale-di-don-andrea-canal-nella-cattedrale-di-belluno\/#primaryimage\"},\"thumbnailUrl\":\"https:\/\/www.diocesitn.it\/seminario\/wp-content\/uploads\/sites\/41\/2024\/05\/IMG_8760-2-scaled.jpg\",\"datePublished\":\"2024-05-29T14:51:07+00:00\",\"dateModified\":\"2024-05-29T14:53:52+00:00\",\"author\":{\"@id\":\"https:\/\/www.diocesitn.it\/seminario\/#\/schema\/person\/fe751b4cf044b25d6ad3f1991d9b6d54\"},\"breadcrumb\":{\"@id\":\"https:\/\/www.diocesitn.it\/seminario\/2024\/05\/29\/lordinazione-presbiterale-di-don-andrea-canal-nella-cattedrale-di-belluno\/#breadcrumb\"},\"inLanguage\":\"it-IT\",\"potentialAction\":[{\"@type\":\"ReadAction\",\"target\":[\"https:\/\/www.diocesitn.it\/seminario\/2024\/05\/29\/lordinazione-presbiterale-di-don-andrea-canal-nella-cattedrale-di-belluno\/\"]}]},{\"@type\":\"ImageObject\",\"inLanguage\":\"it-IT\",\"@id\":\"https:\/\/www.diocesitn.it\/seminario\/2024\/05\/29\/lordinazione-presbiterale-di-don-andrea-canal-nella-cattedrale-di-belluno\/#primaryimage\",\"url\":\"https:\/\/www.diocesitn.it\/seminario\/wp-content\/uploads\/sites\/41\/2024\/05\/IMG_8760-2-scaled.jpg\",\"contentUrl\":\"https:\/\/www.diocesitn.it\/seminario\/wp-content\/uploads\/sites\/41\/2024\/05\/IMG_8760-2-scaled.jpg\",\"width\":2560,\"height\":1920},{\"@type\":\"BreadcrumbList\",\"@id\":\"https:\/\/www.diocesitn.it\/seminario\/2024\/05\/29\/lordinazione-presbiterale-di-don-andrea-canal-nella-cattedrale-di-belluno\/#breadcrumb\",\"itemListElement\":[{\"@type\":\"ListItem\",\"position\":1,\"name\":\"Home\",\"item\":\"https:\/\/www.diocesitn.it\/seminario\/\"},{\"@type\":\"ListItem\",\"position\":2,\"name\":\"L\u2019ordinazione presbiterale di don Andrea Canal nella Cattedrale di Belluno\"}]},{\"@type\":\"WebSite\",\"@id\":\"https:\/\/www.diocesitn.it\/seminario\/#website\",\"url\":\"https:\/\/www.diocesitn.it\/seminario\/\",\"name\":\"Seminario Maggiore Arcivescovile\",\"description\":\"Chiesa di Trento\",\"potentialAction\":[{\"@type\":\"SearchAction\",\"target\":{\"@type\":\"EntryPoint\",\"urlTemplate\":\"https:\/\/www.diocesitn.it\/seminario\/?s={search_term_string}\"},\"query-input\":\"required name=search_term_string\"}],\"inLanguage\":\"it-IT\"},{\"@type\":\"ImageObject\",\"inLanguage\":\"it-IT\",\"@id\":\"https:\/\/www.diocesitn.it\/seminario\/2024\/05\/29\/lordinazione-presbiterale-di-don-andrea-canal-nella-cattedrale-di-belluno\/#local-main-organization-logo\",\"url\":\"\",\"contentUrl\":\"\",\"caption\":\"Seminario Maggiore Arcivescovile - Chiesa di Trento\"}]}<\/script>\n<!-- \/ Yoast SEO Premium plugin. -->","yoast_head_json":{"title":"L\u2019ordinazione presbiterale di don Andrea Canal nella Cattedrale di Belluno - Seminario Maggiore Arcivescovile","robots":{"index":"index","follow":"follow","max-snippet":"max-snippet:-1","max-image-preview":"max-image-preview:large","max-video-preview":"max-video-preview:-1"},"canonical":"https:\/\/www.diocesitn.it\/seminario\/2024\/05\/29\/lordinazione-presbiterale-di-don-andrea-canal-nella-cattedrale-di-belluno\/","og_locale":"it_IT","og_type":"article","og_title":"L\u2019ordinazione presbiterale di don Andrea Canal nella Cattedrale di Belluno","og_description":"Alle 10 di sabato 4 maggio, nella plumbea e sonnacchiosa mattinata di mercato nel centro cittadino di Belluno, un festoso e prolungato suono di campane a festa, provenienti dal campanile dello Juvarra, ha rotto il","og_url":"https:\/\/www.diocesitn.it\/seminario\/2024\/05\/29\/lordinazione-presbiterale-di-don-andrea-canal-nella-cattedrale-di-belluno\/","og_site_name":"Seminario Maggiore Arcivescovile","article_publisher":"https:\/\/www.facebook.com\/seminariotrento\/","article_published_time":"2024-05-29T14:51:07+00:00","article_modified_time":"2024-05-29T14:53:52+00:00","og_image":[{"width":2560,"height":1920,"url":"https:\/\/www.diocesitn.it\/seminario\/wp-content\/uploads\/sites\/41\/2024\/05\/IMG_8760-2-scaled.jpg","type":"image\/jpeg"}],"author":"seminaristitrento","twitter_card":"summary_large_image","twitter_misc":{"Scritto da":"seminaristitrento","Tempo di lettura stimato":"5 minuti"},"schema":{"@context":"https:\/\/schema.org","@graph":[{"@type":"WebPage","@id":"https:\/\/www.diocesitn.it\/seminario\/2024\/05\/29\/lordinazione-presbiterale-di-don-andrea-canal-nella-cattedrale-di-belluno\/","url":"https:\/\/www.diocesitn.it\/seminario\/2024\/05\/29\/lordinazione-presbiterale-di-don-andrea-canal-nella-cattedrale-di-belluno\/","name":"L\u2019ordinazione presbiterale di don Andrea Canal nella Cattedrale di Belluno - Seminario Maggiore Arcivescovile","isPartOf":{"@id":"https:\/\/www.diocesitn.it\/seminario\/#website"},"primaryImageOfPage":{"@id":"https:\/\/www.diocesitn.it\/seminario\/2024\/05\/29\/lordinazione-presbiterale-di-don-andrea-canal-nella-cattedrale-di-belluno\/#primaryimage"},"image":{"@id":"https:\/\/www.diocesitn.it\/seminario\/2024\/05\/29\/lordinazione-presbiterale-di-don-andrea-canal-nella-cattedrale-di-belluno\/#primaryimage"},"thumbnailUrl":"https:\/\/www.diocesitn.it\/seminario\/wp-content\/uploads\/sites\/41\/2024\/05\/IMG_8760-2-scaled.jpg","datePublished":"2024-05-29T14:51:07+00:00","dateModified":"2024-05-29T14:53:52+00:00","author":{"@id":"https:\/\/www.diocesitn.it\/seminario\/#\/schema\/person\/fe751b4cf044b25d6ad3f1991d9b6d54"},"breadcrumb":{"@id":"https:\/\/www.diocesitn.it\/seminario\/2024\/05\/29\/lordinazione-presbiterale-di-don-andrea-canal-nella-cattedrale-di-belluno\/#breadcrumb"},"inLanguage":"it-IT","potentialAction":[{"@type":"ReadAction","target":["https:\/\/www.diocesitn.it\/seminario\/2024\/05\/29\/lordinazione-presbiterale-di-don-andrea-canal-nella-cattedrale-di-belluno\/"]}]},{"@type":"ImageObject","inLanguage":"it-IT","@id":"https:\/\/www.diocesitn.it\/seminario\/2024\/05\/29\/lordinazione-presbiterale-di-don-andrea-canal-nella-cattedrale-di-belluno\/#primaryimage","url":"https:\/\/www.diocesitn.it\/seminario\/wp-content\/uploads\/sites\/41\/2024\/05\/IMG_8760-2-scaled.jpg","contentUrl":"https:\/\/www.diocesitn.it\/seminario\/wp-content\/uploads\/sites\/41\/2024\/05\/IMG_8760-2-scaled.jpg","width":2560,"height":1920},{"@type":"BreadcrumbList","@id":"https:\/\/www.diocesitn.it\/seminario\/2024\/05\/29\/lordinazione-presbiterale-di-don-andrea-canal-nella-cattedrale-di-belluno\/#breadcrumb","itemListElement":[{"@type":"ListItem","position":1,"name":"Home","item":"https:\/\/www.diocesitn.it\/seminario\/"},{"@type":"ListItem","position":2,"name":"L\u2019ordinazione presbiterale di don Andrea Canal nella Cattedrale di Belluno"}]},{"@type":"WebSite","@id":"https:\/\/www.diocesitn.it\/seminario\/#website","url":"https:\/\/www.diocesitn.it\/seminario\/","name":"Seminario Maggiore Arcivescovile","description":"Chiesa di Trento","potentialAction":[{"@type":"SearchAction","target":{"@type":"EntryPoint","urlTemplate":"https:\/\/www.diocesitn.it\/seminario\/?s={search_term_string}"},"query-input":"required name=search_term_string"}],"inLanguage":"it-IT"},{"@type":"ImageObject","inLanguage":"it-IT","@id":"https:\/\/www.diocesitn.it\/seminario\/2024\/05\/29\/lordinazione-presbiterale-di-don-andrea-canal-nella-cattedrale-di-belluno\/#local-main-organization-logo","url":"","contentUrl":"","caption":"Seminario Maggiore Arcivescovile - Chiesa di Trento"}]}},"_links":{"self":[{"href":"https:\/\/www.diocesitn.it\/seminario\/wp-json\/wp\/v2\/posts\/949","targetHints":{"allow":["GET"]}}],"collection":[{"href":"https:\/\/www.diocesitn.it\/seminario\/wp-json\/wp\/v2\/posts"}],"about":[{"href":"https:\/\/www.diocesitn.it\/seminario\/wp-json\/wp\/v2\/types\/post"}],"author":[{"embeddable":true,"href":"https:\/\/www.diocesitn.it\/seminario\/wp-json\/wp\/v2\/users\/172"}],"replies":[{"embeddable":true,"href":"https:\/\/www.diocesitn.it\/seminario\/wp-json\/wp\/v2\/comments?post=949"}],"version-history":[{"count":3,"href":"https:\/\/www.diocesitn.it\/seminario\/wp-json\/wp\/v2\/posts\/949\/revisions"}],"predecessor-version":[{"id":956,"href":"https:\/\/www.diocesitn.it\/seminario\/wp-json\/wp\/v2\/posts\/949\/revisions\/956"}],"wp:featuredmedia":[{"embeddable":true,"href":"https:\/\/www.diocesitn.it\/seminario\/wp-json\/wp\/v2\/media\/955"}],"wp:attachment":[{"href":"https:\/\/www.diocesitn.it\/seminario\/wp-json\/wp\/v2\/media?parent=949"}],"wp:term":[{"taxonomy":"category","embeddable":true,"href":"https:\/\/www.diocesitn.it\/seminario\/wp-json\/wp\/v2\/categories?post=949"},{"taxonomy":"post_tag","embeddable":true,"href":"https:\/\/www.diocesitn.it\/seminario\/wp-json\/wp\/v2\/tags?post=949"}],"curies":[{"name":"wp","href":"https:\/\/api.w.org\/{rel}","templated":true}]}}