{"id":945,"date":"2024-05-29T16:45:51","date_gmt":"2024-05-29T14:45:51","guid":{"rendered":"https:\/\/www.diocesitn.it\/seminario\/?p=945"},"modified":"2024-05-29T16:45:51","modified_gmt":"2024-05-29T14:45:51","slug":"esperienza-a-senigallia-la-gioia-dellincontro","status":"publish","type":"post","link":"https:\/\/www.diocesitn.it\/seminario\/2024\/05\/29\/esperienza-a-senigallia-la-gioia-dellincontro\/","title":{"rendered":"Esperienza a Senigallia: La gioia dell&#8217;incontro"},"content":{"rendered":"<p>Il Seminario \u00e8 un luogo dove impariamo a crescere nella fede, approfondire il nostro cammino umano e di studio per maturare la scelta di essere persone disponibili a stare con la gente e con il Signore. Sono al sesto anno e dopo i cinque anni di studio, vita comune in Seminario e parrocchia, quest\u2019anno sono nella diocesi di Senigallia per fare una esperienza di servizio fuori dal Trentino.<br \/>\nVorrei racchiudere attorno a tre parole quello che sto vivendo qui: condivisione, attenzione e fraternit\u00e0. Una delle attivit\u00e0 nella quale sono inserito \u00e8 la pastorale giovanile, luogo ricco ed energico. Uno degli obiettivi che ha \u00e8 quello di trasmettere la bellezza e la freschezza del Vangelo attraverso il creare relazioni belle, dove ci si sente accolti, amati e cercati. Il Vangelo non passa attraverso incontri o grandi eventi, ma dalla condivisione delle proprie vite. \u00c8 proprio quello che accade al Punto Giovane, dove ogni mese 10 giovani (5 ragazzi e 5 ragazze) assieme a un prete condividono la propria quotidianit\u00e0. Si entra da sconosciuti (o quasi) e si esce profondamente grati al Signore per le nuove amicizie. Perch\u00e9 la Chiesa \u00e8 cos\u00ec: un gruppo di persone che desidera vivere assieme la gioia dell\u2019incontro con il Signore che rende nuovo e bello tutto ci\u00f2 che tocca.<br \/>\nIl secondo servizio che svolgo \u00e8 nella cooperativa sociale Undicesimaora, il \u201cbraccio operativo\u201d della Caritas diocesana. Una delle finalit\u00e0 \u00e8 aiutare chi \u00e8 nel bisogno e ridare dignit\u00e0 a chi \u00e8 ai margini della societ\u00e0, soprattutto coloro che sono senza lavoro. Purtroppo non tutte le persone vengono assunte, c\u2019\u00e8 una fetta di esse che \u00e8 scartata perch\u00e9 viene considerata \u201cnon produttiva\u201d per il mondo dell\u2019impiego.<br \/>\nInfine la fraternit\u00e0, cuore della vita cristiana. \u00c8 sul terreno delle relazioni fraterne vissute in Cristo che si germoglia, cresce e matura come persone autenticamente umane. \u00c8 quello che sto sperimentando in questo luogo, che hanno sperimentato i primi discepoli del Risorto ma, in realt\u00e0, \u00e8 quello che desidera il cuore di ogni uomo e donna e che, per noi battezzati, si realizza nell\u2019appartenenza ad una comunit\u00e0.<br \/>\nDesiderare una vita comune, fatta di incontri quotidiani, vissuta nella condivisione di ci\u00f2 che si \u00e8 e di ci\u00f2 che si ama e l\u2019attenzione ai pi\u00f9 deboli \u00e8 quello che sto imparando a vivere ed \u00e8 quello che mi piacerebbe accadesse ovunque.<\/p>\n<p>Filippo Zanetti<\/p>\n<p>&nbsp;<\/p>\n<p><img loading=\"lazy\" decoding=\"async\" class=\"alignnone wp-image-946 size-large\" src=\"https:\/\/www.diocesitn.it\/seminario\/wp-content\/uploads\/sites\/41\/2024\/05\/pag6-7_Senigallia_Foto3-768x1024.jpeg\" alt=\"\" width=\"768\" height=\"1024\" srcset=\"https:\/\/www.diocesitn.it\/seminario\/wp-content\/uploads\/sites\/41\/2024\/05\/pag6-7_Senigallia_Foto3-768x1024.jpeg 768w, https:\/\/www.diocesitn.it\/seminario\/wp-content\/uploads\/sites\/41\/2024\/05\/pag6-7_Senigallia_Foto3-225x300.jpeg 225w, https:\/\/www.diocesitn.it\/seminario\/wp-content\/uploads\/sites\/41\/2024\/05\/pag6-7_Senigallia_Foto3-210x280.jpeg 210w, https:\/\/www.diocesitn.it\/seminario\/wp-content\/uploads\/sites\/41\/2024\/05\/pag6-7_Senigallia_Foto3-576x768.jpeg 576w, https:\/\/www.diocesitn.it\/seminario\/wp-content\/uploads\/sites\/41\/2024\/05\/pag6-7_Senigallia_Foto3-1152x1536.jpeg 1152w, https:\/\/www.diocesitn.it\/seminario\/wp-content\/uploads\/sites\/41\/2024\/05\/pag6-7_Senigallia_Foto3-800x1067.jpeg 800w, https:\/\/www.diocesitn.it\/seminario\/wp-content\/uploads\/sites\/41\/2024\/05\/pag6-7_Senigallia_Foto3-1200x1600.jpeg 1200w, https:\/\/www.diocesitn.it\/seminario\/wp-content\/uploads\/sites\/41\/2024\/05\/pag6-7_Senigallia_Foto3.jpeg 1536w\" sizes=\"auto, (max-width: 768px) 100vw, 768px\" \/><\/p>\n","protected":false},"excerpt":{"rendered":"<p>Il Seminario \u00e8 un luogo dove impariamo a crescere nella fede, approfondire il nostro cammino umano e di studio per maturare la scelta di essere persone disponibili a stare con la gente e con il<\/p>\n","protected":false},"author":172,"featured_media":947,"comment_status":"closed","ping_status":"closed","sticky":false,"template":"","format":"standard","meta":{"footnotes":""},"categories":[176],"tags":[],"class_list":["post-945","post","type-post","status-publish","format-standard","has-post-thumbnail","hentry","category-notizie"],"acf":{"seed-localization-paese-cod":"IT","seed-localization-address":"","seed-localization-citta":"Trento","seed-localization-regione-cod-istat":"04","seed-localization-citta-cod-istat":"022205","seed-localization-localita":"","seed-localization-cap":"","seed-localization-marker-visibility":false,"seed-localization-children-visibility":false,"seed-localization-kml":"","seed-localization-custom-marker":""},"yoast_head":"<!-- This site is optimized with the Yoast SEO Premium plugin v20.2.1 (Yoast SEO v22.2) - https:\/\/yoast.com\/wordpress\/plugins\/seo\/ -->\n<title>Esperienza a Senigallia: La gioia dell&#039;incontro - Seminario Maggiore Arcivescovile<\/title>\n<meta name=\"robots\" content=\"index, follow, max-snippet:-1, max-image-preview:large, max-video-preview:-1\" \/>\n<link rel=\"canonical\" href=\"https:\/\/www.diocesitn.it\/seminario\/2024\/05\/29\/esperienza-a-senigallia-la-gioia-dellincontro\/\" \/>\n<meta property=\"og:locale\" content=\"it_IT\" \/>\n<meta property=\"og:type\" content=\"article\" \/>\n<meta property=\"og:title\" content=\"Esperienza a Senigallia: La gioia dell&#039;incontro\" \/>\n<meta property=\"og:description\" content=\"Il Seminario \u00e8 un luogo dove impariamo a crescere nella fede, approfondire il nostro cammino umano e di studio per maturare la scelta di essere persone disponibili a stare con la gente e con il\" \/>\n<meta property=\"og:url\" content=\"https:\/\/www.diocesitn.it\/seminario\/2024\/05\/29\/esperienza-a-senigallia-la-gioia-dellincontro\/\" \/>\n<meta property=\"og:site_name\" content=\"Seminario Maggiore Arcivescovile\" \/>\n<meta property=\"article:publisher\" content=\"https:\/\/www.facebook.com\/seminariotrento\/\" \/>\n<meta property=\"article:published_time\" content=\"2024-05-29T14:45:51+00:00\" \/>\n<meta property=\"og:image\" content=\"https:\/\/www.diocesitn.it\/seminario\/wp-content\/uploads\/sites\/41\/2024\/05\/pag6-7_Senigallia_Foto1.jpeg\" \/>\n\t<meta property=\"og:image:width\" content=\"1333\" \/>\n\t<meta property=\"og:image:height\" content=\"1000\" \/>\n\t<meta property=\"og:image:type\" content=\"image\/jpeg\" \/>\n<meta name=\"author\" content=\"seminaristitrento\" \/>\n<meta name=\"twitter:card\" content=\"summary_large_image\" \/>\n<meta name=\"twitter:label1\" content=\"Scritto da\" \/>\n\t<meta name=\"twitter:data1\" content=\"seminaristitrento\" \/>\n\t<meta name=\"twitter:label2\" content=\"Tempo di lettura stimato\" \/>\n\t<meta name=\"twitter:data2\" content=\"3 minuti\" \/>\n<script type=\"application\/ld+json\" class=\"yoast-schema-graph\">{\"@context\":\"https:\/\/schema.org\",\"@graph\":[{\"@type\":\"WebPage\",\"@id\":\"https:\/\/www.diocesitn.it\/seminario\/2024\/05\/29\/esperienza-a-senigallia-la-gioia-dellincontro\/\",\"url\":\"https:\/\/www.diocesitn.it\/seminario\/2024\/05\/29\/esperienza-a-senigallia-la-gioia-dellincontro\/\",\"name\":\"Esperienza a Senigallia: La gioia dell'incontro - Seminario Maggiore Arcivescovile\",\"isPartOf\":{\"@id\":\"https:\/\/www.diocesitn.it\/seminario\/#website\"},\"primaryImageOfPage\":{\"@id\":\"https:\/\/www.diocesitn.it\/seminario\/2024\/05\/29\/esperienza-a-senigallia-la-gioia-dellincontro\/#primaryimage\"},\"image\":{\"@id\":\"https:\/\/www.diocesitn.it\/seminario\/2024\/05\/29\/esperienza-a-senigallia-la-gioia-dellincontro\/#primaryimage\"},\"thumbnailUrl\":\"https:\/\/www.diocesitn.it\/seminario\/wp-content\/uploads\/sites\/41\/2024\/05\/pag6-7_Senigallia_Foto1.jpeg\",\"datePublished\":\"2024-05-29T14:45:51+00:00\",\"dateModified\":\"2024-05-29T14:45:51+00:00\",\"author\":{\"@id\":\"https:\/\/www.diocesitn.it\/seminario\/#\/schema\/person\/fe751b4cf044b25d6ad3f1991d9b6d54\"},\"breadcrumb\":{\"@id\":\"https:\/\/www.diocesitn.it\/seminario\/2024\/05\/29\/esperienza-a-senigallia-la-gioia-dellincontro\/#breadcrumb\"},\"inLanguage\":\"it-IT\",\"potentialAction\":[{\"@type\":\"ReadAction\",\"target\":[\"https:\/\/www.diocesitn.it\/seminario\/2024\/05\/29\/esperienza-a-senigallia-la-gioia-dellincontro\/\"]}]},{\"@type\":\"ImageObject\",\"inLanguage\":\"it-IT\",\"@id\":\"https:\/\/www.diocesitn.it\/seminario\/2024\/05\/29\/esperienza-a-senigallia-la-gioia-dellincontro\/#primaryimage\",\"url\":\"https:\/\/www.diocesitn.it\/seminario\/wp-content\/uploads\/sites\/41\/2024\/05\/pag6-7_Senigallia_Foto1.jpeg\",\"contentUrl\":\"https:\/\/www.diocesitn.it\/seminario\/wp-content\/uploads\/sites\/41\/2024\/05\/pag6-7_Senigallia_Foto1.jpeg\",\"width\":1333,\"height\":1000},{\"@type\":\"BreadcrumbList\",\"@id\":\"https:\/\/www.diocesitn.it\/seminario\/2024\/05\/29\/esperienza-a-senigallia-la-gioia-dellincontro\/#breadcrumb\",\"itemListElement\":[{\"@type\":\"ListItem\",\"position\":1,\"name\":\"Home\",\"item\":\"https:\/\/www.diocesitn.it\/seminario\/\"},{\"@type\":\"ListItem\",\"position\":2,\"name\":\"Esperienza a Senigallia: La gioia dell&#8217;incontro\"}]},{\"@type\":\"WebSite\",\"@id\":\"https:\/\/www.diocesitn.it\/seminario\/#website\",\"url\":\"https:\/\/www.diocesitn.it\/seminario\/\",\"name\":\"Seminario Maggiore Arcivescovile\",\"description\":\"Chiesa di Trento\",\"potentialAction\":[{\"@type\":\"SearchAction\",\"target\":{\"@type\":\"EntryPoint\",\"urlTemplate\":\"https:\/\/www.diocesitn.it\/seminario\/?s={search_term_string}\"},\"query-input\":\"required name=search_term_string\"}],\"inLanguage\":\"it-IT\"},{\"@type\":\"ImageObject\",\"inLanguage\":\"it-IT\",\"@id\":\"https:\/\/www.diocesitn.it\/seminario\/2024\/05\/29\/esperienza-a-senigallia-la-gioia-dellincontro\/#local-main-organization-logo\",\"url\":\"\",\"contentUrl\":\"\",\"caption\":\"Seminario Maggiore Arcivescovile - Chiesa di Trento\"}]}<\/script>\n<!-- \/ Yoast SEO Premium plugin. -->","yoast_head_json":{"title":"Esperienza a Senigallia: La gioia dell'incontro - Seminario Maggiore Arcivescovile","robots":{"index":"index","follow":"follow","max-snippet":"max-snippet:-1","max-image-preview":"max-image-preview:large","max-video-preview":"max-video-preview:-1"},"canonical":"https:\/\/www.diocesitn.it\/seminario\/2024\/05\/29\/esperienza-a-senigallia-la-gioia-dellincontro\/","og_locale":"it_IT","og_type":"article","og_title":"Esperienza a Senigallia: La gioia dell'incontro","og_description":"Il Seminario \u00e8 un luogo dove impariamo a crescere nella fede, approfondire il nostro cammino umano e di studio per maturare la scelta di essere persone disponibili a stare con la gente e con il","og_url":"https:\/\/www.diocesitn.it\/seminario\/2024\/05\/29\/esperienza-a-senigallia-la-gioia-dellincontro\/","og_site_name":"Seminario Maggiore Arcivescovile","article_publisher":"https:\/\/www.facebook.com\/seminariotrento\/","article_published_time":"2024-05-29T14:45:51+00:00","og_image":[{"width":1333,"height":1000,"url":"https:\/\/www.diocesitn.it\/seminario\/wp-content\/uploads\/sites\/41\/2024\/05\/pag6-7_Senigallia_Foto1.jpeg","type":"image\/jpeg"}],"author":"seminaristitrento","twitter_card":"summary_large_image","twitter_misc":{"Scritto da":"seminaristitrento","Tempo di lettura stimato":"3 minuti"},"schema":{"@context":"https:\/\/schema.org","@graph":[{"@type":"WebPage","@id":"https:\/\/www.diocesitn.it\/seminario\/2024\/05\/29\/esperienza-a-senigallia-la-gioia-dellincontro\/","url":"https:\/\/www.diocesitn.it\/seminario\/2024\/05\/29\/esperienza-a-senigallia-la-gioia-dellincontro\/","name":"Esperienza a Senigallia: La gioia dell'incontro - Seminario Maggiore Arcivescovile","isPartOf":{"@id":"https:\/\/www.diocesitn.it\/seminario\/#website"},"primaryImageOfPage":{"@id":"https:\/\/www.diocesitn.it\/seminario\/2024\/05\/29\/esperienza-a-senigallia-la-gioia-dellincontro\/#primaryimage"},"image":{"@id":"https:\/\/www.diocesitn.it\/seminario\/2024\/05\/29\/esperienza-a-senigallia-la-gioia-dellincontro\/#primaryimage"},"thumbnailUrl":"https:\/\/www.diocesitn.it\/seminario\/wp-content\/uploads\/sites\/41\/2024\/05\/pag6-7_Senigallia_Foto1.jpeg","datePublished":"2024-05-29T14:45:51+00:00","dateModified":"2024-05-29T14:45:51+00:00","author":{"@id":"https:\/\/www.diocesitn.it\/seminario\/#\/schema\/person\/fe751b4cf044b25d6ad3f1991d9b6d54"},"breadcrumb":{"@id":"https:\/\/www.diocesitn.it\/seminario\/2024\/05\/29\/esperienza-a-senigallia-la-gioia-dellincontro\/#breadcrumb"},"inLanguage":"it-IT","potentialAction":[{"@type":"ReadAction","target":["https:\/\/www.diocesitn.it\/seminario\/2024\/05\/29\/esperienza-a-senigallia-la-gioia-dellincontro\/"]}]},{"@type":"ImageObject","inLanguage":"it-IT","@id":"https:\/\/www.diocesitn.it\/seminario\/2024\/05\/29\/esperienza-a-senigallia-la-gioia-dellincontro\/#primaryimage","url":"https:\/\/www.diocesitn.it\/seminario\/wp-content\/uploads\/sites\/41\/2024\/05\/pag6-7_Senigallia_Foto1.jpeg","contentUrl":"https:\/\/www.diocesitn.it\/seminario\/wp-content\/uploads\/sites\/41\/2024\/05\/pag6-7_Senigallia_Foto1.jpeg","width":1333,"height":1000},{"@type":"BreadcrumbList","@id":"https:\/\/www.diocesitn.it\/seminario\/2024\/05\/29\/esperienza-a-senigallia-la-gioia-dellincontro\/#breadcrumb","itemListElement":[{"@type":"ListItem","position":1,"name":"Home","item":"https:\/\/www.diocesitn.it\/seminario\/"},{"@type":"ListItem","position":2,"name":"Esperienza a Senigallia: La gioia dell&#8217;incontro"}]},{"@type":"WebSite","@id":"https:\/\/www.diocesitn.it\/seminario\/#website","url":"https:\/\/www.diocesitn.it\/seminario\/","name":"Seminario Maggiore Arcivescovile","description":"Chiesa di Trento","potentialAction":[{"@type":"SearchAction","target":{"@type":"EntryPoint","urlTemplate":"https:\/\/www.diocesitn.it\/seminario\/?s={search_term_string}"},"query-input":"required name=search_term_string"}],"inLanguage":"it-IT"},{"@type":"ImageObject","inLanguage":"it-IT","@id":"https:\/\/www.diocesitn.it\/seminario\/2024\/05\/29\/esperienza-a-senigallia-la-gioia-dellincontro\/#local-main-organization-logo","url":"","contentUrl":"","caption":"Seminario Maggiore Arcivescovile - Chiesa di Trento"}]}},"_links":{"self":[{"href":"https:\/\/www.diocesitn.it\/seminario\/wp-json\/wp\/v2\/posts\/945","targetHints":{"allow":["GET"]}}],"collection":[{"href":"https:\/\/www.diocesitn.it\/seminario\/wp-json\/wp\/v2\/posts"}],"about":[{"href":"https:\/\/www.diocesitn.it\/seminario\/wp-json\/wp\/v2\/types\/post"}],"author":[{"embeddable":true,"href":"https:\/\/www.diocesitn.it\/seminario\/wp-json\/wp\/v2\/users\/172"}],"replies":[{"embeddable":true,"href":"https:\/\/www.diocesitn.it\/seminario\/wp-json\/wp\/v2\/comments?post=945"}],"version-history":[{"count":1,"href":"https:\/\/www.diocesitn.it\/seminario\/wp-json\/wp\/v2\/posts\/945\/revisions"}],"predecessor-version":[{"id":948,"href":"https:\/\/www.diocesitn.it\/seminario\/wp-json\/wp\/v2\/posts\/945\/revisions\/948"}],"wp:featuredmedia":[{"embeddable":true,"href":"https:\/\/www.diocesitn.it\/seminario\/wp-json\/wp\/v2\/media\/947"}],"wp:attachment":[{"href":"https:\/\/www.diocesitn.it\/seminario\/wp-json\/wp\/v2\/media?parent=945"}],"wp:term":[{"taxonomy":"category","embeddable":true,"href":"https:\/\/www.diocesitn.it\/seminario\/wp-json\/wp\/v2\/categories?post=945"},{"taxonomy":"post_tag","embeddable":true,"href":"https:\/\/www.diocesitn.it\/seminario\/wp-json\/wp\/v2\/tags?post=945"}],"curies":[{"name":"wp","href":"https:\/\/api.w.org\/{rel}","templated":true}]}}