{"id":939,"date":"2024-05-29T16:41:38","date_gmt":"2024-05-29T14:41:38","guid":{"rendered":"https:\/\/www.diocesitn.it\/seminario\/?p=939"},"modified":"2024-05-29T16:41:52","modified_gmt":"2024-05-29T14:41:52","slug":"piu-siamo-meglio-e","status":"publish","type":"post","link":"https:\/\/www.diocesitn.it\/seminario\/2024\/05\/29\/piu-siamo-meglio-e\/","title":{"rendered":"Pi\u00f9 siamo, meglio \u00e8"},"content":{"rendered":"<p>Per chi non lo sapesse, nell\u2019immensa struttura del Seminario in cui viviamo si trovano due zone comunitarie, una nel secondo piano nell\u2019ala nord e una al terzo piano nell\u2019ala sud. In questi due ambienti vengono accolti molti gruppi (di giovani) provenienti da varie parti delle zone limitrofe alla citt\u00e0 di Trento e non solo. Per noi \u00e8 un\u2019opportunit\u00e0 di avere qualcun altro in casa, di rendere viva la grande struttura spesso vuota che abitiamo. \u00c8 bello infatti poter vedere e incontrare e fare qualche chiacchiera con i ragazzi che decidono di partecipare alle settimane comunitarie. Questo anche perch\u00e9 permette al Seminario e alla comunit\u00e0 che vive al suo interno di essere veramente un luogo di relazione, un luogo che altrimenti sarebbe, o potrebbe essere, un luogo chiuso su se stesso, dove la novit\u00e0 difficilmente entra.<br \/>\nQueste zone sono auto-gestite, ci\u00f2 significa che i giovani che ci entrano sanno che poi dovranno fare tutto quanto quello che fanno nella vita normale, quindi andare a scuola, ad allenamenti vari, preparare i pasti, pulire, studiare, ecc\u2026 ma il bello \u00e8 che tutto questo pu\u00f2 essere fatto insieme!<br \/>\nPoi in queste esperienze di vita intensa molti animatori delineano un percorso di riflessione da dipanare per tutta la settimana e che accompagna anche i ragazzi nel pensare alla fede o alla propria vita. Ed \u00e8 proprio qui che abbiamo, noi seminaristi, spesso la possibilit\u00e0 di inserirci. Infatti, molti gruppi chiedono una nostra testimonianza e vi assicuro che questa \u00e8 un\u2019occasione particolarmente preziosa per noi, perch\u00e9 ci d\u00e0 la possibilit\u00e0 di riprendere in mano la nostra scelta e sottoporla a interrogativi nuovi, grazie anche alle domande che ci vengono poste. Inoltre, poter ricordare le motivazioni e i sentimenti iniziali che ci hanno portato ad intraprendere la strada in Seminario credo faccia molto bene anche per continuare a riscoprirsi e per far memoria di quel Dio che ci ha accompagnato e che continua a farlo giorno dopo giorno.<br \/>\nCi sono tante altre cose che potrei dire sulle zone comunitarie e sui gruppi che vi entrano che non sono state scritte in questo articolo per questioni di spazio. Ma queste sono state scritte per farvi capire quanto siano belle e importanti per noi.<\/p>\n<p>Sebastiano Spagnolli<\/p>\n<p>&nbsp;<\/p>\n<p><img loading=\"lazy\" decoding=\"async\" class=\"alignnone wp-image-942 size-large\" src=\"https:\/\/www.diocesitn.it\/seminario\/wp-content\/uploads\/sites\/41\/2024\/05\/pag6-7_Comunitarie_Foto3-768x1024.jpeg\" alt=\"\" width=\"768\" height=\"1024\" srcset=\"https:\/\/www.diocesitn.it\/seminario\/wp-content\/uploads\/sites\/41\/2024\/05\/pag6-7_Comunitarie_Foto3-768x1024.jpeg 768w, https:\/\/www.diocesitn.it\/seminario\/wp-content\/uploads\/sites\/41\/2024\/05\/pag6-7_Comunitarie_Foto3-225x300.jpeg 225w, https:\/\/www.diocesitn.it\/seminario\/wp-content\/uploads\/sites\/41\/2024\/05\/pag6-7_Comunitarie_Foto3-210x280.jpeg 210w, https:\/\/www.diocesitn.it\/seminario\/wp-content\/uploads\/sites\/41\/2024\/05\/pag6-7_Comunitarie_Foto3-576x768.jpeg 576w, https:\/\/www.diocesitn.it\/seminario\/wp-content\/uploads\/sites\/41\/2024\/05\/pag6-7_Comunitarie_Foto3-1152x1536.jpeg 1152w, https:\/\/www.diocesitn.it\/seminario\/wp-content\/uploads\/sites\/41\/2024\/05\/pag6-7_Comunitarie_Foto3-1536x2048.jpeg 1536w, https:\/\/www.diocesitn.it\/seminario\/wp-content\/uploads\/sites\/41\/2024\/05\/pag6-7_Comunitarie_Foto3-800x1067.jpeg 800w, https:\/\/www.diocesitn.it\/seminario\/wp-content\/uploads\/sites\/41\/2024\/05\/pag6-7_Comunitarie_Foto3-1200x1600.jpeg 1200w, https:\/\/www.diocesitn.it\/seminario\/wp-content\/uploads\/sites\/41\/2024\/05\/pag6-7_Comunitarie_Foto3-scaled.jpeg 1920w\" sizes=\"auto, (max-width: 768px) 100vw, 768px\" \/> \u00a0<img loading=\"lazy\" decoding=\"async\" class=\"alignnone wp-image-940 size-large\" src=\"https:\/\/www.diocesitn.it\/seminario\/wp-content\/uploads\/sites\/41\/2024\/05\/pag6-7_Comunitarie_Foto1-691x1024.jpeg\" alt=\"\" width=\"691\" height=\"1024\" srcset=\"https:\/\/www.diocesitn.it\/seminario\/wp-content\/uploads\/sites\/41\/2024\/05\/pag6-7_Comunitarie_Foto1-691x1024.jpeg 691w, https:\/\/www.diocesitn.it\/seminario\/wp-content\/uploads\/sites\/41\/2024\/05\/pag6-7_Comunitarie_Foto1-203x300.jpeg 203w, https:\/\/www.diocesitn.it\/seminario\/wp-content\/uploads\/sites\/41\/2024\/05\/pag6-7_Comunitarie_Foto1-768x1138.jpeg 768w, https:\/\/www.diocesitn.it\/seminario\/wp-content\/uploads\/sites\/41\/2024\/05\/pag6-7_Comunitarie_Foto1-189x280.jpeg 189w, https:\/\/www.diocesitn.it\/seminario\/wp-content\/uploads\/sites\/41\/2024\/05\/pag6-7_Comunitarie_Foto1-518x768.jpeg 518w, https:\/\/www.diocesitn.it\/seminario\/wp-content\/uploads\/sites\/41\/2024\/05\/pag6-7_Comunitarie_Foto1-1037x1536.jpeg 1037w, https:\/\/www.diocesitn.it\/seminario\/wp-content\/uploads\/sites\/41\/2024\/05\/pag6-7_Comunitarie_Foto1-1382x2048.jpeg 1382w, https:\/\/www.diocesitn.it\/seminario\/wp-content\/uploads\/sites\/41\/2024\/05\/pag6-7_Comunitarie_Foto1-800x1185.jpeg 800w, https:\/\/www.diocesitn.it\/seminario\/wp-content\/uploads\/sites\/41\/2024\/05\/pag6-7_Comunitarie_Foto1-1200x1778.jpeg 1200w, https:\/\/www.diocesitn.it\/seminario\/wp-content\/uploads\/sites\/41\/2024\/05\/pag6-7_Comunitarie_Foto1-scaled.jpeg 1728w\" sizes=\"auto, (max-width: 691px) 100vw, 691px\" \/><\/p>\n","protected":false},"excerpt":{"rendered":"<p>Per chi non lo sapesse, nell\u2019immensa struttura del Seminario in cui viviamo si trovano due zone comunitarie, una nel secondo piano nell\u2019ala nord e una al terzo piano nell\u2019ala sud. In questi due ambienti vengono<\/p>\n","protected":false},"author":172,"featured_media":943,"comment_status":"closed","ping_status":"closed","sticky":false,"template":"","format":"standard","meta":{"footnotes":""},"categories":[176],"tags":[],"class_list":["post-939","post","type-post","status-publish","format-standard","has-post-thumbnail","hentry","category-notizie"],"acf":{"seed-localization-paese-cod":"IT","seed-localization-address":"","seed-localization-citta":"Trento","seed-localization-regione-cod-istat":"04","seed-localization-citta-cod-istat":"022205","seed-localization-localita":"","seed-localization-cap":"","seed-localization-marker-visibility":false,"seed-localization-children-visibility":false,"seed-localization-kml":"","seed-localization-custom-marker":""},"yoast_head":"<!-- This site is optimized with the Yoast SEO Premium plugin v20.2.1 (Yoast SEO v22.2) - https:\/\/yoast.com\/wordpress\/plugins\/seo\/ -->\n<title>Pi\u00f9 siamo, meglio \u00e8 - Seminario Maggiore Arcivescovile<\/title>\n<meta name=\"robots\" content=\"index, follow, max-snippet:-1, max-image-preview:large, max-video-preview:-1\" \/>\n<link rel=\"canonical\" href=\"https:\/\/www.diocesitn.it\/seminario\/2024\/05\/29\/piu-siamo-meglio-e\/\" \/>\n<meta property=\"og:locale\" content=\"it_IT\" \/>\n<meta property=\"og:type\" content=\"article\" \/>\n<meta property=\"og:title\" content=\"Pi\u00f9 siamo, meglio \u00e8\" \/>\n<meta property=\"og:description\" content=\"Per chi non lo sapesse, nell\u2019immensa struttura del Seminario in cui viviamo si trovano due zone comunitarie, una nel secondo piano nell\u2019ala nord e una al terzo piano nell\u2019ala sud. In questi due ambienti vengono\" \/>\n<meta property=\"og:url\" content=\"https:\/\/www.diocesitn.it\/seminario\/2024\/05\/29\/piu-siamo-meglio-e\/\" \/>\n<meta property=\"og:site_name\" content=\"Seminario Maggiore Arcivescovile\" \/>\n<meta property=\"article:publisher\" content=\"https:\/\/www.facebook.com\/seminariotrento\/\" \/>\n<meta property=\"article:published_time\" content=\"2024-05-29T14:41:38+00:00\" \/>\n<meta property=\"article:modified_time\" content=\"2024-05-29T14:41:52+00:00\" \/>\n<meta property=\"og:image\" content=\"https:\/\/www.diocesitn.it\/seminario\/wp-content\/uploads\/sites\/41\/2024\/05\/pag6-7_Comunitarie_Foto2-scaled.jpg\" \/>\n\t<meta property=\"og:image:width\" content=\"2560\" \/>\n\t<meta property=\"og:image:height\" content=\"1440\" \/>\n\t<meta property=\"og:image:type\" content=\"image\/jpeg\" \/>\n<meta name=\"author\" content=\"seminaristitrento\" \/>\n<meta name=\"twitter:card\" content=\"summary_large_image\" \/>\n<meta name=\"twitter:label1\" content=\"Scritto da\" \/>\n\t<meta name=\"twitter:data1\" content=\"seminaristitrento\" \/>\n\t<meta name=\"twitter:label2\" content=\"Tempo di lettura stimato\" \/>\n\t<meta name=\"twitter:data2\" content=\"3 minuti\" \/>\n<script type=\"application\/ld+json\" class=\"yoast-schema-graph\">{\"@context\":\"https:\/\/schema.org\",\"@graph\":[{\"@type\":\"WebPage\",\"@id\":\"https:\/\/www.diocesitn.it\/seminario\/2024\/05\/29\/piu-siamo-meglio-e\/\",\"url\":\"https:\/\/www.diocesitn.it\/seminario\/2024\/05\/29\/piu-siamo-meglio-e\/\",\"name\":\"Pi\u00f9 siamo, meglio \u00e8 - Seminario Maggiore Arcivescovile\",\"isPartOf\":{\"@id\":\"https:\/\/www.diocesitn.it\/seminario\/#website\"},\"primaryImageOfPage\":{\"@id\":\"https:\/\/www.diocesitn.it\/seminario\/2024\/05\/29\/piu-siamo-meglio-e\/#primaryimage\"},\"image\":{\"@id\":\"https:\/\/www.diocesitn.it\/seminario\/2024\/05\/29\/piu-siamo-meglio-e\/#primaryimage\"},\"thumbnailUrl\":\"https:\/\/www.diocesitn.it\/seminario\/wp-content\/uploads\/sites\/41\/2024\/05\/pag6-7_Comunitarie_Foto2-scaled.jpg\",\"datePublished\":\"2024-05-29T14:41:38+00:00\",\"dateModified\":\"2024-05-29T14:41:52+00:00\",\"author\":{\"@id\":\"https:\/\/www.diocesitn.it\/seminario\/#\/schema\/person\/fe751b4cf044b25d6ad3f1991d9b6d54\"},\"breadcrumb\":{\"@id\":\"https:\/\/www.diocesitn.it\/seminario\/2024\/05\/29\/piu-siamo-meglio-e\/#breadcrumb\"},\"inLanguage\":\"it-IT\",\"potentialAction\":[{\"@type\":\"ReadAction\",\"target\":[\"https:\/\/www.diocesitn.it\/seminario\/2024\/05\/29\/piu-siamo-meglio-e\/\"]}]},{\"@type\":\"ImageObject\",\"inLanguage\":\"it-IT\",\"@id\":\"https:\/\/www.diocesitn.it\/seminario\/2024\/05\/29\/piu-siamo-meglio-e\/#primaryimage\",\"url\":\"https:\/\/www.diocesitn.it\/seminario\/wp-content\/uploads\/sites\/41\/2024\/05\/pag6-7_Comunitarie_Foto2-scaled.jpg\",\"contentUrl\":\"https:\/\/www.diocesitn.it\/seminario\/wp-content\/uploads\/sites\/41\/2024\/05\/pag6-7_Comunitarie_Foto2-scaled.jpg\",\"width\":2560,\"height\":1440},{\"@type\":\"BreadcrumbList\",\"@id\":\"https:\/\/www.diocesitn.it\/seminario\/2024\/05\/29\/piu-siamo-meglio-e\/#breadcrumb\",\"itemListElement\":[{\"@type\":\"ListItem\",\"position\":1,\"name\":\"Home\",\"item\":\"https:\/\/www.diocesitn.it\/seminario\/\"},{\"@type\":\"ListItem\",\"position\":2,\"name\":\"Pi\u00f9 siamo, meglio \u00e8\"}]},{\"@type\":\"WebSite\",\"@id\":\"https:\/\/www.diocesitn.it\/seminario\/#website\",\"url\":\"https:\/\/www.diocesitn.it\/seminario\/\",\"name\":\"Seminario Maggiore Arcivescovile\",\"description\":\"Chiesa di Trento\",\"potentialAction\":[{\"@type\":\"SearchAction\",\"target\":{\"@type\":\"EntryPoint\",\"urlTemplate\":\"https:\/\/www.diocesitn.it\/seminario\/?s={search_term_string}\"},\"query-input\":\"required name=search_term_string\"}],\"inLanguage\":\"it-IT\"},{\"@type\":\"ImageObject\",\"inLanguage\":\"it-IT\",\"@id\":\"https:\/\/www.diocesitn.it\/seminario\/2024\/05\/29\/piu-siamo-meglio-e\/#local-main-organization-logo\",\"url\":\"\",\"contentUrl\":\"\",\"caption\":\"Seminario Maggiore Arcivescovile - Chiesa di Trento\"}]}<\/script>\n<!-- \/ Yoast SEO Premium plugin. -->","yoast_head_json":{"title":"Pi\u00f9 siamo, meglio \u00e8 - Seminario Maggiore Arcivescovile","robots":{"index":"index","follow":"follow","max-snippet":"max-snippet:-1","max-image-preview":"max-image-preview:large","max-video-preview":"max-video-preview:-1"},"canonical":"https:\/\/www.diocesitn.it\/seminario\/2024\/05\/29\/piu-siamo-meglio-e\/","og_locale":"it_IT","og_type":"article","og_title":"Pi\u00f9 siamo, meglio \u00e8","og_description":"Per chi non lo sapesse, nell\u2019immensa struttura del Seminario in cui viviamo si trovano due zone comunitarie, una nel secondo piano nell\u2019ala nord e una al terzo piano nell\u2019ala sud. In questi due ambienti vengono","og_url":"https:\/\/www.diocesitn.it\/seminario\/2024\/05\/29\/piu-siamo-meglio-e\/","og_site_name":"Seminario Maggiore Arcivescovile","article_publisher":"https:\/\/www.facebook.com\/seminariotrento\/","article_published_time":"2024-05-29T14:41:38+00:00","article_modified_time":"2024-05-29T14:41:52+00:00","og_image":[{"width":2560,"height":1440,"url":"https:\/\/www.diocesitn.it\/seminario\/wp-content\/uploads\/sites\/41\/2024\/05\/pag6-7_Comunitarie_Foto2-scaled.jpg","type":"image\/jpeg"}],"author":"seminaristitrento","twitter_card":"summary_large_image","twitter_misc":{"Scritto da":"seminaristitrento","Tempo di lettura stimato":"3 minuti"},"schema":{"@context":"https:\/\/schema.org","@graph":[{"@type":"WebPage","@id":"https:\/\/www.diocesitn.it\/seminario\/2024\/05\/29\/piu-siamo-meglio-e\/","url":"https:\/\/www.diocesitn.it\/seminario\/2024\/05\/29\/piu-siamo-meglio-e\/","name":"Pi\u00f9 siamo, meglio \u00e8 - Seminario Maggiore Arcivescovile","isPartOf":{"@id":"https:\/\/www.diocesitn.it\/seminario\/#website"},"primaryImageOfPage":{"@id":"https:\/\/www.diocesitn.it\/seminario\/2024\/05\/29\/piu-siamo-meglio-e\/#primaryimage"},"image":{"@id":"https:\/\/www.diocesitn.it\/seminario\/2024\/05\/29\/piu-siamo-meglio-e\/#primaryimage"},"thumbnailUrl":"https:\/\/www.diocesitn.it\/seminario\/wp-content\/uploads\/sites\/41\/2024\/05\/pag6-7_Comunitarie_Foto2-scaled.jpg","datePublished":"2024-05-29T14:41:38+00:00","dateModified":"2024-05-29T14:41:52+00:00","author":{"@id":"https:\/\/www.diocesitn.it\/seminario\/#\/schema\/person\/fe751b4cf044b25d6ad3f1991d9b6d54"},"breadcrumb":{"@id":"https:\/\/www.diocesitn.it\/seminario\/2024\/05\/29\/piu-siamo-meglio-e\/#breadcrumb"},"inLanguage":"it-IT","potentialAction":[{"@type":"ReadAction","target":["https:\/\/www.diocesitn.it\/seminario\/2024\/05\/29\/piu-siamo-meglio-e\/"]}]},{"@type":"ImageObject","inLanguage":"it-IT","@id":"https:\/\/www.diocesitn.it\/seminario\/2024\/05\/29\/piu-siamo-meglio-e\/#primaryimage","url":"https:\/\/www.diocesitn.it\/seminario\/wp-content\/uploads\/sites\/41\/2024\/05\/pag6-7_Comunitarie_Foto2-scaled.jpg","contentUrl":"https:\/\/www.diocesitn.it\/seminario\/wp-content\/uploads\/sites\/41\/2024\/05\/pag6-7_Comunitarie_Foto2-scaled.jpg","width":2560,"height":1440},{"@type":"BreadcrumbList","@id":"https:\/\/www.diocesitn.it\/seminario\/2024\/05\/29\/piu-siamo-meglio-e\/#breadcrumb","itemListElement":[{"@type":"ListItem","position":1,"name":"Home","item":"https:\/\/www.diocesitn.it\/seminario\/"},{"@type":"ListItem","position":2,"name":"Pi\u00f9 siamo, meglio \u00e8"}]},{"@type":"WebSite","@id":"https:\/\/www.diocesitn.it\/seminario\/#website","url":"https:\/\/www.diocesitn.it\/seminario\/","name":"Seminario Maggiore Arcivescovile","description":"Chiesa di Trento","potentialAction":[{"@type":"SearchAction","target":{"@type":"EntryPoint","urlTemplate":"https:\/\/www.diocesitn.it\/seminario\/?s={search_term_string}"},"query-input":"required name=search_term_string"}],"inLanguage":"it-IT"},{"@type":"ImageObject","inLanguage":"it-IT","@id":"https:\/\/www.diocesitn.it\/seminario\/2024\/05\/29\/piu-siamo-meglio-e\/#local-main-organization-logo","url":"","contentUrl":"","caption":"Seminario Maggiore Arcivescovile - Chiesa di Trento"}]}},"_links":{"self":[{"href":"https:\/\/www.diocesitn.it\/seminario\/wp-json\/wp\/v2\/posts\/939","targetHints":{"allow":["GET"]}}],"collection":[{"href":"https:\/\/www.diocesitn.it\/seminario\/wp-json\/wp\/v2\/posts"}],"about":[{"href":"https:\/\/www.diocesitn.it\/seminario\/wp-json\/wp\/v2\/types\/post"}],"author":[{"embeddable":true,"href":"https:\/\/www.diocesitn.it\/seminario\/wp-json\/wp\/v2\/users\/172"}],"replies":[{"embeddable":true,"href":"https:\/\/www.diocesitn.it\/seminario\/wp-json\/wp\/v2\/comments?post=939"}],"version-history":[{"count":1,"href":"https:\/\/www.diocesitn.it\/seminario\/wp-json\/wp\/v2\/posts\/939\/revisions"}],"predecessor-version":[{"id":944,"href":"https:\/\/www.diocesitn.it\/seminario\/wp-json\/wp\/v2\/posts\/939\/revisions\/944"}],"wp:featuredmedia":[{"embeddable":true,"href":"https:\/\/www.diocesitn.it\/seminario\/wp-json\/wp\/v2\/media\/943"}],"wp:attachment":[{"href":"https:\/\/www.diocesitn.it\/seminario\/wp-json\/wp\/v2\/media?parent=939"}],"wp:term":[{"taxonomy":"category","embeddable":true,"href":"https:\/\/www.diocesitn.it\/seminario\/wp-json\/wp\/v2\/categories?post=939"},{"taxonomy":"post_tag","embeddable":true,"href":"https:\/\/www.diocesitn.it\/seminario\/wp-json\/wp\/v2\/tags?post=939"}],"curies":[{"name":"wp","href":"https:\/\/api.w.org\/{rel}","templated":true}]}}