{"id":933,"date":"2024-05-29T16:26:38","date_gmt":"2024-05-29T14:26:38","guid":{"rendered":"https:\/\/www.diocesitn.it\/seminario\/?p=933"},"modified":"2024-05-29T16:27:12","modified_gmt":"2024-05-29T14:27:12","slug":"lavori-in-giardino","status":"publish","type":"post","link":"https:\/\/www.diocesitn.it\/seminario\/2024\/05\/29\/lavori-in-giardino\/","title":{"rendered":"Lavori in giardino"},"content":{"rendered":"<p>All\u2019inizio della bella stagione, come di consueto, si \u00e8 pensato di dare una rinfrescata all\u2019area verde del Seminario: svuotando le fontanelle dal fogliame, ripristinando l\u2019acqua corrente e sistemando la grotta della Madonna, pulendone le statue; e realizzando, secondo i progetti del rettore, anche un\u2019area ecologica in miniatura. Infatti, chi ora visiter\u00e0 o soster\u00e0 in queste graziose giornate primaverili, nel giardino che separa il Seminario dal Vigilianum, noter\u00e0 un cambiamento logistico riguardante il conferimento dei rifiuti. I quattro cestini destinati al residuo, che fino a poco tempo fa erano dislocati in vari punti del prato, ora sono posizionati l\u2019uno a fianco all\u2019altro, in modo che si possano conferire correttamente, oltre al residuo, anche la carta, la plastica e l\u2019organico.<br \/>\nL\u2019operazione di spostamento dei cestini, \u00e8 stata eseguita da noi seminaristi, capitanati da don Tiziano e consisteva nello scavare, a suon di pala e piccone, fino a trovare il basamento di cemento a sostegno di ogni bidone, liberarlo tutt\u2019intorno dalla terra ed estrarlo per trasferirlo al luogo convenuto, dove un\u2019altra buca lo attendeva. Gli utensili che avevamo in dotazione erano assai basilari e tenuti insieme in maniera molto artigianale, tanto che verso la fine del pomeriggio, come sfogo dopo mezza giornata di lavoro con attrezzi non del tutto appropriati, i presenti hanno potuto assistere ad una nuova disciplina olimpionica: il lancio del badile rovescio, con cui il rettore ha voluto liberarsi di un oggetto che vanificava le nostre fatiche fisiche. Successivamente si \u00e8 proceduto col verificare che i cestini, nella loro nuova sede, fossero dritti \u201ca livello\u201d, per poi richiudere tutte le buche, cercando di ripristinare al meglio la cotica erbosa nei pressi degli scavi. \u00c8 stato dunque un pomeriggio alternativo, ottima occasione per spenderci in qualcosa di manuale e<br \/>\nall\u2019aria aperta, unendo l\u2019utile al dilettevole.<\/p>\n<p>Andrea Nicolao<\/p>\n<p>&nbsp;<\/p>\n<p><img loading=\"lazy\" decoding=\"async\" class=\"alignnone wp-image-934 size-large\" src=\"https:\/\/www.diocesitn.it\/seminario\/wp-content\/uploads\/sites\/41\/2024\/05\/pag6-7_Giardino_Foto1-473x1024.jpeg\" alt=\"\" width=\"473\" height=\"1024\" srcset=\"https:\/\/www.diocesitn.it\/seminario\/wp-content\/uploads\/sites\/41\/2024\/05\/pag6-7_Giardino_Foto1-473x1024.jpeg 473w, https:\/\/www.diocesitn.it\/seminario\/wp-content\/uploads\/sites\/41\/2024\/05\/pag6-7_Giardino_Foto1-139x300.jpeg 139w, https:\/\/www.diocesitn.it\/seminario\/wp-content\/uploads\/sites\/41\/2024\/05\/pag6-7_Giardino_Foto1-768x1663.jpeg 768w, https:\/\/www.diocesitn.it\/seminario\/wp-content\/uploads\/sites\/41\/2024\/05\/pag6-7_Giardino_Foto1-129x280.jpeg 129w, https:\/\/www.diocesitn.it\/seminario\/wp-content\/uploads\/sites\/41\/2024\/05\/pag6-7_Giardino_Foto1-355x768.jpeg 355w, https:\/\/www.diocesitn.it\/seminario\/wp-content\/uploads\/sites\/41\/2024\/05\/pag6-7_Giardino_Foto1-710x1536.jpeg 710w, https:\/\/www.diocesitn.it\/seminario\/wp-content\/uploads\/sites\/41\/2024\/05\/pag6-7_Giardino_Foto1-946x2048.jpeg 946w, https:\/\/www.diocesitn.it\/seminario\/wp-content\/uploads\/sites\/41\/2024\/05\/pag6-7_Giardino_Foto1-800x1732.jpeg 800w, https:\/\/www.diocesitn.it\/seminario\/wp-content\/uploads\/sites\/41\/2024\/05\/pag6-7_Giardino_Foto1-1200x2598.jpeg 1200w, https:\/\/www.diocesitn.it\/seminario\/wp-content\/uploads\/sites\/41\/2024\/05\/pag6-7_Giardino_Foto1-scaled.jpeg 1183w\" sizes=\"auto, (max-width: 473px) 100vw, 473px\" \/><\/p>\n","protected":false},"excerpt":{"rendered":"<p>All\u2019inizio della bella stagione, come di consueto, si \u00e8 pensato di dare una rinfrescata all\u2019area verde del Seminario: svuotando le fontanelle dal fogliame, ripristinando l\u2019acqua corrente e sistemando la grotta della Madonna, pulendone le statue;<\/p>\n","protected":false},"author":172,"featured_media":935,"comment_status":"closed","ping_status":"closed","sticky":false,"template":"","format":"standard","meta":{"footnotes":""},"categories":[176],"tags":[],"class_list":["post-933","post","type-post","status-publish","format-standard","has-post-thumbnail","hentry","category-notizie"],"acf":{"seed-localization-paese-cod":"IT","seed-localization-address":"","seed-localization-citta":"Trento","seed-localization-regione-cod-istat":"04","seed-localization-citta-cod-istat":"022205","seed-localization-localita":"","seed-localization-cap":"","seed-localization-marker-visibility":false,"seed-localization-children-visibility":false,"seed-localization-kml":"","seed-localization-custom-marker":""},"yoast_head":"<!-- This site is optimized with the Yoast SEO Premium plugin v20.2.1 (Yoast SEO v22.2) - https:\/\/yoast.com\/wordpress\/plugins\/seo\/ -->\n<title>Lavori in giardino - Seminario Maggiore Arcivescovile<\/title>\n<meta name=\"robots\" content=\"index, follow, max-snippet:-1, max-image-preview:large, max-video-preview:-1\" \/>\n<link rel=\"canonical\" href=\"https:\/\/www.diocesitn.it\/seminario\/2024\/05\/29\/lavori-in-giardino\/\" \/>\n<meta property=\"og:locale\" content=\"it_IT\" \/>\n<meta property=\"og:type\" content=\"article\" \/>\n<meta property=\"og:title\" content=\"Lavori in giardino\" \/>\n<meta property=\"og:description\" content=\"All\u2019inizio della bella stagione, come di consueto, si \u00e8 pensato di dare una rinfrescata all\u2019area verde del Seminario: svuotando le fontanelle dal fogliame, ripristinando l\u2019acqua corrente e sistemando la grotta della Madonna, pulendone le statue;\" \/>\n<meta property=\"og:url\" content=\"https:\/\/www.diocesitn.it\/seminario\/2024\/05\/29\/lavori-in-giardino\/\" \/>\n<meta property=\"og:site_name\" content=\"Seminario Maggiore Arcivescovile\" \/>\n<meta property=\"article:publisher\" content=\"https:\/\/www.facebook.com\/seminariotrento\/\" \/>\n<meta property=\"article:published_time\" content=\"2024-05-29T14:26:38+00:00\" \/>\n<meta property=\"article:modified_time\" content=\"2024-05-29T14:27:12+00:00\" \/>\n<meta property=\"og:image\" content=\"https:\/\/www.diocesitn.it\/seminario\/wp-content\/uploads\/sites\/41\/2024\/05\/pag6-7_Giardino_Foto2-scaled.jpeg\" \/>\n\t<meta property=\"og:image:width\" content=\"2560\" \/>\n\t<meta property=\"og:image:height\" content=\"1183\" \/>\n\t<meta property=\"og:image:type\" content=\"image\/jpeg\" \/>\n<meta name=\"author\" content=\"seminaristitrento\" \/>\n<meta name=\"twitter:card\" content=\"summary_large_image\" \/>\n<meta name=\"twitter:label1\" content=\"Scritto da\" \/>\n\t<meta name=\"twitter:data1\" content=\"seminaristitrento\" \/>\n\t<meta name=\"twitter:label2\" content=\"Tempo di lettura stimato\" \/>\n\t<meta name=\"twitter:data2\" content=\"2 minuti\" \/>\n<script type=\"application\/ld+json\" class=\"yoast-schema-graph\">{\"@context\":\"https:\/\/schema.org\",\"@graph\":[{\"@type\":\"WebPage\",\"@id\":\"https:\/\/www.diocesitn.it\/seminario\/2024\/05\/29\/lavori-in-giardino\/\",\"url\":\"https:\/\/www.diocesitn.it\/seminario\/2024\/05\/29\/lavori-in-giardino\/\",\"name\":\"Lavori in giardino - Seminario Maggiore Arcivescovile\",\"isPartOf\":{\"@id\":\"https:\/\/www.diocesitn.it\/seminario\/#website\"},\"primaryImageOfPage\":{\"@id\":\"https:\/\/www.diocesitn.it\/seminario\/2024\/05\/29\/lavori-in-giardino\/#primaryimage\"},\"image\":{\"@id\":\"https:\/\/www.diocesitn.it\/seminario\/2024\/05\/29\/lavori-in-giardino\/#primaryimage\"},\"thumbnailUrl\":\"https:\/\/www.diocesitn.it\/seminario\/wp-content\/uploads\/sites\/41\/2024\/05\/pag6-7_Giardino_Foto2-scaled.jpeg\",\"datePublished\":\"2024-05-29T14:26:38+00:00\",\"dateModified\":\"2024-05-29T14:27:12+00:00\",\"author\":{\"@id\":\"https:\/\/www.diocesitn.it\/seminario\/#\/schema\/person\/fe751b4cf044b25d6ad3f1991d9b6d54\"},\"breadcrumb\":{\"@id\":\"https:\/\/www.diocesitn.it\/seminario\/2024\/05\/29\/lavori-in-giardino\/#breadcrumb\"},\"inLanguage\":\"it-IT\",\"potentialAction\":[{\"@type\":\"ReadAction\",\"target\":[\"https:\/\/www.diocesitn.it\/seminario\/2024\/05\/29\/lavori-in-giardino\/\"]}]},{\"@type\":\"ImageObject\",\"inLanguage\":\"it-IT\",\"@id\":\"https:\/\/www.diocesitn.it\/seminario\/2024\/05\/29\/lavori-in-giardino\/#primaryimage\",\"url\":\"https:\/\/www.diocesitn.it\/seminario\/wp-content\/uploads\/sites\/41\/2024\/05\/pag6-7_Giardino_Foto2-scaled.jpeg\",\"contentUrl\":\"https:\/\/www.diocesitn.it\/seminario\/wp-content\/uploads\/sites\/41\/2024\/05\/pag6-7_Giardino_Foto2-scaled.jpeg\",\"width\":2560,\"height\":1183},{\"@type\":\"BreadcrumbList\",\"@id\":\"https:\/\/www.diocesitn.it\/seminario\/2024\/05\/29\/lavori-in-giardino\/#breadcrumb\",\"itemListElement\":[{\"@type\":\"ListItem\",\"position\":1,\"name\":\"Home\",\"item\":\"https:\/\/www.diocesitn.it\/seminario\/\"},{\"@type\":\"ListItem\",\"position\":2,\"name\":\"Lavori in giardino\"}]},{\"@type\":\"WebSite\",\"@id\":\"https:\/\/www.diocesitn.it\/seminario\/#website\",\"url\":\"https:\/\/www.diocesitn.it\/seminario\/\",\"name\":\"Seminario Maggiore Arcivescovile\",\"description\":\"Chiesa di Trento\",\"potentialAction\":[{\"@type\":\"SearchAction\",\"target\":{\"@type\":\"EntryPoint\",\"urlTemplate\":\"https:\/\/www.diocesitn.it\/seminario\/?s={search_term_string}\"},\"query-input\":\"required name=search_term_string\"}],\"inLanguage\":\"it-IT\"},{\"@type\":\"ImageObject\",\"inLanguage\":\"it-IT\",\"@id\":\"https:\/\/www.diocesitn.it\/seminario\/2024\/05\/29\/lavori-in-giardino\/#local-main-organization-logo\",\"url\":\"\",\"contentUrl\":\"\",\"caption\":\"Seminario Maggiore Arcivescovile - Chiesa di Trento\"}]}<\/script>\n<!-- \/ Yoast SEO Premium plugin. -->","yoast_head_json":{"title":"Lavori in giardino - Seminario Maggiore Arcivescovile","robots":{"index":"index","follow":"follow","max-snippet":"max-snippet:-1","max-image-preview":"max-image-preview:large","max-video-preview":"max-video-preview:-1"},"canonical":"https:\/\/www.diocesitn.it\/seminario\/2024\/05\/29\/lavori-in-giardino\/","og_locale":"it_IT","og_type":"article","og_title":"Lavori in giardino","og_description":"All\u2019inizio della bella stagione, come di consueto, si \u00e8 pensato di dare una rinfrescata all\u2019area verde del Seminario: svuotando le fontanelle dal fogliame, ripristinando l\u2019acqua corrente e sistemando la grotta della Madonna, pulendone le statue;","og_url":"https:\/\/www.diocesitn.it\/seminario\/2024\/05\/29\/lavori-in-giardino\/","og_site_name":"Seminario Maggiore Arcivescovile","article_publisher":"https:\/\/www.facebook.com\/seminariotrento\/","article_published_time":"2024-05-29T14:26:38+00:00","article_modified_time":"2024-05-29T14:27:12+00:00","og_image":[{"width":2560,"height":1183,"url":"https:\/\/www.diocesitn.it\/seminario\/wp-content\/uploads\/sites\/41\/2024\/05\/pag6-7_Giardino_Foto2-scaled.jpeg","type":"image\/jpeg"}],"author":"seminaristitrento","twitter_card":"summary_large_image","twitter_misc":{"Scritto da":"seminaristitrento","Tempo di lettura stimato":"2 minuti"},"schema":{"@context":"https:\/\/schema.org","@graph":[{"@type":"WebPage","@id":"https:\/\/www.diocesitn.it\/seminario\/2024\/05\/29\/lavori-in-giardino\/","url":"https:\/\/www.diocesitn.it\/seminario\/2024\/05\/29\/lavori-in-giardino\/","name":"Lavori in giardino - Seminario Maggiore Arcivescovile","isPartOf":{"@id":"https:\/\/www.diocesitn.it\/seminario\/#website"},"primaryImageOfPage":{"@id":"https:\/\/www.diocesitn.it\/seminario\/2024\/05\/29\/lavori-in-giardino\/#primaryimage"},"image":{"@id":"https:\/\/www.diocesitn.it\/seminario\/2024\/05\/29\/lavori-in-giardino\/#primaryimage"},"thumbnailUrl":"https:\/\/www.diocesitn.it\/seminario\/wp-content\/uploads\/sites\/41\/2024\/05\/pag6-7_Giardino_Foto2-scaled.jpeg","datePublished":"2024-05-29T14:26:38+00:00","dateModified":"2024-05-29T14:27:12+00:00","author":{"@id":"https:\/\/www.diocesitn.it\/seminario\/#\/schema\/person\/fe751b4cf044b25d6ad3f1991d9b6d54"},"breadcrumb":{"@id":"https:\/\/www.diocesitn.it\/seminario\/2024\/05\/29\/lavori-in-giardino\/#breadcrumb"},"inLanguage":"it-IT","potentialAction":[{"@type":"ReadAction","target":["https:\/\/www.diocesitn.it\/seminario\/2024\/05\/29\/lavori-in-giardino\/"]}]},{"@type":"ImageObject","inLanguage":"it-IT","@id":"https:\/\/www.diocesitn.it\/seminario\/2024\/05\/29\/lavori-in-giardino\/#primaryimage","url":"https:\/\/www.diocesitn.it\/seminario\/wp-content\/uploads\/sites\/41\/2024\/05\/pag6-7_Giardino_Foto2-scaled.jpeg","contentUrl":"https:\/\/www.diocesitn.it\/seminario\/wp-content\/uploads\/sites\/41\/2024\/05\/pag6-7_Giardino_Foto2-scaled.jpeg","width":2560,"height":1183},{"@type":"BreadcrumbList","@id":"https:\/\/www.diocesitn.it\/seminario\/2024\/05\/29\/lavori-in-giardino\/#breadcrumb","itemListElement":[{"@type":"ListItem","position":1,"name":"Home","item":"https:\/\/www.diocesitn.it\/seminario\/"},{"@type":"ListItem","position":2,"name":"Lavori in giardino"}]},{"@type":"WebSite","@id":"https:\/\/www.diocesitn.it\/seminario\/#website","url":"https:\/\/www.diocesitn.it\/seminario\/","name":"Seminario Maggiore Arcivescovile","description":"Chiesa di Trento","potentialAction":[{"@type":"SearchAction","target":{"@type":"EntryPoint","urlTemplate":"https:\/\/www.diocesitn.it\/seminario\/?s={search_term_string}"},"query-input":"required name=search_term_string"}],"inLanguage":"it-IT"},{"@type":"ImageObject","inLanguage":"it-IT","@id":"https:\/\/www.diocesitn.it\/seminario\/2024\/05\/29\/lavori-in-giardino\/#local-main-organization-logo","url":"","contentUrl":"","caption":"Seminario Maggiore Arcivescovile - Chiesa di Trento"}]}},"_links":{"self":[{"href":"https:\/\/www.diocesitn.it\/seminario\/wp-json\/wp\/v2\/posts\/933","targetHints":{"allow":["GET"]}}],"collection":[{"href":"https:\/\/www.diocesitn.it\/seminario\/wp-json\/wp\/v2\/posts"}],"about":[{"href":"https:\/\/www.diocesitn.it\/seminario\/wp-json\/wp\/v2\/types\/post"}],"author":[{"embeddable":true,"href":"https:\/\/www.diocesitn.it\/seminario\/wp-json\/wp\/v2\/users\/172"}],"replies":[{"embeddable":true,"href":"https:\/\/www.diocesitn.it\/seminario\/wp-json\/wp\/v2\/comments?post=933"}],"version-history":[{"count":2,"href":"https:\/\/www.diocesitn.it\/seminario\/wp-json\/wp\/v2\/posts\/933\/revisions"}],"predecessor-version":[{"id":937,"href":"https:\/\/www.diocesitn.it\/seminario\/wp-json\/wp\/v2\/posts\/933\/revisions\/937"}],"wp:featuredmedia":[{"embeddable":true,"href":"https:\/\/www.diocesitn.it\/seminario\/wp-json\/wp\/v2\/media\/935"}],"wp:attachment":[{"href":"https:\/\/www.diocesitn.it\/seminario\/wp-json\/wp\/v2\/media?parent=933"}],"wp:term":[{"taxonomy":"category","embeddable":true,"href":"https:\/\/www.diocesitn.it\/seminario\/wp-json\/wp\/v2\/categories?post=933"},{"taxonomy":"post_tag","embeddable":true,"href":"https:\/\/www.diocesitn.it\/seminario\/wp-json\/wp\/v2\/tags?post=933"}],"curies":[{"name":"wp","href":"https:\/\/api.w.org\/{rel}","templated":true}]}}