{"id":929,"date":"2024-05-29T16:22:41","date_gmt":"2024-05-29T14:22:41","guid":{"rendered":"https:\/\/www.diocesitn.it\/seminario\/?p=929"},"modified":"2024-05-29T16:28:18","modified_gmt":"2024-05-29T14:28:18","slug":"il-triduo-pasquale-in-duomo-a-trento","status":"publish","type":"post","link":"https:\/\/www.diocesitn.it\/seminario\/2024\/05\/29\/il-triduo-pasquale-in-duomo-a-trento\/","title":{"rendered":"Il Triduo Pasquale in Duomo a Trento"},"content":{"rendered":"<p>\u201cFate questo in memoria di me.\u201d<br \/>\nParole ricche, che risuonano in ogni celebrazione e che ci introducono in modo particolare in quello che chiamiamo Triduo Pasquale, che ha inizio con la Messa in \u201cCoena Domini\u201d, in cui riviviamo ci\u00f2 che Ges\u00f9 ci ha lasciato, il Suo Corpo e il Suo Sangue.<br \/>\nAnche noi, come comunit\u00e0 del Seminario di Trento, abbiamo vissuto il Triduo Pasquale, vivendo quei giorni intensi insieme.<br \/>\n\u00c8 sempre una gioia, una ricchezza, entrare nel Vero Mistero di Ges\u00f9, che si \u00e8 fatto corpo e sangue per noi, fino a dare la sua vita sulla croce e poi risorgere il terzo giorno.<br \/>\nMi colpiscono molto e voglio condividere con voi quelle parole che ogni tanto ci capita di ascoltare: \u201cil primo giorno dopo il Sabato\u201d. Quel Giorno in cui \u00e8 racchiusa tutta la nostra fede, quel Giorno in cui Cristo ci ha donato una Nuova Vita e che noi siamo chiamati a testimoniare. Abbiamo condiviso questi giorni importanti insieme al nostro arcivescovo Lauro, che con le sue parole ci ha fatto entrare e gustare questo grande Mistero. Assieme a lui anche don Mattia, cerimoniere della cattedrale, con cui non abbiamo condiviso non solamente le celebrazioni, ma anche alcuni momenti conviviali e tante risate.<br \/>\nImportante la presenza dei canonici del duomo, che hanno voluto essere presenti a tutte le<br \/>\ncelebrazioni. La loro presenza \u00e8 molto significativa per tutta la nostra chiesa, che accompagnano ogni giorno con la celebrazione della messa e altri momenti di preghiera. Non voglio dimenticare i sagrestani, intenti nel svolgere al meglio il loro compito. Anche il coro del duomo e di Santa Maria Maggiore, che hanno accompagnato i vari momenti. Infine i vari ministranti che si sono alternati nei vari giorni.<br \/>\nMi permetto brevemente di condividere ancora con voi due dei tanti momenti vissuti che mi sono piaciuti in modo particolare. Uno \u00e8 successo gioved\u00ec santo dopo la celebrazione\u2026 quando le luci del duomo erano soffuse e l\u2019attenzione era rivolta alla Cappella del Santissimo, dove tutti raccolti nel silenzio adoravano Ges\u00f9. \u00c8 stato per me un momento molto forte. Un altro semplice, familiare, \u00e8 stato dopo la Veglia Pasquale: terminata la messa, insieme al Vescovo, abbiamo condiviso una fetta di colomba e ci siamo scambiati gli auguri, insieme a don Mattia e ai nostri formatori.<\/p>\n<p>Gianluca Marocchi<\/p>\n<p><img loading=\"lazy\" decoding=\"async\" class=\"alignnone wp-image-930 size-large\" src=\"https:\/\/www.diocesitn.it\/seminario\/wp-content\/uploads\/sites\/41\/2024\/05\/pag6-7_Triduo_Foto1-768x1024.jpeg\" alt=\"\" width=\"768\" height=\"1024\" srcset=\"https:\/\/www.diocesitn.it\/seminario\/wp-content\/uploads\/sites\/41\/2024\/05\/pag6-7_Triduo_Foto1-768x1024.jpeg 768w, https:\/\/www.diocesitn.it\/seminario\/wp-content\/uploads\/sites\/41\/2024\/05\/pag6-7_Triduo_Foto1-225x300.jpeg 225w, https:\/\/www.diocesitn.it\/seminario\/wp-content\/uploads\/sites\/41\/2024\/05\/pag6-7_Triduo_Foto1-210x280.jpeg 210w, https:\/\/www.diocesitn.it\/seminario\/wp-content\/uploads\/sites\/41\/2024\/05\/pag6-7_Triduo_Foto1-576x768.jpeg 576w, https:\/\/www.diocesitn.it\/seminario\/wp-content\/uploads\/sites\/41\/2024\/05\/pag6-7_Triduo_Foto1-1152x1536.jpeg 1152w, https:\/\/www.diocesitn.it\/seminario\/wp-content\/uploads\/sites\/41\/2024\/05\/pag6-7_Triduo_Foto1-1536x2048.jpeg 1536w, https:\/\/www.diocesitn.it\/seminario\/wp-content\/uploads\/sites\/41\/2024\/05\/pag6-7_Triduo_Foto1-800x1067.jpeg 800w, https:\/\/www.diocesitn.it\/seminario\/wp-content\/uploads\/sites\/41\/2024\/05\/pag6-7_Triduo_Foto1-1200x1600.jpeg 1200w, https:\/\/www.diocesitn.it\/seminario\/wp-content\/uploads\/sites\/41\/2024\/05\/pag6-7_Triduo_Foto1-scaled.jpeg 1920w\" sizes=\"auto, (max-width: 768px) 100vw, 768px\" \/><\/p>\n","protected":false},"excerpt":{"rendered":"<p>\u201cFate questo in memoria di me.\u201d Parole ricche, che risuonano in ogni celebrazione e che ci introducono in modo particolare in quello che chiamiamo Triduo Pasquale, che ha inizio con la Messa in \u201cCoena Domini\u201d,<\/p>\n","protected":false},"author":172,"featured_media":931,"comment_status":"closed","ping_status":"closed","sticky":false,"template":"","format":"standard","meta":{"footnotes":""},"categories":[176],"tags":[],"class_list":["post-929","post","type-post","status-publish","format-standard","has-post-thumbnail","hentry","category-notizie"],"acf":{"seed-localization-paese-cod":"IT","seed-localization-address":"","seed-localization-citta":"Trento","seed-localization-regione-cod-istat":"04","seed-localization-citta-cod-istat":"022205","seed-localization-localita":"","seed-localization-cap":"","seed-localization-marker-visibility":false,"seed-localization-children-visibility":false,"seed-localization-kml":"","seed-localization-custom-marker":""},"yoast_head":"<!-- This site is optimized with the Yoast SEO Premium plugin v20.2.1 (Yoast SEO v22.2) - https:\/\/yoast.com\/wordpress\/plugins\/seo\/ -->\n<title>Il Triduo Pasquale in Duomo a Trento - Seminario Maggiore Arcivescovile<\/title>\n<meta name=\"robots\" content=\"index, follow, max-snippet:-1, max-image-preview:large, max-video-preview:-1\" \/>\n<link rel=\"canonical\" href=\"https:\/\/www.diocesitn.it\/seminario\/2024\/05\/29\/il-triduo-pasquale-in-duomo-a-trento\/\" \/>\n<meta property=\"og:locale\" content=\"it_IT\" \/>\n<meta property=\"og:type\" content=\"article\" \/>\n<meta property=\"og:title\" content=\"Il Triduo Pasquale in Duomo a Trento\" \/>\n<meta property=\"og:description\" content=\"\u201cFate questo in memoria di me.\u201d Parole ricche, che risuonano in ogni celebrazione e che ci introducono in modo particolare in quello che chiamiamo Triduo Pasquale, che ha inizio con la Messa in \u201cCoena Domini\u201d,\" \/>\n<meta property=\"og:url\" content=\"https:\/\/www.diocesitn.it\/seminario\/2024\/05\/29\/il-triduo-pasquale-in-duomo-a-trento\/\" \/>\n<meta property=\"og:site_name\" content=\"Seminario Maggiore Arcivescovile\" \/>\n<meta property=\"article:publisher\" content=\"https:\/\/www.facebook.com\/seminariotrento\/\" \/>\n<meta property=\"article:published_time\" content=\"2024-05-29T14:22:41+00:00\" \/>\n<meta property=\"article:modified_time\" content=\"2024-05-29T14:28:18+00:00\" \/>\n<meta property=\"og:image\" content=\"https:\/\/www.diocesitn.it\/seminario\/wp-content\/uploads\/sites\/41\/2024\/05\/pag6-7_Triduo_Foto2.jpeg\" \/>\n\t<meta property=\"og:image:width\" content=\"1536\" \/>\n\t<meta property=\"og:image:height\" content=\"1115\" \/>\n\t<meta property=\"og:image:type\" content=\"image\/jpeg\" \/>\n<meta name=\"author\" content=\"seminaristitrento\" \/>\n<meta name=\"twitter:card\" content=\"summary_large_image\" \/>\n<meta name=\"twitter:label1\" content=\"Scritto da\" \/>\n\t<meta name=\"twitter:data1\" content=\"seminaristitrento\" \/>\n\t<meta name=\"twitter:label2\" content=\"Tempo di lettura stimato\" \/>\n\t<meta name=\"twitter:data2\" content=\"3 minuti\" \/>\n<script type=\"application\/ld+json\" class=\"yoast-schema-graph\">{\"@context\":\"https:\/\/schema.org\",\"@graph\":[{\"@type\":\"WebPage\",\"@id\":\"https:\/\/www.diocesitn.it\/seminario\/2024\/05\/29\/il-triduo-pasquale-in-duomo-a-trento\/\",\"url\":\"https:\/\/www.diocesitn.it\/seminario\/2024\/05\/29\/il-triduo-pasquale-in-duomo-a-trento\/\",\"name\":\"Il Triduo Pasquale in Duomo a Trento - Seminario Maggiore Arcivescovile\",\"isPartOf\":{\"@id\":\"https:\/\/www.diocesitn.it\/seminario\/#website\"},\"primaryImageOfPage\":{\"@id\":\"https:\/\/www.diocesitn.it\/seminario\/2024\/05\/29\/il-triduo-pasquale-in-duomo-a-trento\/#primaryimage\"},\"image\":{\"@id\":\"https:\/\/www.diocesitn.it\/seminario\/2024\/05\/29\/il-triduo-pasquale-in-duomo-a-trento\/#primaryimage\"},\"thumbnailUrl\":\"https:\/\/www.diocesitn.it\/seminario\/wp-content\/uploads\/sites\/41\/2024\/05\/pag6-7_Triduo_Foto2.jpeg\",\"datePublished\":\"2024-05-29T14:22:41+00:00\",\"dateModified\":\"2024-05-29T14:28:18+00:00\",\"author\":{\"@id\":\"https:\/\/www.diocesitn.it\/seminario\/#\/schema\/person\/fe751b4cf044b25d6ad3f1991d9b6d54\"},\"breadcrumb\":{\"@id\":\"https:\/\/www.diocesitn.it\/seminario\/2024\/05\/29\/il-triduo-pasquale-in-duomo-a-trento\/#breadcrumb\"},\"inLanguage\":\"it-IT\",\"potentialAction\":[{\"@type\":\"ReadAction\",\"target\":[\"https:\/\/www.diocesitn.it\/seminario\/2024\/05\/29\/il-triduo-pasquale-in-duomo-a-trento\/\"]}]},{\"@type\":\"ImageObject\",\"inLanguage\":\"it-IT\",\"@id\":\"https:\/\/www.diocesitn.it\/seminario\/2024\/05\/29\/il-triduo-pasquale-in-duomo-a-trento\/#primaryimage\",\"url\":\"https:\/\/www.diocesitn.it\/seminario\/wp-content\/uploads\/sites\/41\/2024\/05\/pag6-7_Triduo_Foto2.jpeg\",\"contentUrl\":\"https:\/\/www.diocesitn.it\/seminario\/wp-content\/uploads\/sites\/41\/2024\/05\/pag6-7_Triduo_Foto2.jpeg\",\"width\":1536,\"height\":1115},{\"@type\":\"BreadcrumbList\",\"@id\":\"https:\/\/www.diocesitn.it\/seminario\/2024\/05\/29\/il-triduo-pasquale-in-duomo-a-trento\/#breadcrumb\",\"itemListElement\":[{\"@type\":\"ListItem\",\"position\":1,\"name\":\"Home\",\"item\":\"https:\/\/www.diocesitn.it\/seminario\/\"},{\"@type\":\"ListItem\",\"position\":2,\"name\":\"Il Triduo Pasquale in Duomo a Trento\"}]},{\"@type\":\"WebSite\",\"@id\":\"https:\/\/www.diocesitn.it\/seminario\/#website\",\"url\":\"https:\/\/www.diocesitn.it\/seminario\/\",\"name\":\"Seminario Maggiore Arcivescovile\",\"description\":\"Chiesa di Trento\",\"potentialAction\":[{\"@type\":\"SearchAction\",\"target\":{\"@type\":\"EntryPoint\",\"urlTemplate\":\"https:\/\/www.diocesitn.it\/seminario\/?s={search_term_string}\"},\"query-input\":\"required name=search_term_string\"}],\"inLanguage\":\"it-IT\"},{\"@type\":\"ImageObject\",\"inLanguage\":\"it-IT\",\"@id\":\"https:\/\/www.diocesitn.it\/seminario\/2024\/05\/29\/il-triduo-pasquale-in-duomo-a-trento\/#local-main-organization-logo\",\"url\":\"\",\"contentUrl\":\"\",\"caption\":\"Seminario Maggiore Arcivescovile - Chiesa di Trento\"}]}<\/script>\n<!-- \/ Yoast SEO Premium plugin. -->","yoast_head_json":{"title":"Il Triduo Pasquale in Duomo a Trento - Seminario Maggiore Arcivescovile","robots":{"index":"index","follow":"follow","max-snippet":"max-snippet:-1","max-image-preview":"max-image-preview:large","max-video-preview":"max-video-preview:-1"},"canonical":"https:\/\/www.diocesitn.it\/seminario\/2024\/05\/29\/il-triduo-pasquale-in-duomo-a-trento\/","og_locale":"it_IT","og_type":"article","og_title":"Il Triduo Pasquale in Duomo a Trento","og_description":"\u201cFate questo in memoria di me.\u201d Parole ricche, che risuonano in ogni celebrazione e che ci introducono in modo particolare in quello che chiamiamo Triduo Pasquale, che ha inizio con la Messa in \u201cCoena Domini\u201d,","og_url":"https:\/\/www.diocesitn.it\/seminario\/2024\/05\/29\/il-triduo-pasquale-in-duomo-a-trento\/","og_site_name":"Seminario Maggiore Arcivescovile","article_publisher":"https:\/\/www.facebook.com\/seminariotrento\/","article_published_time":"2024-05-29T14:22:41+00:00","article_modified_time":"2024-05-29T14:28:18+00:00","og_image":[{"width":1536,"height":1115,"url":"https:\/\/www.diocesitn.it\/seminario\/wp-content\/uploads\/sites\/41\/2024\/05\/pag6-7_Triduo_Foto2.jpeg","type":"image\/jpeg"}],"author":"seminaristitrento","twitter_card":"summary_large_image","twitter_misc":{"Scritto da":"seminaristitrento","Tempo di lettura stimato":"3 minuti"},"schema":{"@context":"https:\/\/schema.org","@graph":[{"@type":"WebPage","@id":"https:\/\/www.diocesitn.it\/seminario\/2024\/05\/29\/il-triduo-pasquale-in-duomo-a-trento\/","url":"https:\/\/www.diocesitn.it\/seminario\/2024\/05\/29\/il-triduo-pasquale-in-duomo-a-trento\/","name":"Il Triduo Pasquale in Duomo a Trento - Seminario Maggiore Arcivescovile","isPartOf":{"@id":"https:\/\/www.diocesitn.it\/seminario\/#website"},"primaryImageOfPage":{"@id":"https:\/\/www.diocesitn.it\/seminario\/2024\/05\/29\/il-triduo-pasquale-in-duomo-a-trento\/#primaryimage"},"image":{"@id":"https:\/\/www.diocesitn.it\/seminario\/2024\/05\/29\/il-triduo-pasquale-in-duomo-a-trento\/#primaryimage"},"thumbnailUrl":"https:\/\/www.diocesitn.it\/seminario\/wp-content\/uploads\/sites\/41\/2024\/05\/pag6-7_Triduo_Foto2.jpeg","datePublished":"2024-05-29T14:22:41+00:00","dateModified":"2024-05-29T14:28:18+00:00","author":{"@id":"https:\/\/www.diocesitn.it\/seminario\/#\/schema\/person\/fe751b4cf044b25d6ad3f1991d9b6d54"},"breadcrumb":{"@id":"https:\/\/www.diocesitn.it\/seminario\/2024\/05\/29\/il-triduo-pasquale-in-duomo-a-trento\/#breadcrumb"},"inLanguage":"it-IT","potentialAction":[{"@type":"ReadAction","target":["https:\/\/www.diocesitn.it\/seminario\/2024\/05\/29\/il-triduo-pasquale-in-duomo-a-trento\/"]}]},{"@type":"ImageObject","inLanguage":"it-IT","@id":"https:\/\/www.diocesitn.it\/seminario\/2024\/05\/29\/il-triduo-pasquale-in-duomo-a-trento\/#primaryimage","url":"https:\/\/www.diocesitn.it\/seminario\/wp-content\/uploads\/sites\/41\/2024\/05\/pag6-7_Triduo_Foto2.jpeg","contentUrl":"https:\/\/www.diocesitn.it\/seminario\/wp-content\/uploads\/sites\/41\/2024\/05\/pag6-7_Triduo_Foto2.jpeg","width":1536,"height":1115},{"@type":"BreadcrumbList","@id":"https:\/\/www.diocesitn.it\/seminario\/2024\/05\/29\/il-triduo-pasquale-in-duomo-a-trento\/#breadcrumb","itemListElement":[{"@type":"ListItem","position":1,"name":"Home","item":"https:\/\/www.diocesitn.it\/seminario\/"},{"@type":"ListItem","position":2,"name":"Il Triduo Pasquale in Duomo a Trento"}]},{"@type":"WebSite","@id":"https:\/\/www.diocesitn.it\/seminario\/#website","url":"https:\/\/www.diocesitn.it\/seminario\/","name":"Seminario Maggiore Arcivescovile","description":"Chiesa di Trento","potentialAction":[{"@type":"SearchAction","target":{"@type":"EntryPoint","urlTemplate":"https:\/\/www.diocesitn.it\/seminario\/?s={search_term_string}"},"query-input":"required name=search_term_string"}],"inLanguage":"it-IT"},{"@type":"ImageObject","inLanguage":"it-IT","@id":"https:\/\/www.diocesitn.it\/seminario\/2024\/05\/29\/il-triduo-pasquale-in-duomo-a-trento\/#local-main-organization-logo","url":"","contentUrl":"","caption":"Seminario Maggiore Arcivescovile - Chiesa di Trento"}]}},"_links":{"self":[{"href":"https:\/\/www.diocesitn.it\/seminario\/wp-json\/wp\/v2\/posts\/929","targetHints":{"allow":["GET"]}}],"collection":[{"href":"https:\/\/www.diocesitn.it\/seminario\/wp-json\/wp\/v2\/posts"}],"about":[{"href":"https:\/\/www.diocesitn.it\/seminario\/wp-json\/wp\/v2\/types\/post"}],"author":[{"embeddable":true,"href":"https:\/\/www.diocesitn.it\/seminario\/wp-json\/wp\/v2\/users\/172"}],"replies":[{"embeddable":true,"href":"https:\/\/www.diocesitn.it\/seminario\/wp-json\/wp\/v2\/comments?post=929"}],"version-history":[{"count":2,"href":"https:\/\/www.diocesitn.it\/seminario\/wp-json\/wp\/v2\/posts\/929\/revisions"}],"predecessor-version":[{"id":938,"href":"https:\/\/www.diocesitn.it\/seminario\/wp-json\/wp\/v2\/posts\/929\/revisions\/938"}],"wp:featuredmedia":[{"embeddable":true,"href":"https:\/\/www.diocesitn.it\/seminario\/wp-json\/wp\/v2\/media\/931"}],"wp:attachment":[{"href":"https:\/\/www.diocesitn.it\/seminario\/wp-json\/wp\/v2\/media?parent=929"}],"wp:term":[{"taxonomy":"category","embeddable":true,"href":"https:\/\/www.diocesitn.it\/seminario\/wp-json\/wp\/v2\/categories?post=929"},{"taxonomy":"post_tag","embeddable":true,"href":"https:\/\/www.diocesitn.it\/seminario\/wp-json\/wp\/v2\/tags?post=929"}],"curies":[{"name":"wp","href":"https:\/\/api.w.org\/{rel}","templated":true}]}}