{"id":904,"date":"2024-03-01T12:43:32","date_gmt":"2024-03-01T11:43:32","guid":{"rendered":"https:\/\/www.diocesitn.it\/seminario\/?p=904"},"modified":"2024-03-01T12:43:42","modified_gmt":"2024-03-01T11:43:42","slug":"una-cosa-grande","status":"publish","type":"post","link":"https:\/\/www.diocesitn.it\/seminario\/2024\/03\/01\/una-cosa-grande\/","title":{"rendered":"Una cosa Grande\u2026"},"content":{"rendered":"<p>Facciamo un gioco! Immagina una casa: una casa grande, spaziosa, sempre aperta, a qualsiasi ora del giorno, tutti i giorni dell\u2019anno. Non importa chi tu sia, il tuo passato, le tue scelte, il tuo credo: in questa casa c\u2019\u00e8 posto anche per te. Perch\u00e9 un posto sia accogliente, ci servono delle persone\u2026<br \/>\nBene, aggiungi tanti giovani, ragazzi, bambini e anche adulti. Ma non gli adulti nostalgici che ti raccontano che \u201cera meglio quando si stava peggio\u201d oppure che \u201cla musica di prima era musica!\u201d: adulti che sperano e lottano perch\u00e9 il futuro sia migliore, senza guerre, in cui la pace e la fratellanza si intrecciano tra loro per generare il filo rosso che unisce le nostre vite. Ecco, ci sei? Riesci a immaginartela? Bene, procediamo. Siccome tu in questa casa ci stai bene, perch\u00e9 ti senti amato e<br \/>\naccolto per quello che sei, inizi a pensare: come sarebbe bello se anche io potessi ritornare qui per far stare bene la prossima persona che vi busser\u00e0! Come sarebbe bello se anche lei provasse quello che sto vivendo io! E cos\u00ec inizi a capire che mettendo in gioco i doni che hai puoi fare del bene\u2026 e che questo bene potr\u00e0 contagiare qualcuno, e poi qualcun altro, fino a raggiungere il mondo intero!<br \/>\nQuesta casa, per\u00f2, non abita solo la mia fantasia\u2026 esiste avvero! \u00c8 la casa in cui vivo da novembre e che mi accoglier\u00e0 ancora per un po\u2019 di mesi. Si chiama \u201cArsenale della Pace\u201d, si trova a Torino ed \u00e8 gestita dal Sermig, ovvero il \u201cServizio Missionario Giovani\u201d. Ogni giornata \u00e8 scandita dal servizio a 360 gradi, dalla spiritualit\u00e0 e dalla condivisione con tanti giovani (ma non solo) che, come me,<br \/>\nhanno offerto tempo e disponibilit\u00e0 per le necessit\u00e0 dei poveri, sia della citt\u00e0 che delle terre di missione. I servizi che svolgiamo spaziano dal doposcuola per i bambini del quartiere, alla scuola di italiano per stranieri, allo smistamento della tonnellata di beni materiali che ogni giorno vengono portati alla porta dell\u2019Arsenale, alla pulizia della struttura, alla gestione dei dormitori\u2026 La maggior<br \/>\nparte delle attivit\u00e0 funziona grazie al tempo donato dai volontari. Questo luogo mi sta lavorando interiormente e mi sta facendo comprendere cosa significhi vivere nel concreto il Vangelo: preghiera, fraternit\u00e0, umanit\u00e0 e servizio. Una vita cos\u00ec piena merita di essere vissuta!<\/p>\n<p>Federico Mattivi<\/p>\n<p>&nbsp;<\/p>\n<p><img loading=\"lazy\" decoding=\"async\" class=\"alignnone wp-image-906 size-large\" src=\"https:\/\/www.diocesitn.it\/seminario\/wp-content\/uploads\/sites\/41\/2024\/03\/pag6-7_Sermig_Foto2-1024x681.jpeg\" alt=\"\" width=\"800\" height=\"532\" srcset=\"https:\/\/www.diocesitn.it\/seminario\/wp-content\/uploads\/sites\/41\/2024\/03\/pag6-7_Sermig_Foto2-1024x681.jpeg 1024w, https:\/\/www.diocesitn.it\/seminario\/wp-content\/uploads\/sites\/41\/2024\/03\/pag6-7_Sermig_Foto2-300x199.jpeg 300w, https:\/\/www.diocesitn.it\/seminario\/wp-content\/uploads\/sites\/41\/2024\/03\/pag6-7_Sermig_Foto2-768x511.jpeg 768w, https:\/\/www.diocesitn.it\/seminario\/wp-content\/uploads\/sites\/41\/2024\/03\/pag6-7_Sermig_Foto2-360x239.jpeg 360w, https:\/\/www.diocesitn.it\/seminario\/wp-content\/uploads\/sites\/41\/2024\/03\/pag6-7_Sermig_Foto2-1536x1021.jpeg 1536w, https:\/\/www.diocesitn.it\/seminario\/wp-content\/uploads\/sites\/41\/2024\/03\/pag6-7_Sermig_Foto2-2048x1362.jpeg 2048w, https:\/\/www.diocesitn.it\/seminario\/wp-content\/uploads\/sites\/41\/2024\/03\/pag6-7_Sermig_Foto2-800x532.jpeg 800w, https:\/\/www.diocesitn.it\/seminario\/wp-content\/uploads\/sites\/41\/2024\/03\/pag6-7_Sermig_Foto2-1200x798.jpeg 1200w, https:\/\/www.diocesitn.it\/seminario\/wp-content\/uploads\/sites\/41\/2024\/03\/pag6-7_Sermig_Foto2-272x182.jpeg 272w\" sizes=\"auto, (max-width: 800px) 100vw, 800px\" \/><\/p>\n","protected":false},"excerpt":{"rendered":"<p>Facciamo un gioco! Immagina una casa: una casa grande, spaziosa, sempre aperta, a qualsiasi ora del giorno, tutti i giorni dell\u2019anno. Non importa chi tu sia, il tuo passato, le tue scelte, il tuo credo:<\/p>\n","protected":false},"author":172,"featured_media":905,"comment_status":"closed","ping_status":"closed","sticky":false,"template":"","format":"standard","meta":{"footnotes":""},"categories":[176],"tags":[],"class_list":["post-904","post","type-post","status-publish","format-standard","has-post-thumbnail","hentry","category-notizie"],"acf":{"seed-localization-paese-cod":"IT","seed-localization-address":"","seed-localization-citta":"Trento","seed-localization-regione-cod-istat":"04","seed-localization-citta-cod-istat":"022205","seed-localization-localita":"","seed-localization-cap":"","seed-localization-marker-visibility":false,"seed-localization-children-visibility":false,"seed-localization-kml":"","seed-localization-custom-marker":""},"yoast_head":"<!-- This site is optimized with the Yoast SEO Premium plugin v20.2.1 (Yoast SEO v22.2) - https:\/\/yoast.com\/wordpress\/plugins\/seo\/ -->\n<title>Una cosa Grande\u2026 - Seminario Maggiore Arcivescovile<\/title>\n<meta name=\"robots\" content=\"index, follow, max-snippet:-1, max-image-preview:large, max-video-preview:-1\" \/>\n<link rel=\"canonical\" href=\"https:\/\/www.diocesitn.it\/seminario\/2024\/03\/01\/una-cosa-grande\/\" \/>\n<meta property=\"og:locale\" content=\"it_IT\" \/>\n<meta property=\"og:type\" content=\"article\" \/>\n<meta property=\"og:title\" content=\"Una cosa Grande\u2026\" \/>\n<meta property=\"og:description\" content=\"Facciamo un gioco! Immagina una casa: una casa grande, spaziosa, sempre aperta, a qualsiasi ora del giorno, tutti i giorni dell\u2019anno. Non importa chi tu sia, il tuo passato, le tue scelte, il tuo credo:\" \/>\n<meta property=\"og:url\" content=\"https:\/\/www.diocesitn.it\/seminario\/2024\/03\/01\/una-cosa-grande\/\" \/>\n<meta property=\"og:site_name\" content=\"Seminario Maggiore Arcivescovile\" \/>\n<meta property=\"article:publisher\" content=\"https:\/\/www.facebook.com\/seminariotrento\/\" \/>\n<meta property=\"article:published_time\" content=\"2024-03-01T11:43:32+00:00\" \/>\n<meta property=\"article:modified_time\" content=\"2024-03-01T11:43:42+00:00\" \/>\n<meta property=\"og:image\" content=\"https:\/\/www.diocesitn.it\/seminario\/wp-content\/uploads\/sites\/41\/2024\/03\/pag6-7_Sermig_Foto1-scaled.jpeg\" \/>\n\t<meta property=\"og:image:width\" content=\"2560\" \/>\n\t<meta property=\"og:image:height\" content=\"1920\" \/>\n\t<meta property=\"og:image:type\" content=\"image\/jpeg\" \/>\n<meta name=\"author\" content=\"seminaristitrento\" \/>\n<meta name=\"twitter:card\" content=\"summary_large_image\" \/>\n<meta name=\"twitter:label1\" content=\"Scritto da\" \/>\n\t<meta name=\"twitter:data1\" content=\"seminaristitrento\" \/>\n\t<meta name=\"twitter:label2\" content=\"Tempo di lettura stimato\" \/>\n\t<meta name=\"twitter:data2\" content=\"3 minuti\" \/>\n<script type=\"application\/ld+json\" class=\"yoast-schema-graph\">{\"@context\":\"https:\/\/schema.org\",\"@graph\":[{\"@type\":\"WebPage\",\"@id\":\"https:\/\/www.diocesitn.it\/seminario\/2024\/03\/01\/una-cosa-grande\/\",\"url\":\"https:\/\/www.diocesitn.it\/seminario\/2024\/03\/01\/una-cosa-grande\/\",\"name\":\"Una cosa Grande\u2026 - Seminario Maggiore Arcivescovile\",\"isPartOf\":{\"@id\":\"https:\/\/www.diocesitn.it\/seminario\/#website\"},\"primaryImageOfPage\":{\"@id\":\"https:\/\/www.diocesitn.it\/seminario\/2024\/03\/01\/una-cosa-grande\/#primaryimage\"},\"image\":{\"@id\":\"https:\/\/www.diocesitn.it\/seminario\/2024\/03\/01\/una-cosa-grande\/#primaryimage\"},\"thumbnailUrl\":\"https:\/\/www.diocesitn.it\/seminario\/wp-content\/uploads\/sites\/41\/2024\/03\/pag6-7_Sermig_Foto1-scaled.jpeg\",\"datePublished\":\"2024-03-01T11:43:32+00:00\",\"dateModified\":\"2024-03-01T11:43:42+00:00\",\"author\":{\"@id\":\"https:\/\/www.diocesitn.it\/seminario\/#\/schema\/person\/fe751b4cf044b25d6ad3f1991d9b6d54\"},\"breadcrumb\":{\"@id\":\"https:\/\/www.diocesitn.it\/seminario\/2024\/03\/01\/una-cosa-grande\/#breadcrumb\"},\"inLanguage\":\"it-IT\",\"potentialAction\":[{\"@type\":\"ReadAction\",\"target\":[\"https:\/\/www.diocesitn.it\/seminario\/2024\/03\/01\/una-cosa-grande\/\"]}]},{\"@type\":\"ImageObject\",\"inLanguage\":\"it-IT\",\"@id\":\"https:\/\/www.diocesitn.it\/seminario\/2024\/03\/01\/una-cosa-grande\/#primaryimage\",\"url\":\"https:\/\/www.diocesitn.it\/seminario\/wp-content\/uploads\/sites\/41\/2024\/03\/pag6-7_Sermig_Foto1-scaled.jpeg\",\"contentUrl\":\"https:\/\/www.diocesitn.it\/seminario\/wp-content\/uploads\/sites\/41\/2024\/03\/pag6-7_Sermig_Foto1-scaled.jpeg\",\"width\":2560,\"height\":1920},{\"@type\":\"BreadcrumbList\",\"@id\":\"https:\/\/www.diocesitn.it\/seminario\/2024\/03\/01\/una-cosa-grande\/#breadcrumb\",\"itemListElement\":[{\"@type\":\"ListItem\",\"position\":1,\"name\":\"Home\",\"item\":\"https:\/\/www.diocesitn.it\/seminario\/\"},{\"@type\":\"ListItem\",\"position\":2,\"name\":\"Una cosa Grande\u2026\"}]},{\"@type\":\"WebSite\",\"@id\":\"https:\/\/www.diocesitn.it\/seminario\/#website\",\"url\":\"https:\/\/www.diocesitn.it\/seminario\/\",\"name\":\"Seminario Maggiore Arcivescovile\",\"description\":\"Chiesa di Trento\",\"potentialAction\":[{\"@type\":\"SearchAction\",\"target\":{\"@type\":\"EntryPoint\",\"urlTemplate\":\"https:\/\/www.diocesitn.it\/seminario\/?s={search_term_string}\"},\"query-input\":\"required name=search_term_string\"}],\"inLanguage\":\"it-IT\"},{\"@type\":\"ImageObject\",\"inLanguage\":\"it-IT\",\"@id\":\"https:\/\/www.diocesitn.it\/seminario\/2024\/03\/01\/una-cosa-grande\/#local-main-organization-logo\",\"url\":\"\",\"contentUrl\":\"\",\"caption\":\"Seminario Maggiore Arcivescovile - Chiesa di Trento\"}]}<\/script>\n<!-- \/ Yoast SEO Premium plugin. -->","yoast_head_json":{"title":"Una cosa Grande\u2026 - Seminario Maggiore Arcivescovile","robots":{"index":"index","follow":"follow","max-snippet":"max-snippet:-1","max-image-preview":"max-image-preview:large","max-video-preview":"max-video-preview:-1"},"canonical":"https:\/\/www.diocesitn.it\/seminario\/2024\/03\/01\/una-cosa-grande\/","og_locale":"it_IT","og_type":"article","og_title":"Una cosa Grande\u2026","og_description":"Facciamo un gioco! Immagina una casa: una casa grande, spaziosa, sempre aperta, a qualsiasi ora del giorno, tutti i giorni dell\u2019anno. Non importa chi tu sia, il tuo passato, le tue scelte, il tuo credo:","og_url":"https:\/\/www.diocesitn.it\/seminario\/2024\/03\/01\/una-cosa-grande\/","og_site_name":"Seminario Maggiore Arcivescovile","article_publisher":"https:\/\/www.facebook.com\/seminariotrento\/","article_published_time":"2024-03-01T11:43:32+00:00","article_modified_time":"2024-03-01T11:43:42+00:00","og_image":[{"width":2560,"height":1920,"url":"https:\/\/www.diocesitn.it\/seminario\/wp-content\/uploads\/sites\/41\/2024\/03\/pag6-7_Sermig_Foto1-scaled.jpeg","type":"image\/jpeg"}],"author":"seminaristitrento","twitter_card":"summary_large_image","twitter_misc":{"Scritto da":"seminaristitrento","Tempo di lettura stimato":"3 minuti"},"schema":{"@context":"https:\/\/schema.org","@graph":[{"@type":"WebPage","@id":"https:\/\/www.diocesitn.it\/seminario\/2024\/03\/01\/una-cosa-grande\/","url":"https:\/\/www.diocesitn.it\/seminario\/2024\/03\/01\/una-cosa-grande\/","name":"Una cosa Grande\u2026 - Seminario Maggiore Arcivescovile","isPartOf":{"@id":"https:\/\/www.diocesitn.it\/seminario\/#website"},"primaryImageOfPage":{"@id":"https:\/\/www.diocesitn.it\/seminario\/2024\/03\/01\/una-cosa-grande\/#primaryimage"},"image":{"@id":"https:\/\/www.diocesitn.it\/seminario\/2024\/03\/01\/una-cosa-grande\/#primaryimage"},"thumbnailUrl":"https:\/\/www.diocesitn.it\/seminario\/wp-content\/uploads\/sites\/41\/2024\/03\/pag6-7_Sermig_Foto1-scaled.jpeg","datePublished":"2024-03-01T11:43:32+00:00","dateModified":"2024-03-01T11:43:42+00:00","author":{"@id":"https:\/\/www.diocesitn.it\/seminario\/#\/schema\/person\/fe751b4cf044b25d6ad3f1991d9b6d54"},"breadcrumb":{"@id":"https:\/\/www.diocesitn.it\/seminario\/2024\/03\/01\/una-cosa-grande\/#breadcrumb"},"inLanguage":"it-IT","potentialAction":[{"@type":"ReadAction","target":["https:\/\/www.diocesitn.it\/seminario\/2024\/03\/01\/una-cosa-grande\/"]}]},{"@type":"ImageObject","inLanguage":"it-IT","@id":"https:\/\/www.diocesitn.it\/seminario\/2024\/03\/01\/una-cosa-grande\/#primaryimage","url":"https:\/\/www.diocesitn.it\/seminario\/wp-content\/uploads\/sites\/41\/2024\/03\/pag6-7_Sermig_Foto1-scaled.jpeg","contentUrl":"https:\/\/www.diocesitn.it\/seminario\/wp-content\/uploads\/sites\/41\/2024\/03\/pag6-7_Sermig_Foto1-scaled.jpeg","width":2560,"height":1920},{"@type":"BreadcrumbList","@id":"https:\/\/www.diocesitn.it\/seminario\/2024\/03\/01\/una-cosa-grande\/#breadcrumb","itemListElement":[{"@type":"ListItem","position":1,"name":"Home","item":"https:\/\/www.diocesitn.it\/seminario\/"},{"@type":"ListItem","position":2,"name":"Una cosa Grande\u2026"}]},{"@type":"WebSite","@id":"https:\/\/www.diocesitn.it\/seminario\/#website","url":"https:\/\/www.diocesitn.it\/seminario\/","name":"Seminario Maggiore Arcivescovile","description":"Chiesa di Trento","potentialAction":[{"@type":"SearchAction","target":{"@type":"EntryPoint","urlTemplate":"https:\/\/www.diocesitn.it\/seminario\/?s={search_term_string}"},"query-input":"required name=search_term_string"}],"inLanguage":"it-IT"},{"@type":"ImageObject","inLanguage":"it-IT","@id":"https:\/\/www.diocesitn.it\/seminario\/2024\/03\/01\/una-cosa-grande\/#local-main-organization-logo","url":"","contentUrl":"","caption":"Seminario Maggiore Arcivescovile - Chiesa di Trento"}]}},"_links":{"self":[{"href":"https:\/\/www.diocesitn.it\/seminario\/wp-json\/wp\/v2\/posts\/904","targetHints":{"allow":["GET"]}}],"collection":[{"href":"https:\/\/www.diocesitn.it\/seminario\/wp-json\/wp\/v2\/posts"}],"about":[{"href":"https:\/\/www.diocesitn.it\/seminario\/wp-json\/wp\/v2\/types\/post"}],"author":[{"embeddable":true,"href":"https:\/\/www.diocesitn.it\/seminario\/wp-json\/wp\/v2\/users\/172"}],"replies":[{"embeddable":true,"href":"https:\/\/www.diocesitn.it\/seminario\/wp-json\/wp\/v2\/comments?post=904"}],"version-history":[{"count":1,"href":"https:\/\/www.diocesitn.it\/seminario\/wp-json\/wp\/v2\/posts\/904\/revisions"}],"predecessor-version":[{"id":907,"href":"https:\/\/www.diocesitn.it\/seminario\/wp-json\/wp\/v2\/posts\/904\/revisions\/907"}],"wp:featuredmedia":[{"embeddable":true,"href":"https:\/\/www.diocesitn.it\/seminario\/wp-json\/wp\/v2\/media\/905"}],"wp:attachment":[{"href":"https:\/\/www.diocesitn.it\/seminario\/wp-json\/wp\/v2\/media?parent=904"}],"wp:term":[{"taxonomy":"category","embeddable":true,"href":"https:\/\/www.diocesitn.it\/seminario\/wp-json\/wp\/v2\/categories?post=904"},{"taxonomy":"post_tag","embeddable":true,"href":"https:\/\/www.diocesitn.it\/seminario\/wp-json\/wp\/v2\/tags?post=904"}],"curies":[{"name":"wp","href":"https:\/\/api.w.org\/{rel}","templated":true}]}}