{"id":899,"date":"2024-03-01T12:40:09","date_gmt":"2024-03-01T11:40:09","guid":{"rendered":"https:\/\/www.diocesitn.it\/seminario\/?p=899"},"modified":"2024-03-01T12:40:45","modified_gmt":"2024-03-01T11:40:45","slug":"cinema-unemozione","status":"publish","type":"post","link":"https:\/\/www.diocesitn.it\/seminario\/2024\/03\/01\/cinema-unemozione\/","title":{"rendered":"Cinema: un&#8217; emozione!"},"content":{"rendered":"<p>Con la novit\u00e0 introdotta quest\u2019anno nei numeri di questo giornalino, ovvero di focalizzarsi sulle parrocchie di esperienza di noi seminaristi, la redazione ha pensato per la rubrica nella quale sto scrivendo di proporre uno spazio dove il seminarista assegnato alla comunit\u00e0 presa in esame possa raccontare una sua passione. Iniziando con le comunit\u00e0 dell\u2019Argentario, mi ritrovo allora a descrivervi come per me il cinema sia una grande fonte di relax, di riflessione e di emozione.<br \/>\nInnanzitutto, ci sono poche cose che mi rilassano e mi fanno riposare come guardare un bel film e anche se magari devo fare molta attenzione, provo sempre alla fine della visione un senso di buon umore e di distensione. Nel cinema poi trovo spesso e volentieri motivo di riflessione, in quanto le vicende narrate e il come sono raccontate mi coinvolgono molto pi\u00f9 rispetto ad altre forme di<br \/>\nnarrativa come la letteratura o il fumetto (altra grande mia passione per altro). Infatti credo che la possibilit\u00e0 data dai film di poter vedere le storie prendere vita davanti a noi sia unica e mi stupisce sempre come in due ore (in media) ci vengano proiettate negli occhi e nelle orecchie vicende che riescono a meravigliare, commuovere, terrorizzare, indignare, rallegrare, gioire e moltissime altre<br \/>\nsensazioni sempre nuove, almeno per me. E quindi il cinema \u00e8 un\u2019emozione continua, diversa per ogni pellicola che si ha l\u2019occasione di vedere. Difatti mi piace pensare la \u201csettima arte\u201d come un aiuto di cui possiamo godere per scoprire dentro di noi sentimenti e emozioni che magari non sapevamo nemmeno di poter provare e quindi un ausilio per conoscere ancora di pi\u00f9 noi stessi o<br \/>\nperlomeno ci\u00f2 che ci abita. Per questo motivo termino con la definizione di cinema pi\u00f9 bella che ho trovato (anche se sono di parte perch\u00e9 \u00e8 del mio regista preferito, Stanley Kubrick): \u201cun film \u00e8, o dovrebbe essere, pi\u00f9 simile alla musica che non alla fiction. Dovrebbe essere una progressione di stati d\u2019animo e sentimenti. Il tema, ci\u00f2 che \u00e8 dietro all\u2019emozione, il significato: tutto viene dopo\u201d.<\/p>\n<p>Sebastiano Spagnolli<\/p>\n<p>&nbsp;<\/p>\n","protected":false},"excerpt":{"rendered":"<p>Con la novit\u00e0 introdotta quest\u2019anno nei numeri di questo giornalino, ovvero di focalizzarsi sulle parrocchie di esperienza di noi seminaristi, la redazione ha pensato per la rubrica nella quale sto scrivendo di proporre uno spazio<\/p>\n","protected":false},"author":172,"featured_media":900,"comment_status":"closed","ping_status":"closed","sticky":false,"template":"","format":"standard","meta":{"footnotes":""},"categories":[176],"tags":[],"class_list":["post-899","post","type-post","status-publish","format-standard","has-post-thumbnail","hentry","category-notizie"],"acf":{"seed-localization-paese-cod":"IT","seed-localization-address":"","seed-localization-citta":"Trento","seed-localization-regione-cod-istat":"04","seed-localization-citta-cod-istat":"022205","seed-localization-localita":"","seed-localization-cap":"","seed-localization-marker-visibility":false,"seed-localization-children-visibility":false,"seed-localization-kml":"","seed-localization-custom-marker":""},"yoast_head":"<!-- This site is optimized with the Yoast SEO Premium plugin v20.2.1 (Yoast SEO v22.2) - https:\/\/yoast.com\/wordpress\/plugins\/seo\/ -->\n<title>Cinema: un&#039; emozione! - Seminario Maggiore Arcivescovile<\/title>\n<meta name=\"robots\" content=\"index, follow, max-snippet:-1, max-image-preview:large, max-video-preview:-1\" \/>\n<link rel=\"canonical\" href=\"https:\/\/www.diocesitn.it\/seminario\/2024\/03\/01\/cinema-unemozione\/\" \/>\n<meta property=\"og:locale\" content=\"it_IT\" \/>\n<meta property=\"og:type\" content=\"article\" \/>\n<meta property=\"og:title\" content=\"Cinema: un&#039; emozione!\" \/>\n<meta property=\"og:description\" content=\"Con la novit\u00e0 introdotta quest\u2019anno nei numeri di questo giornalino, ovvero di focalizzarsi sulle parrocchie di esperienza di noi seminaristi, la redazione ha pensato per la rubrica nella quale sto scrivendo di proporre uno spazio\" \/>\n<meta property=\"og:url\" content=\"https:\/\/www.diocesitn.it\/seminario\/2024\/03\/01\/cinema-unemozione\/\" \/>\n<meta property=\"og:site_name\" content=\"Seminario Maggiore Arcivescovile\" \/>\n<meta property=\"article:publisher\" content=\"https:\/\/www.facebook.com\/seminariotrento\/\" \/>\n<meta property=\"article:published_time\" content=\"2024-03-01T11:40:09+00:00\" \/>\n<meta property=\"article:modified_time\" content=\"2024-03-01T11:40:45+00:00\" \/>\n<meta property=\"og:image\" content=\"https:\/\/www.diocesitn.it\/seminario\/wp-content\/uploads\/sites\/41\/2024\/03\/jake-hills-23LET4Hxj_U-unsplash-scaled.jpeg\" \/>\n\t<meta property=\"og:image:width\" content=\"2560\" \/>\n\t<meta property=\"og:image:height\" content=\"1707\" \/>\n\t<meta property=\"og:image:type\" content=\"image\/jpeg\" \/>\n<meta name=\"author\" content=\"seminaristitrento\" \/>\n<meta name=\"twitter:card\" content=\"summary_large_image\" \/>\n<meta name=\"twitter:label1\" content=\"Scritto da\" \/>\n\t<meta name=\"twitter:data1\" content=\"seminaristitrento\" \/>\n\t<meta name=\"twitter:label2\" content=\"Tempo di lettura stimato\" \/>\n\t<meta name=\"twitter:data2\" content=\"2 minuti\" \/>\n<script type=\"application\/ld+json\" class=\"yoast-schema-graph\">{\"@context\":\"https:\/\/schema.org\",\"@graph\":[{\"@type\":\"WebPage\",\"@id\":\"https:\/\/www.diocesitn.it\/seminario\/2024\/03\/01\/cinema-unemozione\/\",\"url\":\"https:\/\/www.diocesitn.it\/seminario\/2024\/03\/01\/cinema-unemozione\/\",\"name\":\"Cinema: un' emozione! - Seminario Maggiore Arcivescovile\",\"isPartOf\":{\"@id\":\"https:\/\/www.diocesitn.it\/seminario\/#website\"},\"primaryImageOfPage\":{\"@id\":\"https:\/\/www.diocesitn.it\/seminario\/2024\/03\/01\/cinema-unemozione\/#primaryimage\"},\"image\":{\"@id\":\"https:\/\/www.diocesitn.it\/seminario\/2024\/03\/01\/cinema-unemozione\/#primaryimage\"},\"thumbnailUrl\":\"https:\/\/www.diocesitn.it\/seminario\/wp-content\/uploads\/sites\/41\/2024\/03\/jake-hills-23LET4Hxj_U-unsplash-scaled.jpeg\",\"datePublished\":\"2024-03-01T11:40:09+00:00\",\"dateModified\":\"2024-03-01T11:40:45+00:00\",\"author\":{\"@id\":\"https:\/\/www.diocesitn.it\/seminario\/#\/schema\/person\/fe751b4cf044b25d6ad3f1991d9b6d54\"},\"breadcrumb\":{\"@id\":\"https:\/\/www.diocesitn.it\/seminario\/2024\/03\/01\/cinema-unemozione\/#breadcrumb\"},\"inLanguage\":\"it-IT\",\"potentialAction\":[{\"@type\":\"ReadAction\",\"target\":[\"https:\/\/www.diocesitn.it\/seminario\/2024\/03\/01\/cinema-unemozione\/\"]}]},{\"@type\":\"ImageObject\",\"inLanguage\":\"it-IT\",\"@id\":\"https:\/\/www.diocesitn.it\/seminario\/2024\/03\/01\/cinema-unemozione\/#primaryimage\",\"url\":\"https:\/\/www.diocesitn.it\/seminario\/wp-content\/uploads\/sites\/41\/2024\/03\/jake-hills-23LET4Hxj_U-unsplash-scaled.jpeg\",\"contentUrl\":\"https:\/\/www.diocesitn.it\/seminario\/wp-content\/uploads\/sites\/41\/2024\/03\/jake-hills-23LET4Hxj_U-unsplash-scaled.jpeg\",\"width\":2560,\"height\":1707},{\"@type\":\"BreadcrumbList\",\"@id\":\"https:\/\/www.diocesitn.it\/seminario\/2024\/03\/01\/cinema-unemozione\/#breadcrumb\",\"itemListElement\":[{\"@type\":\"ListItem\",\"position\":1,\"name\":\"Home\",\"item\":\"https:\/\/www.diocesitn.it\/seminario\/\"},{\"@type\":\"ListItem\",\"position\":2,\"name\":\"Cinema: un&#8217; emozione!\"}]},{\"@type\":\"WebSite\",\"@id\":\"https:\/\/www.diocesitn.it\/seminario\/#website\",\"url\":\"https:\/\/www.diocesitn.it\/seminario\/\",\"name\":\"Seminario Maggiore Arcivescovile\",\"description\":\"Chiesa di Trento\",\"potentialAction\":[{\"@type\":\"SearchAction\",\"target\":{\"@type\":\"EntryPoint\",\"urlTemplate\":\"https:\/\/www.diocesitn.it\/seminario\/?s={search_term_string}\"},\"query-input\":\"required name=search_term_string\"}],\"inLanguage\":\"it-IT\"},{\"@type\":\"ImageObject\",\"inLanguage\":\"it-IT\",\"@id\":\"https:\/\/www.diocesitn.it\/seminario\/2024\/03\/01\/cinema-unemozione\/#local-main-organization-logo\",\"url\":\"\",\"contentUrl\":\"\",\"caption\":\"Seminario Maggiore Arcivescovile - Chiesa di Trento\"}]}<\/script>\n<!-- \/ Yoast SEO Premium plugin. -->","yoast_head_json":{"title":"Cinema: un' emozione! - Seminario Maggiore Arcivescovile","robots":{"index":"index","follow":"follow","max-snippet":"max-snippet:-1","max-image-preview":"max-image-preview:large","max-video-preview":"max-video-preview:-1"},"canonical":"https:\/\/www.diocesitn.it\/seminario\/2024\/03\/01\/cinema-unemozione\/","og_locale":"it_IT","og_type":"article","og_title":"Cinema: un' emozione!","og_description":"Con la novit\u00e0 introdotta quest\u2019anno nei numeri di questo giornalino, ovvero di focalizzarsi sulle parrocchie di esperienza di noi seminaristi, la redazione ha pensato per la rubrica nella quale sto scrivendo di proporre uno spazio","og_url":"https:\/\/www.diocesitn.it\/seminario\/2024\/03\/01\/cinema-unemozione\/","og_site_name":"Seminario Maggiore Arcivescovile","article_publisher":"https:\/\/www.facebook.com\/seminariotrento\/","article_published_time":"2024-03-01T11:40:09+00:00","article_modified_time":"2024-03-01T11:40:45+00:00","og_image":[{"width":2560,"height":1707,"url":"https:\/\/www.diocesitn.it\/seminario\/wp-content\/uploads\/sites\/41\/2024\/03\/jake-hills-23LET4Hxj_U-unsplash-scaled.jpeg","type":"image\/jpeg"}],"author":"seminaristitrento","twitter_card":"summary_large_image","twitter_misc":{"Scritto da":"seminaristitrento","Tempo di lettura stimato":"2 minuti"},"schema":{"@context":"https:\/\/schema.org","@graph":[{"@type":"WebPage","@id":"https:\/\/www.diocesitn.it\/seminario\/2024\/03\/01\/cinema-unemozione\/","url":"https:\/\/www.diocesitn.it\/seminario\/2024\/03\/01\/cinema-unemozione\/","name":"Cinema: un' emozione! - Seminario Maggiore Arcivescovile","isPartOf":{"@id":"https:\/\/www.diocesitn.it\/seminario\/#website"},"primaryImageOfPage":{"@id":"https:\/\/www.diocesitn.it\/seminario\/2024\/03\/01\/cinema-unemozione\/#primaryimage"},"image":{"@id":"https:\/\/www.diocesitn.it\/seminario\/2024\/03\/01\/cinema-unemozione\/#primaryimage"},"thumbnailUrl":"https:\/\/www.diocesitn.it\/seminario\/wp-content\/uploads\/sites\/41\/2024\/03\/jake-hills-23LET4Hxj_U-unsplash-scaled.jpeg","datePublished":"2024-03-01T11:40:09+00:00","dateModified":"2024-03-01T11:40:45+00:00","author":{"@id":"https:\/\/www.diocesitn.it\/seminario\/#\/schema\/person\/fe751b4cf044b25d6ad3f1991d9b6d54"},"breadcrumb":{"@id":"https:\/\/www.diocesitn.it\/seminario\/2024\/03\/01\/cinema-unemozione\/#breadcrumb"},"inLanguage":"it-IT","potentialAction":[{"@type":"ReadAction","target":["https:\/\/www.diocesitn.it\/seminario\/2024\/03\/01\/cinema-unemozione\/"]}]},{"@type":"ImageObject","inLanguage":"it-IT","@id":"https:\/\/www.diocesitn.it\/seminario\/2024\/03\/01\/cinema-unemozione\/#primaryimage","url":"https:\/\/www.diocesitn.it\/seminario\/wp-content\/uploads\/sites\/41\/2024\/03\/jake-hills-23LET4Hxj_U-unsplash-scaled.jpeg","contentUrl":"https:\/\/www.diocesitn.it\/seminario\/wp-content\/uploads\/sites\/41\/2024\/03\/jake-hills-23LET4Hxj_U-unsplash-scaled.jpeg","width":2560,"height":1707},{"@type":"BreadcrumbList","@id":"https:\/\/www.diocesitn.it\/seminario\/2024\/03\/01\/cinema-unemozione\/#breadcrumb","itemListElement":[{"@type":"ListItem","position":1,"name":"Home","item":"https:\/\/www.diocesitn.it\/seminario\/"},{"@type":"ListItem","position":2,"name":"Cinema: un&#8217; emozione!"}]},{"@type":"WebSite","@id":"https:\/\/www.diocesitn.it\/seminario\/#website","url":"https:\/\/www.diocesitn.it\/seminario\/","name":"Seminario Maggiore Arcivescovile","description":"Chiesa di Trento","potentialAction":[{"@type":"SearchAction","target":{"@type":"EntryPoint","urlTemplate":"https:\/\/www.diocesitn.it\/seminario\/?s={search_term_string}"},"query-input":"required name=search_term_string"}],"inLanguage":"it-IT"},{"@type":"ImageObject","inLanguage":"it-IT","@id":"https:\/\/www.diocesitn.it\/seminario\/2024\/03\/01\/cinema-unemozione\/#local-main-organization-logo","url":"","contentUrl":"","caption":"Seminario Maggiore Arcivescovile - Chiesa di Trento"}]}},"_links":{"self":[{"href":"https:\/\/www.diocesitn.it\/seminario\/wp-json\/wp\/v2\/posts\/899","targetHints":{"allow":["GET"]}}],"collection":[{"href":"https:\/\/www.diocesitn.it\/seminario\/wp-json\/wp\/v2\/posts"}],"about":[{"href":"https:\/\/www.diocesitn.it\/seminario\/wp-json\/wp\/v2\/types\/post"}],"author":[{"embeddable":true,"href":"https:\/\/www.diocesitn.it\/seminario\/wp-json\/wp\/v2\/users\/172"}],"replies":[{"embeddable":true,"href":"https:\/\/www.diocesitn.it\/seminario\/wp-json\/wp\/v2\/comments?post=899"}],"version-history":[{"count":3,"href":"https:\/\/www.diocesitn.it\/seminario\/wp-json\/wp\/v2\/posts\/899\/revisions"}],"predecessor-version":[{"id":903,"href":"https:\/\/www.diocesitn.it\/seminario\/wp-json\/wp\/v2\/posts\/899\/revisions\/903"}],"wp:featuredmedia":[{"embeddable":true,"href":"https:\/\/www.diocesitn.it\/seminario\/wp-json\/wp\/v2\/media\/900"}],"wp:attachment":[{"href":"https:\/\/www.diocesitn.it\/seminario\/wp-json\/wp\/v2\/media?parent=899"}],"wp:term":[{"taxonomy":"category","embeddable":true,"href":"https:\/\/www.diocesitn.it\/seminario\/wp-json\/wp\/v2\/categories?post=899"},{"taxonomy":"post_tag","embeddable":true,"href":"https:\/\/www.diocesitn.it\/seminario\/wp-json\/wp\/v2\/tags?post=899"}],"curies":[{"name":"wp","href":"https:\/\/api.w.org\/{rel}","templated":true}]}}