{"id":887,"date":"2024-03-01T12:06:26","date_gmt":"2024-03-01T11:06:26","guid":{"rendered":"https:\/\/www.diocesitn.it\/seminario\/?p=887"},"modified":"2024-03-01T12:07:32","modified_gmt":"2024-03-01T11:07:32","slug":"accompagnare-il-vescovo","status":"publish","type":"post","link":"https:\/\/www.diocesitn.it\/seminario\/2024\/03\/01\/accompagnare-il-vescovo\/","title":{"rendered":"Accompagnare il Vescovo"},"content":{"rendered":"<p>Dallo scorso ottobre, il Vescovo Renato Marangoni mi ha chiesto di poterlo accompagnare per le cresime e alcune altre celebrazioni nelle parrocchie della diocesi di Belluno-Feltre, quindi, essendo passati solo pochi mesi, sto ancora esplorando questa dinamica tutta nuova che mi porter\u00e0 a visitare molti luoghi della mia diocesi, anche quelli a me sconosciuti, magari con un contesto differente<br \/>\nrispetto a quello in cui vivo. Personalmente non mi aspettavo di ricevere un simile incarico, perch\u00e9 \u00e8 insolito che un seminarista del primo anno abbia gi\u00e0 impegni esterni alla propria parrocchia di origine, a parte la Cattedrale nelle solennit\u00e0. Sono certo che da un lato ci\u00f2 mi permetter\u00e0 di conoscere altre realt\u00e0 e volti nuovi, e dall\u2019altro diventer\u00e0 occasione, che non avrebbe altro modo per presentarsi, di ritrovare persone conosciute e poter scambiare qualche conviviale parola, oltre che celebrare con loro.<br \/>\nSostanzialmente, il mio compito consiste nel condurre la vettura del vescovo e, una volta arrivati presso la parrocchia, sfruttare la mezz\u2019ora di anticipo per gli ultimi preparativi liturgici, accordandomi con il parroco, il coro, il sagrestano e i ministranti, affinch\u00e9 la celebrazione riesca al meglio. Nel frattempo, il vescovo tiene un incontro con i cresimandi in un\u2019aula a parte, per dialogare un po\u2019 con loro, conoscerli e poter cos\u00ec amministrare il sacramento se non in confidenza, almeno in una condizione di non totale anonimato, permettendo cos\u00ec di far assumere alla S. Messa un tono pi\u00f9 familiare.<br \/>\nAccompagnare il vescovo si rivela occasione anche per conoscere i preti della diocesi: penso infatti sia molto utile conoscere coloro con i quali, se Dio vorr\u00e0, dovr\u00f2 un giorno collaborare, ed \u00e8 evidente che \u201cconoscere\u201d non significa solo \u201csaperne il nome\u201d e in pi\u00f9 mi rendo conto che \u201cnon so nemmeno tutti i nomi\u201d.<br \/>\nInfine, accompagnare il vescovo significa anche pregare per lui, il che \u00e8 un sostegno spirituale che tutti possiamo offrire per aiutarlo a vincere le difficolt\u00e0 di alcune scelte che racchiudono il futuro della nostra Chiesa.<\/p>\n<p>Andrea Nicolao<\/p>\n","protected":false},"excerpt":{"rendered":"<p>Dallo scorso ottobre, il Vescovo Renato Marangoni mi ha chiesto di poterlo accompagnare per le cresime e alcune altre celebrazioni nelle parrocchie della diocesi di Belluno-Feltre, quindi, essendo passati solo pochi mesi, sto ancora esplorando<\/p>\n","protected":false},"author":172,"featured_media":890,"comment_status":"closed","ping_status":"closed","sticky":false,"template":"","format":"standard","meta":{"footnotes":""},"categories":[176],"tags":[],"class_list":["post-887","post","type-post","status-publish","format-standard","has-post-thumbnail","hentry","category-notizie"],"acf":{"seed-localization-paese-cod":"IT","seed-localization-address":"","seed-localization-citta":"Trento","seed-localization-regione-cod-istat":"04","seed-localization-citta-cod-istat":"022205","seed-localization-localita":"","seed-localization-cap":"","seed-localization-marker-visibility":false,"seed-localization-children-visibility":false,"seed-localization-kml":"","seed-localization-custom-marker":""},"yoast_head":"<!-- This site is optimized with the Yoast SEO Premium plugin v20.2.1 (Yoast SEO v22.2) - https:\/\/yoast.com\/wordpress\/plugins\/seo\/ -->\n<title>Accompagnare il Vescovo - Seminario Maggiore Arcivescovile<\/title>\n<meta name=\"robots\" content=\"index, follow, max-snippet:-1, max-image-preview:large, max-video-preview:-1\" \/>\n<link rel=\"canonical\" href=\"https:\/\/www.diocesitn.it\/seminario\/2024\/03\/01\/accompagnare-il-vescovo\/\" \/>\n<meta property=\"og:locale\" content=\"it_IT\" \/>\n<meta property=\"og:type\" content=\"article\" \/>\n<meta property=\"og:title\" content=\"Accompagnare il Vescovo\" \/>\n<meta property=\"og:description\" content=\"Dallo scorso ottobre, il Vescovo Renato Marangoni mi ha chiesto di poterlo accompagnare per le cresime e alcune altre celebrazioni nelle parrocchie della diocesi di Belluno-Feltre, quindi, essendo passati solo pochi mesi, sto ancora esplorando\" \/>\n<meta property=\"og:url\" content=\"https:\/\/www.diocesitn.it\/seminario\/2024\/03\/01\/accompagnare-il-vescovo\/\" \/>\n<meta property=\"og:site_name\" content=\"Seminario Maggiore Arcivescovile\" \/>\n<meta property=\"article:publisher\" content=\"https:\/\/www.facebook.com\/seminariotrento\/\" \/>\n<meta property=\"article:published_time\" content=\"2024-03-01T11:06:26+00:00\" \/>\n<meta property=\"article:modified_time\" content=\"2024-03-01T11:07:32+00:00\" \/>\n<meta property=\"og:image\" content=\"https:\/\/www.diocesitn.it\/seminario\/wp-content\/uploads\/sites\/41\/2024\/03\/pag6-7_Vescovo_Foto.jpg\" \/>\n\t<meta property=\"og:image:width\" content=\"694\" \/>\n\t<meta property=\"og:image:height\" content=\"390\" \/>\n\t<meta property=\"og:image:type\" content=\"image\/jpeg\" \/>\n<meta name=\"author\" content=\"seminaristitrento\" \/>\n<meta name=\"twitter:card\" content=\"summary_large_image\" \/>\n<meta name=\"twitter:label1\" content=\"Scritto da\" \/>\n\t<meta name=\"twitter:data1\" content=\"seminaristitrento\" \/>\n\t<meta name=\"twitter:label2\" content=\"Tempo di lettura stimato\" \/>\n\t<meta name=\"twitter:data2\" content=\"2 minuti\" \/>\n<script type=\"application\/ld+json\" class=\"yoast-schema-graph\">{\"@context\":\"https:\/\/schema.org\",\"@graph\":[{\"@type\":\"WebPage\",\"@id\":\"https:\/\/www.diocesitn.it\/seminario\/2024\/03\/01\/accompagnare-il-vescovo\/\",\"url\":\"https:\/\/www.diocesitn.it\/seminario\/2024\/03\/01\/accompagnare-il-vescovo\/\",\"name\":\"Accompagnare il Vescovo - Seminario Maggiore Arcivescovile\",\"isPartOf\":{\"@id\":\"https:\/\/www.diocesitn.it\/seminario\/#website\"},\"primaryImageOfPage\":{\"@id\":\"https:\/\/www.diocesitn.it\/seminario\/2024\/03\/01\/accompagnare-il-vescovo\/#primaryimage\"},\"image\":{\"@id\":\"https:\/\/www.diocesitn.it\/seminario\/2024\/03\/01\/accompagnare-il-vescovo\/#primaryimage\"},\"thumbnailUrl\":\"https:\/\/www.diocesitn.it\/seminario\/wp-content\/uploads\/sites\/41\/2024\/03\/pag6-7_Vescovo_Foto.jpg\",\"datePublished\":\"2024-03-01T11:06:26+00:00\",\"dateModified\":\"2024-03-01T11:07:32+00:00\",\"author\":{\"@id\":\"https:\/\/www.diocesitn.it\/seminario\/#\/schema\/person\/fe751b4cf044b25d6ad3f1991d9b6d54\"},\"breadcrumb\":{\"@id\":\"https:\/\/www.diocesitn.it\/seminario\/2024\/03\/01\/accompagnare-il-vescovo\/#breadcrumb\"},\"inLanguage\":\"it-IT\",\"potentialAction\":[{\"@type\":\"ReadAction\",\"target\":[\"https:\/\/www.diocesitn.it\/seminario\/2024\/03\/01\/accompagnare-il-vescovo\/\"]}]},{\"@type\":\"ImageObject\",\"inLanguage\":\"it-IT\",\"@id\":\"https:\/\/www.diocesitn.it\/seminario\/2024\/03\/01\/accompagnare-il-vescovo\/#primaryimage\",\"url\":\"https:\/\/www.diocesitn.it\/seminario\/wp-content\/uploads\/sites\/41\/2024\/03\/pag6-7_Vescovo_Foto.jpg\",\"contentUrl\":\"https:\/\/www.diocesitn.it\/seminario\/wp-content\/uploads\/sites\/41\/2024\/03\/pag6-7_Vescovo_Foto.jpg\",\"width\":694,\"height\":390},{\"@type\":\"BreadcrumbList\",\"@id\":\"https:\/\/www.diocesitn.it\/seminario\/2024\/03\/01\/accompagnare-il-vescovo\/#breadcrumb\",\"itemListElement\":[{\"@type\":\"ListItem\",\"position\":1,\"name\":\"Home\",\"item\":\"https:\/\/www.diocesitn.it\/seminario\/\"},{\"@type\":\"ListItem\",\"position\":2,\"name\":\"Accompagnare il Vescovo\"}]},{\"@type\":\"WebSite\",\"@id\":\"https:\/\/www.diocesitn.it\/seminario\/#website\",\"url\":\"https:\/\/www.diocesitn.it\/seminario\/\",\"name\":\"Seminario Maggiore Arcivescovile\",\"description\":\"Chiesa di Trento\",\"potentialAction\":[{\"@type\":\"SearchAction\",\"target\":{\"@type\":\"EntryPoint\",\"urlTemplate\":\"https:\/\/www.diocesitn.it\/seminario\/?s={search_term_string}\"},\"query-input\":\"required name=search_term_string\"}],\"inLanguage\":\"it-IT\"},{\"@type\":\"ImageObject\",\"inLanguage\":\"it-IT\",\"@id\":\"https:\/\/www.diocesitn.it\/seminario\/2024\/03\/01\/accompagnare-il-vescovo\/#local-main-organization-logo\",\"url\":\"\",\"contentUrl\":\"\",\"caption\":\"Seminario Maggiore Arcivescovile - Chiesa di Trento\"}]}<\/script>\n<!-- \/ Yoast SEO Premium plugin. -->","yoast_head_json":{"title":"Accompagnare il Vescovo - Seminario Maggiore Arcivescovile","robots":{"index":"index","follow":"follow","max-snippet":"max-snippet:-1","max-image-preview":"max-image-preview:large","max-video-preview":"max-video-preview:-1"},"canonical":"https:\/\/www.diocesitn.it\/seminario\/2024\/03\/01\/accompagnare-il-vescovo\/","og_locale":"it_IT","og_type":"article","og_title":"Accompagnare il Vescovo","og_description":"Dallo scorso ottobre, il Vescovo Renato Marangoni mi ha chiesto di poterlo accompagnare per le cresime e alcune altre celebrazioni nelle parrocchie della diocesi di Belluno-Feltre, quindi, essendo passati solo pochi mesi, sto ancora esplorando","og_url":"https:\/\/www.diocesitn.it\/seminario\/2024\/03\/01\/accompagnare-il-vescovo\/","og_site_name":"Seminario Maggiore Arcivescovile","article_publisher":"https:\/\/www.facebook.com\/seminariotrento\/","article_published_time":"2024-03-01T11:06:26+00:00","article_modified_time":"2024-03-01T11:07:32+00:00","og_image":[{"width":694,"height":390,"url":"https:\/\/www.diocesitn.it\/seminario\/wp-content\/uploads\/sites\/41\/2024\/03\/pag6-7_Vescovo_Foto.jpg","type":"image\/jpeg"}],"author":"seminaristitrento","twitter_card":"summary_large_image","twitter_misc":{"Scritto da":"seminaristitrento","Tempo di lettura stimato":"2 minuti"},"schema":{"@context":"https:\/\/schema.org","@graph":[{"@type":"WebPage","@id":"https:\/\/www.diocesitn.it\/seminario\/2024\/03\/01\/accompagnare-il-vescovo\/","url":"https:\/\/www.diocesitn.it\/seminario\/2024\/03\/01\/accompagnare-il-vescovo\/","name":"Accompagnare il Vescovo - Seminario Maggiore Arcivescovile","isPartOf":{"@id":"https:\/\/www.diocesitn.it\/seminario\/#website"},"primaryImageOfPage":{"@id":"https:\/\/www.diocesitn.it\/seminario\/2024\/03\/01\/accompagnare-il-vescovo\/#primaryimage"},"image":{"@id":"https:\/\/www.diocesitn.it\/seminario\/2024\/03\/01\/accompagnare-il-vescovo\/#primaryimage"},"thumbnailUrl":"https:\/\/www.diocesitn.it\/seminario\/wp-content\/uploads\/sites\/41\/2024\/03\/pag6-7_Vescovo_Foto.jpg","datePublished":"2024-03-01T11:06:26+00:00","dateModified":"2024-03-01T11:07:32+00:00","author":{"@id":"https:\/\/www.diocesitn.it\/seminario\/#\/schema\/person\/fe751b4cf044b25d6ad3f1991d9b6d54"},"breadcrumb":{"@id":"https:\/\/www.diocesitn.it\/seminario\/2024\/03\/01\/accompagnare-il-vescovo\/#breadcrumb"},"inLanguage":"it-IT","potentialAction":[{"@type":"ReadAction","target":["https:\/\/www.diocesitn.it\/seminario\/2024\/03\/01\/accompagnare-il-vescovo\/"]}]},{"@type":"ImageObject","inLanguage":"it-IT","@id":"https:\/\/www.diocesitn.it\/seminario\/2024\/03\/01\/accompagnare-il-vescovo\/#primaryimage","url":"https:\/\/www.diocesitn.it\/seminario\/wp-content\/uploads\/sites\/41\/2024\/03\/pag6-7_Vescovo_Foto.jpg","contentUrl":"https:\/\/www.diocesitn.it\/seminario\/wp-content\/uploads\/sites\/41\/2024\/03\/pag6-7_Vescovo_Foto.jpg","width":694,"height":390},{"@type":"BreadcrumbList","@id":"https:\/\/www.diocesitn.it\/seminario\/2024\/03\/01\/accompagnare-il-vescovo\/#breadcrumb","itemListElement":[{"@type":"ListItem","position":1,"name":"Home","item":"https:\/\/www.diocesitn.it\/seminario\/"},{"@type":"ListItem","position":2,"name":"Accompagnare il Vescovo"}]},{"@type":"WebSite","@id":"https:\/\/www.diocesitn.it\/seminario\/#website","url":"https:\/\/www.diocesitn.it\/seminario\/","name":"Seminario Maggiore Arcivescovile","description":"Chiesa di Trento","potentialAction":[{"@type":"SearchAction","target":{"@type":"EntryPoint","urlTemplate":"https:\/\/www.diocesitn.it\/seminario\/?s={search_term_string}"},"query-input":"required name=search_term_string"}],"inLanguage":"it-IT"},{"@type":"ImageObject","inLanguage":"it-IT","@id":"https:\/\/www.diocesitn.it\/seminario\/2024\/03\/01\/accompagnare-il-vescovo\/#local-main-organization-logo","url":"","contentUrl":"","caption":"Seminario Maggiore Arcivescovile - Chiesa di Trento"}]}},"_links":{"self":[{"href":"https:\/\/www.diocesitn.it\/seminario\/wp-json\/wp\/v2\/posts\/887","targetHints":{"allow":["GET"]}}],"collection":[{"href":"https:\/\/www.diocesitn.it\/seminario\/wp-json\/wp\/v2\/posts"}],"about":[{"href":"https:\/\/www.diocesitn.it\/seminario\/wp-json\/wp\/v2\/types\/post"}],"author":[{"embeddable":true,"href":"https:\/\/www.diocesitn.it\/seminario\/wp-json\/wp\/v2\/users\/172"}],"replies":[{"embeddable":true,"href":"https:\/\/www.diocesitn.it\/seminario\/wp-json\/wp\/v2\/comments?post=887"}],"version-history":[{"count":1,"href":"https:\/\/www.diocesitn.it\/seminario\/wp-json\/wp\/v2\/posts\/887\/revisions"}],"predecessor-version":[{"id":889,"href":"https:\/\/www.diocesitn.it\/seminario\/wp-json\/wp\/v2\/posts\/887\/revisions\/889"}],"wp:featuredmedia":[{"embeddable":true,"href":"https:\/\/www.diocesitn.it\/seminario\/wp-json\/wp\/v2\/media\/890"}],"wp:attachment":[{"href":"https:\/\/www.diocesitn.it\/seminario\/wp-json\/wp\/v2\/media?parent=887"}],"wp:term":[{"taxonomy":"category","embeddable":true,"href":"https:\/\/www.diocesitn.it\/seminario\/wp-json\/wp\/v2\/categories?post=887"},{"taxonomy":"post_tag","embeddable":true,"href":"https:\/\/www.diocesitn.it\/seminario\/wp-json\/wp\/v2\/tags?post=887"}],"curies":[{"name":"wp","href":"https:\/\/api.w.org\/{rel}","templated":true}]}}