{"id":883,"date":"2024-03-01T10:44:34","date_gmt":"2024-03-01T09:44:34","guid":{"rendered":"https:\/\/www.diocesitn.it\/seminario\/?p=883"},"modified":"2024-03-01T10:44:34","modified_gmt":"2024-03-01T09:44:34","slug":"uscita-alla-pieve-del-lomaso","status":"publish","type":"post","link":"https:\/\/www.diocesitn.it\/seminario\/2024\/03\/01\/uscita-alla-pieve-del-lomaso\/","title":{"rendered":"Uscita alla Pieve del Lomaso"},"content":{"rendered":"<p>Lo scorso 20 ottobre, in una giornata autunnale e piovosa, con la comunit\u00e0 del Seminario ci siamo recati nella zona delle Giudicarie Esteriori e in particolare nel Lomaso.<br \/>\nLa mattina \u00e8 iniziata con due chiacchiere insieme al parroco don Gianni Poli. Ci ha accolti in canonica, ci ha presentato la realt\u00e0 molto ampia di cui \u00e8 pastore: una valle con 19 parrocchie, con varie difficolt\u00e0, ma anche con tanti carismi e aspetti belli. Ha sottolineato poi le differenze tra il periodo di missione che ha svolto, ben 16 anni in Amazzonia, e la realt\u00e0 in cui si trova ora. Ci siamo poi spostati a casa mia, dove abbiamo mangiato e chiacchierato.<br \/>\nNel pomeriggio abbiamo avuto l\u2019onore di visitare l\u2019antica Pieve del Lomaso dedicata a San Lorenzo: un piccolo gioiellino incastonato e situato su un colle da cui domina tutta la valle.<br \/>\nSiamo stati accompagnati nella visita da Luca Carli, sagrestano e grande appassionato di storia e che ha seguito negli anni vari studi e scavi sulla stessa Pieve.<br \/>\nIl complesso pievano di San Lorenzo affonda le radici nel medioevo, ma imprecisa resta la data di fondazione. Tuttavia \u00e8 generalmente considerato come uno dei pi\u00f9 antichi della diocesi per alcuni rinvenimenti di epoca paleocristiana e alto-medievale e per il singolare fonte ottagonale che lo contraddistingue e che \u00e8 annesso alla Chiesa. Il Battistero subito attira l\u2019attenzione del visitatore, risale al XII secolo circa, probabilmente \u00e8 stato costruito precedentemente con la\u00a0Chiesa\u00a0paleocristiana\u00a0del VII secolo. \u00c8 l&#8217;unico Battistero esistente nel Trentino.<br \/>\nAll\u2019interno troviamo una decorazione collocata sotto l\u2019altare e risalente allo stile longobardo del VII secolo, rinvenuta durante i lavori di restauro del 1924. Bellissimo poi l\u2019altare a portella tardo gotico, collocato qui nel 1925 prima che la chiesa dove si trovava crollasse. In sintesi una chiesa che merita di essere visitata. Quando si entra sembra di fare un tuffo nel passato. A primo impatto si ha subito l\u2019idea di un luogo molto antico e pieno di storia.<\/p>\n<p>Gianluca Marocchi<\/p>\n<p>&nbsp;<\/p>\n<p><img loading=\"lazy\" decoding=\"async\" class=\"alignnone wp-image-884 size-large\" src=\"https:\/\/www.diocesitn.it\/seminario\/wp-content\/uploads\/sites\/41\/2024\/03\/pag6-7_Lomaso_Foto1-1024x768.jpeg\" alt=\"\" width=\"800\" height=\"600\" srcset=\"https:\/\/www.diocesitn.it\/seminario\/wp-content\/uploads\/sites\/41\/2024\/03\/pag6-7_Lomaso_Foto1-1024x768.jpeg 1024w, https:\/\/www.diocesitn.it\/seminario\/wp-content\/uploads\/sites\/41\/2024\/03\/pag6-7_Lomaso_Foto1-300x225.jpeg 300w, https:\/\/www.diocesitn.it\/seminario\/wp-content\/uploads\/sites\/41\/2024\/03\/pag6-7_Lomaso_Foto1-768x576.jpeg 768w, https:\/\/www.diocesitn.it\/seminario\/wp-content\/uploads\/sites\/41\/2024\/03\/pag6-7_Lomaso_Foto1-360x270.jpeg 360w, https:\/\/www.diocesitn.it\/seminario\/wp-content\/uploads\/sites\/41\/2024\/03\/pag6-7_Lomaso_Foto1-1536x1152.jpeg 1536w, https:\/\/www.diocesitn.it\/seminario\/wp-content\/uploads\/sites\/41\/2024\/03\/pag6-7_Lomaso_Foto1-800x600.jpeg 800w, https:\/\/www.diocesitn.it\/seminario\/wp-content\/uploads\/sites\/41\/2024\/03\/pag6-7_Lomaso_Foto1-1200x900.jpeg 1200w, https:\/\/www.diocesitn.it\/seminario\/wp-content\/uploads\/sites\/41\/2024\/03\/pag6-7_Lomaso_Foto1.jpeg 2048w\" sizes=\"auto, (max-width: 800px) 100vw, 800px\" \/><\/p>\n","protected":false},"excerpt":{"rendered":"<p>Lo scorso 20 ottobre, in una giornata autunnale e piovosa, con la comunit\u00e0 del Seminario ci siamo recati nella zona delle Giudicarie Esteriori e in particolare nel Lomaso. La mattina \u00e8 iniziata con due chiacchiere<\/p>\n","protected":false},"author":172,"featured_media":885,"comment_status":"closed","ping_status":"closed","sticky":false,"template":"","format":"standard","meta":{"footnotes":""},"categories":[176],"tags":[],"class_list":["post-883","post","type-post","status-publish","format-standard","has-post-thumbnail","hentry","category-notizie"],"acf":{"seed-localization-paese-cod":"IT","seed-localization-address":"","seed-localization-citta":"Trento","seed-localization-regione-cod-istat":"04","seed-localization-citta-cod-istat":"022205","seed-localization-localita":"","seed-localization-cap":"","seed-localization-marker-visibility":false,"seed-localization-children-visibility":false,"seed-localization-kml":"","seed-localization-custom-marker":""},"yoast_head":"<!-- This site is optimized with the Yoast SEO Premium plugin v20.2.1 (Yoast SEO v22.2) - https:\/\/yoast.com\/wordpress\/plugins\/seo\/ -->\n<title>Uscita alla Pieve del Lomaso - Seminario Maggiore Arcivescovile<\/title>\n<meta name=\"robots\" content=\"index, follow, max-snippet:-1, max-image-preview:large, max-video-preview:-1\" \/>\n<link rel=\"canonical\" href=\"https:\/\/www.diocesitn.it\/seminario\/2024\/03\/01\/uscita-alla-pieve-del-lomaso\/\" \/>\n<meta property=\"og:locale\" content=\"it_IT\" \/>\n<meta property=\"og:type\" content=\"article\" \/>\n<meta property=\"og:title\" content=\"Uscita alla Pieve del Lomaso\" \/>\n<meta property=\"og:description\" content=\"Lo scorso 20 ottobre, in una giornata autunnale e piovosa, con la comunit\u00e0 del Seminario ci siamo recati nella zona delle Giudicarie Esteriori e in particolare nel Lomaso. La mattina \u00e8 iniziata con due chiacchiere\" \/>\n<meta property=\"og:url\" content=\"https:\/\/www.diocesitn.it\/seminario\/2024\/03\/01\/uscita-alla-pieve-del-lomaso\/\" \/>\n<meta property=\"og:site_name\" content=\"Seminario Maggiore Arcivescovile\" \/>\n<meta property=\"article:publisher\" content=\"https:\/\/www.facebook.com\/seminariotrento\/\" \/>\n<meta property=\"article:published_time\" content=\"2024-03-01T09:44:34+00:00\" \/>\n<meta property=\"og:image\" content=\"https:\/\/www.diocesitn.it\/seminario\/wp-content\/uploads\/sites\/41\/2024\/03\/pag6-7_Lomaso_Foto2.jpeg\" \/>\n\t<meta property=\"og:image:width\" content=\"1305\" \/>\n\t<meta property=\"og:image:height\" content=\"734\" \/>\n\t<meta property=\"og:image:type\" content=\"image\/jpeg\" \/>\n<meta name=\"author\" content=\"seminaristitrento\" \/>\n<meta name=\"twitter:card\" content=\"summary_large_image\" \/>\n<meta name=\"twitter:label1\" content=\"Scritto da\" \/>\n\t<meta name=\"twitter:data1\" content=\"seminaristitrento\" \/>\n\t<meta name=\"twitter:label2\" content=\"Tempo di lettura stimato\" \/>\n\t<meta name=\"twitter:data2\" content=\"2 minuti\" \/>\n<script type=\"application\/ld+json\" class=\"yoast-schema-graph\">{\"@context\":\"https:\/\/schema.org\",\"@graph\":[{\"@type\":\"WebPage\",\"@id\":\"https:\/\/www.diocesitn.it\/seminario\/2024\/03\/01\/uscita-alla-pieve-del-lomaso\/\",\"url\":\"https:\/\/www.diocesitn.it\/seminario\/2024\/03\/01\/uscita-alla-pieve-del-lomaso\/\",\"name\":\"Uscita alla Pieve del Lomaso - Seminario Maggiore Arcivescovile\",\"isPartOf\":{\"@id\":\"https:\/\/www.diocesitn.it\/seminario\/#website\"},\"primaryImageOfPage\":{\"@id\":\"https:\/\/www.diocesitn.it\/seminario\/2024\/03\/01\/uscita-alla-pieve-del-lomaso\/#primaryimage\"},\"image\":{\"@id\":\"https:\/\/www.diocesitn.it\/seminario\/2024\/03\/01\/uscita-alla-pieve-del-lomaso\/#primaryimage\"},\"thumbnailUrl\":\"https:\/\/www.diocesitn.it\/seminario\/wp-content\/uploads\/sites\/41\/2024\/03\/pag6-7_Lomaso_Foto2.jpeg\",\"datePublished\":\"2024-03-01T09:44:34+00:00\",\"dateModified\":\"2024-03-01T09:44:34+00:00\",\"author\":{\"@id\":\"https:\/\/www.diocesitn.it\/seminario\/#\/schema\/person\/fe751b4cf044b25d6ad3f1991d9b6d54\"},\"breadcrumb\":{\"@id\":\"https:\/\/www.diocesitn.it\/seminario\/2024\/03\/01\/uscita-alla-pieve-del-lomaso\/#breadcrumb\"},\"inLanguage\":\"it-IT\",\"potentialAction\":[{\"@type\":\"ReadAction\",\"target\":[\"https:\/\/www.diocesitn.it\/seminario\/2024\/03\/01\/uscita-alla-pieve-del-lomaso\/\"]}]},{\"@type\":\"ImageObject\",\"inLanguage\":\"it-IT\",\"@id\":\"https:\/\/www.diocesitn.it\/seminario\/2024\/03\/01\/uscita-alla-pieve-del-lomaso\/#primaryimage\",\"url\":\"https:\/\/www.diocesitn.it\/seminario\/wp-content\/uploads\/sites\/41\/2024\/03\/pag6-7_Lomaso_Foto2.jpeg\",\"contentUrl\":\"https:\/\/www.diocesitn.it\/seminario\/wp-content\/uploads\/sites\/41\/2024\/03\/pag6-7_Lomaso_Foto2.jpeg\",\"width\":1305,\"height\":734},{\"@type\":\"BreadcrumbList\",\"@id\":\"https:\/\/www.diocesitn.it\/seminario\/2024\/03\/01\/uscita-alla-pieve-del-lomaso\/#breadcrumb\",\"itemListElement\":[{\"@type\":\"ListItem\",\"position\":1,\"name\":\"Home\",\"item\":\"https:\/\/www.diocesitn.it\/seminario\/\"},{\"@type\":\"ListItem\",\"position\":2,\"name\":\"Uscita alla Pieve del Lomaso\"}]},{\"@type\":\"WebSite\",\"@id\":\"https:\/\/www.diocesitn.it\/seminario\/#website\",\"url\":\"https:\/\/www.diocesitn.it\/seminario\/\",\"name\":\"Seminario Maggiore Arcivescovile\",\"description\":\"Chiesa di Trento\",\"potentialAction\":[{\"@type\":\"SearchAction\",\"target\":{\"@type\":\"EntryPoint\",\"urlTemplate\":\"https:\/\/www.diocesitn.it\/seminario\/?s={search_term_string}\"},\"query-input\":\"required name=search_term_string\"}],\"inLanguage\":\"it-IT\"},{\"@type\":\"ImageObject\",\"inLanguage\":\"it-IT\",\"@id\":\"https:\/\/www.diocesitn.it\/seminario\/2024\/03\/01\/uscita-alla-pieve-del-lomaso\/#local-main-organization-logo\",\"url\":\"\",\"contentUrl\":\"\",\"caption\":\"Seminario Maggiore Arcivescovile - Chiesa di Trento\"}]}<\/script>\n<!-- \/ Yoast SEO Premium plugin. -->","yoast_head_json":{"title":"Uscita alla Pieve del Lomaso - Seminario Maggiore Arcivescovile","robots":{"index":"index","follow":"follow","max-snippet":"max-snippet:-1","max-image-preview":"max-image-preview:large","max-video-preview":"max-video-preview:-1"},"canonical":"https:\/\/www.diocesitn.it\/seminario\/2024\/03\/01\/uscita-alla-pieve-del-lomaso\/","og_locale":"it_IT","og_type":"article","og_title":"Uscita alla Pieve del Lomaso","og_description":"Lo scorso 20 ottobre, in una giornata autunnale e piovosa, con la comunit\u00e0 del Seminario ci siamo recati nella zona delle Giudicarie Esteriori e in particolare nel Lomaso. La mattina \u00e8 iniziata con due chiacchiere","og_url":"https:\/\/www.diocesitn.it\/seminario\/2024\/03\/01\/uscita-alla-pieve-del-lomaso\/","og_site_name":"Seminario Maggiore Arcivescovile","article_publisher":"https:\/\/www.facebook.com\/seminariotrento\/","article_published_time":"2024-03-01T09:44:34+00:00","og_image":[{"width":1305,"height":734,"url":"https:\/\/www.diocesitn.it\/seminario\/wp-content\/uploads\/sites\/41\/2024\/03\/pag6-7_Lomaso_Foto2.jpeg","type":"image\/jpeg"}],"author":"seminaristitrento","twitter_card":"summary_large_image","twitter_misc":{"Scritto da":"seminaristitrento","Tempo di lettura stimato":"2 minuti"},"schema":{"@context":"https:\/\/schema.org","@graph":[{"@type":"WebPage","@id":"https:\/\/www.diocesitn.it\/seminario\/2024\/03\/01\/uscita-alla-pieve-del-lomaso\/","url":"https:\/\/www.diocesitn.it\/seminario\/2024\/03\/01\/uscita-alla-pieve-del-lomaso\/","name":"Uscita alla Pieve del Lomaso - Seminario Maggiore Arcivescovile","isPartOf":{"@id":"https:\/\/www.diocesitn.it\/seminario\/#website"},"primaryImageOfPage":{"@id":"https:\/\/www.diocesitn.it\/seminario\/2024\/03\/01\/uscita-alla-pieve-del-lomaso\/#primaryimage"},"image":{"@id":"https:\/\/www.diocesitn.it\/seminario\/2024\/03\/01\/uscita-alla-pieve-del-lomaso\/#primaryimage"},"thumbnailUrl":"https:\/\/www.diocesitn.it\/seminario\/wp-content\/uploads\/sites\/41\/2024\/03\/pag6-7_Lomaso_Foto2.jpeg","datePublished":"2024-03-01T09:44:34+00:00","dateModified":"2024-03-01T09:44:34+00:00","author":{"@id":"https:\/\/www.diocesitn.it\/seminario\/#\/schema\/person\/fe751b4cf044b25d6ad3f1991d9b6d54"},"breadcrumb":{"@id":"https:\/\/www.diocesitn.it\/seminario\/2024\/03\/01\/uscita-alla-pieve-del-lomaso\/#breadcrumb"},"inLanguage":"it-IT","potentialAction":[{"@type":"ReadAction","target":["https:\/\/www.diocesitn.it\/seminario\/2024\/03\/01\/uscita-alla-pieve-del-lomaso\/"]}]},{"@type":"ImageObject","inLanguage":"it-IT","@id":"https:\/\/www.diocesitn.it\/seminario\/2024\/03\/01\/uscita-alla-pieve-del-lomaso\/#primaryimage","url":"https:\/\/www.diocesitn.it\/seminario\/wp-content\/uploads\/sites\/41\/2024\/03\/pag6-7_Lomaso_Foto2.jpeg","contentUrl":"https:\/\/www.diocesitn.it\/seminario\/wp-content\/uploads\/sites\/41\/2024\/03\/pag6-7_Lomaso_Foto2.jpeg","width":1305,"height":734},{"@type":"BreadcrumbList","@id":"https:\/\/www.diocesitn.it\/seminario\/2024\/03\/01\/uscita-alla-pieve-del-lomaso\/#breadcrumb","itemListElement":[{"@type":"ListItem","position":1,"name":"Home","item":"https:\/\/www.diocesitn.it\/seminario\/"},{"@type":"ListItem","position":2,"name":"Uscita alla Pieve del Lomaso"}]},{"@type":"WebSite","@id":"https:\/\/www.diocesitn.it\/seminario\/#website","url":"https:\/\/www.diocesitn.it\/seminario\/","name":"Seminario Maggiore Arcivescovile","description":"Chiesa di Trento","potentialAction":[{"@type":"SearchAction","target":{"@type":"EntryPoint","urlTemplate":"https:\/\/www.diocesitn.it\/seminario\/?s={search_term_string}"},"query-input":"required name=search_term_string"}],"inLanguage":"it-IT"},{"@type":"ImageObject","inLanguage":"it-IT","@id":"https:\/\/www.diocesitn.it\/seminario\/2024\/03\/01\/uscita-alla-pieve-del-lomaso\/#local-main-organization-logo","url":"","contentUrl":"","caption":"Seminario Maggiore Arcivescovile - Chiesa di Trento"}]}},"_links":{"self":[{"href":"https:\/\/www.diocesitn.it\/seminario\/wp-json\/wp\/v2\/posts\/883","targetHints":{"allow":["GET"]}}],"collection":[{"href":"https:\/\/www.diocesitn.it\/seminario\/wp-json\/wp\/v2\/posts"}],"about":[{"href":"https:\/\/www.diocesitn.it\/seminario\/wp-json\/wp\/v2\/types\/post"}],"author":[{"embeddable":true,"href":"https:\/\/www.diocesitn.it\/seminario\/wp-json\/wp\/v2\/users\/172"}],"replies":[{"embeddable":true,"href":"https:\/\/www.diocesitn.it\/seminario\/wp-json\/wp\/v2\/comments?post=883"}],"version-history":[{"count":1,"href":"https:\/\/www.diocesitn.it\/seminario\/wp-json\/wp\/v2\/posts\/883\/revisions"}],"predecessor-version":[{"id":886,"href":"https:\/\/www.diocesitn.it\/seminario\/wp-json\/wp\/v2\/posts\/883\/revisions\/886"}],"wp:featuredmedia":[{"embeddable":true,"href":"https:\/\/www.diocesitn.it\/seminario\/wp-json\/wp\/v2\/media\/885"}],"wp:attachment":[{"href":"https:\/\/www.diocesitn.it\/seminario\/wp-json\/wp\/v2\/media?parent=883"}],"wp:term":[{"taxonomy":"category","embeddable":true,"href":"https:\/\/www.diocesitn.it\/seminario\/wp-json\/wp\/v2\/categories?post=883"},{"taxonomy":"post_tag","embeddable":true,"href":"https:\/\/www.diocesitn.it\/seminario\/wp-json\/wp\/v2\/tags?post=883"}],"curies":[{"name":"wp","href":"https:\/\/api.w.org\/{rel}","templated":true}]}}