{"id":839,"date":"2023-12-11T12:10:33","date_gmt":"2023-12-11T11:10:33","guid":{"rendered":"https:\/\/www.diocesitn.it\/seminario\/?p=839"},"modified":"2024-03-01T12:14:00","modified_gmt":"2024-03-01T11:14:00","slug":"il-mandato-dellarcivescovo-al-nuovo-diacono-alberto-come-maria-affrettati-a-dire-il-tuo-si-il-bambino-di-betlemme-continua-a-venire-alla-luce-mentre-i-vari-erode","status":"publish","type":"post","link":"https:\/\/www.diocesitn.it\/seminario\/2023\/12\/11\/il-mandato-dellarcivescovo-al-nuovo-diacono-alberto-come-maria-affrettati-a-dire-il-tuo-si-il-bambino-di-betlemme-continua-a-venire-alla-luce-mentre-i-vari-erode\/","title":{"rendered":"Dono, passione, credere, vivere"},"content":{"rendered":"<p>\u201cRicevi il Vangelo di Cristo del quale sei divenuto l\u2019annunciatore: credi sempre a ci\u00f2 che proclami, insegna ci\u00f2 che hai appreso nella fede, vivi ci\u00f2 che insegni\u201d.<br \/>\nRecita cos\u00ec la preghiera del Vescovo mentre consegna il Vangelo al nuovo diacono: queste parole riecheggiavano nella chiesa di Santa Maria Maggiore l\u20198 dicembre dove, come Chiesa, ci siamo radunati per accompagnare Alberto in questa tappa importante della sua vita, come nuovo diacono del Corpo di Cristo che \u00e8 la Chiesa (cf. Col 1,18). Penso siano molto belle e significative queste parole che possono diventare anche per noi motivo di riflessione e di stimolo e che vorrei riassumere in queste altre quattro parole: dono, passione, credere e vivere.<br \/>\nLa prima, il dono. Innanzitutto, il Vangelo ci \u00e8 dato come dono prezioso, gratuito come buona notizia che si fa concreta nelle persone pi\u00f9 fragili e povere. \u00c8 proprio davanti a queste persone che dobbiamo farci appassionare nel testimoniare l\u2019annuncio: ecco la secondo parola, passione. La passione \u00e8 quella sensazione che stimola, aiuta, incoraggia le nostre azioni e che ci permette di essere credibili nel rendere presente l\u2019Amore vero, quello che sana, che fortifica, che riempie i nostri vuoti e il nostro cuore.<br \/>\nSe tutto questo per\u00f2 non \u00e8 mosso dal credere, terza parola, in un Dio fatto uomo, morto e risorto per liberarci dalla schiavit\u00f9 della morte, la nostra esistenza sarebbe insapore, senza motivo. Arriviamo cos\u00ec all\u2019ultima parola che \u00e8 proprio vivere. Tutti questi concetti non devono rimanere pura astrazione, ma concretizzarsi nel quotidiano, dove manifestiamo quello che siamo realmente.<br \/>\nLo scrittore Omar Falworth scrive che \u201cci\u00f2 che rende meravigliosa la vita \u00e8 meravigliarsi ogni giorno di vivere.\u201d<br \/>\nAlberto, stupisciti e incantati di questo Dio che ama la tua umanit\u00e0, la tua vita, quello che sei e, se ti lascerai plasmare dallo Spirito che d\u00e0 vita, allora \u201csentirai l\u2019ebbrezza dell\u2019Amore del Padre, imparerai la bellezza di relazioni dove l\u2019obiettivo \u00e8 far esistere e lasciar esistere, gioire per il bene dell\u2019altro, e addirittura gustare la bellezza del suo essere diverso da me\u201d (omelia del Vescovo Lauro).<\/p>\n<p>Bryan Fedon<\/p>\n<p><img loading=\"lazy\" decoding=\"async\" class=\"alignnone wp-image-892 size-large\" src=\"https:\/\/www.diocesitn.it\/seminario\/wp-content\/uploads\/sites\/41\/2023\/12\/Alberto-Bolognani_022-1024x682.jpg\" alt=\"\" width=\"800\" height=\"533\" srcset=\"https:\/\/www.diocesitn.it\/seminario\/wp-content\/uploads\/sites\/41\/2023\/12\/Alberto-Bolognani_022-1024x682.jpg 1024w, https:\/\/www.diocesitn.it\/seminario\/wp-content\/uploads\/sites\/41\/2023\/12\/Alberto-Bolognani_022-300x200.jpg 300w, https:\/\/www.diocesitn.it\/seminario\/wp-content\/uploads\/sites\/41\/2023\/12\/Alberto-Bolognani_022-768x511.jpg 768w, https:\/\/www.diocesitn.it\/seminario\/wp-content\/uploads\/sites\/41\/2023\/12\/Alberto-Bolognani_022-360x240.jpg 360w, https:\/\/www.diocesitn.it\/seminario\/wp-content\/uploads\/sites\/41\/2023\/12\/Alberto-Bolognani_022-1536x1022.jpg 1536w, https:\/\/www.diocesitn.it\/seminario\/wp-content\/uploads\/sites\/41\/2023\/12\/Alberto-Bolognani_022-2048x1363.jpg 2048w, https:\/\/www.diocesitn.it\/seminario\/wp-content\/uploads\/sites\/41\/2023\/12\/Alberto-Bolognani_022-800x532.jpg 800w, https:\/\/www.diocesitn.it\/seminario\/wp-content\/uploads\/sites\/41\/2023\/12\/Alberto-Bolognani_022-1200x799.jpg 1200w, https:\/\/www.diocesitn.it\/seminario\/wp-content\/uploads\/sites\/41\/2023\/12\/Alberto-Bolognani_022-272x182.jpg 272w\" sizes=\"auto, (max-width: 800px) 100vw, 800px\" \/> <img loading=\"lazy\" decoding=\"async\" class=\"alignnone wp-image-893 size-large\" src=\"https:\/\/www.diocesitn.it\/seminario\/wp-content\/uploads\/sites\/41\/2023\/12\/Alberto-Bolognani_074-1024x682.jpg\" alt=\"\" width=\"800\" height=\"533\" srcset=\"https:\/\/www.diocesitn.it\/seminario\/wp-content\/uploads\/sites\/41\/2023\/12\/Alberto-Bolognani_074-1024x682.jpg 1024w, https:\/\/www.diocesitn.it\/seminario\/wp-content\/uploads\/sites\/41\/2023\/12\/Alberto-Bolognani_074-300x200.jpg 300w, https:\/\/www.diocesitn.it\/seminario\/wp-content\/uploads\/sites\/41\/2023\/12\/Alberto-Bolognani_074-768x511.jpg 768w, https:\/\/www.diocesitn.it\/seminario\/wp-content\/uploads\/sites\/41\/2023\/12\/Alberto-Bolognani_074-360x240.jpg 360w, https:\/\/www.diocesitn.it\/seminario\/wp-content\/uploads\/sites\/41\/2023\/12\/Alberto-Bolognani_074-1536x1022.jpg 1536w, https:\/\/www.diocesitn.it\/seminario\/wp-content\/uploads\/sites\/41\/2023\/12\/Alberto-Bolognani_074-2048x1363.jpg 2048w, https:\/\/www.diocesitn.it\/seminario\/wp-content\/uploads\/sites\/41\/2023\/12\/Alberto-Bolognani_074-800x532.jpg 800w, https:\/\/www.diocesitn.it\/seminario\/wp-content\/uploads\/sites\/41\/2023\/12\/Alberto-Bolognani_074-1200x799.jpg 1200w, https:\/\/www.diocesitn.it\/seminario\/wp-content\/uploads\/sites\/41\/2023\/12\/Alberto-Bolognani_074-272x182.jpg 272w\" sizes=\"auto, (max-width: 800px) 100vw, 800px\" \/> <img loading=\"lazy\" decoding=\"async\" class=\"alignnone wp-image-894 size-large\" src=\"https:\/\/www.diocesitn.it\/seminario\/wp-content\/uploads\/sites\/41\/2023\/12\/Alberto-Bolognani_087-1024x682.jpg\" alt=\"\" width=\"800\" height=\"533\" srcset=\"https:\/\/www.diocesitn.it\/seminario\/wp-content\/uploads\/sites\/41\/2023\/12\/Alberto-Bolognani_087-1024x682.jpg 1024w, https:\/\/www.diocesitn.it\/seminario\/wp-content\/uploads\/sites\/41\/2023\/12\/Alberto-Bolognani_087-300x200.jpg 300w, https:\/\/www.diocesitn.it\/seminario\/wp-content\/uploads\/sites\/41\/2023\/12\/Alberto-Bolognani_087-768x511.jpg 768w, https:\/\/www.diocesitn.it\/seminario\/wp-content\/uploads\/sites\/41\/2023\/12\/Alberto-Bolognani_087-360x240.jpg 360w, https:\/\/www.diocesitn.it\/seminario\/wp-content\/uploads\/sites\/41\/2023\/12\/Alberto-Bolognani_087-1536x1022.jpg 1536w, https:\/\/www.diocesitn.it\/seminario\/wp-content\/uploads\/sites\/41\/2023\/12\/Alberto-Bolognani_087-2048x1363.jpg 2048w, https:\/\/www.diocesitn.it\/seminario\/wp-content\/uploads\/sites\/41\/2023\/12\/Alberto-Bolognani_087-800x532.jpg 800w, https:\/\/www.diocesitn.it\/seminario\/wp-content\/uploads\/sites\/41\/2023\/12\/Alberto-Bolognani_087-1200x799.jpg 1200w, https:\/\/www.diocesitn.it\/seminario\/wp-content\/uploads\/sites\/41\/2023\/12\/Alberto-Bolognani_087-272x182.jpg 272w\" sizes=\"auto, (max-width: 800px) 100vw, 800px\" \/> <img loading=\"lazy\" decoding=\"async\" class=\"alignnone wp-image-895 size-large\" src=\"https:\/\/www.diocesitn.it\/seminario\/wp-content\/uploads\/sites\/41\/2023\/12\/Alberto-Bolognani_108-1024x682.jpg\" alt=\"\" width=\"800\" height=\"533\" srcset=\"https:\/\/www.diocesitn.it\/seminario\/wp-content\/uploads\/sites\/41\/2023\/12\/Alberto-Bolognani_108-1024x682.jpg 1024w, https:\/\/www.diocesitn.it\/seminario\/wp-content\/uploads\/sites\/41\/2023\/12\/Alberto-Bolognani_108-300x200.jpg 300w, https:\/\/www.diocesitn.it\/seminario\/wp-content\/uploads\/sites\/41\/2023\/12\/Alberto-Bolognani_108-768x511.jpg 768w, https:\/\/www.diocesitn.it\/seminario\/wp-content\/uploads\/sites\/41\/2023\/12\/Alberto-Bolognani_108-360x240.jpg 360w, https:\/\/www.diocesitn.it\/seminario\/wp-content\/uploads\/sites\/41\/2023\/12\/Alberto-Bolognani_108-1536x1022.jpg 1536w, https:\/\/www.diocesitn.it\/seminario\/wp-content\/uploads\/sites\/41\/2023\/12\/Alberto-Bolognani_108-2048x1363.jpg 2048w, https:\/\/www.diocesitn.it\/seminario\/wp-content\/uploads\/sites\/41\/2023\/12\/Alberto-Bolognani_108-800x532.jpg 800w, https:\/\/www.diocesitn.it\/seminario\/wp-content\/uploads\/sites\/41\/2023\/12\/Alberto-Bolognani_108-1200x799.jpg 1200w, https:\/\/www.diocesitn.it\/seminario\/wp-content\/uploads\/sites\/41\/2023\/12\/Alberto-Bolognani_108-272x182.jpg 272w\" sizes=\"auto, (max-width: 800px) 100vw, 800px\" \/> <img loading=\"lazy\" decoding=\"async\" class=\"alignnone wp-image-896 size-large\" src=\"https:\/\/www.diocesitn.it\/seminario\/wp-content\/uploads\/sites\/41\/2023\/12\/Alberto-Bolognani_105-1024x682.jpg\" alt=\"\" width=\"800\" height=\"533\" srcset=\"https:\/\/www.diocesitn.it\/seminario\/wp-content\/uploads\/sites\/41\/2023\/12\/Alberto-Bolognani_105-1024x682.jpg 1024w, https:\/\/www.diocesitn.it\/seminario\/wp-content\/uploads\/sites\/41\/2023\/12\/Alberto-Bolognani_105-300x200.jpg 300w, https:\/\/www.diocesitn.it\/seminario\/wp-content\/uploads\/sites\/41\/2023\/12\/Alberto-Bolognani_105-768x511.jpg 768w, https:\/\/www.diocesitn.it\/seminario\/wp-content\/uploads\/sites\/41\/2023\/12\/Alberto-Bolognani_105-360x240.jpg 360w, https:\/\/www.diocesitn.it\/seminario\/wp-content\/uploads\/sites\/41\/2023\/12\/Alberto-Bolognani_105-1536x1022.jpg 1536w, https:\/\/www.diocesitn.it\/seminario\/wp-content\/uploads\/sites\/41\/2023\/12\/Alberto-Bolognani_105-2048x1363.jpg 2048w, https:\/\/www.diocesitn.it\/seminario\/wp-content\/uploads\/sites\/41\/2023\/12\/Alberto-Bolognani_105-800x532.jpg 800w, https:\/\/www.diocesitn.it\/seminario\/wp-content\/uploads\/sites\/41\/2023\/12\/Alberto-Bolognani_105-1200x799.jpg 1200w, https:\/\/www.diocesitn.it\/seminario\/wp-content\/uploads\/sites\/41\/2023\/12\/Alberto-Bolognani_105-272x182.jpg 272w\" sizes=\"auto, (max-width: 800px) 100vw, 800px\" \/> <img loading=\"lazy\" decoding=\"async\" class=\"alignnone wp-image-897 size-large\" src=\"https:\/\/www.diocesitn.it\/seminario\/wp-content\/uploads\/sites\/41\/2023\/12\/Alberto-Bolognani_177-1024x682.jpg\" alt=\"\" width=\"800\" height=\"533\" srcset=\"https:\/\/www.diocesitn.it\/seminario\/wp-content\/uploads\/sites\/41\/2023\/12\/Alberto-Bolognani_177-1024x682.jpg 1024w, https:\/\/www.diocesitn.it\/seminario\/wp-content\/uploads\/sites\/41\/2023\/12\/Alberto-Bolognani_177-300x200.jpg 300w, https:\/\/www.diocesitn.it\/seminario\/wp-content\/uploads\/sites\/41\/2023\/12\/Alberto-Bolognani_177-768x511.jpg 768w, https:\/\/www.diocesitn.it\/seminario\/wp-content\/uploads\/sites\/41\/2023\/12\/Alberto-Bolognani_177-360x240.jpg 360w, https:\/\/www.diocesitn.it\/seminario\/wp-content\/uploads\/sites\/41\/2023\/12\/Alberto-Bolognani_177-1536x1022.jpg 1536w, https:\/\/www.diocesitn.it\/seminario\/wp-content\/uploads\/sites\/41\/2023\/12\/Alberto-Bolognani_177-2048x1363.jpg 2048w, https:\/\/www.diocesitn.it\/seminario\/wp-content\/uploads\/sites\/41\/2023\/12\/Alberto-Bolognani_177-800x532.jpg 800w, https:\/\/www.diocesitn.it\/seminario\/wp-content\/uploads\/sites\/41\/2023\/12\/Alberto-Bolognani_177-1200x799.jpg 1200w, https:\/\/www.diocesitn.it\/seminario\/wp-content\/uploads\/sites\/41\/2023\/12\/Alberto-Bolognani_177-272x182.jpg 272w\" sizes=\"auto, (max-width: 800px) 100vw, 800px\" \/><\/p>\n<p>&nbsp;<\/p>\n","protected":false},"excerpt":{"rendered":"<p>\u201cRicevi il Vangelo di Cristo del quale sei divenuto l\u2019annunciatore: credi sempre a ci\u00f2 che proclami, insegna ci\u00f2 che hai appreso nella fede, vivi ci\u00f2 che insegni\u201d. Recita cos\u00ec la preghiera del Vescovo mentre consegna<\/p>\n","protected":false},"author":172,"featured_media":846,"comment_status":"closed","ping_status":"closed","sticky":false,"template":"","format":"standard","meta":{"footnotes":""},"categories":[176],"tags":[],"class_list":["post-839","post","type-post","status-publish","format-standard","has-post-thumbnail","hentry","category-notizie"],"acf":{"seed-localization-paese-cod":"IT","seed-localization-address":"","seed-localization-citta":"Trento","seed-localization-regione-cod-istat":"04","seed-localization-citta-cod-istat":"022205","seed-localization-localita":"","seed-localization-cap":"","seed-localization-marker-visibility":false,"seed-localization-children-visibility":false,"seed-localization-kml":"","seed-localization-custom-marker":""},"yoast_head":"<!-- This site is optimized with the Yoast SEO Premium plugin v20.2.1 (Yoast SEO v22.2) - https:\/\/yoast.com\/wordpress\/plugins\/seo\/ -->\n<title>Dono, passione, credere, vivere - Seminario Maggiore Arcivescovile<\/title>\n<meta name=\"robots\" content=\"index, follow, max-snippet:-1, max-image-preview:large, max-video-preview:-1\" \/>\n<link rel=\"canonical\" href=\"https:\/\/www.diocesitn.it\/seminario\/2023\/12\/11\/il-mandato-dellarcivescovo-al-nuovo-diacono-alberto-come-maria-affrettati-a-dire-il-tuo-si-il-bambino-di-betlemme-continua-a-venire-alla-luce-mentre-i-vari-erode\/\" \/>\n<meta property=\"og:locale\" content=\"it_IT\" \/>\n<meta property=\"og:type\" content=\"article\" \/>\n<meta property=\"og:title\" content=\"Dono, passione, credere, vivere\" \/>\n<meta property=\"og:description\" content=\"\u201cRicevi il Vangelo di Cristo del quale sei divenuto l\u2019annunciatore: credi sempre a ci\u00f2 che proclami, insegna ci\u00f2 che hai appreso nella fede, vivi ci\u00f2 che insegni\u201d. Recita cos\u00ec la preghiera del Vescovo mentre consegna\" \/>\n<meta property=\"og:url\" content=\"https:\/\/www.diocesitn.it\/seminario\/2023\/12\/11\/il-mandato-dellarcivescovo-al-nuovo-diacono-alberto-come-maria-affrettati-a-dire-il-tuo-si-il-bambino-di-betlemme-continua-a-venire-alla-luce-mentre-i-vari-erode\/\" \/>\n<meta property=\"og:site_name\" content=\"Seminario Maggiore Arcivescovile\" \/>\n<meta property=\"article:publisher\" content=\"https:\/\/www.facebook.com\/seminariotrento\/\" \/>\n<meta property=\"article:published_time\" content=\"2023-12-11T11:10:33+00:00\" \/>\n<meta property=\"article:modified_time\" content=\"2024-03-01T11:14:00+00:00\" \/>\n<meta property=\"og:image\" content=\"https:\/\/www.diocesitn.it\/seminario\/wp-content\/uploads\/sites\/41\/2023\/12\/Ordinazione-Alberto-Bolognani-4_web.jpeg\" \/>\n\t<meta property=\"og:image:width\" content=\"900\" \/>\n\t<meta property=\"og:image:height\" content=\"643\" \/>\n\t<meta property=\"og:image:type\" content=\"image\/jpeg\" \/>\n<meta name=\"author\" content=\"seminaristitrento\" \/>\n<meta name=\"twitter:card\" content=\"summary_large_image\" \/>\n<meta name=\"twitter:label1\" content=\"Scritto da\" \/>\n\t<meta name=\"twitter:data1\" content=\"seminaristitrento\" \/>\n\t<meta name=\"twitter:label2\" content=\"Tempo di lettura stimato\" \/>\n\t<meta name=\"twitter:data2\" content=\"4 minuti\" \/>\n<script type=\"application\/ld+json\" class=\"yoast-schema-graph\">{\"@context\":\"https:\/\/schema.org\",\"@graph\":[{\"@type\":\"WebPage\",\"@id\":\"https:\/\/www.diocesitn.it\/seminario\/2023\/12\/11\/il-mandato-dellarcivescovo-al-nuovo-diacono-alberto-come-maria-affrettati-a-dire-il-tuo-si-il-bambino-di-betlemme-continua-a-venire-alla-luce-mentre-i-vari-erode\/\",\"url\":\"https:\/\/www.diocesitn.it\/seminario\/2023\/12\/11\/il-mandato-dellarcivescovo-al-nuovo-diacono-alberto-come-maria-affrettati-a-dire-il-tuo-si-il-bambino-di-betlemme-continua-a-venire-alla-luce-mentre-i-vari-erode\/\",\"name\":\"Dono, passione, credere, vivere - Seminario Maggiore Arcivescovile\",\"isPartOf\":{\"@id\":\"https:\/\/www.diocesitn.it\/seminario\/#website\"},\"primaryImageOfPage\":{\"@id\":\"https:\/\/www.diocesitn.it\/seminario\/2023\/12\/11\/il-mandato-dellarcivescovo-al-nuovo-diacono-alberto-come-maria-affrettati-a-dire-il-tuo-si-il-bambino-di-betlemme-continua-a-venire-alla-luce-mentre-i-vari-erode\/#primaryimage\"},\"image\":{\"@id\":\"https:\/\/www.diocesitn.it\/seminario\/2023\/12\/11\/il-mandato-dellarcivescovo-al-nuovo-diacono-alberto-come-maria-affrettati-a-dire-il-tuo-si-il-bambino-di-betlemme-continua-a-venire-alla-luce-mentre-i-vari-erode\/#primaryimage\"},\"thumbnailUrl\":\"https:\/\/www.diocesitn.it\/seminario\/wp-content\/uploads\/sites\/41\/2023\/12\/Ordinazione-Alberto-Bolognani-4_web.jpeg\",\"datePublished\":\"2023-12-11T11:10:33+00:00\",\"dateModified\":\"2024-03-01T11:14:00+00:00\",\"author\":{\"@id\":\"https:\/\/www.diocesitn.it\/seminario\/#\/schema\/person\/fe751b4cf044b25d6ad3f1991d9b6d54\"},\"breadcrumb\":{\"@id\":\"https:\/\/www.diocesitn.it\/seminario\/2023\/12\/11\/il-mandato-dellarcivescovo-al-nuovo-diacono-alberto-come-maria-affrettati-a-dire-il-tuo-si-il-bambino-di-betlemme-continua-a-venire-alla-luce-mentre-i-vari-erode\/#breadcrumb\"},\"inLanguage\":\"it-IT\",\"potentialAction\":[{\"@type\":\"ReadAction\",\"target\":[\"https:\/\/www.diocesitn.it\/seminario\/2023\/12\/11\/il-mandato-dellarcivescovo-al-nuovo-diacono-alberto-come-maria-affrettati-a-dire-il-tuo-si-il-bambino-di-betlemme-continua-a-venire-alla-luce-mentre-i-vari-erode\/\"]}]},{\"@type\":\"ImageObject\",\"inLanguage\":\"it-IT\",\"@id\":\"https:\/\/www.diocesitn.it\/seminario\/2023\/12\/11\/il-mandato-dellarcivescovo-al-nuovo-diacono-alberto-come-maria-affrettati-a-dire-il-tuo-si-il-bambino-di-betlemme-continua-a-venire-alla-luce-mentre-i-vari-erode\/#primaryimage\",\"url\":\"https:\/\/www.diocesitn.it\/seminario\/wp-content\/uploads\/sites\/41\/2023\/12\/Ordinazione-Alberto-Bolognani-4_web.jpeg\",\"contentUrl\":\"https:\/\/www.diocesitn.it\/seminario\/wp-content\/uploads\/sites\/41\/2023\/12\/Ordinazione-Alberto-Bolognani-4_web.jpeg\",\"width\":900,\"height\":643},{\"@type\":\"BreadcrumbList\",\"@id\":\"https:\/\/www.diocesitn.it\/seminario\/2023\/12\/11\/il-mandato-dellarcivescovo-al-nuovo-diacono-alberto-come-maria-affrettati-a-dire-il-tuo-si-il-bambino-di-betlemme-continua-a-venire-alla-luce-mentre-i-vari-erode\/#breadcrumb\",\"itemListElement\":[{\"@type\":\"ListItem\",\"position\":1,\"name\":\"Home\",\"item\":\"https:\/\/www.diocesitn.it\/seminario\/\"},{\"@type\":\"ListItem\",\"position\":2,\"name\":\"Dono, passione, credere, vivere\"}]},{\"@type\":\"WebSite\",\"@id\":\"https:\/\/www.diocesitn.it\/seminario\/#website\",\"url\":\"https:\/\/www.diocesitn.it\/seminario\/\",\"name\":\"Seminario Maggiore Arcivescovile\",\"description\":\"Chiesa di Trento\",\"potentialAction\":[{\"@type\":\"SearchAction\",\"target\":{\"@type\":\"EntryPoint\",\"urlTemplate\":\"https:\/\/www.diocesitn.it\/seminario\/?s={search_term_string}\"},\"query-input\":\"required name=search_term_string\"}],\"inLanguage\":\"it-IT\"},{\"@type\":\"ImageObject\",\"inLanguage\":\"it-IT\",\"@id\":\"https:\/\/www.diocesitn.it\/seminario\/2023\/12\/11\/il-mandato-dellarcivescovo-al-nuovo-diacono-alberto-come-maria-affrettati-a-dire-il-tuo-si-il-bambino-di-betlemme-continua-a-venire-alla-luce-mentre-i-vari-erode\/#local-main-organization-logo\",\"url\":\"\",\"contentUrl\":\"\",\"caption\":\"Seminario Maggiore Arcivescovile - Chiesa di Trento\"}]}<\/script>\n<!-- \/ Yoast SEO Premium plugin. -->","yoast_head_json":{"title":"Dono, passione, credere, vivere - Seminario Maggiore Arcivescovile","robots":{"index":"index","follow":"follow","max-snippet":"max-snippet:-1","max-image-preview":"max-image-preview:large","max-video-preview":"max-video-preview:-1"},"canonical":"https:\/\/www.diocesitn.it\/seminario\/2023\/12\/11\/il-mandato-dellarcivescovo-al-nuovo-diacono-alberto-come-maria-affrettati-a-dire-il-tuo-si-il-bambino-di-betlemme-continua-a-venire-alla-luce-mentre-i-vari-erode\/","og_locale":"it_IT","og_type":"article","og_title":"Dono, passione, credere, vivere","og_description":"\u201cRicevi il Vangelo di Cristo del quale sei divenuto l\u2019annunciatore: credi sempre a ci\u00f2 che proclami, insegna ci\u00f2 che hai appreso nella fede, vivi ci\u00f2 che insegni\u201d. Recita cos\u00ec la preghiera del Vescovo mentre consegna","og_url":"https:\/\/www.diocesitn.it\/seminario\/2023\/12\/11\/il-mandato-dellarcivescovo-al-nuovo-diacono-alberto-come-maria-affrettati-a-dire-il-tuo-si-il-bambino-di-betlemme-continua-a-venire-alla-luce-mentre-i-vari-erode\/","og_site_name":"Seminario Maggiore Arcivescovile","article_publisher":"https:\/\/www.facebook.com\/seminariotrento\/","article_published_time":"2023-12-11T11:10:33+00:00","article_modified_time":"2024-03-01T11:14:00+00:00","og_image":[{"width":900,"height":643,"url":"https:\/\/www.diocesitn.it\/seminario\/wp-content\/uploads\/sites\/41\/2023\/12\/Ordinazione-Alberto-Bolognani-4_web.jpeg","type":"image\/jpeg"}],"author":"seminaristitrento","twitter_card":"summary_large_image","twitter_misc":{"Scritto da":"seminaristitrento","Tempo di lettura stimato":"4 minuti"},"schema":{"@context":"https:\/\/schema.org","@graph":[{"@type":"WebPage","@id":"https:\/\/www.diocesitn.it\/seminario\/2023\/12\/11\/il-mandato-dellarcivescovo-al-nuovo-diacono-alberto-come-maria-affrettati-a-dire-il-tuo-si-il-bambino-di-betlemme-continua-a-venire-alla-luce-mentre-i-vari-erode\/","url":"https:\/\/www.diocesitn.it\/seminario\/2023\/12\/11\/il-mandato-dellarcivescovo-al-nuovo-diacono-alberto-come-maria-affrettati-a-dire-il-tuo-si-il-bambino-di-betlemme-continua-a-venire-alla-luce-mentre-i-vari-erode\/","name":"Dono, passione, credere, vivere - Seminario Maggiore Arcivescovile","isPartOf":{"@id":"https:\/\/www.diocesitn.it\/seminario\/#website"},"primaryImageOfPage":{"@id":"https:\/\/www.diocesitn.it\/seminario\/2023\/12\/11\/il-mandato-dellarcivescovo-al-nuovo-diacono-alberto-come-maria-affrettati-a-dire-il-tuo-si-il-bambino-di-betlemme-continua-a-venire-alla-luce-mentre-i-vari-erode\/#primaryimage"},"image":{"@id":"https:\/\/www.diocesitn.it\/seminario\/2023\/12\/11\/il-mandato-dellarcivescovo-al-nuovo-diacono-alberto-come-maria-affrettati-a-dire-il-tuo-si-il-bambino-di-betlemme-continua-a-venire-alla-luce-mentre-i-vari-erode\/#primaryimage"},"thumbnailUrl":"https:\/\/www.diocesitn.it\/seminario\/wp-content\/uploads\/sites\/41\/2023\/12\/Ordinazione-Alberto-Bolognani-4_web.jpeg","datePublished":"2023-12-11T11:10:33+00:00","dateModified":"2024-03-01T11:14:00+00:00","author":{"@id":"https:\/\/www.diocesitn.it\/seminario\/#\/schema\/person\/fe751b4cf044b25d6ad3f1991d9b6d54"},"breadcrumb":{"@id":"https:\/\/www.diocesitn.it\/seminario\/2023\/12\/11\/il-mandato-dellarcivescovo-al-nuovo-diacono-alberto-come-maria-affrettati-a-dire-il-tuo-si-il-bambino-di-betlemme-continua-a-venire-alla-luce-mentre-i-vari-erode\/#breadcrumb"},"inLanguage":"it-IT","potentialAction":[{"@type":"ReadAction","target":["https:\/\/www.diocesitn.it\/seminario\/2023\/12\/11\/il-mandato-dellarcivescovo-al-nuovo-diacono-alberto-come-maria-affrettati-a-dire-il-tuo-si-il-bambino-di-betlemme-continua-a-venire-alla-luce-mentre-i-vari-erode\/"]}]},{"@type":"ImageObject","inLanguage":"it-IT","@id":"https:\/\/www.diocesitn.it\/seminario\/2023\/12\/11\/il-mandato-dellarcivescovo-al-nuovo-diacono-alberto-come-maria-affrettati-a-dire-il-tuo-si-il-bambino-di-betlemme-continua-a-venire-alla-luce-mentre-i-vari-erode\/#primaryimage","url":"https:\/\/www.diocesitn.it\/seminario\/wp-content\/uploads\/sites\/41\/2023\/12\/Ordinazione-Alberto-Bolognani-4_web.jpeg","contentUrl":"https:\/\/www.diocesitn.it\/seminario\/wp-content\/uploads\/sites\/41\/2023\/12\/Ordinazione-Alberto-Bolognani-4_web.jpeg","width":900,"height":643},{"@type":"BreadcrumbList","@id":"https:\/\/www.diocesitn.it\/seminario\/2023\/12\/11\/il-mandato-dellarcivescovo-al-nuovo-diacono-alberto-come-maria-affrettati-a-dire-il-tuo-si-il-bambino-di-betlemme-continua-a-venire-alla-luce-mentre-i-vari-erode\/#breadcrumb","itemListElement":[{"@type":"ListItem","position":1,"name":"Home","item":"https:\/\/www.diocesitn.it\/seminario\/"},{"@type":"ListItem","position":2,"name":"Dono, passione, credere, vivere"}]},{"@type":"WebSite","@id":"https:\/\/www.diocesitn.it\/seminario\/#website","url":"https:\/\/www.diocesitn.it\/seminario\/","name":"Seminario Maggiore Arcivescovile","description":"Chiesa di Trento","potentialAction":[{"@type":"SearchAction","target":{"@type":"EntryPoint","urlTemplate":"https:\/\/www.diocesitn.it\/seminario\/?s={search_term_string}"},"query-input":"required name=search_term_string"}],"inLanguage":"it-IT"},{"@type":"ImageObject","inLanguage":"it-IT","@id":"https:\/\/www.diocesitn.it\/seminario\/2023\/12\/11\/il-mandato-dellarcivescovo-al-nuovo-diacono-alberto-come-maria-affrettati-a-dire-il-tuo-si-il-bambino-di-betlemme-continua-a-venire-alla-luce-mentre-i-vari-erode\/#local-main-organization-logo","url":"","contentUrl":"","caption":"Seminario Maggiore Arcivescovile - Chiesa di Trento"}]}},"_links":{"self":[{"href":"https:\/\/www.diocesitn.it\/seminario\/wp-json\/wp\/v2\/posts\/839","targetHints":{"allow":["GET"]}}],"collection":[{"href":"https:\/\/www.diocesitn.it\/seminario\/wp-json\/wp\/v2\/posts"}],"about":[{"href":"https:\/\/www.diocesitn.it\/seminario\/wp-json\/wp\/v2\/types\/post"}],"author":[{"embeddable":true,"href":"https:\/\/www.diocesitn.it\/seminario\/wp-json\/wp\/v2\/users\/172"}],"replies":[{"embeddable":true,"href":"https:\/\/www.diocesitn.it\/seminario\/wp-json\/wp\/v2\/comments?post=839"}],"version-history":[{"count":3,"href":"https:\/\/www.diocesitn.it\/seminario\/wp-json\/wp\/v2\/posts\/839\/revisions"}],"predecessor-version":[{"id":898,"href":"https:\/\/www.diocesitn.it\/seminario\/wp-json\/wp\/v2\/posts\/839\/revisions\/898"}],"wp:featuredmedia":[{"embeddable":true,"href":"https:\/\/www.diocesitn.it\/seminario\/wp-json\/wp\/v2\/media\/846"}],"wp:attachment":[{"href":"https:\/\/www.diocesitn.it\/seminario\/wp-json\/wp\/v2\/media?parent=839"}],"wp:term":[{"taxonomy":"category","embeddable":true,"href":"https:\/\/www.diocesitn.it\/seminario\/wp-json\/wp\/v2\/categories?post=839"},{"taxonomy":"post_tag","embeddable":true,"href":"https:\/\/www.diocesitn.it\/seminario\/wp-json\/wp\/v2\/tags?post=839"}],"curies":[{"name":"wp","href":"https:\/\/api.w.org\/{rel}","templated":true}]}}