{"id":814,"date":"2023-11-25T11:25:53","date_gmt":"2023-11-25T10:25:53","guid":{"rendered":"https:\/\/www.diocesitn.it\/seminario\/?p=814"},"modified":"2023-11-25T11:26:14","modified_gmt":"2023-11-25T10:26:14","slug":"chiesa-luogo-di-incontro-con-cristo","status":"publish","type":"post","link":"https:\/\/www.diocesitn.it\/seminario\/2023\/11\/25\/chiesa-luogo-di-incontro-con-cristo\/","title":{"rendered":"Chiesa: luogo di incontro con Cristo"},"content":{"rendered":"<p>Quando si parte per un cammino, una cosa fondamentale \u00e8 lo zaino che va riempito delle cose<br \/>\nessenziali: l\u2019acqua e cibo, la torcia, il sacco a pelo e il kit del pronto soccorso. Senza troppi pensieri<br \/>\no preoccupazioni si parte senza sapere cosa la strada riserva.<br \/>\nPossiamo descriverla con questa immagine del viaggio le sensazioni ed emozioni che ci abitavano<br \/>\nprima di partire per l\u2019esperienza della GMG e che continuano ancora oggi.<br \/>\nTante sono state le occasioni di condivisione per confrontarsi con altri giovani nelle catechesi, negli<br \/>\neventi organizzati, nella semplicit\u00e0 di un pasto. Ecco cos\u2019\u00e8 per noi in questo viaggio l\u2019acqua e il<br \/>\ncibo: la condivisione.<br \/>\nUn altro momento, sicuramente denso di emozioni, \u00e8 stata la Via Crucis: il condividere di alcune<br \/>\npersone le proprie fragilit\u00e0 e cadute, \u00e8 stata una vera e propria lezione di vita: \u00e8 davvero possibile<br \/>\n\u201cri-iniziare\u201d, tenendo lo sguardo fisso sul Risorto. Ecco cos\u2019\u00e8 per noi in questo viaggio il kit di<br \/>\npronto soccorso: una persona, Cristo.<br \/>\nLa veglia insieme alla Messa finale \u00e8 stata la conclusione di questa esperienza, dove migliaia di<br \/>\ngiovani, con la loro vita e sensibilit\u00e0, pregavano il Signore in un silenzio che era pieno della sua<br \/>\npresenza. Ecco cos\u2019\u00e8 per noi in questo viaggio la torcia: la fede.<br \/>\nSicuramente si respirava un clima di Chiesa, dove la diversit\u00e0 di provenienza, cultura, sensibilit\u00e0<br \/>\ndiventava luogo di grazia e di incontro. Le relazioni che si instauravano erano davvero di amicizia e<br \/>\ndi fraternit\u00e0. Ecco cos\u2019\u00e8 per noi in questo viaggio il sacco a pelo: un\u2019esperienza di Chiesa come<br \/>\nporto sicuro.<br \/>\nPer concludere via lasciamo con parole di papa Francesco durante la via Crucis con l\u2019augurio che<br \/>\nCristo possa diventare presenza viva nelle nostre vite.<br \/>\n\u00abGes\u00f9 vuole colmare la nostra paura, la tua paura, la mia paura, quelle paure oscure vuole colmarle<br \/>\ncon la sua consolazione. E Lui spera di spingerci ad abbracciare il rischio di amare. Perch\u00e9, voi lo<br \/>\nsapete, lo sapete meglio di me: amare \u00e8 rischioso. Bisogna correre il rischio di amare. \u00c8 un rischio,<br \/>\nma vale la pena correrlo, e Lui ci accompagna in questo. Sempre ci accompagna. Sempre cammina.<br \/>\nSempre, durante la vita, sta insieme a noi\u00bb.<\/p>\n<p>Bryan Fedon e Filippo Zanetti<\/p>\n<p><img loading=\"lazy\" decoding=\"async\" class=\"alignnone wp-image-816 size-large\" src=\"https:\/\/www.diocesitn.it\/seminario\/wp-content\/uploads\/sites\/41\/2023\/11\/20230807113941_IMG_2179-1-1024x622.jpeg\" alt=\"\" width=\"800\" height=\"486\" srcset=\"https:\/\/www.diocesitn.it\/seminario\/wp-content\/uploads\/sites\/41\/2023\/11\/20230807113941_IMG_2179-1-1024x622.jpeg 1024w, https:\/\/www.diocesitn.it\/seminario\/wp-content\/uploads\/sites\/41\/2023\/11\/20230807113941_IMG_2179-1-300x182.jpeg 300w, https:\/\/www.diocesitn.it\/seminario\/wp-content\/uploads\/sites\/41\/2023\/11\/20230807113941_IMG_2179-1-768x467.jpeg 768w, https:\/\/www.diocesitn.it\/seminario\/wp-content\/uploads\/sites\/41\/2023\/11\/20230807113941_IMG_2179-1-360x219.jpeg 360w, https:\/\/www.diocesitn.it\/seminario\/wp-content\/uploads\/sites\/41\/2023\/11\/20230807113941_IMG_2179-1-1536x934.jpeg 1536w, https:\/\/www.diocesitn.it\/seminario\/wp-content\/uploads\/sites\/41\/2023\/11\/20230807113941_IMG_2179-1-2048x1245.jpeg 2048w, https:\/\/www.diocesitn.it\/seminario\/wp-content\/uploads\/sites\/41\/2023\/11\/20230807113941_IMG_2179-1-800x486.jpeg 800w, https:\/\/www.diocesitn.it\/seminario\/wp-content\/uploads\/sites\/41\/2023\/11\/20230807113941_IMG_2179-1-1200x729.jpeg 1200w\" sizes=\"auto, (max-width: 800px) 100vw, 800px\" \/><\/p>\n<p><img loading=\"lazy\" decoding=\"async\" class=\"alignnone wp-image-817 size-large\" src=\"https:\/\/www.diocesitn.it\/seminario\/wp-content\/uploads\/sites\/41\/2023\/11\/IMG_20230803_071252-1024x766.jpeg\" alt=\"\" width=\"800\" height=\"598\" srcset=\"https:\/\/www.diocesitn.it\/seminario\/wp-content\/uploads\/sites\/41\/2023\/11\/IMG_20230803_071252-1024x766.jpeg 1024w, https:\/\/www.diocesitn.it\/seminario\/wp-content\/uploads\/sites\/41\/2023\/11\/IMG_20230803_071252-300x224.jpeg 300w, https:\/\/www.diocesitn.it\/seminario\/wp-content\/uploads\/sites\/41\/2023\/11\/IMG_20230803_071252-768x575.jpeg 768w, https:\/\/www.diocesitn.it\/seminario\/wp-content\/uploads\/sites\/41\/2023\/11\/IMG_20230803_071252-360x269.jpeg 360w, https:\/\/www.diocesitn.it\/seminario\/wp-content\/uploads\/sites\/41\/2023\/11\/IMG_20230803_071252-1536x1149.jpeg 1536w, https:\/\/www.diocesitn.it\/seminario\/wp-content\/uploads\/sites\/41\/2023\/11\/IMG_20230803_071252-2048x1532.jpeg 2048w, https:\/\/www.diocesitn.it\/seminario\/wp-content\/uploads\/sites\/41\/2023\/11\/IMG_20230803_071252-800x599.jpeg 800w, https:\/\/www.diocesitn.it\/seminario\/wp-content\/uploads\/sites\/41\/2023\/11\/IMG_20230803_071252-1200x898.jpeg 1200w\" sizes=\"auto, (max-width: 800px) 100vw, 800px\" \/><\/p>\n<p><img loading=\"lazy\" decoding=\"async\" class=\"alignnone wp-image-818 size-large\" src=\"https:\/\/www.diocesitn.it\/seminario\/wp-content\/uploads\/sites\/41\/2023\/11\/IMG_20230808_090510-1024x768.jpeg\" alt=\"\" width=\"800\" height=\"600\" srcset=\"https:\/\/www.diocesitn.it\/seminario\/wp-content\/uploads\/sites\/41\/2023\/11\/IMG_20230808_090510-1024x768.jpeg 1024w, https:\/\/www.diocesitn.it\/seminario\/wp-content\/uploads\/sites\/41\/2023\/11\/IMG_20230808_090510-300x225.jpeg 300w, https:\/\/www.diocesitn.it\/seminario\/wp-content\/uploads\/sites\/41\/2023\/11\/IMG_20230808_090510-768x576.jpeg 768w, https:\/\/www.diocesitn.it\/seminario\/wp-content\/uploads\/sites\/41\/2023\/11\/IMG_20230808_090510-360x270.jpeg 360w, https:\/\/www.diocesitn.it\/seminario\/wp-content\/uploads\/sites\/41\/2023\/11\/IMG_20230808_090510-1536x1152.jpeg 1536w, https:\/\/www.diocesitn.it\/seminario\/wp-content\/uploads\/sites\/41\/2023\/11\/IMG_20230808_090510-2048x1536.jpeg 2048w, https:\/\/www.diocesitn.it\/seminario\/wp-content\/uploads\/sites\/41\/2023\/11\/IMG_20230808_090510-800x600.jpeg 800w, https:\/\/www.diocesitn.it\/seminario\/wp-content\/uploads\/sites\/41\/2023\/11\/IMG_20230808_090510-1200x900.jpeg 1200w\" sizes=\"auto, (max-width: 800px) 100vw, 800px\" \/><\/p>\n<p>&nbsp;<\/p>\n","protected":false},"excerpt":{"rendered":"<p>Quando si parte per un cammino, una cosa fondamentale \u00e8 lo zaino che va riempito delle cose essenziali: l\u2019acqua e cibo, la torcia, il sacco a pelo e il kit del pronto soccorso. Senza troppi<\/p>\n","protected":false},"author":172,"featured_media":815,"comment_status":"closed","ping_status":"closed","sticky":false,"template":"","format":"standard","meta":{"footnotes":""},"categories":[176],"tags":[],"class_list":["post-814","post","type-post","status-publish","format-standard","has-post-thumbnail","hentry","category-notizie"],"acf":{"seed-localization-paese-cod":"IT","seed-localization-address":"","seed-localization-citta":"Trento","seed-localization-regione-cod-istat":"04","seed-localization-citta-cod-istat":"022205","seed-localization-localita":"","seed-localization-cap":"","seed-localization-marker-visibility":false,"seed-localization-children-visibility":false,"seed-localization-kml":"","seed-localization-custom-marker":""},"yoast_head":"<!-- This site is optimized with the Yoast SEO Premium plugin v20.2.1 (Yoast SEO v22.2) - https:\/\/yoast.com\/wordpress\/plugins\/seo\/ -->\n<title>Chiesa: luogo di incontro con Cristo - Seminario Maggiore Arcivescovile<\/title>\n<meta name=\"robots\" content=\"index, follow, max-snippet:-1, max-image-preview:large, max-video-preview:-1\" \/>\n<link rel=\"canonical\" href=\"https:\/\/www.diocesitn.it\/seminario\/2023\/11\/25\/chiesa-luogo-di-incontro-con-cristo\/\" \/>\n<meta property=\"og:locale\" content=\"it_IT\" \/>\n<meta property=\"og:type\" content=\"article\" \/>\n<meta property=\"og:title\" content=\"Chiesa: luogo di incontro con Cristo\" \/>\n<meta property=\"og:description\" content=\"Quando si parte per un cammino, una cosa fondamentale \u00e8 lo zaino che va riempito delle cose essenziali: l\u2019acqua e cibo, la torcia, il sacco a pelo e il kit del pronto soccorso. Senza troppi\" \/>\n<meta property=\"og:url\" content=\"https:\/\/www.diocesitn.it\/seminario\/2023\/11\/25\/chiesa-luogo-di-incontro-con-cristo\/\" \/>\n<meta property=\"og:site_name\" content=\"Seminario Maggiore Arcivescovile\" \/>\n<meta property=\"article:publisher\" content=\"https:\/\/www.facebook.com\/seminariotrento\/\" \/>\n<meta property=\"article:published_time\" content=\"2023-11-25T10:25:53+00:00\" \/>\n<meta property=\"article:modified_time\" content=\"2023-11-25T10:26:14+00:00\" \/>\n<meta property=\"og:image\" content=\"https:\/\/www.diocesitn.it\/seminario\/wp-content\/uploads\/sites\/41\/2023\/11\/IMG_20230804_194810-scaled.jpeg\" \/>\n\t<meta property=\"og:image:width\" content=\"2560\" \/>\n\t<meta property=\"og:image:height\" content=\"1920\" \/>\n\t<meta property=\"og:image:type\" content=\"image\/jpeg\" \/>\n<meta name=\"author\" content=\"seminaristitrento\" \/>\n<meta name=\"twitter:card\" content=\"summary_large_image\" \/>\n<meta name=\"twitter:label1\" content=\"Scritto da\" \/>\n\t<meta name=\"twitter:data1\" content=\"seminaristitrento\" \/>\n\t<meta name=\"twitter:label2\" content=\"Tempo di lettura stimato\" \/>\n\t<meta name=\"twitter:data2\" content=\"3 minuti\" \/>\n<script type=\"application\/ld+json\" class=\"yoast-schema-graph\">{\"@context\":\"https:\/\/schema.org\",\"@graph\":[{\"@type\":\"WebPage\",\"@id\":\"https:\/\/www.diocesitn.it\/seminario\/2023\/11\/25\/chiesa-luogo-di-incontro-con-cristo\/\",\"url\":\"https:\/\/www.diocesitn.it\/seminario\/2023\/11\/25\/chiesa-luogo-di-incontro-con-cristo\/\",\"name\":\"Chiesa: luogo di incontro con Cristo - Seminario Maggiore Arcivescovile\",\"isPartOf\":{\"@id\":\"https:\/\/www.diocesitn.it\/seminario\/#website\"},\"primaryImageOfPage\":{\"@id\":\"https:\/\/www.diocesitn.it\/seminario\/2023\/11\/25\/chiesa-luogo-di-incontro-con-cristo\/#primaryimage\"},\"image\":{\"@id\":\"https:\/\/www.diocesitn.it\/seminario\/2023\/11\/25\/chiesa-luogo-di-incontro-con-cristo\/#primaryimage\"},\"thumbnailUrl\":\"https:\/\/www.diocesitn.it\/seminario\/wp-content\/uploads\/sites\/41\/2023\/11\/IMG_20230804_194810-scaled.jpeg\",\"datePublished\":\"2023-11-25T10:25:53+00:00\",\"dateModified\":\"2023-11-25T10:26:14+00:00\",\"author\":{\"@id\":\"https:\/\/www.diocesitn.it\/seminario\/#\/schema\/person\/fe751b4cf044b25d6ad3f1991d9b6d54\"},\"breadcrumb\":{\"@id\":\"https:\/\/www.diocesitn.it\/seminario\/2023\/11\/25\/chiesa-luogo-di-incontro-con-cristo\/#breadcrumb\"},\"inLanguage\":\"it-IT\",\"potentialAction\":[{\"@type\":\"ReadAction\",\"target\":[\"https:\/\/www.diocesitn.it\/seminario\/2023\/11\/25\/chiesa-luogo-di-incontro-con-cristo\/\"]}]},{\"@type\":\"ImageObject\",\"inLanguage\":\"it-IT\",\"@id\":\"https:\/\/www.diocesitn.it\/seminario\/2023\/11\/25\/chiesa-luogo-di-incontro-con-cristo\/#primaryimage\",\"url\":\"https:\/\/www.diocesitn.it\/seminario\/wp-content\/uploads\/sites\/41\/2023\/11\/IMG_20230804_194810-scaled.jpeg\",\"contentUrl\":\"https:\/\/www.diocesitn.it\/seminario\/wp-content\/uploads\/sites\/41\/2023\/11\/IMG_20230804_194810-scaled.jpeg\",\"width\":2560,\"height\":1920},{\"@type\":\"BreadcrumbList\",\"@id\":\"https:\/\/www.diocesitn.it\/seminario\/2023\/11\/25\/chiesa-luogo-di-incontro-con-cristo\/#breadcrumb\",\"itemListElement\":[{\"@type\":\"ListItem\",\"position\":1,\"name\":\"Home\",\"item\":\"https:\/\/www.diocesitn.it\/seminario\/\"},{\"@type\":\"ListItem\",\"position\":2,\"name\":\"Chiesa: luogo di incontro con Cristo\"}]},{\"@type\":\"WebSite\",\"@id\":\"https:\/\/www.diocesitn.it\/seminario\/#website\",\"url\":\"https:\/\/www.diocesitn.it\/seminario\/\",\"name\":\"Seminario Maggiore Arcivescovile\",\"description\":\"Chiesa di Trento\",\"potentialAction\":[{\"@type\":\"SearchAction\",\"target\":{\"@type\":\"EntryPoint\",\"urlTemplate\":\"https:\/\/www.diocesitn.it\/seminario\/?s={search_term_string}\"},\"query-input\":\"required name=search_term_string\"}],\"inLanguage\":\"it-IT\"},{\"@type\":\"ImageObject\",\"inLanguage\":\"it-IT\",\"@id\":\"https:\/\/www.diocesitn.it\/seminario\/2023\/11\/25\/chiesa-luogo-di-incontro-con-cristo\/#local-main-organization-logo\",\"url\":\"\",\"contentUrl\":\"\",\"caption\":\"Seminario Maggiore Arcivescovile - Chiesa di Trento\"}]}<\/script>\n<!-- \/ Yoast SEO Premium plugin. -->","yoast_head_json":{"title":"Chiesa: luogo di incontro con Cristo - Seminario Maggiore Arcivescovile","robots":{"index":"index","follow":"follow","max-snippet":"max-snippet:-1","max-image-preview":"max-image-preview:large","max-video-preview":"max-video-preview:-1"},"canonical":"https:\/\/www.diocesitn.it\/seminario\/2023\/11\/25\/chiesa-luogo-di-incontro-con-cristo\/","og_locale":"it_IT","og_type":"article","og_title":"Chiesa: luogo di incontro con Cristo","og_description":"Quando si parte per un cammino, una cosa fondamentale \u00e8 lo zaino che va riempito delle cose essenziali: l\u2019acqua e cibo, la torcia, il sacco a pelo e il kit del pronto soccorso. Senza troppi","og_url":"https:\/\/www.diocesitn.it\/seminario\/2023\/11\/25\/chiesa-luogo-di-incontro-con-cristo\/","og_site_name":"Seminario Maggiore Arcivescovile","article_publisher":"https:\/\/www.facebook.com\/seminariotrento\/","article_published_time":"2023-11-25T10:25:53+00:00","article_modified_time":"2023-11-25T10:26:14+00:00","og_image":[{"width":2560,"height":1920,"url":"https:\/\/www.diocesitn.it\/seminario\/wp-content\/uploads\/sites\/41\/2023\/11\/IMG_20230804_194810-scaled.jpeg","type":"image\/jpeg"}],"author":"seminaristitrento","twitter_card":"summary_large_image","twitter_misc":{"Scritto da":"seminaristitrento","Tempo di lettura stimato":"3 minuti"},"schema":{"@context":"https:\/\/schema.org","@graph":[{"@type":"WebPage","@id":"https:\/\/www.diocesitn.it\/seminario\/2023\/11\/25\/chiesa-luogo-di-incontro-con-cristo\/","url":"https:\/\/www.diocesitn.it\/seminario\/2023\/11\/25\/chiesa-luogo-di-incontro-con-cristo\/","name":"Chiesa: luogo di incontro con Cristo - Seminario Maggiore Arcivescovile","isPartOf":{"@id":"https:\/\/www.diocesitn.it\/seminario\/#website"},"primaryImageOfPage":{"@id":"https:\/\/www.diocesitn.it\/seminario\/2023\/11\/25\/chiesa-luogo-di-incontro-con-cristo\/#primaryimage"},"image":{"@id":"https:\/\/www.diocesitn.it\/seminario\/2023\/11\/25\/chiesa-luogo-di-incontro-con-cristo\/#primaryimage"},"thumbnailUrl":"https:\/\/www.diocesitn.it\/seminario\/wp-content\/uploads\/sites\/41\/2023\/11\/IMG_20230804_194810-scaled.jpeg","datePublished":"2023-11-25T10:25:53+00:00","dateModified":"2023-11-25T10:26:14+00:00","author":{"@id":"https:\/\/www.diocesitn.it\/seminario\/#\/schema\/person\/fe751b4cf044b25d6ad3f1991d9b6d54"},"breadcrumb":{"@id":"https:\/\/www.diocesitn.it\/seminario\/2023\/11\/25\/chiesa-luogo-di-incontro-con-cristo\/#breadcrumb"},"inLanguage":"it-IT","potentialAction":[{"@type":"ReadAction","target":["https:\/\/www.diocesitn.it\/seminario\/2023\/11\/25\/chiesa-luogo-di-incontro-con-cristo\/"]}]},{"@type":"ImageObject","inLanguage":"it-IT","@id":"https:\/\/www.diocesitn.it\/seminario\/2023\/11\/25\/chiesa-luogo-di-incontro-con-cristo\/#primaryimage","url":"https:\/\/www.diocesitn.it\/seminario\/wp-content\/uploads\/sites\/41\/2023\/11\/IMG_20230804_194810-scaled.jpeg","contentUrl":"https:\/\/www.diocesitn.it\/seminario\/wp-content\/uploads\/sites\/41\/2023\/11\/IMG_20230804_194810-scaled.jpeg","width":2560,"height":1920},{"@type":"BreadcrumbList","@id":"https:\/\/www.diocesitn.it\/seminario\/2023\/11\/25\/chiesa-luogo-di-incontro-con-cristo\/#breadcrumb","itemListElement":[{"@type":"ListItem","position":1,"name":"Home","item":"https:\/\/www.diocesitn.it\/seminario\/"},{"@type":"ListItem","position":2,"name":"Chiesa: luogo di incontro con Cristo"}]},{"@type":"WebSite","@id":"https:\/\/www.diocesitn.it\/seminario\/#website","url":"https:\/\/www.diocesitn.it\/seminario\/","name":"Seminario Maggiore Arcivescovile","description":"Chiesa di Trento","potentialAction":[{"@type":"SearchAction","target":{"@type":"EntryPoint","urlTemplate":"https:\/\/www.diocesitn.it\/seminario\/?s={search_term_string}"},"query-input":"required name=search_term_string"}],"inLanguage":"it-IT"},{"@type":"ImageObject","inLanguage":"it-IT","@id":"https:\/\/www.diocesitn.it\/seminario\/2023\/11\/25\/chiesa-luogo-di-incontro-con-cristo\/#local-main-organization-logo","url":"","contentUrl":"","caption":"Seminario Maggiore Arcivescovile - Chiesa di Trento"}]}},"_links":{"self":[{"href":"https:\/\/www.diocesitn.it\/seminario\/wp-json\/wp\/v2\/posts\/814","targetHints":{"allow":["GET"]}}],"collection":[{"href":"https:\/\/www.diocesitn.it\/seminario\/wp-json\/wp\/v2\/posts"}],"about":[{"href":"https:\/\/www.diocesitn.it\/seminario\/wp-json\/wp\/v2\/types\/post"}],"author":[{"embeddable":true,"href":"https:\/\/www.diocesitn.it\/seminario\/wp-json\/wp\/v2\/users\/172"}],"replies":[{"embeddable":true,"href":"https:\/\/www.diocesitn.it\/seminario\/wp-json\/wp\/v2\/comments?post=814"}],"version-history":[{"count":1,"href":"https:\/\/www.diocesitn.it\/seminario\/wp-json\/wp\/v2\/posts\/814\/revisions"}],"predecessor-version":[{"id":819,"href":"https:\/\/www.diocesitn.it\/seminario\/wp-json\/wp\/v2\/posts\/814\/revisions\/819"}],"wp:featuredmedia":[{"embeddable":true,"href":"https:\/\/www.diocesitn.it\/seminario\/wp-json\/wp\/v2\/media\/815"}],"wp:attachment":[{"href":"https:\/\/www.diocesitn.it\/seminario\/wp-json\/wp\/v2\/media?parent=814"}],"wp:term":[{"taxonomy":"category","embeddable":true,"href":"https:\/\/www.diocesitn.it\/seminario\/wp-json\/wp\/v2\/categories?post=814"},{"taxonomy":"post_tag","embeddable":true,"href":"https:\/\/www.diocesitn.it\/seminario\/wp-json\/wp\/v2\/tags?post=814"}],"curies":[{"name":"wp","href":"https:\/\/api.w.org\/{rel}","templated":true}]}}