{"id":749,"date":"2023-10-12T20:16:27","date_gmt":"2023-10-12T18:16:27","guid":{"rendered":"https:\/\/www.diocesitn.it\/seminario\/?p=749"},"modified":"2023-10-22T11:57:13","modified_gmt":"2023-10-22T09:57:13","slug":"una-famiglia-in-seminario","status":"publish","type":"post","link":"https:\/\/www.diocesitn.it\/seminario\/2023\/10\/12\/una-famiglia-in-seminario\/","title":{"rendered":"Una famiglia in seminario"},"content":{"rendered":"<p>Quest\u2019anno per la nostra famiglia \u00e8 iniziata una nuova avventura. Con le nostre figlie di 16 e 14 anni e i nostri figli di 10 e 8 anni abbiamo dapprima iniziato a conoscere i seminaristi e poi ci siamo trasferiti nelle adiacenze del seminario con un\u2019idea, nata dal confronto con il Rettore in modo un po\u2019 sperimentale, dai contorni molto semplici: condividere momenti di convivialit\u00e0 e vita familiare con i giovani che frequentano il seminario. Ci sembrava bello poter offrire ai seminaristi il confronto con altre figure, diverse dai formatori, dentro una quotidianit\u00e0 di contesto (una casetta, dal nome ancora indefinito!) e di famiglia, come occasione di arricchimento reciproco. Per noi \u00e8 stato bello iniziare a conoscere i ragazzi, portando ciascuno la propria parte: da quella femminile (e un po\u2019 materna) a quella pragmatica di incastro non sempre semplice tra lavoro e famiglia, da quella adolescenziale, talvolta schiva e impercettibile talvolta aperta e disponibile al dialogo, fino a quella vivace e chiassosa dei bambini, con le loro richieste di gioco e di attenzione. Uno spaccato di vita, di dinamiche e di fede familiare che i seminaristi incontreranno sulla loro strada\u2026 Nei ragazzi abbiamo trovato grande disponibilit\u00e0 di ascolto e accoglienza verso ciascuno di noi e abbiamo potuto sperimentare diverse occasioni insieme: le cene del marted\u00ec, la gita sulla neve, le serate sportive, il supporto compiti e le ricette preparate per e con grandi e piccoli. In tanti momenti abbiamo percepito una comunit\u00e0 in costante cammino, ragazzi riflessivi e motivati, con cui \u00e8 stato possibile confrontarsi e dialogare. Tra le parti pi\u00f9 belle, i caff\u00e8 condivisi \u201ccon chi ha tempo e voglia\u201d, perch\u00e9 ciascun seminarista \u00e8 diverso dall\u2019altro (qualcuno non beve caff\u00e8!) e la relazione si costruisce, nell\u2019informalit\u00e0, non solo in comunit\u00e0 ma anche individualmente. Ci piace pensare (speriamo lo confermino anche i seminaristi!) di aver gettato dei semi che possano crescere anche nel prossimo anno di seminario e ci permettano di volare in alto, con tanti caff\u00e8 (e non) ed esperienze da condividere!<\/p>\n<p>Annalisa Pasini e Vittorio Cozzio<\/p>\n","protected":false},"excerpt":{"rendered":"<p>Quest\u2019anno per la nostra famiglia \u00e8 iniziata una nuova avventura. Con le nostre figlie di 16 e 14 anni e i nostri figli di 10 e 8 anni abbiamo dapprima iniziato a conoscere i seminaristi<\/p>\n","protected":false},"author":172,"featured_media":780,"comment_status":"closed","ping_status":"closed","sticky":false,"template":"","format":"standard","meta":{"footnotes":""},"categories":[176],"tags":[],"class_list":["post-749","post","type-post","status-publish","format-standard","has-post-thumbnail","hentry","category-notizie"],"acf":{"seed-localization-paese-cod":"IT","seed-localization-address":"","seed-localization-citta":"Trento","seed-localization-regione-cod-istat":"04","seed-localization-citta-cod-istat":"022205","seed-localization-localita":"","seed-localization-cap":"","seed-localization-marker-visibility":false,"seed-localization-children-visibility":false,"seed-localization-kml":"","seed-localization-custom-marker":""},"yoast_head":"<!-- This site is optimized with the Yoast SEO Premium plugin v20.2.1 (Yoast SEO v22.2) - https:\/\/yoast.com\/wordpress\/plugins\/seo\/ -->\n<title>Una famiglia in seminario - Seminario Maggiore Arcivescovile<\/title>\n<meta name=\"robots\" content=\"index, follow, max-snippet:-1, max-image-preview:large, max-video-preview:-1\" \/>\n<link rel=\"canonical\" href=\"https:\/\/www.diocesitn.it\/seminario\/2023\/10\/12\/una-famiglia-in-seminario\/\" \/>\n<meta property=\"og:locale\" content=\"it_IT\" \/>\n<meta property=\"og:type\" content=\"article\" \/>\n<meta property=\"og:title\" content=\"Una famiglia in seminario\" \/>\n<meta property=\"og:description\" content=\"Quest\u2019anno per la nostra famiglia \u00e8 iniziata una nuova avventura. Con le nostre figlie di 16 e 14 anni e i nostri figli di 10 e 8 anni abbiamo dapprima iniziato a conoscere i seminaristi\" \/>\n<meta property=\"og:url\" content=\"https:\/\/www.diocesitn.it\/seminario\/2023\/10\/12\/una-famiglia-in-seminario\/\" \/>\n<meta property=\"og:site_name\" content=\"Seminario Maggiore Arcivescovile\" \/>\n<meta property=\"article:publisher\" content=\"https:\/\/www.facebook.com\/seminariotrento\/\" \/>\n<meta property=\"article:published_time\" content=\"2023-10-12T18:16:27+00:00\" \/>\n<meta property=\"article:modified_time\" content=\"2023-10-22T09:57:13+00:00\" \/>\n<meta property=\"og:image\" content=\"https:\/\/www.diocesitn.it\/seminario\/wp-content\/uploads\/sites\/41\/2023\/10\/IMG_2671-scaled.jpg\" \/>\n\t<meta property=\"og:image:width\" content=\"2560\" \/>\n\t<meta property=\"og:image:height\" content=\"1440\" \/>\n\t<meta property=\"og:image:type\" content=\"image\/jpeg\" \/>\n<meta name=\"author\" content=\"seminaristitrento\" \/>\n<meta name=\"twitter:card\" content=\"summary_large_image\" \/>\n<meta name=\"twitter:label1\" content=\"Scritto da\" \/>\n\t<meta name=\"twitter:data1\" content=\"seminaristitrento\" \/>\n\t<meta name=\"twitter:label2\" content=\"Tempo di lettura stimato\" \/>\n\t<meta name=\"twitter:data2\" content=\"2 minuti\" \/>\n<script type=\"application\/ld+json\" class=\"yoast-schema-graph\">{\"@context\":\"https:\/\/schema.org\",\"@graph\":[{\"@type\":\"WebPage\",\"@id\":\"https:\/\/www.diocesitn.it\/seminario\/2023\/10\/12\/una-famiglia-in-seminario\/\",\"url\":\"https:\/\/www.diocesitn.it\/seminario\/2023\/10\/12\/una-famiglia-in-seminario\/\",\"name\":\"Una famiglia in seminario - Seminario Maggiore Arcivescovile\",\"isPartOf\":{\"@id\":\"https:\/\/www.diocesitn.it\/seminario\/#website\"},\"primaryImageOfPage\":{\"@id\":\"https:\/\/www.diocesitn.it\/seminario\/2023\/10\/12\/una-famiglia-in-seminario\/#primaryimage\"},\"image\":{\"@id\":\"https:\/\/www.diocesitn.it\/seminario\/2023\/10\/12\/una-famiglia-in-seminario\/#primaryimage\"},\"thumbnailUrl\":\"https:\/\/www.diocesitn.it\/seminario\/wp-content\/uploads\/sites\/41\/2023\/10\/IMG_2671-scaled.jpg\",\"datePublished\":\"2023-10-12T18:16:27+00:00\",\"dateModified\":\"2023-10-22T09:57:13+00:00\",\"author\":{\"@id\":\"https:\/\/www.diocesitn.it\/seminario\/#\/schema\/person\/fe751b4cf044b25d6ad3f1991d9b6d54\"},\"breadcrumb\":{\"@id\":\"https:\/\/www.diocesitn.it\/seminario\/2023\/10\/12\/una-famiglia-in-seminario\/#breadcrumb\"},\"inLanguage\":\"it-IT\",\"potentialAction\":[{\"@type\":\"ReadAction\",\"target\":[\"https:\/\/www.diocesitn.it\/seminario\/2023\/10\/12\/una-famiglia-in-seminario\/\"]}]},{\"@type\":\"ImageObject\",\"inLanguage\":\"it-IT\",\"@id\":\"https:\/\/www.diocesitn.it\/seminario\/2023\/10\/12\/una-famiglia-in-seminario\/#primaryimage\",\"url\":\"https:\/\/www.diocesitn.it\/seminario\/wp-content\/uploads\/sites\/41\/2023\/10\/IMG_2671-scaled.jpg\",\"contentUrl\":\"https:\/\/www.diocesitn.it\/seminario\/wp-content\/uploads\/sites\/41\/2023\/10\/IMG_2671-scaled.jpg\",\"width\":2560,\"height\":1440},{\"@type\":\"BreadcrumbList\",\"@id\":\"https:\/\/www.diocesitn.it\/seminario\/2023\/10\/12\/una-famiglia-in-seminario\/#breadcrumb\",\"itemListElement\":[{\"@type\":\"ListItem\",\"position\":1,\"name\":\"Home\",\"item\":\"https:\/\/www.diocesitn.it\/seminario\/\"},{\"@type\":\"ListItem\",\"position\":2,\"name\":\"Una famiglia in seminario\"}]},{\"@type\":\"WebSite\",\"@id\":\"https:\/\/www.diocesitn.it\/seminario\/#website\",\"url\":\"https:\/\/www.diocesitn.it\/seminario\/\",\"name\":\"Seminario Maggiore Arcivescovile\",\"description\":\"Chiesa di Trento\",\"potentialAction\":[{\"@type\":\"SearchAction\",\"target\":{\"@type\":\"EntryPoint\",\"urlTemplate\":\"https:\/\/www.diocesitn.it\/seminario\/?s={search_term_string}\"},\"query-input\":\"required name=search_term_string\"}],\"inLanguage\":\"it-IT\"},{\"@type\":\"ImageObject\",\"inLanguage\":\"it-IT\",\"@id\":\"https:\/\/www.diocesitn.it\/seminario\/2023\/10\/12\/una-famiglia-in-seminario\/#local-main-organization-logo\",\"url\":\"\",\"contentUrl\":\"\",\"caption\":\"Seminario Maggiore Arcivescovile - Chiesa di Trento\"}]}<\/script>\n<!-- \/ Yoast SEO Premium plugin. -->","yoast_head_json":{"title":"Una famiglia in seminario - Seminario Maggiore Arcivescovile","robots":{"index":"index","follow":"follow","max-snippet":"max-snippet:-1","max-image-preview":"max-image-preview:large","max-video-preview":"max-video-preview:-1"},"canonical":"https:\/\/www.diocesitn.it\/seminario\/2023\/10\/12\/una-famiglia-in-seminario\/","og_locale":"it_IT","og_type":"article","og_title":"Una famiglia in seminario","og_description":"Quest\u2019anno per la nostra famiglia \u00e8 iniziata una nuova avventura. Con le nostre figlie di 16 e 14 anni e i nostri figli di 10 e 8 anni abbiamo dapprima iniziato a conoscere i seminaristi","og_url":"https:\/\/www.diocesitn.it\/seminario\/2023\/10\/12\/una-famiglia-in-seminario\/","og_site_name":"Seminario Maggiore Arcivescovile","article_publisher":"https:\/\/www.facebook.com\/seminariotrento\/","article_published_time":"2023-10-12T18:16:27+00:00","article_modified_time":"2023-10-22T09:57:13+00:00","og_image":[{"width":2560,"height":1440,"url":"https:\/\/www.diocesitn.it\/seminario\/wp-content\/uploads\/sites\/41\/2023\/10\/IMG_2671-scaled.jpg","type":"image\/jpeg"}],"author":"seminaristitrento","twitter_card":"summary_large_image","twitter_misc":{"Scritto da":"seminaristitrento","Tempo di lettura stimato":"2 minuti"},"schema":{"@context":"https:\/\/schema.org","@graph":[{"@type":"WebPage","@id":"https:\/\/www.diocesitn.it\/seminario\/2023\/10\/12\/una-famiglia-in-seminario\/","url":"https:\/\/www.diocesitn.it\/seminario\/2023\/10\/12\/una-famiglia-in-seminario\/","name":"Una famiglia in seminario - Seminario Maggiore Arcivescovile","isPartOf":{"@id":"https:\/\/www.diocesitn.it\/seminario\/#website"},"primaryImageOfPage":{"@id":"https:\/\/www.diocesitn.it\/seminario\/2023\/10\/12\/una-famiglia-in-seminario\/#primaryimage"},"image":{"@id":"https:\/\/www.diocesitn.it\/seminario\/2023\/10\/12\/una-famiglia-in-seminario\/#primaryimage"},"thumbnailUrl":"https:\/\/www.diocesitn.it\/seminario\/wp-content\/uploads\/sites\/41\/2023\/10\/IMG_2671-scaled.jpg","datePublished":"2023-10-12T18:16:27+00:00","dateModified":"2023-10-22T09:57:13+00:00","author":{"@id":"https:\/\/www.diocesitn.it\/seminario\/#\/schema\/person\/fe751b4cf044b25d6ad3f1991d9b6d54"},"breadcrumb":{"@id":"https:\/\/www.diocesitn.it\/seminario\/2023\/10\/12\/una-famiglia-in-seminario\/#breadcrumb"},"inLanguage":"it-IT","potentialAction":[{"@type":"ReadAction","target":["https:\/\/www.diocesitn.it\/seminario\/2023\/10\/12\/una-famiglia-in-seminario\/"]}]},{"@type":"ImageObject","inLanguage":"it-IT","@id":"https:\/\/www.diocesitn.it\/seminario\/2023\/10\/12\/una-famiglia-in-seminario\/#primaryimage","url":"https:\/\/www.diocesitn.it\/seminario\/wp-content\/uploads\/sites\/41\/2023\/10\/IMG_2671-scaled.jpg","contentUrl":"https:\/\/www.diocesitn.it\/seminario\/wp-content\/uploads\/sites\/41\/2023\/10\/IMG_2671-scaled.jpg","width":2560,"height":1440},{"@type":"BreadcrumbList","@id":"https:\/\/www.diocesitn.it\/seminario\/2023\/10\/12\/una-famiglia-in-seminario\/#breadcrumb","itemListElement":[{"@type":"ListItem","position":1,"name":"Home","item":"https:\/\/www.diocesitn.it\/seminario\/"},{"@type":"ListItem","position":2,"name":"Una famiglia in seminario"}]},{"@type":"WebSite","@id":"https:\/\/www.diocesitn.it\/seminario\/#website","url":"https:\/\/www.diocesitn.it\/seminario\/","name":"Seminario Maggiore Arcivescovile","description":"Chiesa di Trento","potentialAction":[{"@type":"SearchAction","target":{"@type":"EntryPoint","urlTemplate":"https:\/\/www.diocesitn.it\/seminario\/?s={search_term_string}"},"query-input":"required name=search_term_string"}],"inLanguage":"it-IT"},{"@type":"ImageObject","inLanguage":"it-IT","@id":"https:\/\/www.diocesitn.it\/seminario\/2023\/10\/12\/una-famiglia-in-seminario\/#local-main-organization-logo","url":"","contentUrl":"","caption":"Seminario Maggiore Arcivescovile - Chiesa di Trento"}]}},"_links":{"self":[{"href":"https:\/\/www.diocesitn.it\/seminario\/wp-json\/wp\/v2\/posts\/749","targetHints":{"allow":["GET"]}}],"collection":[{"href":"https:\/\/www.diocesitn.it\/seminario\/wp-json\/wp\/v2\/posts"}],"about":[{"href":"https:\/\/www.diocesitn.it\/seminario\/wp-json\/wp\/v2\/types\/post"}],"author":[{"embeddable":true,"href":"https:\/\/www.diocesitn.it\/seminario\/wp-json\/wp\/v2\/users\/172"}],"replies":[{"embeddable":true,"href":"https:\/\/www.diocesitn.it\/seminario\/wp-json\/wp\/v2\/comments?post=749"}],"version-history":[{"count":3,"href":"https:\/\/www.diocesitn.it\/seminario\/wp-json\/wp\/v2\/posts\/749\/revisions"}],"predecessor-version":[{"id":791,"href":"https:\/\/www.diocesitn.it\/seminario\/wp-json\/wp\/v2\/posts\/749\/revisions\/791"}],"wp:featuredmedia":[{"embeddable":true,"href":"https:\/\/www.diocesitn.it\/seminario\/wp-json\/wp\/v2\/media\/780"}],"wp:attachment":[{"href":"https:\/\/www.diocesitn.it\/seminario\/wp-json\/wp\/v2\/media?parent=749"}],"wp:term":[{"taxonomy":"category","embeddable":true,"href":"https:\/\/www.diocesitn.it\/seminario\/wp-json\/wp\/v2\/categories?post=749"},{"taxonomy":"post_tag","embeddable":true,"href":"https:\/\/www.diocesitn.it\/seminario\/wp-json\/wp\/v2\/tags?post=749"}],"curies":[{"name":"wp","href":"https:\/\/api.w.org\/{rel}","templated":true}]}}