{"id":746,"date":"2023-10-12T17:17:47","date_gmt":"2023-10-12T15:17:47","guid":{"rendered":"https:\/\/www.diocesitn.it\/seminario\/?p=746"},"modified":"2023-10-22T12:00:08","modified_gmt":"2023-10-22T10:00:08","slug":"trento-verona","status":"publish","type":"post","link":"https:\/\/www.diocesitn.it\/seminario\/2023\/10\/12\/trento-verona\/","title":{"rendered":"Trento &#8211; Verona"},"content":{"rendered":"<p>Tante sono state le novit\u00e0 di quest\u2019anno di Seminario, come forse avrete potuto capire dai vari numeri precedenti, e una di queste \u00e8 sicuramente lo spostamento degli studi teologici da Trento a Verona. Infatti, per cercare di farla breve e semplice, l\u2019istituto teologico per i seminaristi di Trento (l\u2019ITA) verr\u00e0 chiuso il prossimo Febbraio a causa del numero esiguo di studenti. Quindi, per riuscire a continuare gli studi, alcuni di noi (fra i quali il sottoscritto) sono diventati pendolari dal luned\u00ec al mercoled\u00ec, partendo la mattina da Trento e arrivando a Verona, dove abbiamo iniziato a frequentare l\u2019Istituto Teologico San Zeno. Se a Trento avevamo frequentato alcuni corsi dove in classe eravamo solo in due (pi\u00f9 il professore), ora invece questi casi non ci saranno pi\u00f9, in quanto le classi sono decisamente pi\u00f9 numerose. Oltre ai seminaristi di Verona, abbiamo la possibilit\u00e0 di studiare e interfacciarci anche con frati o suore o giovani in discernimento per la vita consacrata dei pi\u00f9 vari ordini: dagli ormai famosi frati minori agli istituti di rito diocesano pi\u00f9 particolari. Naturalmente tutto questo pu\u00f2 essere una ricchezza per noi e in parte lo \u00e8 sicuramente. Non possiamo per\u00f2 nascondere alcune fatiche dovute a vari disagi come ad esempio il fatto che la comunit\u00e0 del Seminario di Trento quest\u2019anno \u00e8 stata divisa pi\u00f9 che mai, spezzettata fra Trento e Verona. Tuttavia, da un altra parte, ci siamo forse accorti di quanto preziosa pu\u00f2 essere proprio la comunit\u00e0, che al nostro ritorno dal Veneto era pronta a riaccoglierci come una famiglia. Ammetto che per me \u00e8 stata veramente una grazia sapere che, nonostante la stanchezza, potevo sempre contare sul fatto di avere qualcuno che mi aspettava quando tornavo. Inoltre, ovviamente, con gli studenti che frequentano l\u2019istituto veronese si \u00e8 creato un rapporto, riuscendo a condividere le nostre esperienze oltre che le lezioni. I pranzi tutti insieme poi hanno aiutato anche a conoscerci meglio e ad apprezzarci per le nostre diversit\u00e0, anche banalmente solo di provenienza. E la vera sfida \u00e8 questa: creare una rete fra tutti, diventando veramente chiesa.<\/p>\n<p>Sebastiano Spagnolli<\/p>\n","protected":false},"excerpt":{"rendered":"<p>Tante sono state le novit\u00e0 di quest\u2019anno di Seminario, come forse avrete potuto capire dai vari numeri precedenti, e una di queste \u00e8 sicuramente lo spostamento degli studi teologici da Trento a Verona. Infatti, per<\/p>\n","protected":false},"author":172,"featured_media":747,"comment_status":"closed","ping_status":"closed","sticky":false,"template":"","format":"standard","meta":{"footnotes":""},"categories":[176],"tags":[],"class_list":["post-746","post","type-post","status-publish","format-standard","has-post-thumbnail","hentry","category-notizie"],"acf":{"seed-localization-paese-cod":"IT","seed-localization-address":"","seed-localization-citta":"Trento","seed-localization-regione-cod-istat":"04","seed-localization-citta-cod-istat":"022205","seed-localization-localita":"","seed-localization-cap":"","seed-localization-marker-visibility":false,"seed-localization-children-visibility":false,"seed-localization-kml":"","seed-localization-custom-marker":""},"yoast_head":"<!-- This site is optimized with the Yoast SEO Premium plugin v20.2.1 (Yoast SEO v22.2) - https:\/\/yoast.com\/wordpress\/plugins\/seo\/ -->\n<title>Trento - Verona - Seminario Maggiore Arcivescovile<\/title>\n<meta name=\"robots\" content=\"index, follow, max-snippet:-1, max-image-preview:large, max-video-preview:-1\" \/>\n<link rel=\"canonical\" href=\"https:\/\/www.diocesitn.it\/seminario\/2023\/10\/12\/trento-verona\/\" \/>\n<meta property=\"og:locale\" content=\"it_IT\" \/>\n<meta property=\"og:type\" content=\"article\" \/>\n<meta property=\"og:title\" content=\"Trento - Verona\" \/>\n<meta property=\"og:description\" content=\"Tante sono state le novit\u00e0 di quest\u2019anno di Seminario, come forse avrete potuto capire dai vari numeri precedenti, e una di queste \u00e8 sicuramente lo spostamento degli studi teologici da Trento a Verona. Infatti, per\" \/>\n<meta property=\"og:url\" content=\"https:\/\/www.diocesitn.it\/seminario\/2023\/10\/12\/trento-verona\/\" \/>\n<meta property=\"og:site_name\" content=\"Seminario Maggiore Arcivescovile\" \/>\n<meta property=\"article:publisher\" content=\"https:\/\/www.facebook.com\/seminariotrento\/\" \/>\n<meta property=\"article:published_time\" content=\"2023-10-12T15:17:47+00:00\" \/>\n<meta property=\"article:modified_time\" content=\"2023-10-22T10:00:08+00:00\" \/>\n<meta property=\"og:image\" content=\"https:\/\/www.diocesitn.it\/seminario\/wp-content\/uploads\/sites\/41\/2023\/10\/aaron-burden-QJDzYT_K8Xg-unsplash-scaled.jpeg\" \/>\n\t<meta property=\"og:image:width\" content=\"2560\" \/>\n\t<meta property=\"og:image:height\" content=\"1922\" \/>\n\t<meta property=\"og:image:type\" content=\"image\/jpeg\" \/>\n<meta name=\"author\" content=\"seminaristitrento\" \/>\n<meta name=\"twitter:card\" content=\"summary_large_image\" \/>\n<meta name=\"twitter:label1\" content=\"Scritto da\" \/>\n\t<meta name=\"twitter:data1\" content=\"seminaristitrento\" \/>\n\t<meta name=\"twitter:label2\" content=\"Tempo di lettura stimato\" \/>\n\t<meta name=\"twitter:data2\" content=\"2 minuti\" \/>\n<script type=\"application\/ld+json\" class=\"yoast-schema-graph\">{\"@context\":\"https:\/\/schema.org\",\"@graph\":[{\"@type\":\"WebPage\",\"@id\":\"https:\/\/www.diocesitn.it\/seminario\/2023\/10\/12\/trento-verona\/\",\"url\":\"https:\/\/www.diocesitn.it\/seminario\/2023\/10\/12\/trento-verona\/\",\"name\":\"Trento - Verona - Seminario Maggiore Arcivescovile\",\"isPartOf\":{\"@id\":\"https:\/\/www.diocesitn.it\/seminario\/#website\"},\"primaryImageOfPage\":{\"@id\":\"https:\/\/www.diocesitn.it\/seminario\/2023\/10\/12\/trento-verona\/#primaryimage\"},\"image\":{\"@id\":\"https:\/\/www.diocesitn.it\/seminario\/2023\/10\/12\/trento-verona\/#primaryimage\"},\"thumbnailUrl\":\"https:\/\/www.diocesitn.it\/seminario\/wp-content\/uploads\/sites\/41\/2023\/10\/aaron-burden-QJDzYT_K8Xg-unsplash-scaled.jpeg\",\"datePublished\":\"2023-10-12T15:17:47+00:00\",\"dateModified\":\"2023-10-22T10:00:08+00:00\",\"author\":{\"@id\":\"https:\/\/www.diocesitn.it\/seminario\/#\/schema\/person\/fe751b4cf044b25d6ad3f1991d9b6d54\"},\"breadcrumb\":{\"@id\":\"https:\/\/www.diocesitn.it\/seminario\/2023\/10\/12\/trento-verona\/#breadcrumb\"},\"inLanguage\":\"it-IT\",\"potentialAction\":[{\"@type\":\"ReadAction\",\"target\":[\"https:\/\/www.diocesitn.it\/seminario\/2023\/10\/12\/trento-verona\/\"]}]},{\"@type\":\"ImageObject\",\"inLanguage\":\"it-IT\",\"@id\":\"https:\/\/www.diocesitn.it\/seminario\/2023\/10\/12\/trento-verona\/#primaryimage\",\"url\":\"https:\/\/www.diocesitn.it\/seminario\/wp-content\/uploads\/sites\/41\/2023\/10\/aaron-burden-QJDzYT_K8Xg-unsplash-scaled.jpeg\",\"contentUrl\":\"https:\/\/www.diocesitn.it\/seminario\/wp-content\/uploads\/sites\/41\/2023\/10\/aaron-burden-QJDzYT_K8Xg-unsplash-scaled.jpeg\",\"width\":2560,\"height\":1922},{\"@type\":\"BreadcrumbList\",\"@id\":\"https:\/\/www.diocesitn.it\/seminario\/2023\/10\/12\/trento-verona\/#breadcrumb\",\"itemListElement\":[{\"@type\":\"ListItem\",\"position\":1,\"name\":\"Home\",\"item\":\"https:\/\/www.diocesitn.it\/seminario\/\"},{\"@type\":\"ListItem\",\"position\":2,\"name\":\"Trento &#8211; Verona\"}]},{\"@type\":\"WebSite\",\"@id\":\"https:\/\/www.diocesitn.it\/seminario\/#website\",\"url\":\"https:\/\/www.diocesitn.it\/seminario\/\",\"name\":\"Seminario Maggiore Arcivescovile\",\"description\":\"Chiesa di Trento\",\"potentialAction\":[{\"@type\":\"SearchAction\",\"target\":{\"@type\":\"EntryPoint\",\"urlTemplate\":\"https:\/\/www.diocesitn.it\/seminario\/?s={search_term_string}\"},\"query-input\":\"required name=search_term_string\"}],\"inLanguage\":\"it-IT\"},{\"@type\":\"ImageObject\",\"inLanguage\":\"it-IT\",\"@id\":\"https:\/\/www.diocesitn.it\/seminario\/2023\/10\/12\/trento-verona\/#local-main-organization-logo\",\"url\":\"\",\"contentUrl\":\"\",\"caption\":\"Seminario Maggiore Arcivescovile - Chiesa di Trento\"}]}<\/script>\n<!-- \/ Yoast SEO Premium plugin. -->","yoast_head_json":{"title":"Trento - Verona - Seminario Maggiore Arcivescovile","robots":{"index":"index","follow":"follow","max-snippet":"max-snippet:-1","max-image-preview":"max-image-preview:large","max-video-preview":"max-video-preview:-1"},"canonical":"https:\/\/www.diocesitn.it\/seminario\/2023\/10\/12\/trento-verona\/","og_locale":"it_IT","og_type":"article","og_title":"Trento - Verona","og_description":"Tante sono state le novit\u00e0 di quest\u2019anno di Seminario, come forse avrete potuto capire dai vari numeri precedenti, e una di queste \u00e8 sicuramente lo spostamento degli studi teologici da Trento a Verona. Infatti, per","og_url":"https:\/\/www.diocesitn.it\/seminario\/2023\/10\/12\/trento-verona\/","og_site_name":"Seminario Maggiore Arcivescovile","article_publisher":"https:\/\/www.facebook.com\/seminariotrento\/","article_published_time":"2023-10-12T15:17:47+00:00","article_modified_time":"2023-10-22T10:00:08+00:00","og_image":[{"width":2560,"height":1922,"url":"https:\/\/www.diocesitn.it\/seminario\/wp-content\/uploads\/sites\/41\/2023\/10\/aaron-burden-QJDzYT_K8Xg-unsplash-scaled.jpeg","type":"image\/jpeg"}],"author":"seminaristitrento","twitter_card":"summary_large_image","twitter_misc":{"Scritto da":"seminaristitrento","Tempo di lettura stimato":"2 minuti"},"schema":{"@context":"https:\/\/schema.org","@graph":[{"@type":"WebPage","@id":"https:\/\/www.diocesitn.it\/seminario\/2023\/10\/12\/trento-verona\/","url":"https:\/\/www.diocesitn.it\/seminario\/2023\/10\/12\/trento-verona\/","name":"Trento - Verona - Seminario Maggiore Arcivescovile","isPartOf":{"@id":"https:\/\/www.diocesitn.it\/seminario\/#website"},"primaryImageOfPage":{"@id":"https:\/\/www.diocesitn.it\/seminario\/2023\/10\/12\/trento-verona\/#primaryimage"},"image":{"@id":"https:\/\/www.diocesitn.it\/seminario\/2023\/10\/12\/trento-verona\/#primaryimage"},"thumbnailUrl":"https:\/\/www.diocesitn.it\/seminario\/wp-content\/uploads\/sites\/41\/2023\/10\/aaron-burden-QJDzYT_K8Xg-unsplash-scaled.jpeg","datePublished":"2023-10-12T15:17:47+00:00","dateModified":"2023-10-22T10:00:08+00:00","author":{"@id":"https:\/\/www.diocesitn.it\/seminario\/#\/schema\/person\/fe751b4cf044b25d6ad3f1991d9b6d54"},"breadcrumb":{"@id":"https:\/\/www.diocesitn.it\/seminario\/2023\/10\/12\/trento-verona\/#breadcrumb"},"inLanguage":"it-IT","potentialAction":[{"@type":"ReadAction","target":["https:\/\/www.diocesitn.it\/seminario\/2023\/10\/12\/trento-verona\/"]}]},{"@type":"ImageObject","inLanguage":"it-IT","@id":"https:\/\/www.diocesitn.it\/seminario\/2023\/10\/12\/trento-verona\/#primaryimage","url":"https:\/\/www.diocesitn.it\/seminario\/wp-content\/uploads\/sites\/41\/2023\/10\/aaron-burden-QJDzYT_K8Xg-unsplash-scaled.jpeg","contentUrl":"https:\/\/www.diocesitn.it\/seminario\/wp-content\/uploads\/sites\/41\/2023\/10\/aaron-burden-QJDzYT_K8Xg-unsplash-scaled.jpeg","width":2560,"height":1922},{"@type":"BreadcrumbList","@id":"https:\/\/www.diocesitn.it\/seminario\/2023\/10\/12\/trento-verona\/#breadcrumb","itemListElement":[{"@type":"ListItem","position":1,"name":"Home","item":"https:\/\/www.diocesitn.it\/seminario\/"},{"@type":"ListItem","position":2,"name":"Trento &#8211; Verona"}]},{"@type":"WebSite","@id":"https:\/\/www.diocesitn.it\/seminario\/#website","url":"https:\/\/www.diocesitn.it\/seminario\/","name":"Seminario Maggiore Arcivescovile","description":"Chiesa di Trento","potentialAction":[{"@type":"SearchAction","target":{"@type":"EntryPoint","urlTemplate":"https:\/\/www.diocesitn.it\/seminario\/?s={search_term_string}"},"query-input":"required name=search_term_string"}],"inLanguage":"it-IT"},{"@type":"ImageObject","inLanguage":"it-IT","@id":"https:\/\/www.diocesitn.it\/seminario\/2023\/10\/12\/trento-verona\/#local-main-organization-logo","url":"","contentUrl":"","caption":"Seminario Maggiore Arcivescovile - Chiesa di Trento"}]}},"_links":{"self":[{"href":"https:\/\/www.diocesitn.it\/seminario\/wp-json\/wp\/v2\/posts\/746","targetHints":{"allow":["GET"]}}],"collection":[{"href":"https:\/\/www.diocesitn.it\/seminario\/wp-json\/wp\/v2\/posts"}],"about":[{"href":"https:\/\/www.diocesitn.it\/seminario\/wp-json\/wp\/v2\/types\/post"}],"author":[{"embeddable":true,"href":"https:\/\/www.diocesitn.it\/seminario\/wp-json\/wp\/v2\/users\/172"}],"replies":[{"embeddable":true,"href":"https:\/\/www.diocesitn.it\/seminario\/wp-json\/wp\/v2\/comments?post=746"}],"version-history":[{"count":3,"href":"https:\/\/www.diocesitn.it\/seminario\/wp-json\/wp\/v2\/posts\/746\/revisions"}],"predecessor-version":[{"id":793,"href":"https:\/\/www.diocesitn.it\/seminario\/wp-json\/wp\/v2\/posts\/746\/revisions\/793"}],"wp:featuredmedia":[{"embeddable":true,"href":"https:\/\/www.diocesitn.it\/seminario\/wp-json\/wp\/v2\/media\/747"}],"wp:attachment":[{"href":"https:\/\/www.diocesitn.it\/seminario\/wp-json\/wp\/v2\/media?parent=746"}],"wp:term":[{"taxonomy":"category","embeddable":true,"href":"https:\/\/www.diocesitn.it\/seminario\/wp-json\/wp\/v2\/categories?post=746"},{"taxonomy":"post_tag","embeddable":true,"href":"https:\/\/www.diocesitn.it\/seminario\/wp-json\/wp\/v2\/tags?post=746"}],"curies":[{"name":"wp","href":"https:\/\/api.w.org\/{rel}","templated":true}]}}