{"id":743,"date":"2023-10-12T17:13:46","date_gmt":"2023-10-12T15:13:46","guid":{"rendered":"https:\/\/www.diocesitn.it\/seminario\/?p=743"},"modified":"2023-10-22T12:01:43","modified_gmt":"2023-10-22T10:01:43","slug":"weekend-vocazionale","status":"publish","type":"post","link":"https:\/\/www.diocesitn.it\/seminario\/2023\/10\/12\/weekend-vocazionale\/","title":{"rendered":"Weekend vocazionale"},"content":{"rendered":"<p>Il dono pi\u00f9 grande che il Signore ha fatto a ciascuno di noi \u00e8 stato quello di sigillare nel nostro cuore una promessa di bene e di felicit\u00e0. Siamo liberi di fronte alle scelte che compiamo, ma sappiamo che non tutte ci permetteranno di vivere una vita che parli di pienezza, di gioia e di apertura agli altri. La dimensione che, pi\u00f9 di tutte, fa nascere il noi il desiderio di donare la vita e di vivere in comunione con Dio, noi cristiani la chiamiamo \u201cvocazione\u201d. Ebbene s\u00ec, la vocazione \u00e8 per tutti \u2013 non soltanto per chi abbraccia la vita consacrata o ministeriale \u2013, ma spesso la si scopre non semplicemente percorrendo la \u201cstrada dell\u2019orto\u201d: \u00e8 frutto di un cammino, dell\u2019ascolto di noi stessi e di Dio, degli incontri che facciamo e del confronto con chi, prima di noi, ha saputo fare discernimento sulla propria vita. Fare luce su questa sfida, parlarne con gli adolescenti e testimoniare la gioia della scoperta della vocazione sono stati gli obiettivi del weekend vocazionale che, dal 12 al 14 maggio, abbiamo organizzato nelle varie comunit\u00e0 della Zona pastorale di Mezzolombardo. Questa iniziativa non ha coinvolto soltanto noi seminaristi, ma \u00e8 stata il frutto della collaborazione con suor Enza e suor Marta, suore operaie, e con don Andrea, canossiano, originario di Lavis. Dell\u2019equipe organizzativa faceva parte anche don Mattia, delegato dell\u2019Area annuncio e sacramenti in curia. La veglia vocazionale, che gi\u00e0 dall\u2019anno scorso \u00e8 stata proposta nelle varie Zone pastorali, ha visto anche questa volta la sentita presenza del nostro vescovo Lauro. Insomma, un \u201cpoliedro vivente\u201d di carismi \u2013 per usare le parole del papa \u2013, che ha messo in luce in primis a noi stessi il fatto che la vocazione \u00e8 la stessa per tutti, anche se poi si concretizza in forme di vita diverse (suora, prete, sposo\/a, genitore, etc.). I destinatari di questa iniziativa sono stati anzitutto i ragazzi e gli adolescenti, che abbiamo raggiunto nelle scuole e in diverse strutture parrocchiali: conoscerli, parlare con loro, condividere con loro il pasto e portare loro qualche nostra testimonianza \u00e8 stato davvero un dono prezioso! In secondo luogo abbiamo incontrato anche varie comunit\u00e0 cristiane, nel momento che pi\u00f9 di tutti le vede radunate, ovvero la Messa: \u00e8 stata anche un\u2019occasione per mostrare che c\u2019\u00e8 ancora chi si interroga su una possibile vita consacrata a Dio, oppure chi ha gi\u00e0 fatto questa scelta e la vive con gioia. Per citare le parole di suor Marta: \u201cEssere suora \u00e8 bello!\u201d. Penso davvero che queste occasioni non mirino tanto a gloriare noi del nostro cammino o delle nostre scelte, quanto a condividere con i nostri giovani ci\u00f2 che pi\u00f9 ci sta a cuore, ovvero il dare ragione della speranza che abita in noi (cfr. 1Pt 3,15). Un sentito grazie va rivolto alle persone che ci hanno \u201caperto le porte\u201d e che hanno collaborato con noi, in modo particolari ai frati francescani di Mezzolombardo che ci hanno ospitati nel loro convento.<\/p>\n<p>Federico Mattivi<\/p>\n","protected":false},"excerpt":{"rendered":"<p>Il dono pi\u00f9 grande che il Signore ha fatto a ciascuno di noi \u00e8 stato quello di sigillare nel nostro cuore una promessa di bene e di felicit\u00e0. Siamo liberi di fronte alle scelte che<\/p>\n","protected":false},"author":172,"featured_media":744,"comment_status":"closed","ping_status":"closed","sticky":false,"template":"","format":"standard","meta":{"footnotes":""},"categories":[176],"tags":[],"class_list":["post-743","post","type-post","status-publish","format-standard","has-post-thumbnail","hentry","category-notizie"],"acf":{"seed-localization-paese-cod":"IT","seed-localization-address":"","seed-localization-citta":"Trento","seed-localization-regione-cod-istat":"04","seed-localization-citta-cod-istat":"022205","seed-localization-localita":"","seed-localization-cap":"","seed-localization-marker-visibility":false,"seed-localization-children-visibility":false,"seed-localization-kml":"","seed-localization-custom-marker":""},"yoast_head":"<!-- This site is optimized with the Yoast SEO Premium plugin v20.2.1 (Yoast SEO v22.2) - https:\/\/yoast.com\/wordpress\/plugins\/seo\/ -->\n<title>Weekend vocazionale - Seminario Maggiore Arcivescovile<\/title>\n<meta name=\"robots\" content=\"index, follow, max-snippet:-1, max-image-preview:large, max-video-preview:-1\" \/>\n<link rel=\"canonical\" href=\"https:\/\/www.diocesitn.it\/seminario\/2023\/10\/12\/weekend-vocazionale\/\" \/>\n<meta property=\"og:locale\" content=\"it_IT\" \/>\n<meta property=\"og:type\" content=\"article\" \/>\n<meta property=\"og:title\" content=\"Weekend vocazionale\" \/>\n<meta property=\"og:description\" content=\"Il dono pi\u00f9 grande che il Signore ha fatto a ciascuno di noi \u00e8 stato quello di sigillare nel nostro cuore una promessa di bene e di felicit\u00e0. Siamo liberi di fronte alle scelte che\" \/>\n<meta property=\"og:url\" content=\"https:\/\/www.diocesitn.it\/seminario\/2023\/10\/12\/weekend-vocazionale\/\" \/>\n<meta property=\"og:site_name\" content=\"Seminario Maggiore Arcivescovile\" \/>\n<meta property=\"article:publisher\" content=\"https:\/\/www.facebook.com\/seminariotrento\/\" \/>\n<meta property=\"article:published_time\" content=\"2023-10-12T15:13:46+00:00\" \/>\n<meta property=\"article:modified_time\" content=\"2023-10-22T10:01:43+00:00\" \/>\n<meta property=\"og:image\" content=\"https:\/\/www.diocesitn.it\/seminario\/wp-content\/uploads\/sites\/41\/2023\/10\/Pag6-7_Weekend-Foto-1.jpeg\" \/>\n\t<meta property=\"og:image:width\" content=\"1280\" \/>\n\t<meta property=\"og:image:height\" content=\"960\" \/>\n\t<meta property=\"og:image:type\" content=\"image\/jpeg\" \/>\n<meta name=\"author\" content=\"seminaristitrento\" \/>\n<meta name=\"twitter:card\" content=\"summary_large_image\" \/>\n<meta name=\"twitter:label1\" content=\"Scritto da\" \/>\n\t<meta name=\"twitter:data1\" content=\"seminaristitrento\" \/>\n\t<meta name=\"twitter:label2\" content=\"Tempo di lettura stimato\" \/>\n\t<meta name=\"twitter:data2\" content=\"3 minuti\" \/>\n<script type=\"application\/ld+json\" class=\"yoast-schema-graph\">{\"@context\":\"https:\/\/schema.org\",\"@graph\":[{\"@type\":\"WebPage\",\"@id\":\"https:\/\/www.diocesitn.it\/seminario\/2023\/10\/12\/weekend-vocazionale\/\",\"url\":\"https:\/\/www.diocesitn.it\/seminario\/2023\/10\/12\/weekend-vocazionale\/\",\"name\":\"Weekend vocazionale - Seminario Maggiore Arcivescovile\",\"isPartOf\":{\"@id\":\"https:\/\/www.diocesitn.it\/seminario\/#website\"},\"primaryImageOfPage\":{\"@id\":\"https:\/\/www.diocesitn.it\/seminario\/2023\/10\/12\/weekend-vocazionale\/#primaryimage\"},\"image\":{\"@id\":\"https:\/\/www.diocesitn.it\/seminario\/2023\/10\/12\/weekend-vocazionale\/#primaryimage\"},\"thumbnailUrl\":\"https:\/\/www.diocesitn.it\/seminario\/wp-content\/uploads\/sites\/41\/2023\/10\/Pag6-7_Weekend-Foto-1.jpeg\",\"datePublished\":\"2023-10-12T15:13:46+00:00\",\"dateModified\":\"2023-10-22T10:01:43+00:00\",\"author\":{\"@id\":\"https:\/\/www.diocesitn.it\/seminario\/#\/schema\/person\/fe751b4cf044b25d6ad3f1991d9b6d54\"},\"breadcrumb\":{\"@id\":\"https:\/\/www.diocesitn.it\/seminario\/2023\/10\/12\/weekend-vocazionale\/#breadcrumb\"},\"inLanguage\":\"it-IT\",\"potentialAction\":[{\"@type\":\"ReadAction\",\"target\":[\"https:\/\/www.diocesitn.it\/seminario\/2023\/10\/12\/weekend-vocazionale\/\"]}]},{\"@type\":\"ImageObject\",\"inLanguage\":\"it-IT\",\"@id\":\"https:\/\/www.diocesitn.it\/seminario\/2023\/10\/12\/weekend-vocazionale\/#primaryimage\",\"url\":\"https:\/\/www.diocesitn.it\/seminario\/wp-content\/uploads\/sites\/41\/2023\/10\/Pag6-7_Weekend-Foto-1.jpeg\",\"contentUrl\":\"https:\/\/www.diocesitn.it\/seminario\/wp-content\/uploads\/sites\/41\/2023\/10\/Pag6-7_Weekend-Foto-1.jpeg\",\"width\":1280,\"height\":960},{\"@type\":\"BreadcrumbList\",\"@id\":\"https:\/\/www.diocesitn.it\/seminario\/2023\/10\/12\/weekend-vocazionale\/#breadcrumb\",\"itemListElement\":[{\"@type\":\"ListItem\",\"position\":1,\"name\":\"Home\",\"item\":\"https:\/\/www.diocesitn.it\/seminario\/\"},{\"@type\":\"ListItem\",\"position\":2,\"name\":\"Weekend vocazionale\"}]},{\"@type\":\"WebSite\",\"@id\":\"https:\/\/www.diocesitn.it\/seminario\/#website\",\"url\":\"https:\/\/www.diocesitn.it\/seminario\/\",\"name\":\"Seminario Maggiore Arcivescovile\",\"description\":\"Chiesa di Trento\",\"potentialAction\":[{\"@type\":\"SearchAction\",\"target\":{\"@type\":\"EntryPoint\",\"urlTemplate\":\"https:\/\/www.diocesitn.it\/seminario\/?s={search_term_string}\"},\"query-input\":\"required name=search_term_string\"}],\"inLanguage\":\"it-IT\"},{\"@type\":\"ImageObject\",\"inLanguage\":\"it-IT\",\"@id\":\"https:\/\/www.diocesitn.it\/seminario\/2023\/10\/12\/weekend-vocazionale\/#local-main-organization-logo\",\"url\":\"\",\"contentUrl\":\"\",\"caption\":\"Seminario Maggiore Arcivescovile - Chiesa di Trento\"}]}<\/script>\n<!-- \/ Yoast SEO Premium plugin. -->","yoast_head_json":{"title":"Weekend vocazionale - Seminario Maggiore Arcivescovile","robots":{"index":"index","follow":"follow","max-snippet":"max-snippet:-1","max-image-preview":"max-image-preview:large","max-video-preview":"max-video-preview:-1"},"canonical":"https:\/\/www.diocesitn.it\/seminario\/2023\/10\/12\/weekend-vocazionale\/","og_locale":"it_IT","og_type":"article","og_title":"Weekend vocazionale","og_description":"Il dono pi\u00f9 grande che il Signore ha fatto a ciascuno di noi \u00e8 stato quello di sigillare nel nostro cuore una promessa di bene e di felicit\u00e0. Siamo liberi di fronte alle scelte che","og_url":"https:\/\/www.diocesitn.it\/seminario\/2023\/10\/12\/weekend-vocazionale\/","og_site_name":"Seminario Maggiore Arcivescovile","article_publisher":"https:\/\/www.facebook.com\/seminariotrento\/","article_published_time":"2023-10-12T15:13:46+00:00","article_modified_time":"2023-10-22T10:01:43+00:00","og_image":[{"width":1280,"height":960,"url":"https:\/\/www.diocesitn.it\/seminario\/wp-content\/uploads\/sites\/41\/2023\/10\/Pag6-7_Weekend-Foto-1.jpeg","type":"image\/jpeg"}],"author":"seminaristitrento","twitter_card":"summary_large_image","twitter_misc":{"Scritto da":"seminaristitrento","Tempo di lettura stimato":"3 minuti"},"schema":{"@context":"https:\/\/schema.org","@graph":[{"@type":"WebPage","@id":"https:\/\/www.diocesitn.it\/seminario\/2023\/10\/12\/weekend-vocazionale\/","url":"https:\/\/www.diocesitn.it\/seminario\/2023\/10\/12\/weekend-vocazionale\/","name":"Weekend vocazionale - Seminario Maggiore Arcivescovile","isPartOf":{"@id":"https:\/\/www.diocesitn.it\/seminario\/#website"},"primaryImageOfPage":{"@id":"https:\/\/www.diocesitn.it\/seminario\/2023\/10\/12\/weekend-vocazionale\/#primaryimage"},"image":{"@id":"https:\/\/www.diocesitn.it\/seminario\/2023\/10\/12\/weekend-vocazionale\/#primaryimage"},"thumbnailUrl":"https:\/\/www.diocesitn.it\/seminario\/wp-content\/uploads\/sites\/41\/2023\/10\/Pag6-7_Weekend-Foto-1.jpeg","datePublished":"2023-10-12T15:13:46+00:00","dateModified":"2023-10-22T10:01:43+00:00","author":{"@id":"https:\/\/www.diocesitn.it\/seminario\/#\/schema\/person\/fe751b4cf044b25d6ad3f1991d9b6d54"},"breadcrumb":{"@id":"https:\/\/www.diocesitn.it\/seminario\/2023\/10\/12\/weekend-vocazionale\/#breadcrumb"},"inLanguage":"it-IT","potentialAction":[{"@type":"ReadAction","target":["https:\/\/www.diocesitn.it\/seminario\/2023\/10\/12\/weekend-vocazionale\/"]}]},{"@type":"ImageObject","inLanguage":"it-IT","@id":"https:\/\/www.diocesitn.it\/seminario\/2023\/10\/12\/weekend-vocazionale\/#primaryimage","url":"https:\/\/www.diocesitn.it\/seminario\/wp-content\/uploads\/sites\/41\/2023\/10\/Pag6-7_Weekend-Foto-1.jpeg","contentUrl":"https:\/\/www.diocesitn.it\/seminario\/wp-content\/uploads\/sites\/41\/2023\/10\/Pag6-7_Weekend-Foto-1.jpeg","width":1280,"height":960},{"@type":"BreadcrumbList","@id":"https:\/\/www.diocesitn.it\/seminario\/2023\/10\/12\/weekend-vocazionale\/#breadcrumb","itemListElement":[{"@type":"ListItem","position":1,"name":"Home","item":"https:\/\/www.diocesitn.it\/seminario\/"},{"@type":"ListItem","position":2,"name":"Weekend vocazionale"}]},{"@type":"WebSite","@id":"https:\/\/www.diocesitn.it\/seminario\/#website","url":"https:\/\/www.diocesitn.it\/seminario\/","name":"Seminario Maggiore Arcivescovile","description":"Chiesa di Trento","potentialAction":[{"@type":"SearchAction","target":{"@type":"EntryPoint","urlTemplate":"https:\/\/www.diocesitn.it\/seminario\/?s={search_term_string}"},"query-input":"required name=search_term_string"}],"inLanguage":"it-IT"},{"@type":"ImageObject","inLanguage":"it-IT","@id":"https:\/\/www.diocesitn.it\/seminario\/2023\/10\/12\/weekend-vocazionale\/#local-main-organization-logo","url":"","contentUrl":"","caption":"Seminario Maggiore Arcivescovile - Chiesa di Trento"}]}},"_links":{"self":[{"href":"https:\/\/www.diocesitn.it\/seminario\/wp-json\/wp\/v2\/posts\/743","targetHints":{"allow":["GET"]}}],"collection":[{"href":"https:\/\/www.diocesitn.it\/seminario\/wp-json\/wp\/v2\/posts"}],"about":[{"href":"https:\/\/www.diocesitn.it\/seminario\/wp-json\/wp\/v2\/types\/post"}],"author":[{"embeddable":true,"href":"https:\/\/www.diocesitn.it\/seminario\/wp-json\/wp\/v2\/users\/172"}],"replies":[{"embeddable":true,"href":"https:\/\/www.diocesitn.it\/seminario\/wp-json\/wp\/v2\/comments?post=743"}],"version-history":[{"count":2,"href":"https:\/\/www.diocesitn.it\/seminario\/wp-json\/wp\/v2\/posts\/743\/revisions"}],"predecessor-version":[{"id":794,"href":"https:\/\/www.diocesitn.it\/seminario\/wp-json\/wp\/v2\/posts\/743\/revisions\/794"}],"wp:featuredmedia":[{"embeddable":true,"href":"https:\/\/www.diocesitn.it\/seminario\/wp-json\/wp\/v2\/media\/744"}],"wp:attachment":[{"href":"https:\/\/www.diocesitn.it\/seminario\/wp-json\/wp\/v2\/media?parent=743"}],"wp:term":[{"taxonomy":"category","embeddable":true,"href":"https:\/\/www.diocesitn.it\/seminario\/wp-json\/wp\/v2\/categories?post=743"},{"taxonomy":"post_tag","embeddable":true,"href":"https:\/\/www.diocesitn.it\/seminario\/wp-json\/wp\/v2\/tags?post=743"}],"curies":[{"name":"wp","href":"https:\/\/api.w.org\/{rel}","templated":true}]}}