{"id":734,"date":"2023-10-12T17:01:27","date_gmt":"2023-10-12T15:01:27","guid":{"rendered":"https:\/\/www.diocesitn.it\/seminario\/?p=734"},"modified":"2023-10-12T17:09:56","modified_gmt":"2023-10-12T15:09:56","slug":"un-sogno-che-diventa-dono-il-diaconato","status":"publish","type":"post","link":"https:\/\/www.diocesitn.it\/seminario\/2023\/10\/12\/un-sogno-che-diventa-dono-il-diaconato\/","title":{"rendered":"Un sogno che diventa dono: il Diaconato"},"content":{"rendered":"<p>Tutti da piccoli abbiamo un sogno, tutti sogniamo cosa fare da grandi, ma sembra sempre una cosa irrealizzabile, una cosa che funziona solo quando si \u00e8 bambini. Poi crescendo si impara a scegliere e a decidere e i sogni possono diventare realt\u00e0, anzi questa volta per me \u00e8 stato un dono. I sacramenti sono tutti doni, anche l\u2019ordine sacro e, in questo caso, il diaconato \u00e8 il dono che ho ricevuto il 7 maggio nella mia parrocchia d\u2019origine, Santa Giustina (Bl) \u2013 in vista dell\u2019ordinazione presbiterale.<br \/>\nI sacramenti non si capiscono (solo) con la testa, ma si possono capire meglio quando toccano il cuore, quando toccano la vita e l\u00ec in chiesa quel pomeriggio c\u2019era tutta la mia vita: la mia famiglia, i miei amici, i compagn<span style=\"font-size: inherit\">i di classe, le <\/span>realt\u00e0 parrocchiali che ho frequentato in questi anni. Pensavo servisse solo la mia forza, la mia fede e la mia presenza per fare questo passo, ma questo passo della mia vita non potevo farlo da solo: dire di S\u00ec al Maestro chiede di fidarsi di lui, l\u2019ordinazione \u00e8 un dono, non una propriet\u00e0 privata da comprare, \u00e8 valida e vera quando pi\u00f9 si lascia spazio alla sua azione, al suo intramontabile amore e alla sua sapienza.<\/p>\n<p><img loading=\"lazy\" decoding=\"async\" class=\"alignnone wp-image-735 size-large\" src=\"https:\/\/www.diocesitn.it\/seminario\/wp-content\/uploads\/sites\/41\/2023\/10\/pag6-7_Diaconato-Foto-1024x683.jpeg\" alt=\"\" width=\"800\" height=\"534\" \/>L\u2019ordinazione \u00e8 una cosa da vivere non da capire, non comanda la testa in queste cose ma il cuore, \u00e8 l\u00ec la sede delle decisioni che dice dove vogliamo andare, chi vogliamo essere. Nel concreto questo l\u2019ho sentito durante la celebrazione in due momenti, molto vicini tra loro: durante le litanie dei santi e l\u2019imposizione delle mani. Nella liturgia di ordinazione, durante il canto delle litanie, l\u2019ordinando si prostra a terra, una posizione inusuale ma che aiuta a percepire cosa sta succedendo: non si \u00e8 protagonisti di un film, ma uomini che si mettono a disposizione di Dio, da l\u00ec a terra si sente tutto il corpo che viene ricoperto dal canto e dall\u2019aiuto dei santi, non si \u00e8 soli. Poi, subito dopo, c\u2019\u00e8 stata l\u2019imposizione delle mani \u2013 un gesto antichissimo che la Chiesa ha custodito fedelmente nei secoli: il vescovo ha messo le sue mani sulla mia testa e ha pregato il Padre. Tutto quello che si chiede nella preghiera prende forma in questo gesto, stare fermi sotto quelle mani mi ha fatto sentire custodito, amato e incoraggiato; non sono solo, il Signore mette le mani sulla mia testa per camminare con me, per far sentire la sua presenza nella mia vita.<br \/>\nAnche a Trento, nel mese di giugno, il Vescovo Lauro ha ordinato due diaconi permanenti, due adulti, anche loro per il servizio nella Chiesa. Per Ettore e Antonio, entrambi sposati e padri di famiglia, il ministero del diaconato permanente andr\u00e0 dunque a rafforzare una gi\u00e0 solida chiamata evangelica all\u2019apertura alla vita e in particolare nei confronti di chi fa pi\u00f9 fatica.<\/p>\n<p>Andrea Canal<\/p>\n","protected":false},"excerpt":{"rendered":"<p>Tutti da piccoli abbiamo un sogno, tutti sogniamo cosa fare da grandi, ma sembra sempre una cosa irrealizzabile, una cosa che funziona solo quando si \u00e8 bambini. Poi crescendo si impara a scegliere e a<\/p>\n","protected":false},"author":172,"featured_media":742,"comment_status":"closed","ping_status":"closed","sticky":false,"template":"","format":"standard","meta":{"footnotes":""},"categories":[176],"tags":[],"class_list":["post-734","post","type-post","status-publish","format-standard","has-post-thumbnail","hentry","category-notizie"],"acf":{"seed-localization-paese-cod":"IT","seed-localization-address":"","seed-localization-citta":"Trento","seed-localization-regione-cod-istat":"04","seed-localization-citta-cod-istat":"022205","seed-localization-localita":"","seed-localization-cap":"","seed-localization-marker-visibility":false,"seed-localization-children-visibility":false,"seed-localization-kml":"","seed-localization-custom-marker":""},"yoast_head":"<!-- This site is optimized with the Yoast SEO Premium plugin v20.2.1 (Yoast SEO v22.2) - https:\/\/yoast.com\/wordpress\/plugins\/seo\/ -->\n<title>Un sogno che diventa dono: il Diaconato - Seminario Maggiore Arcivescovile<\/title>\n<meta name=\"robots\" content=\"index, follow, max-snippet:-1, max-image-preview:large, max-video-preview:-1\" \/>\n<link rel=\"canonical\" href=\"https:\/\/www.diocesitn.it\/seminario\/2023\/10\/12\/un-sogno-che-diventa-dono-il-diaconato\/\" \/>\n<meta property=\"og:locale\" content=\"it_IT\" \/>\n<meta property=\"og:type\" content=\"article\" \/>\n<meta property=\"og:title\" content=\"Un sogno che diventa dono: il Diaconato\" \/>\n<meta property=\"og:description\" content=\"Tutti da piccoli abbiamo un sogno, tutti sogniamo cosa fare da grandi, ma sembra sempre una cosa irrealizzabile, una cosa che funziona solo quando si \u00e8 bambini. Poi crescendo si impara a scegliere e a\" \/>\n<meta property=\"og:url\" content=\"https:\/\/www.diocesitn.it\/seminario\/2023\/10\/12\/un-sogno-che-diventa-dono-il-diaconato\/\" \/>\n<meta property=\"og:site_name\" content=\"Seminario Maggiore Arcivescovile\" \/>\n<meta property=\"article:publisher\" content=\"https:\/\/www.facebook.com\/seminariotrento\/\" \/>\n<meta property=\"article:published_time\" content=\"2023-10-12T15:01:27+00:00\" \/>\n<meta property=\"article:modified_time\" content=\"2023-10-12T15:09:56+00:00\" \/>\n<meta property=\"og:image\" content=\"https:\/\/www.diocesitn.it\/seminario\/wp-content\/uploads\/sites\/41\/2023\/10\/pag6-7_Diaconato-Foto-1.jpeg\" \/>\n\t<meta property=\"og:image:width\" content=\"1600\" \/>\n\t<meta property=\"og:image:height\" content=\"1066\" \/>\n\t<meta property=\"og:image:type\" content=\"image\/jpeg\" \/>\n<meta name=\"author\" content=\"seminaristitrento\" \/>\n<meta name=\"twitter:card\" content=\"summary_large_image\" \/>\n<meta name=\"twitter:label1\" content=\"Scritto da\" \/>\n\t<meta name=\"twitter:data1\" content=\"seminaristitrento\" \/>\n\t<meta name=\"twitter:label2\" content=\"Tempo di lettura stimato\" \/>\n\t<meta name=\"twitter:data2\" content=\"3 minuti\" \/>\n<script type=\"application\/ld+json\" class=\"yoast-schema-graph\">{\"@context\":\"https:\/\/schema.org\",\"@graph\":[{\"@type\":\"WebPage\",\"@id\":\"https:\/\/www.diocesitn.it\/seminario\/2023\/10\/12\/un-sogno-che-diventa-dono-il-diaconato\/\",\"url\":\"https:\/\/www.diocesitn.it\/seminario\/2023\/10\/12\/un-sogno-che-diventa-dono-il-diaconato\/\",\"name\":\"Un sogno che diventa dono: il Diaconato - Seminario Maggiore Arcivescovile\",\"isPartOf\":{\"@id\":\"https:\/\/www.diocesitn.it\/seminario\/#website\"},\"primaryImageOfPage\":{\"@id\":\"https:\/\/www.diocesitn.it\/seminario\/2023\/10\/12\/un-sogno-che-diventa-dono-il-diaconato\/#primaryimage\"},\"image\":{\"@id\":\"https:\/\/www.diocesitn.it\/seminario\/2023\/10\/12\/un-sogno-che-diventa-dono-il-diaconato\/#primaryimage\"},\"thumbnailUrl\":\"https:\/\/www.diocesitn.it\/seminario\/wp-content\/uploads\/sites\/41\/2023\/10\/pag6-7_Diaconato-Foto-1.jpeg\",\"datePublished\":\"2023-10-12T15:01:27+00:00\",\"dateModified\":\"2023-10-12T15:09:56+00:00\",\"author\":{\"@id\":\"https:\/\/www.diocesitn.it\/seminario\/#\/schema\/person\/fe751b4cf044b25d6ad3f1991d9b6d54\"},\"breadcrumb\":{\"@id\":\"https:\/\/www.diocesitn.it\/seminario\/2023\/10\/12\/un-sogno-che-diventa-dono-il-diaconato\/#breadcrumb\"},\"inLanguage\":\"it-IT\",\"potentialAction\":[{\"@type\":\"ReadAction\",\"target\":[\"https:\/\/www.diocesitn.it\/seminario\/2023\/10\/12\/un-sogno-che-diventa-dono-il-diaconato\/\"]}]},{\"@type\":\"ImageObject\",\"inLanguage\":\"it-IT\",\"@id\":\"https:\/\/www.diocesitn.it\/seminario\/2023\/10\/12\/un-sogno-che-diventa-dono-il-diaconato\/#primaryimage\",\"url\":\"https:\/\/www.diocesitn.it\/seminario\/wp-content\/uploads\/sites\/41\/2023\/10\/pag6-7_Diaconato-Foto-1.jpeg\",\"contentUrl\":\"https:\/\/www.diocesitn.it\/seminario\/wp-content\/uploads\/sites\/41\/2023\/10\/pag6-7_Diaconato-Foto-1.jpeg\",\"width\":1600,\"height\":1066},{\"@type\":\"BreadcrumbList\",\"@id\":\"https:\/\/www.diocesitn.it\/seminario\/2023\/10\/12\/un-sogno-che-diventa-dono-il-diaconato\/#breadcrumb\",\"itemListElement\":[{\"@type\":\"ListItem\",\"position\":1,\"name\":\"Home\",\"item\":\"https:\/\/www.diocesitn.it\/seminario\/\"},{\"@type\":\"ListItem\",\"position\":2,\"name\":\"Un sogno che diventa dono: il Diaconato\"}]},{\"@type\":\"WebSite\",\"@id\":\"https:\/\/www.diocesitn.it\/seminario\/#website\",\"url\":\"https:\/\/www.diocesitn.it\/seminario\/\",\"name\":\"Seminario Maggiore Arcivescovile\",\"description\":\"Chiesa di Trento\",\"potentialAction\":[{\"@type\":\"SearchAction\",\"target\":{\"@type\":\"EntryPoint\",\"urlTemplate\":\"https:\/\/www.diocesitn.it\/seminario\/?s={search_term_string}\"},\"query-input\":\"required name=search_term_string\"}],\"inLanguage\":\"it-IT\"},{\"@type\":\"ImageObject\",\"inLanguage\":\"it-IT\",\"@id\":\"https:\/\/www.diocesitn.it\/seminario\/2023\/10\/12\/un-sogno-che-diventa-dono-il-diaconato\/#local-main-organization-logo\",\"url\":\"\",\"contentUrl\":\"\",\"caption\":\"Seminario Maggiore Arcivescovile - Chiesa di Trento\"}]}<\/script>\n<!-- \/ Yoast SEO Premium plugin. -->","yoast_head_json":{"title":"Un sogno che diventa dono: il Diaconato - Seminario Maggiore Arcivescovile","robots":{"index":"index","follow":"follow","max-snippet":"max-snippet:-1","max-image-preview":"max-image-preview:large","max-video-preview":"max-video-preview:-1"},"canonical":"https:\/\/www.diocesitn.it\/seminario\/2023\/10\/12\/un-sogno-che-diventa-dono-il-diaconato\/","og_locale":"it_IT","og_type":"article","og_title":"Un sogno che diventa dono: il Diaconato","og_description":"Tutti da piccoli abbiamo un sogno, tutti sogniamo cosa fare da grandi, ma sembra sempre una cosa irrealizzabile, una cosa che funziona solo quando si \u00e8 bambini. Poi crescendo si impara a scegliere e a","og_url":"https:\/\/www.diocesitn.it\/seminario\/2023\/10\/12\/un-sogno-che-diventa-dono-il-diaconato\/","og_site_name":"Seminario Maggiore Arcivescovile","article_publisher":"https:\/\/www.facebook.com\/seminariotrento\/","article_published_time":"2023-10-12T15:01:27+00:00","article_modified_time":"2023-10-12T15:09:56+00:00","og_image":[{"width":1600,"height":1066,"url":"https:\/\/www.diocesitn.it\/seminario\/wp-content\/uploads\/sites\/41\/2023\/10\/pag6-7_Diaconato-Foto-1.jpeg","type":"image\/jpeg"}],"author":"seminaristitrento","twitter_card":"summary_large_image","twitter_misc":{"Scritto da":"seminaristitrento","Tempo di lettura stimato":"3 minuti"},"schema":{"@context":"https:\/\/schema.org","@graph":[{"@type":"WebPage","@id":"https:\/\/www.diocesitn.it\/seminario\/2023\/10\/12\/un-sogno-che-diventa-dono-il-diaconato\/","url":"https:\/\/www.diocesitn.it\/seminario\/2023\/10\/12\/un-sogno-che-diventa-dono-il-diaconato\/","name":"Un sogno che diventa dono: il Diaconato - Seminario Maggiore Arcivescovile","isPartOf":{"@id":"https:\/\/www.diocesitn.it\/seminario\/#website"},"primaryImageOfPage":{"@id":"https:\/\/www.diocesitn.it\/seminario\/2023\/10\/12\/un-sogno-che-diventa-dono-il-diaconato\/#primaryimage"},"image":{"@id":"https:\/\/www.diocesitn.it\/seminario\/2023\/10\/12\/un-sogno-che-diventa-dono-il-diaconato\/#primaryimage"},"thumbnailUrl":"https:\/\/www.diocesitn.it\/seminario\/wp-content\/uploads\/sites\/41\/2023\/10\/pag6-7_Diaconato-Foto-1.jpeg","datePublished":"2023-10-12T15:01:27+00:00","dateModified":"2023-10-12T15:09:56+00:00","author":{"@id":"https:\/\/www.diocesitn.it\/seminario\/#\/schema\/person\/fe751b4cf044b25d6ad3f1991d9b6d54"},"breadcrumb":{"@id":"https:\/\/www.diocesitn.it\/seminario\/2023\/10\/12\/un-sogno-che-diventa-dono-il-diaconato\/#breadcrumb"},"inLanguage":"it-IT","potentialAction":[{"@type":"ReadAction","target":["https:\/\/www.diocesitn.it\/seminario\/2023\/10\/12\/un-sogno-che-diventa-dono-il-diaconato\/"]}]},{"@type":"ImageObject","inLanguage":"it-IT","@id":"https:\/\/www.diocesitn.it\/seminario\/2023\/10\/12\/un-sogno-che-diventa-dono-il-diaconato\/#primaryimage","url":"https:\/\/www.diocesitn.it\/seminario\/wp-content\/uploads\/sites\/41\/2023\/10\/pag6-7_Diaconato-Foto-1.jpeg","contentUrl":"https:\/\/www.diocesitn.it\/seminario\/wp-content\/uploads\/sites\/41\/2023\/10\/pag6-7_Diaconato-Foto-1.jpeg","width":1600,"height":1066},{"@type":"BreadcrumbList","@id":"https:\/\/www.diocesitn.it\/seminario\/2023\/10\/12\/un-sogno-che-diventa-dono-il-diaconato\/#breadcrumb","itemListElement":[{"@type":"ListItem","position":1,"name":"Home","item":"https:\/\/www.diocesitn.it\/seminario\/"},{"@type":"ListItem","position":2,"name":"Un sogno che diventa dono: il Diaconato"}]},{"@type":"WebSite","@id":"https:\/\/www.diocesitn.it\/seminario\/#website","url":"https:\/\/www.diocesitn.it\/seminario\/","name":"Seminario Maggiore Arcivescovile","description":"Chiesa di Trento","potentialAction":[{"@type":"SearchAction","target":{"@type":"EntryPoint","urlTemplate":"https:\/\/www.diocesitn.it\/seminario\/?s={search_term_string}"},"query-input":"required name=search_term_string"}],"inLanguage":"it-IT"},{"@type":"ImageObject","inLanguage":"it-IT","@id":"https:\/\/www.diocesitn.it\/seminario\/2023\/10\/12\/un-sogno-che-diventa-dono-il-diaconato\/#local-main-organization-logo","url":"","contentUrl":"","caption":"Seminario Maggiore Arcivescovile - Chiesa di Trento"}]}},"_links":{"self":[{"href":"https:\/\/www.diocesitn.it\/seminario\/wp-json\/wp\/v2\/posts\/734","targetHints":{"allow":["GET"]}}],"collection":[{"href":"https:\/\/www.diocesitn.it\/seminario\/wp-json\/wp\/v2\/posts"}],"about":[{"href":"https:\/\/www.diocesitn.it\/seminario\/wp-json\/wp\/v2\/types\/post"}],"author":[{"embeddable":true,"href":"https:\/\/www.diocesitn.it\/seminario\/wp-json\/wp\/v2\/users\/172"}],"replies":[{"embeddable":true,"href":"https:\/\/www.diocesitn.it\/seminario\/wp-json\/wp\/v2\/comments?post=734"}],"version-history":[{"count":4,"href":"https:\/\/www.diocesitn.it\/seminario\/wp-json\/wp\/v2\/posts\/734\/revisions"}],"predecessor-version":[{"id":741,"href":"https:\/\/www.diocesitn.it\/seminario\/wp-json\/wp\/v2\/posts\/734\/revisions\/741"}],"wp:featuredmedia":[{"embeddable":true,"href":"https:\/\/www.diocesitn.it\/seminario\/wp-json\/wp\/v2\/media\/742"}],"wp:attachment":[{"href":"https:\/\/www.diocesitn.it\/seminario\/wp-json\/wp\/v2\/media?parent=734"}],"wp:term":[{"taxonomy":"category","embeddable":true,"href":"https:\/\/www.diocesitn.it\/seminario\/wp-json\/wp\/v2\/categories?post=734"},{"taxonomy":"post_tag","embeddable":true,"href":"https:\/\/www.diocesitn.it\/seminario\/wp-json\/wp\/v2\/tags?post=734"}],"curies":[{"name":"wp","href":"https:\/\/api.w.org\/{rel}","templated":true}]}}