{"id":670,"date":"2022-12-22T12:00:16","date_gmt":"2022-12-22T11:00:16","guid":{"rendered":"https:\/\/www.diocesitn.it\/seminario\/?p=670"},"modified":"2022-12-05T11:37:53","modified_gmt":"2022-12-05T10:37:53","slug":"ecco-sto-alla-porta-e-busso","status":"publish","type":"post","link":"https:\/\/www.diocesitn.it\/seminario\/2022\/12\/22\/ecco-sto-alla-porta-e-busso\/","title":{"rendered":"Ecco: sto alla porta e busso!"},"content":{"rendered":"<p style=\"font-weight: 400\">Dal 7 all\u20198 ottobre abbiamo vissuto un\u2019esperienza di formazione sulle relazioni guidata dallo psicologo e psicoterapeuta Ignazio Punzi. Queste giornate, intitolate: \u201cSiate fecondi. Elementi base per una grammatica dell\u2019umano nel discernimento vocazionale\u201d si sono caratterizzate per i numerosi stimoli alla riflessione personale, ma anche e soprattutto, per la possibilit\u00e0 di regalarci un tempo di condivisione. Ciascuno di noi \u00e8 stato invitato a consegnare all\u2019altro un pezzo della propria storia riconoscendovi in essa i doni ricevuti. Abbiamo capito che alla luce di questi \u201csemi piantati\u201d, ricevuti da altri, siamo chiamati a vivere il tempo attuale come kair\u00f2s ovvero come \u201ctempo della speranza e della profezia\u201d in cui Dio agisce. Per entrare in quest\u2019ottica Ignazio ci ha incoraggiati a sfondare le nostre barriere, a porci in atteggiamento di ascolto non giudicante ma accogliente, a lasciarci stupire e provocare dalla narrazione dell\u2019altro. Tutto ci\u00f2 diviene \u2013 Ignazio ce lo ha ricordato \u2013 un appello urgente ad uscire dai confini sicuri dei nostri schemi mentali per avventurarci verso quella \u201cterra promessa\u201d che \u00e8 il nostro prossimo. Abbiamo scoperto cos\u00ec che \u00e8 solo l\u00ec, nell\u2019aprire la porta allo sconosciuto, all\u2019ospite inatteso, che possiamo conoscerci veramente, cos\u00ec come ci ricorda l\u2019Apocalisse: \u201cEcco: sto alla porta e busso. Se qualcuno ascolta la mia voce e mi apre la porta, io verr\u00f2 da lui, cener\u00f2 con lui ed egli con me\u201d.<\/p>\n<p style=\"font-weight: 400\">Due giornate di formazione che si sono rivelate un\u2019occasione per comprendere come la nostra vita sia qualcosa di radicalmente intrecciata e connessa alla vita degli altri. Sicuramente tutto questo ha fatto bene alla nostra comunit\u00e0: nel raccontarci le gioie e le preoccupazioni che ci attraversano ci siamo riscoperti pellegrini che, disorientati talvolta dalla paura e dalla sensazione di essere soli, si riconoscono bisognosi di lasciarsi toccare, guarire e coinvolgere dalla promessa di quell\u2019Amore che precede. Proprio dalla consapevolezza dell\u2019essere amati possiamo assumere uno sguardo nuovo, uno sguardo del cuore che sappia cogliere la novit\u00e0 e la bellezza degli altri. \u00c8 solo cos\u00ec che possiamo ripartire per compiere passi generativi!<\/p>\n<p style=\"font-weight: 400;text-align: right\">Federico Toccane<\/p>\n","protected":false},"excerpt":{"rendered":"<p>Dal 7 all\u20198 ottobre abbiamo vissuto un\u2019esperienza di formazione sulle relazioni guidata dallo psicologo e psicoterapeuta Ignazio Punzi. Queste giornate, intitolate: \u201cSiate fecondi. Elementi base per una grammatica dell\u2019umano nel discernimento vocazionale\u201d si sono caratterizzate<\/p>\n","protected":false},"author":172,"featured_media":659,"comment_status":"closed","ping_status":"closed","sticky":false,"template":"","format":"standard","meta":{"footnotes":""},"categories":[176],"tags":[],"class_list":["post-670","post","type-post","status-publish","format-standard","has-post-thumbnail","hentry","category-notizie"],"acf":{"seed-localization-paese-cod":"IT","seed-localization-address":"","seed-localization-citta":"Trento","seed-localization-regione-cod-istat":"04","seed-localization-citta-cod-istat":"022205","seed-localization-localita":"","seed-localization-cap":"","seed-localization-marker-visibility":false,"seed-localization-children-visibility":false,"seed-localization-kml":"","seed-localization-custom-marker":""},"yoast_head":"<!-- This site is optimized with the Yoast SEO Premium plugin v20.2.1 (Yoast SEO v22.2) - https:\/\/yoast.com\/wordpress\/plugins\/seo\/ -->\n<title>Ecco: sto alla porta e busso! - Seminario Maggiore Arcivescovile<\/title>\n<meta name=\"robots\" content=\"index, follow, max-snippet:-1, max-image-preview:large, max-video-preview:-1\" \/>\n<link rel=\"canonical\" href=\"https:\/\/www.diocesitn.it\/seminario\/2022\/12\/22\/ecco-sto-alla-porta-e-busso\/\" \/>\n<meta property=\"og:locale\" content=\"it_IT\" \/>\n<meta property=\"og:type\" content=\"article\" \/>\n<meta property=\"og:title\" content=\"Ecco: sto alla porta e busso!\" \/>\n<meta property=\"og:description\" content=\"Dal 7 all\u20198 ottobre abbiamo vissuto un\u2019esperienza di formazione sulle relazioni guidata dallo psicologo e psicoterapeuta Ignazio Punzi. Queste giornate, intitolate: \u201cSiate fecondi. Elementi base per una grammatica dell\u2019umano nel discernimento vocazionale\u201d si sono caratterizzate\" \/>\n<meta property=\"og:url\" content=\"https:\/\/www.diocesitn.it\/seminario\/2022\/12\/22\/ecco-sto-alla-porta-e-busso\/\" \/>\n<meta property=\"og:site_name\" content=\"Seminario Maggiore Arcivescovile\" \/>\n<meta property=\"article:publisher\" content=\"https:\/\/www.facebook.com\/seminariotrento\/\" \/>\n<meta property=\"article:published_time\" content=\"2022-12-22T11:00:16+00:00\" \/>\n<meta property=\"article:modified_time\" content=\"2022-12-05T10:37:53+00:00\" \/>\n<meta property=\"og:image\" content=\"https:\/\/www.diocesitn.it\/seminario\/wp-content\/uploads\/sites\/41\/2022\/12\/Formazione-Ignazio-Punzi.jpg\" \/>\n\t<meta property=\"og:image:width\" content=\"2295\" \/>\n\t<meta property=\"og:image:height\" content=\"1469\" \/>\n\t<meta property=\"og:image:type\" content=\"image\/jpeg\" \/>\n<meta name=\"author\" content=\"seminaristitrento\" \/>\n<meta name=\"twitter:card\" content=\"summary_large_image\" \/>\n<meta name=\"twitter:label1\" content=\"Scritto da\" \/>\n\t<meta name=\"twitter:data1\" content=\"seminaristitrento\" \/>\n\t<meta name=\"twitter:label2\" content=\"Tempo di lettura stimato\" \/>\n\t<meta name=\"twitter:data2\" content=\"2 minuti\" \/>\n<script type=\"application\/ld+json\" class=\"yoast-schema-graph\">{\"@context\":\"https:\/\/schema.org\",\"@graph\":[{\"@type\":\"WebPage\",\"@id\":\"https:\/\/www.diocesitn.it\/seminario\/2022\/12\/22\/ecco-sto-alla-porta-e-busso\/\",\"url\":\"https:\/\/www.diocesitn.it\/seminario\/2022\/12\/22\/ecco-sto-alla-porta-e-busso\/\",\"name\":\"Ecco: sto alla porta e busso! - Seminario Maggiore Arcivescovile\",\"isPartOf\":{\"@id\":\"https:\/\/www.diocesitn.it\/seminario\/#website\"},\"primaryImageOfPage\":{\"@id\":\"https:\/\/www.diocesitn.it\/seminario\/2022\/12\/22\/ecco-sto-alla-porta-e-busso\/#primaryimage\"},\"image\":{\"@id\":\"https:\/\/www.diocesitn.it\/seminario\/2022\/12\/22\/ecco-sto-alla-porta-e-busso\/#primaryimage\"},\"thumbnailUrl\":\"https:\/\/www.diocesitn.it\/seminario\/wp-content\/uploads\/sites\/41\/2022\/12\/Formazione-Ignazio-Punzi.jpg\",\"datePublished\":\"2022-12-22T11:00:16+00:00\",\"dateModified\":\"2022-12-05T10:37:53+00:00\",\"author\":{\"@id\":\"https:\/\/www.diocesitn.it\/seminario\/#\/schema\/person\/fe751b4cf044b25d6ad3f1991d9b6d54\"},\"breadcrumb\":{\"@id\":\"https:\/\/www.diocesitn.it\/seminario\/2022\/12\/22\/ecco-sto-alla-porta-e-busso\/#breadcrumb\"},\"inLanguage\":\"it-IT\",\"potentialAction\":[{\"@type\":\"ReadAction\",\"target\":[\"https:\/\/www.diocesitn.it\/seminario\/2022\/12\/22\/ecco-sto-alla-porta-e-busso\/\"]}]},{\"@type\":\"ImageObject\",\"inLanguage\":\"it-IT\",\"@id\":\"https:\/\/www.diocesitn.it\/seminario\/2022\/12\/22\/ecco-sto-alla-porta-e-busso\/#primaryimage\",\"url\":\"https:\/\/www.diocesitn.it\/seminario\/wp-content\/uploads\/sites\/41\/2022\/12\/Formazione-Ignazio-Punzi.jpg\",\"contentUrl\":\"https:\/\/www.diocesitn.it\/seminario\/wp-content\/uploads\/sites\/41\/2022\/12\/Formazione-Ignazio-Punzi.jpg\",\"width\":2295,\"height\":1469},{\"@type\":\"BreadcrumbList\",\"@id\":\"https:\/\/www.diocesitn.it\/seminario\/2022\/12\/22\/ecco-sto-alla-porta-e-busso\/#breadcrumb\",\"itemListElement\":[{\"@type\":\"ListItem\",\"position\":1,\"name\":\"Home\",\"item\":\"https:\/\/www.diocesitn.it\/seminario\/\"},{\"@type\":\"ListItem\",\"position\":2,\"name\":\"Ecco: sto alla porta e busso!\"}]},{\"@type\":\"WebSite\",\"@id\":\"https:\/\/www.diocesitn.it\/seminario\/#website\",\"url\":\"https:\/\/www.diocesitn.it\/seminario\/\",\"name\":\"Seminario Maggiore Arcivescovile\",\"description\":\"Chiesa di Trento\",\"potentialAction\":[{\"@type\":\"SearchAction\",\"target\":{\"@type\":\"EntryPoint\",\"urlTemplate\":\"https:\/\/www.diocesitn.it\/seminario\/?s={search_term_string}\"},\"query-input\":\"required name=search_term_string\"}],\"inLanguage\":\"it-IT\"},{\"@type\":\"ImageObject\",\"inLanguage\":\"it-IT\",\"@id\":\"https:\/\/www.diocesitn.it\/seminario\/2022\/12\/22\/ecco-sto-alla-porta-e-busso\/#local-main-organization-logo\",\"url\":\"\",\"contentUrl\":\"\",\"caption\":\"Seminario Maggiore Arcivescovile - Chiesa di Trento\"}]}<\/script>\n<!-- \/ Yoast SEO Premium plugin. -->","yoast_head_json":{"title":"Ecco: sto alla porta e busso! - Seminario Maggiore Arcivescovile","robots":{"index":"index","follow":"follow","max-snippet":"max-snippet:-1","max-image-preview":"max-image-preview:large","max-video-preview":"max-video-preview:-1"},"canonical":"https:\/\/www.diocesitn.it\/seminario\/2022\/12\/22\/ecco-sto-alla-porta-e-busso\/","og_locale":"it_IT","og_type":"article","og_title":"Ecco: sto alla porta e busso!","og_description":"Dal 7 all\u20198 ottobre abbiamo vissuto un\u2019esperienza di formazione sulle relazioni guidata dallo psicologo e psicoterapeuta Ignazio Punzi. Queste giornate, intitolate: \u201cSiate fecondi. Elementi base per una grammatica dell\u2019umano nel discernimento vocazionale\u201d si sono caratterizzate","og_url":"https:\/\/www.diocesitn.it\/seminario\/2022\/12\/22\/ecco-sto-alla-porta-e-busso\/","og_site_name":"Seminario Maggiore Arcivescovile","article_publisher":"https:\/\/www.facebook.com\/seminariotrento\/","article_published_time":"2022-12-22T11:00:16+00:00","article_modified_time":"2022-12-05T10:37:53+00:00","og_image":[{"width":2295,"height":1469,"url":"https:\/\/www.diocesitn.it\/seminario\/wp-content\/uploads\/sites\/41\/2022\/12\/Formazione-Ignazio-Punzi.jpg","type":"image\/jpeg"}],"author":"seminaristitrento","twitter_card":"summary_large_image","twitter_misc":{"Scritto da":"seminaristitrento","Tempo di lettura stimato":"2 minuti"},"schema":{"@context":"https:\/\/schema.org","@graph":[{"@type":"WebPage","@id":"https:\/\/www.diocesitn.it\/seminario\/2022\/12\/22\/ecco-sto-alla-porta-e-busso\/","url":"https:\/\/www.diocesitn.it\/seminario\/2022\/12\/22\/ecco-sto-alla-porta-e-busso\/","name":"Ecco: sto alla porta e busso! - Seminario Maggiore Arcivescovile","isPartOf":{"@id":"https:\/\/www.diocesitn.it\/seminario\/#website"},"primaryImageOfPage":{"@id":"https:\/\/www.diocesitn.it\/seminario\/2022\/12\/22\/ecco-sto-alla-porta-e-busso\/#primaryimage"},"image":{"@id":"https:\/\/www.diocesitn.it\/seminario\/2022\/12\/22\/ecco-sto-alla-porta-e-busso\/#primaryimage"},"thumbnailUrl":"https:\/\/www.diocesitn.it\/seminario\/wp-content\/uploads\/sites\/41\/2022\/12\/Formazione-Ignazio-Punzi.jpg","datePublished":"2022-12-22T11:00:16+00:00","dateModified":"2022-12-05T10:37:53+00:00","author":{"@id":"https:\/\/www.diocesitn.it\/seminario\/#\/schema\/person\/fe751b4cf044b25d6ad3f1991d9b6d54"},"breadcrumb":{"@id":"https:\/\/www.diocesitn.it\/seminario\/2022\/12\/22\/ecco-sto-alla-porta-e-busso\/#breadcrumb"},"inLanguage":"it-IT","potentialAction":[{"@type":"ReadAction","target":["https:\/\/www.diocesitn.it\/seminario\/2022\/12\/22\/ecco-sto-alla-porta-e-busso\/"]}]},{"@type":"ImageObject","inLanguage":"it-IT","@id":"https:\/\/www.diocesitn.it\/seminario\/2022\/12\/22\/ecco-sto-alla-porta-e-busso\/#primaryimage","url":"https:\/\/www.diocesitn.it\/seminario\/wp-content\/uploads\/sites\/41\/2022\/12\/Formazione-Ignazio-Punzi.jpg","contentUrl":"https:\/\/www.diocesitn.it\/seminario\/wp-content\/uploads\/sites\/41\/2022\/12\/Formazione-Ignazio-Punzi.jpg","width":2295,"height":1469},{"@type":"BreadcrumbList","@id":"https:\/\/www.diocesitn.it\/seminario\/2022\/12\/22\/ecco-sto-alla-porta-e-busso\/#breadcrumb","itemListElement":[{"@type":"ListItem","position":1,"name":"Home","item":"https:\/\/www.diocesitn.it\/seminario\/"},{"@type":"ListItem","position":2,"name":"Ecco: sto alla porta e busso!"}]},{"@type":"WebSite","@id":"https:\/\/www.diocesitn.it\/seminario\/#website","url":"https:\/\/www.diocesitn.it\/seminario\/","name":"Seminario Maggiore Arcivescovile","description":"Chiesa di Trento","potentialAction":[{"@type":"SearchAction","target":{"@type":"EntryPoint","urlTemplate":"https:\/\/www.diocesitn.it\/seminario\/?s={search_term_string}"},"query-input":"required name=search_term_string"}],"inLanguage":"it-IT"},{"@type":"ImageObject","inLanguage":"it-IT","@id":"https:\/\/www.diocesitn.it\/seminario\/2022\/12\/22\/ecco-sto-alla-porta-e-busso\/#local-main-organization-logo","url":"","contentUrl":"","caption":"Seminario Maggiore Arcivescovile - Chiesa di Trento"}]}},"_links":{"self":[{"href":"https:\/\/www.diocesitn.it\/seminario\/wp-json\/wp\/v2\/posts\/670","targetHints":{"allow":["GET"]}}],"collection":[{"href":"https:\/\/www.diocesitn.it\/seminario\/wp-json\/wp\/v2\/posts"}],"about":[{"href":"https:\/\/www.diocesitn.it\/seminario\/wp-json\/wp\/v2\/types\/post"}],"author":[{"embeddable":true,"href":"https:\/\/www.diocesitn.it\/seminario\/wp-json\/wp\/v2\/users\/172"}],"replies":[{"embeddable":true,"href":"https:\/\/www.diocesitn.it\/seminario\/wp-json\/wp\/v2\/comments?post=670"}],"version-history":[{"count":1,"href":"https:\/\/www.diocesitn.it\/seminario\/wp-json\/wp\/v2\/posts\/670\/revisions"}],"predecessor-version":[{"id":671,"href":"https:\/\/www.diocesitn.it\/seminario\/wp-json\/wp\/v2\/posts\/670\/revisions\/671"}],"wp:featuredmedia":[{"embeddable":true,"href":"https:\/\/www.diocesitn.it\/seminario\/wp-json\/wp\/v2\/media\/659"}],"wp:attachment":[{"href":"https:\/\/www.diocesitn.it\/seminario\/wp-json\/wp\/v2\/media?parent=670"}],"wp:term":[{"taxonomy":"category","embeddable":true,"href":"https:\/\/www.diocesitn.it\/seminario\/wp-json\/wp\/v2\/categories?post=670"},{"taxonomy":"post_tag","embeddable":true,"href":"https:\/\/www.diocesitn.it\/seminario\/wp-json\/wp\/v2\/tags?post=670"}],"curies":[{"name":"wp","href":"https:\/\/api.w.org\/{rel}","templated":true}]}}