{"id":667,"date":"2022-12-15T12:00:07","date_gmt":"2022-12-15T11:00:07","guid":{"rendered":"https:\/\/www.diocesitn.it\/seminario\/?p=667"},"modified":"2022-12-05T11:36:43","modified_gmt":"2022-12-05T10:36:43","slug":"una-ferita-aperta-avendo-pero-uno-sguardo-misericordioso","status":"publish","type":"post","link":"https:\/\/www.diocesitn.it\/seminario\/2022\/12\/15\/una-ferita-aperta-avendo-pero-uno-sguardo-misericordioso\/","title":{"rendered":"Una ferita aperta, avendo per\u00f2 uno sguardo misericordioso"},"content":{"rendered":"<p style=\"font-weight: 400\">La Chiesa \u00e8 fatta di uomini e donne. Questo implica sicuramente delle mancanze che sono proprie dell\u2019essere umano. Una ferita ancora aperta che ha e continua ad essere una spina nel fianco della Chiesa, considerato uno dei temi pi\u00f9 delicati, sono proprio gli abusi. In questi ultimi anni \u00e8 nato un cammino su questo tema, non tanto per far emergere i numeri di atti illeciti, solo per un puro scopo statistico, ma riconoscendo che in questi drammi sono coinvolte delle persone che in un modo o in un altro sono o hanno subito una violenza. Per questo motivo devono essere aiutate, partendo innanzitutto dall\u2019ascolto. Come comunit\u00e0 del Seminario luned\u00ec 17 ottobre 2022, abbiamo affrontato\u00a0 la tematica con i referenti del Servizio Diocesano Tutela Minori. L\u2019appuntamento si \u00e8 svolto in un clima molto sereno e famigliare, condividendo in primo luogo le varie tipologie di abusi a nostra conoscenza, notando come, oltre che quello sessuale, forse il pi\u00f9 noto a tutti, sono presenti degli altri come quello psicologico, fisico, economico. L\u2019incontro poi ha seguito due direzioni. Come prima, abbiamo provato ad immedesimarci nella vittima, quindi quali possono essere, secondo noi, i sentimenti ed emozioni di queste ultime e, successivamente, abbiamo fatto lo stesso anche dal punto di vista dell\u2019aggressore. Infine ci siamo addentrati nelle varie modalit\u00e0, atteggiamenti, ma anche strumenti da mettere in pratica se si dovessero presentare situazioni cos\u00ec delicate. Un esempio \u00e8 proprio il Centro di Ascolto, che in questi anni sta dando davvero un aiuto molto importante di accompagnamento e di ascolto (appunto) delle persone abusate. Concludo lasciando la parola a papa Francesco, dove, in un\u2019omelia si rivolge alle vittime di abusi, affermando: <em>\u201cFratelli e sorelle, essendo tutti membri della famiglia di Dio, siamo chiamati a entrare nella dinamica della misericordia. Il Signore Ges\u00f9, nostro Salvatore, \u00e8 l\u2019esempio supremo, l\u2019innocente che ha portato i nostri peccati sulla croce. Riconciliarci \u00e8 l\u2019essenza stessa della nostra comune identit\u00e0 come seguaci di Cristo. Rivolgiamoci a lui, accompagnati dalla Madre Santissima ai piedi della croce, chiediamo la grazia della riconciliazione con tutto il popolo di Dio\u201d.<\/em><\/p>\n<p style=\"font-weight: 400;text-align: right\">Bryan Fedon<\/p>\n","protected":false},"excerpt":{"rendered":"<p>La Chiesa \u00e8 fatta di uomini e donne. Questo implica sicuramente delle mancanze che sono proprie dell\u2019essere umano. Una ferita ancora aperta che ha e continua ad essere una spina nel fianco della Chiesa, considerato<\/p>\n","protected":false},"author":172,"featured_media":668,"comment_status":"closed","ping_status":"closed","sticky":false,"template":"","format":"standard","meta":{"footnotes":""},"categories":[176],"tags":[],"class_list":["post-667","post","type-post","status-publish","format-standard","has-post-thumbnail","hentry","category-notizie"],"acf":{"seed-localization-paese-cod":"IT","seed-localization-address":"","seed-localization-citta":"Trento","seed-localization-regione-cod-istat":"04","seed-localization-citta-cod-istat":"022205","seed-localization-localita":"","seed-localization-cap":"","seed-localization-marker-visibility":false,"seed-localization-children-visibility":false,"seed-localization-kml":"","seed-localization-custom-marker":""},"yoast_head":"<!-- This site is optimized with the Yoast SEO Premium plugin v20.2.1 (Yoast SEO v22.2) - https:\/\/yoast.com\/wordpress\/plugins\/seo\/ -->\n<title>Una ferita aperta, avendo per\u00f2 uno sguardo misericordioso - Seminario Maggiore Arcivescovile<\/title>\n<meta name=\"robots\" content=\"index, follow, max-snippet:-1, max-image-preview:large, max-video-preview:-1\" \/>\n<link rel=\"canonical\" href=\"https:\/\/www.diocesitn.it\/seminario\/2022\/12\/15\/una-ferita-aperta-avendo-pero-uno-sguardo-misericordioso\/\" \/>\n<meta property=\"og:locale\" content=\"it_IT\" \/>\n<meta property=\"og:type\" content=\"article\" \/>\n<meta property=\"og:title\" content=\"Una ferita aperta, avendo per\u00f2 uno sguardo misericordioso\" \/>\n<meta property=\"og:description\" content=\"La Chiesa \u00e8 fatta di uomini e donne. Questo implica sicuramente delle mancanze che sono proprie dell\u2019essere umano. Una ferita ancora aperta che ha e continua ad essere una spina nel fianco della Chiesa, considerato\" \/>\n<meta property=\"og:url\" content=\"https:\/\/www.diocesitn.it\/seminario\/2022\/12\/15\/una-ferita-aperta-avendo-pero-uno-sguardo-misericordioso\/\" \/>\n<meta property=\"og:site_name\" content=\"Seminario Maggiore Arcivescovile\" \/>\n<meta property=\"article:publisher\" content=\"https:\/\/www.facebook.com\/seminariotrento\/\" \/>\n<meta property=\"article:published_time\" content=\"2022-12-15T11:00:07+00:00\" \/>\n<meta property=\"article:modified_time\" content=\"2022-12-05T10:36:43+00:00\" \/>\n<meta property=\"og:image\" content=\"https:\/\/www.diocesitn.it\/seminario\/wp-content\/uploads\/sites\/41\/2022\/12\/Foto-incontro-abusi.jpg\" \/>\n\t<meta property=\"og:image:width\" content=\"1920\" \/>\n\t<meta property=\"og:image:height\" content=\"1280\" \/>\n\t<meta property=\"og:image:type\" content=\"image\/jpeg\" \/>\n<meta name=\"author\" content=\"seminaristitrento\" \/>\n<meta name=\"twitter:card\" content=\"summary_large_image\" \/>\n<meta name=\"twitter:label1\" content=\"Scritto da\" \/>\n\t<meta name=\"twitter:data1\" content=\"seminaristitrento\" \/>\n\t<meta name=\"twitter:label2\" content=\"Tempo di lettura stimato\" \/>\n\t<meta name=\"twitter:data2\" content=\"2 minuti\" \/>\n<script type=\"application\/ld+json\" class=\"yoast-schema-graph\">{\"@context\":\"https:\/\/schema.org\",\"@graph\":[{\"@type\":\"WebPage\",\"@id\":\"https:\/\/www.diocesitn.it\/seminario\/2022\/12\/15\/una-ferita-aperta-avendo-pero-uno-sguardo-misericordioso\/\",\"url\":\"https:\/\/www.diocesitn.it\/seminario\/2022\/12\/15\/una-ferita-aperta-avendo-pero-uno-sguardo-misericordioso\/\",\"name\":\"Una ferita aperta, avendo per\u00f2 uno sguardo misericordioso - Seminario Maggiore Arcivescovile\",\"isPartOf\":{\"@id\":\"https:\/\/www.diocesitn.it\/seminario\/#website\"},\"primaryImageOfPage\":{\"@id\":\"https:\/\/www.diocesitn.it\/seminario\/2022\/12\/15\/una-ferita-aperta-avendo-pero-uno-sguardo-misericordioso\/#primaryimage\"},\"image\":{\"@id\":\"https:\/\/www.diocesitn.it\/seminario\/2022\/12\/15\/una-ferita-aperta-avendo-pero-uno-sguardo-misericordioso\/#primaryimage\"},\"thumbnailUrl\":\"https:\/\/www.diocesitn.it\/seminario\/wp-content\/uploads\/sites\/41\/2022\/12\/Foto-incontro-abusi.jpg\",\"datePublished\":\"2022-12-15T11:00:07+00:00\",\"dateModified\":\"2022-12-05T10:36:43+00:00\",\"author\":{\"@id\":\"https:\/\/www.diocesitn.it\/seminario\/#\/schema\/person\/fe751b4cf044b25d6ad3f1991d9b6d54\"},\"breadcrumb\":{\"@id\":\"https:\/\/www.diocesitn.it\/seminario\/2022\/12\/15\/una-ferita-aperta-avendo-pero-uno-sguardo-misericordioso\/#breadcrumb\"},\"inLanguage\":\"it-IT\",\"potentialAction\":[{\"@type\":\"ReadAction\",\"target\":[\"https:\/\/www.diocesitn.it\/seminario\/2022\/12\/15\/una-ferita-aperta-avendo-pero-uno-sguardo-misericordioso\/\"]}]},{\"@type\":\"ImageObject\",\"inLanguage\":\"it-IT\",\"@id\":\"https:\/\/www.diocesitn.it\/seminario\/2022\/12\/15\/una-ferita-aperta-avendo-pero-uno-sguardo-misericordioso\/#primaryimage\",\"url\":\"https:\/\/www.diocesitn.it\/seminario\/wp-content\/uploads\/sites\/41\/2022\/12\/Foto-incontro-abusi.jpg\",\"contentUrl\":\"https:\/\/www.diocesitn.it\/seminario\/wp-content\/uploads\/sites\/41\/2022\/12\/Foto-incontro-abusi.jpg\",\"width\":1920,\"height\":1280},{\"@type\":\"BreadcrumbList\",\"@id\":\"https:\/\/www.diocesitn.it\/seminario\/2022\/12\/15\/una-ferita-aperta-avendo-pero-uno-sguardo-misericordioso\/#breadcrumb\",\"itemListElement\":[{\"@type\":\"ListItem\",\"position\":1,\"name\":\"Home\",\"item\":\"https:\/\/www.diocesitn.it\/seminario\/\"},{\"@type\":\"ListItem\",\"position\":2,\"name\":\"Una ferita aperta, avendo per\u00f2 uno sguardo misericordioso\"}]},{\"@type\":\"WebSite\",\"@id\":\"https:\/\/www.diocesitn.it\/seminario\/#website\",\"url\":\"https:\/\/www.diocesitn.it\/seminario\/\",\"name\":\"Seminario Maggiore Arcivescovile\",\"description\":\"Chiesa di Trento\",\"potentialAction\":[{\"@type\":\"SearchAction\",\"target\":{\"@type\":\"EntryPoint\",\"urlTemplate\":\"https:\/\/www.diocesitn.it\/seminario\/?s={search_term_string}\"},\"query-input\":\"required name=search_term_string\"}],\"inLanguage\":\"it-IT\"},{\"@type\":\"ImageObject\",\"inLanguage\":\"it-IT\",\"@id\":\"https:\/\/www.diocesitn.it\/seminario\/2022\/12\/15\/una-ferita-aperta-avendo-pero-uno-sguardo-misericordioso\/#local-main-organization-logo\",\"url\":\"\",\"contentUrl\":\"\",\"caption\":\"Seminario Maggiore Arcivescovile - Chiesa di Trento\"}]}<\/script>\n<!-- \/ Yoast SEO Premium plugin. -->","yoast_head_json":{"title":"Una ferita aperta, avendo per\u00f2 uno sguardo misericordioso - Seminario Maggiore Arcivescovile","robots":{"index":"index","follow":"follow","max-snippet":"max-snippet:-1","max-image-preview":"max-image-preview:large","max-video-preview":"max-video-preview:-1"},"canonical":"https:\/\/www.diocesitn.it\/seminario\/2022\/12\/15\/una-ferita-aperta-avendo-pero-uno-sguardo-misericordioso\/","og_locale":"it_IT","og_type":"article","og_title":"Una ferita aperta, avendo per\u00f2 uno sguardo misericordioso","og_description":"La Chiesa \u00e8 fatta di uomini e donne. Questo implica sicuramente delle mancanze che sono proprie dell\u2019essere umano. Una ferita ancora aperta che ha e continua ad essere una spina nel fianco della Chiesa, considerato","og_url":"https:\/\/www.diocesitn.it\/seminario\/2022\/12\/15\/una-ferita-aperta-avendo-pero-uno-sguardo-misericordioso\/","og_site_name":"Seminario Maggiore Arcivescovile","article_publisher":"https:\/\/www.facebook.com\/seminariotrento\/","article_published_time":"2022-12-15T11:00:07+00:00","article_modified_time":"2022-12-05T10:36:43+00:00","og_image":[{"width":1920,"height":1280,"url":"https:\/\/www.diocesitn.it\/seminario\/wp-content\/uploads\/sites\/41\/2022\/12\/Foto-incontro-abusi.jpg","type":"image\/jpeg"}],"author":"seminaristitrento","twitter_card":"summary_large_image","twitter_misc":{"Scritto da":"seminaristitrento","Tempo di lettura stimato":"2 minuti"},"schema":{"@context":"https:\/\/schema.org","@graph":[{"@type":"WebPage","@id":"https:\/\/www.diocesitn.it\/seminario\/2022\/12\/15\/una-ferita-aperta-avendo-pero-uno-sguardo-misericordioso\/","url":"https:\/\/www.diocesitn.it\/seminario\/2022\/12\/15\/una-ferita-aperta-avendo-pero-uno-sguardo-misericordioso\/","name":"Una ferita aperta, avendo per\u00f2 uno sguardo misericordioso - Seminario Maggiore Arcivescovile","isPartOf":{"@id":"https:\/\/www.diocesitn.it\/seminario\/#website"},"primaryImageOfPage":{"@id":"https:\/\/www.diocesitn.it\/seminario\/2022\/12\/15\/una-ferita-aperta-avendo-pero-uno-sguardo-misericordioso\/#primaryimage"},"image":{"@id":"https:\/\/www.diocesitn.it\/seminario\/2022\/12\/15\/una-ferita-aperta-avendo-pero-uno-sguardo-misericordioso\/#primaryimage"},"thumbnailUrl":"https:\/\/www.diocesitn.it\/seminario\/wp-content\/uploads\/sites\/41\/2022\/12\/Foto-incontro-abusi.jpg","datePublished":"2022-12-15T11:00:07+00:00","dateModified":"2022-12-05T10:36:43+00:00","author":{"@id":"https:\/\/www.diocesitn.it\/seminario\/#\/schema\/person\/fe751b4cf044b25d6ad3f1991d9b6d54"},"breadcrumb":{"@id":"https:\/\/www.diocesitn.it\/seminario\/2022\/12\/15\/una-ferita-aperta-avendo-pero-uno-sguardo-misericordioso\/#breadcrumb"},"inLanguage":"it-IT","potentialAction":[{"@type":"ReadAction","target":["https:\/\/www.diocesitn.it\/seminario\/2022\/12\/15\/una-ferita-aperta-avendo-pero-uno-sguardo-misericordioso\/"]}]},{"@type":"ImageObject","inLanguage":"it-IT","@id":"https:\/\/www.diocesitn.it\/seminario\/2022\/12\/15\/una-ferita-aperta-avendo-pero-uno-sguardo-misericordioso\/#primaryimage","url":"https:\/\/www.diocesitn.it\/seminario\/wp-content\/uploads\/sites\/41\/2022\/12\/Foto-incontro-abusi.jpg","contentUrl":"https:\/\/www.diocesitn.it\/seminario\/wp-content\/uploads\/sites\/41\/2022\/12\/Foto-incontro-abusi.jpg","width":1920,"height":1280},{"@type":"BreadcrumbList","@id":"https:\/\/www.diocesitn.it\/seminario\/2022\/12\/15\/una-ferita-aperta-avendo-pero-uno-sguardo-misericordioso\/#breadcrumb","itemListElement":[{"@type":"ListItem","position":1,"name":"Home","item":"https:\/\/www.diocesitn.it\/seminario\/"},{"@type":"ListItem","position":2,"name":"Una ferita aperta, avendo per\u00f2 uno sguardo misericordioso"}]},{"@type":"WebSite","@id":"https:\/\/www.diocesitn.it\/seminario\/#website","url":"https:\/\/www.diocesitn.it\/seminario\/","name":"Seminario Maggiore Arcivescovile","description":"Chiesa di Trento","potentialAction":[{"@type":"SearchAction","target":{"@type":"EntryPoint","urlTemplate":"https:\/\/www.diocesitn.it\/seminario\/?s={search_term_string}"},"query-input":"required name=search_term_string"}],"inLanguage":"it-IT"},{"@type":"ImageObject","inLanguage":"it-IT","@id":"https:\/\/www.diocesitn.it\/seminario\/2022\/12\/15\/una-ferita-aperta-avendo-pero-uno-sguardo-misericordioso\/#local-main-organization-logo","url":"","contentUrl":"","caption":"Seminario Maggiore Arcivescovile - Chiesa di Trento"}]}},"_links":{"self":[{"href":"https:\/\/www.diocesitn.it\/seminario\/wp-json\/wp\/v2\/posts\/667","targetHints":{"allow":["GET"]}}],"collection":[{"href":"https:\/\/www.diocesitn.it\/seminario\/wp-json\/wp\/v2\/posts"}],"about":[{"href":"https:\/\/www.diocesitn.it\/seminario\/wp-json\/wp\/v2\/types\/post"}],"author":[{"embeddable":true,"href":"https:\/\/www.diocesitn.it\/seminario\/wp-json\/wp\/v2\/users\/172"}],"replies":[{"embeddable":true,"href":"https:\/\/www.diocesitn.it\/seminario\/wp-json\/wp\/v2\/comments?post=667"}],"version-history":[{"count":1,"href":"https:\/\/www.diocesitn.it\/seminario\/wp-json\/wp\/v2\/posts\/667\/revisions"}],"predecessor-version":[{"id":669,"href":"https:\/\/www.diocesitn.it\/seminario\/wp-json\/wp\/v2\/posts\/667\/revisions\/669"}],"wp:featuredmedia":[{"embeddable":true,"href":"https:\/\/www.diocesitn.it\/seminario\/wp-json\/wp\/v2\/media\/668"}],"wp:attachment":[{"href":"https:\/\/www.diocesitn.it\/seminario\/wp-json\/wp\/v2\/media?parent=667"}],"wp:term":[{"taxonomy":"category","embeddable":true,"href":"https:\/\/www.diocesitn.it\/seminario\/wp-json\/wp\/v2\/categories?post=667"},{"taxonomy":"post_tag","embeddable":true,"href":"https:\/\/www.diocesitn.it\/seminario\/wp-json\/wp\/v2\/tags?post=667"}],"curies":[{"name":"wp","href":"https:\/\/api.w.org\/{rel}","templated":true}]}}