{"id":664,"date":"2022-12-08T12:00:33","date_gmt":"2022-12-08T11:00:33","guid":{"rendered":"https:\/\/www.diocesitn.it\/seminario\/?p=664"},"modified":"2022-12-05T11:33:59","modified_gmt":"2022-12-05T10:33:59","slug":"nella-roma-del-servizio","status":"publish","type":"post","link":"https:\/\/www.diocesitn.it\/seminario\/2022\/12\/08\/nella-roma-del-servizio\/","title":{"rendered":"Nella Roma del servizio"},"content":{"rendered":"<div>\n<p class=\"Corpo\">Luned\u00ec 12 settembre, mentre il sole sorge e Trento inizia a svegliarsi, in Seminario si incominciano a sentire porte che si aprono, passi decisi che si avviano in cucina per preparare un buon caff\u00e8, voci familiari dei compagni che si fanno sempre pi\u00f9 nitide, zaini da controllare un\u2019ultima volta prima di partire: \u00e8 iniziato un nuovo anno di Seminario. Prima di riprendere l\u2019ordinariet\u00e0 della vita comune settimanale e dello studio teologico, ci prepariamo sempre ad inaugurare il nuovo anno con un campeggio: una settimana dove riprendere nell\u2019informalit\u00e0 e nell\u2019amicizia il percorso comune del discernimento. Quest\u2019anno la meta scelta \u00e8 stata Roma, ma per gustarci al meglio la citt\u00e0 eterna l\u2019abbiamo presa larga, iniziando il nostro campeggio non direttamente nella capitale, ma partendo da Sutri, comune di Viterbo, a circa 68 km dalla nostra meta. Il nostro campeggio \u00e8 quindi iniziato con un cammino, seguendo la via francigena. Siamo stati accompagnati da san Pietro, che lungo la via ci suggeriva alcune posture, alcuni consigli su come vivere pi\u00f9 intensamente la sequela a Cristo. Il cammino \u00e8 stato una parte fondamentale del nostro campeggio, non solo perch\u00e9 \u00e8 stato met\u00e0 del nostro viaggio, ma anche perch\u00e9 esso \u00e8 davvero la metafora perfetta della vita. Il cammino richiede preparazione e visione d\u2019insieme, collaborazione e attenzione, curiosit\u00e0 e profondit\u00e0, ritmo e pause, calcolare bene il tragitto ma anche aspettarsi degli imprevisti, insomma, tutto ci\u00f2 che accade nella vita ordinaria.<\/p>\n<\/div>\n<div>\n<p class=\"Corpo\">Poi arrivare a Roma, precisamente, in piazza san Pietro, stanchi, appesantiti e con lo zaino carico, \u00e8 stata un\u2019emozione grande e anche un po\u2019 un sollievo. Il tratto di cammino era stato fatto, ora era il momento di scoprire Roma, immensa, sterminata. Abbiamo fatto alcune scelte, tra cui visitare alcune chiese importanti: la Basilica di san Pietro, la Basilica di santa Maria Maggiore, la chiesa di sant\u2019Ignazio. Abbiamo poi anche visitato delle realt\u00e0 significative presenti sul territorio: l\u2019associazione sant\u2019Egidio sull\u2019isola Tiberina, la mensa che accoglie ogni giorno tanti poveri, che da molti sono considerati solo un peso o un fastidio, ma che per la Sant\u2019Egidio sono la missione. Le suore della Carit\u00e0 di madre Teresa di Calcutta, che ci hanno testimoniato come la carit\u00e0, il servire il pi\u00f9 povero non pu\u00f2 mai essere scissa da una profonda vicinanza con Ges\u00f9, nella preghiera. Abbiamo anche incontrato la comunit\u00e0 delle suore operaie, nella loro casa di noviziato, e con loro abbiamo condiviso un pasto fraterno. Nel nostro ultimo giorno di permanenza in citt\u00e0, domenica 18, ci siamo avviati, come tanti altri pellegrini, in piazza san Pietro, per la recita dell\u2019Angelus con il Papa.<\/p>\n<\/div>\n<div>\n<p class=\"Corpo\">Con questa settimana abbiamo ripreso il percorso comunitario di discernimento vocazionale e penso che una frase che possa racchiudere bene i sentimenti e il desiderio che ci abitava nel nostro rientro sia quella di madre Teresa, che ci ha lasciato suor Mattea nello scambio avvenuto nella loro casa: \u201cOra andate a dare l\u2019amore e la gioia di Ges\u00f9 a tutti quelli che incontrate\u201d. Che questo augurio non sia soltanto un buon proposito, ma possa davvero trasformarsi in una modalit\u00e0 di vivere, in una opzione fondamentale per ognuno di noi.<\/p>\n<\/div>\n<div>\n<p class=\"Corpo\" style=\"text-align: right\">Filippo Zanetti<\/p>\n<\/div>\n","protected":false},"excerpt":{"rendered":"<p>Luned\u00ec 12 settembre, mentre il sole sorge e Trento inizia a svegliarsi, in Seminario si incominciano a sentire porte che si aprono, passi decisi che si avviano in cucina per preparare un buon caff\u00e8, voci<\/p>\n","protected":false},"author":172,"featured_media":661,"comment_status":"closed","ping_status":"closed","sticky":false,"template":"","format":"standard","meta":{"footnotes":""},"categories":[176],"tags":[],"class_list":["post-664","post","type-post","status-publish","format-standard","has-post-thumbnail","hentry","category-notizie"],"acf":{"seed-localization-paese-cod":"IT","seed-localization-address":"","seed-localization-citta":"Trento","seed-localization-regione-cod-istat":"04","seed-localization-citta-cod-istat":"022205","seed-localization-localita":"","seed-localization-cap":"","seed-localization-marker-visibility":false,"seed-localization-children-visibility":false,"seed-localization-kml":"","seed-localization-custom-marker":""},"yoast_head":"<!-- This site is optimized with the Yoast SEO Premium plugin v20.2.1 (Yoast SEO v22.2) - https:\/\/yoast.com\/wordpress\/plugins\/seo\/ -->\n<title>Nella Roma del servizio - Seminario Maggiore Arcivescovile<\/title>\n<meta name=\"robots\" content=\"index, follow, max-snippet:-1, max-image-preview:large, max-video-preview:-1\" \/>\n<link rel=\"canonical\" href=\"https:\/\/www.diocesitn.it\/seminario\/2022\/12\/08\/nella-roma-del-servizio\/\" \/>\n<meta property=\"og:locale\" content=\"it_IT\" \/>\n<meta property=\"og:type\" content=\"article\" \/>\n<meta property=\"og:title\" content=\"Nella Roma del servizio\" \/>\n<meta property=\"og:description\" content=\"Luned\u00ec 12 settembre, mentre il sole sorge e Trento inizia a svegliarsi, in Seminario si incominciano a sentire porte che si aprono, passi decisi che si avviano in cucina per preparare un buon caff\u00e8, voci\" \/>\n<meta property=\"og:url\" content=\"https:\/\/www.diocesitn.it\/seminario\/2022\/12\/08\/nella-roma-del-servizio\/\" \/>\n<meta property=\"og:site_name\" content=\"Seminario Maggiore Arcivescovile\" \/>\n<meta property=\"article:publisher\" content=\"https:\/\/www.facebook.com\/seminariotrento\/\" \/>\n<meta property=\"article:published_time\" content=\"2022-12-08T11:00:33+00:00\" \/>\n<meta property=\"article:modified_time\" content=\"2022-12-05T10:33:59+00:00\" \/>\n<meta property=\"og:image\" content=\"https:\/\/www.diocesitn.it\/seminario\/wp-content\/uploads\/sites\/41\/2022\/12\/Campeggio-dinizio-anno-scaled.jpg\" \/>\n\t<meta property=\"og:image:width\" content=\"1916\" \/>\n\t<meta property=\"og:image:height\" content=\"2560\" \/>\n\t<meta property=\"og:image:type\" content=\"image\/jpeg\" \/>\n<meta name=\"author\" content=\"seminaristitrento\" \/>\n<meta name=\"twitter:card\" content=\"summary_large_image\" \/>\n<meta name=\"twitter:label1\" content=\"Scritto da\" \/>\n\t<meta name=\"twitter:data1\" content=\"seminaristitrento\" \/>\n\t<meta name=\"twitter:label2\" content=\"Tempo di lettura stimato\" \/>\n\t<meta name=\"twitter:data2\" content=\"3 minuti\" \/>\n<script type=\"application\/ld+json\" class=\"yoast-schema-graph\">{\"@context\":\"https:\/\/schema.org\",\"@graph\":[{\"@type\":\"WebPage\",\"@id\":\"https:\/\/www.diocesitn.it\/seminario\/2022\/12\/08\/nella-roma-del-servizio\/\",\"url\":\"https:\/\/www.diocesitn.it\/seminario\/2022\/12\/08\/nella-roma-del-servizio\/\",\"name\":\"Nella Roma del servizio - Seminario Maggiore Arcivescovile\",\"isPartOf\":{\"@id\":\"https:\/\/www.diocesitn.it\/seminario\/#website\"},\"primaryImageOfPage\":{\"@id\":\"https:\/\/www.diocesitn.it\/seminario\/2022\/12\/08\/nella-roma-del-servizio\/#primaryimage\"},\"image\":{\"@id\":\"https:\/\/www.diocesitn.it\/seminario\/2022\/12\/08\/nella-roma-del-servizio\/#primaryimage\"},\"thumbnailUrl\":\"https:\/\/www.diocesitn.it\/seminario\/wp-content\/uploads\/sites\/41\/2022\/12\/Campeggio-dinizio-anno-scaled.jpg\",\"datePublished\":\"2022-12-08T11:00:33+00:00\",\"dateModified\":\"2022-12-05T10:33:59+00:00\",\"author\":{\"@id\":\"https:\/\/www.diocesitn.it\/seminario\/#\/schema\/person\/fe751b4cf044b25d6ad3f1991d9b6d54\"},\"breadcrumb\":{\"@id\":\"https:\/\/www.diocesitn.it\/seminario\/2022\/12\/08\/nella-roma-del-servizio\/#breadcrumb\"},\"inLanguage\":\"it-IT\",\"potentialAction\":[{\"@type\":\"ReadAction\",\"target\":[\"https:\/\/www.diocesitn.it\/seminario\/2022\/12\/08\/nella-roma-del-servizio\/\"]}]},{\"@type\":\"ImageObject\",\"inLanguage\":\"it-IT\",\"@id\":\"https:\/\/www.diocesitn.it\/seminario\/2022\/12\/08\/nella-roma-del-servizio\/#primaryimage\",\"url\":\"https:\/\/www.diocesitn.it\/seminario\/wp-content\/uploads\/sites\/41\/2022\/12\/Campeggio-dinizio-anno-scaled.jpg\",\"contentUrl\":\"https:\/\/www.diocesitn.it\/seminario\/wp-content\/uploads\/sites\/41\/2022\/12\/Campeggio-dinizio-anno-scaled.jpg\",\"width\":1916,\"height\":2560},{\"@type\":\"BreadcrumbList\",\"@id\":\"https:\/\/www.diocesitn.it\/seminario\/2022\/12\/08\/nella-roma-del-servizio\/#breadcrumb\",\"itemListElement\":[{\"@type\":\"ListItem\",\"position\":1,\"name\":\"Home\",\"item\":\"https:\/\/www.diocesitn.it\/seminario\/\"},{\"@type\":\"ListItem\",\"position\":2,\"name\":\"Nella Roma del servizio\"}]},{\"@type\":\"WebSite\",\"@id\":\"https:\/\/www.diocesitn.it\/seminario\/#website\",\"url\":\"https:\/\/www.diocesitn.it\/seminario\/\",\"name\":\"Seminario Maggiore Arcivescovile\",\"description\":\"Chiesa di Trento\",\"potentialAction\":[{\"@type\":\"SearchAction\",\"target\":{\"@type\":\"EntryPoint\",\"urlTemplate\":\"https:\/\/www.diocesitn.it\/seminario\/?s={search_term_string}\"},\"query-input\":\"required name=search_term_string\"}],\"inLanguage\":\"it-IT\"},{\"@type\":\"ImageObject\",\"inLanguage\":\"it-IT\",\"@id\":\"https:\/\/www.diocesitn.it\/seminario\/2022\/12\/08\/nella-roma-del-servizio\/#local-main-organization-logo\",\"url\":\"\",\"contentUrl\":\"\",\"caption\":\"Seminario Maggiore Arcivescovile - Chiesa di Trento\"}]}<\/script>\n<!-- \/ Yoast SEO Premium plugin. -->","yoast_head_json":{"title":"Nella Roma del servizio - Seminario Maggiore Arcivescovile","robots":{"index":"index","follow":"follow","max-snippet":"max-snippet:-1","max-image-preview":"max-image-preview:large","max-video-preview":"max-video-preview:-1"},"canonical":"https:\/\/www.diocesitn.it\/seminario\/2022\/12\/08\/nella-roma-del-servizio\/","og_locale":"it_IT","og_type":"article","og_title":"Nella Roma del servizio","og_description":"Luned\u00ec 12 settembre, mentre il sole sorge e Trento inizia a svegliarsi, in Seminario si incominciano a sentire porte che si aprono, passi decisi che si avviano in cucina per preparare un buon caff\u00e8, voci","og_url":"https:\/\/www.diocesitn.it\/seminario\/2022\/12\/08\/nella-roma-del-servizio\/","og_site_name":"Seminario Maggiore Arcivescovile","article_publisher":"https:\/\/www.facebook.com\/seminariotrento\/","article_published_time":"2022-12-08T11:00:33+00:00","article_modified_time":"2022-12-05T10:33:59+00:00","og_image":[{"width":1916,"height":2560,"url":"https:\/\/www.diocesitn.it\/seminario\/wp-content\/uploads\/sites\/41\/2022\/12\/Campeggio-dinizio-anno-scaled.jpg","type":"image\/jpeg"}],"author":"seminaristitrento","twitter_card":"summary_large_image","twitter_misc":{"Scritto da":"seminaristitrento","Tempo di lettura stimato":"3 minuti"},"schema":{"@context":"https:\/\/schema.org","@graph":[{"@type":"WebPage","@id":"https:\/\/www.diocesitn.it\/seminario\/2022\/12\/08\/nella-roma-del-servizio\/","url":"https:\/\/www.diocesitn.it\/seminario\/2022\/12\/08\/nella-roma-del-servizio\/","name":"Nella Roma del servizio - Seminario Maggiore Arcivescovile","isPartOf":{"@id":"https:\/\/www.diocesitn.it\/seminario\/#website"},"primaryImageOfPage":{"@id":"https:\/\/www.diocesitn.it\/seminario\/2022\/12\/08\/nella-roma-del-servizio\/#primaryimage"},"image":{"@id":"https:\/\/www.diocesitn.it\/seminario\/2022\/12\/08\/nella-roma-del-servizio\/#primaryimage"},"thumbnailUrl":"https:\/\/www.diocesitn.it\/seminario\/wp-content\/uploads\/sites\/41\/2022\/12\/Campeggio-dinizio-anno-scaled.jpg","datePublished":"2022-12-08T11:00:33+00:00","dateModified":"2022-12-05T10:33:59+00:00","author":{"@id":"https:\/\/www.diocesitn.it\/seminario\/#\/schema\/person\/fe751b4cf044b25d6ad3f1991d9b6d54"},"breadcrumb":{"@id":"https:\/\/www.diocesitn.it\/seminario\/2022\/12\/08\/nella-roma-del-servizio\/#breadcrumb"},"inLanguage":"it-IT","potentialAction":[{"@type":"ReadAction","target":["https:\/\/www.diocesitn.it\/seminario\/2022\/12\/08\/nella-roma-del-servizio\/"]}]},{"@type":"ImageObject","inLanguage":"it-IT","@id":"https:\/\/www.diocesitn.it\/seminario\/2022\/12\/08\/nella-roma-del-servizio\/#primaryimage","url":"https:\/\/www.diocesitn.it\/seminario\/wp-content\/uploads\/sites\/41\/2022\/12\/Campeggio-dinizio-anno-scaled.jpg","contentUrl":"https:\/\/www.diocesitn.it\/seminario\/wp-content\/uploads\/sites\/41\/2022\/12\/Campeggio-dinizio-anno-scaled.jpg","width":1916,"height":2560},{"@type":"BreadcrumbList","@id":"https:\/\/www.diocesitn.it\/seminario\/2022\/12\/08\/nella-roma-del-servizio\/#breadcrumb","itemListElement":[{"@type":"ListItem","position":1,"name":"Home","item":"https:\/\/www.diocesitn.it\/seminario\/"},{"@type":"ListItem","position":2,"name":"Nella Roma del servizio"}]},{"@type":"WebSite","@id":"https:\/\/www.diocesitn.it\/seminario\/#website","url":"https:\/\/www.diocesitn.it\/seminario\/","name":"Seminario Maggiore Arcivescovile","description":"Chiesa di Trento","potentialAction":[{"@type":"SearchAction","target":{"@type":"EntryPoint","urlTemplate":"https:\/\/www.diocesitn.it\/seminario\/?s={search_term_string}"},"query-input":"required name=search_term_string"}],"inLanguage":"it-IT"},{"@type":"ImageObject","inLanguage":"it-IT","@id":"https:\/\/www.diocesitn.it\/seminario\/2022\/12\/08\/nella-roma-del-servizio\/#local-main-organization-logo","url":"","contentUrl":"","caption":"Seminario Maggiore Arcivescovile - Chiesa di Trento"}]}},"_links":{"self":[{"href":"https:\/\/www.diocesitn.it\/seminario\/wp-json\/wp\/v2\/posts\/664","targetHints":{"allow":["GET"]}}],"collection":[{"href":"https:\/\/www.diocesitn.it\/seminario\/wp-json\/wp\/v2\/posts"}],"about":[{"href":"https:\/\/www.diocesitn.it\/seminario\/wp-json\/wp\/v2\/types\/post"}],"author":[{"embeddable":true,"href":"https:\/\/www.diocesitn.it\/seminario\/wp-json\/wp\/v2\/users\/172"}],"replies":[{"embeddable":true,"href":"https:\/\/www.diocesitn.it\/seminario\/wp-json\/wp\/v2\/comments?post=664"}],"version-history":[{"count":2,"href":"https:\/\/www.diocesitn.it\/seminario\/wp-json\/wp\/v2\/posts\/664\/revisions"}],"predecessor-version":[{"id":666,"href":"https:\/\/www.diocesitn.it\/seminario\/wp-json\/wp\/v2\/posts\/664\/revisions\/666"}],"wp:featuredmedia":[{"embeddable":true,"href":"https:\/\/www.diocesitn.it\/seminario\/wp-json\/wp\/v2\/media\/661"}],"wp:attachment":[{"href":"https:\/\/www.diocesitn.it\/seminario\/wp-json\/wp\/v2\/media?parent=664"}],"wp:term":[{"taxonomy":"category","embeddable":true,"href":"https:\/\/www.diocesitn.it\/seminario\/wp-json\/wp\/v2\/categories?post=664"},{"taxonomy":"post_tag","embeddable":true,"href":"https:\/\/www.diocesitn.it\/seminario\/wp-json\/wp\/v2\/tags?post=664"}],"curies":[{"name":"wp","href":"https:\/\/api.w.org\/{rel}","templated":true}]}}