{"id":662,"date":"2022-12-01T12:00:05","date_gmt":"2022-12-01T11:00:05","guid":{"rendered":"https:\/\/www.diocesitn.it\/seminario\/?p=662"},"modified":"2022-12-05T11:39:21","modified_gmt":"2022-12-05T10:39:21","slug":"al-congresso-eucaristico-con-il-gusto-del-pane","status":"publish","type":"post","link":"https:\/\/www.diocesitn.it\/seminario\/2022\/12\/01\/al-congresso-eucaristico-con-il-gusto-del-pane\/","title":{"rendered":"Al Congresso Eucaristico con il gusto del pane"},"content":{"rendered":"<p>Se non sei mai stato a Matera e qualcuno ti invita ad andarci, la riposta non pu\u00f2 che essere: pronti via, partiamo! Se poi sai che condividerai il viaggio con altri giovani della Diocesi non ci sono motivi per dire \u201cno\u201d. Tutto sommato erano queste le ragioni che mi avevano convinto a partecipare al Congresso Eucaristico, prima ancora di avere ben chiaro che cosa fosse e il ruolo che avrei giocato in quel contesto. Ora che per\u00f2 lo ho capito, e prima di proseguire, provo a spiegarvelo brevemente.<\/p>\n<p>Un Congresso Eucaristico \u00e8 una manifestazione pubblica che raduna le Chiese di una regione, di una nazione o del mondo intero per promuovere la devozione, il culto e la conoscenza dell\u2019Eucarestia. Nel concreto, i giorni dell\u2019evento si dividono tra celebrazioni eucaristiche, momenti di preghiera e adorazione, processioni, catechesi e conferenze, ma anche (e questa \u00e8 la parte pi\u00f9 \u201cmondana\u201d) momenti conviviali, nei quali si condividono in fraternit\u00e0 i pasti \u2013 \u201cmistica\u201d s\u00ec, ma anche \u201cmastica\u201d! Quello di settembre \u00e8 stato il XXVII Congresso Nazionale (riguardante, cio\u00e8, le Chiese di tutta Italia), dal titolo \u201cTorniamo al gusto del pane. Per una Chiesa eucaristica e sinodale\u201d.<\/p>\n<p>Matera \u2013 la citt\u00e0 che quest\u2019anno ha ospitato l\u2019evento \u2013 conserva in s\u00e9 un rapporto preziosissimo, rinsaldato nel corso dei secoli, con la preparazione del pane. Anticamente, infatti, nella seconda parte dell\u2019impasto si evidenziava la sua connessione con Cristo: arrotolando la pasta per due volte si diceva: \u201cGes\u00f9 Cristo vero Dio e vero uomo\u201d. L\u2019impasto veniva poi fatto lievitare nel giaciglio caldo dove aveva dormito il marito, luogo sacro, luogo dell\u2019amore e di nascita di vita nuova. La formula che la donna utilizzava era: \u201cCresci pane, cresci bene come Ges\u00f9 crebbe nelle fasce\u201d. Nel pane di Matera \u00e8 racchiusa anche la teologia trinitaria, espressa in forma popolare: una volta lievitato, il pane era pi\u00f9 volte intaccato di tre segni, che indicavano la Trinit\u00e0, ed era avvolto da un lato per tre volte, fino a diventare un\u2019unica massa; ogni fetta di pane, quindi, ha la forma di un cuore, il cuore di Dio che ci nutre e ci rende partecipi delle nozze dell\u2019Agnello.<\/p>\n<p>Voglio condividere con voi alcune brevi impressioni su quanto ho vissuto a Matera dal 22 al 25 settembre. La prima \u00e8 che, essendo uno degli ottocento delegati provenienti da tutte le Diocesi italiane, mi sono sentito parte viva e attiva della Chiesa, che va oltre i confini della nostra Diocesi, e che allo stesso tempo desidera mettersi in ascolto della realt\u00e0 in cui \u00e8 radicata, delle difficolt\u00e0 e delle sfide che la abitano, ma che vuole anche lasciarsi continuamente ispirare dallo Spirito. \u201cTornare al gusto del pane\u201d, cio\u00e8 della condivisione, dell\u2019essenzialit\u00e0, \u00e8 una sfida che riguarda tutti, e quanto \u00e8 bello non riscoprirsi da soli lungo il cammino \u2013 rispettando e valorizzando le modalit\u00e0 e le inclinazioni che ogni regione italiana sa fare propri. Un altro aspetto, non meno importante, \u00e8 stato il clima sincero e allegro di amicizia che abbiamo vissuto come delegazione trentina, seppur le realt\u00e0 di provenienza fossero diverse: sono convinto che le relazioni nelle quali si sperimenta con limpidezza e franchezza la presenza di Ges\u00f9 tra noi acquistino un gusto davvero autentico. Infine, sento di provare tanta riconoscenza nei confronti di chi ci ha accolto, e che ha voluto che ciascuno di noi potesse sentirsi non \u201cturista di passaggio\u201d ma vero e proprio amico e ospite. Evviva la Chiesa, evviva Ges\u00f9!<\/p>\n<p style=\"text-align: right\">Federico Mattivi<\/p>\n","protected":false},"excerpt":{"rendered":"<p>Se non sei mai stato a Matera e qualcuno ti invita ad andarci, la riposta non pu\u00f2 che essere: pronti via, partiamo! Se poi sai che condividerai il viaggio con altri giovani della Diocesi non<\/p>\n","protected":false},"author":172,"featured_media":660,"comment_status":"closed","ping_status":"closed","sticky":false,"template":"","format":"standard","meta":{"footnotes":""},"categories":[176],"tags":[],"class_list":["post-662","post","type-post","status-publish","format-standard","has-post-thumbnail","hentry","category-notizie"],"acf":{"seed-localization-paese-cod":"IT","seed-localization-address":"","seed-localization-citta":"Trento","seed-localization-regione-cod-istat":"04","seed-localization-citta-cod-istat":"022205","seed-localization-localita":"","seed-localization-cap":"","seed-localization-marker-visibility":false,"seed-localization-children-visibility":false,"seed-localization-kml":"","seed-localization-custom-marker":""},"yoast_head":"<!-- This site is optimized with the Yoast SEO Premium plugin v20.2.1 (Yoast SEO v22.2) - https:\/\/yoast.com\/wordpress\/plugins\/seo\/ -->\n<title>Al Congresso Eucaristico con il gusto del pane - Seminario Maggiore Arcivescovile<\/title>\n<meta name=\"robots\" content=\"index, follow, max-snippet:-1, max-image-preview:large, max-video-preview:-1\" \/>\n<link rel=\"canonical\" href=\"https:\/\/www.diocesitn.it\/seminario\/2022\/12\/01\/al-congresso-eucaristico-con-il-gusto-del-pane\/\" \/>\n<meta property=\"og:locale\" content=\"it_IT\" \/>\n<meta property=\"og:type\" content=\"article\" \/>\n<meta property=\"og:title\" content=\"Al Congresso Eucaristico con il gusto del pane\" \/>\n<meta property=\"og:description\" content=\"Se non sei mai stato a Matera e qualcuno ti invita ad andarci, la riposta non pu\u00f2 che essere: pronti via, partiamo! Se poi sai che condividerai il viaggio con altri giovani della Diocesi non\" \/>\n<meta property=\"og:url\" content=\"https:\/\/www.diocesitn.it\/seminario\/2022\/12\/01\/al-congresso-eucaristico-con-il-gusto-del-pane\/\" \/>\n<meta property=\"og:site_name\" content=\"Seminario Maggiore Arcivescovile\" \/>\n<meta property=\"article:publisher\" content=\"https:\/\/www.facebook.com\/seminariotrento\/\" \/>\n<meta property=\"article:published_time\" content=\"2022-12-01T11:00:05+00:00\" \/>\n<meta property=\"article:modified_time\" content=\"2022-12-05T10:39:21+00:00\" \/>\n<meta property=\"og:image\" content=\"https:\/\/www.diocesitn.it\/seminario\/wp-content\/uploads\/sites\/41\/2022\/12\/Foto-Matera-Congresso-2022-scaled.jpg\" \/>\n\t<meta property=\"og:image:width\" content=\"1920\" \/>\n\t<meta property=\"og:image:height\" content=\"2560\" \/>\n\t<meta property=\"og:image:type\" content=\"image\/jpeg\" \/>\n<meta name=\"author\" content=\"seminaristitrento\" \/>\n<meta name=\"twitter:card\" content=\"summary_large_image\" \/>\n<meta name=\"twitter:label1\" content=\"Scritto da\" \/>\n\t<meta name=\"twitter:data1\" content=\"seminaristitrento\" \/>\n\t<meta name=\"twitter:label2\" content=\"Tempo di lettura stimato\" \/>\n\t<meta name=\"twitter:data2\" content=\"4 minuti\" \/>\n<script type=\"application\/ld+json\" class=\"yoast-schema-graph\">{\"@context\":\"https:\/\/schema.org\",\"@graph\":[{\"@type\":\"WebPage\",\"@id\":\"https:\/\/www.diocesitn.it\/seminario\/2022\/12\/01\/al-congresso-eucaristico-con-il-gusto-del-pane\/\",\"url\":\"https:\/\/www.diocesitn.it\/seminario\/2022\/12\/01\/al-congresso-eucaristico-con-il-gusto-del-pane\/\",\"name\":\"Al Congresso Eucaristico con il gusto del pane - Seminario Maggiore Arcivescovile\",\"isPartOf\":{\"@id\":\"https:\/\/www.diocesitn.it\/seminario\/#website\"},\"primaryImageOfPage\":{\"@id\":\"https:\/\/www.diocesitn.it\/seminario\/2022\/12\/01\/al-congresso-eucaristico-con-il-gusto-del-pane\/#primaryimage\"},\"image\":{\"@id\":\"https:\/\/www.diocesitn.it\/seminario\/2022\/12\/01\/al-congresso-eucaristico-con-il-gusto-del-pane\/#primaryimage\"},\"thumbnailUrl\":\"https:\/\/www.diocesitn.it\/seminario\/wp-content\/uploads\/sites\/41\/2022\/12\/Foto-Matera-Congresso-2022-scaled.jpg\",\"datePublished\":\"2022-12-01T11:00:05+00:00\",\"dateModified\":\"2022-12-05T10:39:21+00:00\",\"author\":{\"@id\":\"https:\/\/www.diocesitn.it\/seminario\/#\/schema\/person\/fe751b4cf044b25d6ad3f1991d9b6d54\"},\"breadcrumb\":{\"@id\":\"https:\/\/www.diocesitn.it\/seminario\/2022\/12\/01\/al-congresso-eucaristico-con-il-gusto-del-pane\/#breadcrumb\"},\"inLanguage\":\"it-IT\",\"potentialAction\":[{\"@type\":\"ReadAction\",\"target\":[\"https:\/\/www.diocesitn.it\/seminario\/2022\/12\/01\/al-congresso-eucaristico-con-il-gusto-del-pane\/\"]}]},{\"@type\":\"ImageObject\",\"inLanguage\":\"it-IT\",\"@id\":\"https:\/\/www.diocesitn.it\/seminario\/2022\/12\/01\/al-congresso-eucaristico-con-il-gusto-del-pane\/#primaryimage\",\"url\":\"https:\/\/www.diocesitn.it\/seminario\/wp-content\/uploads\/sites\/41\/2022\/12\/Foto-Matera-Congresso-2022-scaled.jpg\",\"contentUrl\":\"https:\/\/www.diocesitn.it\/seminario\/wp-content\/uploads\/sites\/41\/2022\/12\/Foto-Matera-Congresso-2022-scaled.jpg\",\"width\":1920,\"height\":2560},{\"@type\":\"BreadcrumbList\",\"@id\":\"https:\/\/www.diocesitn.it\/seminario\/2022\/12\/01\/al-congresso-eucaristico-con-il-gusto-del-pane\/#breadcrumb\",\"itemListElement\":[{\"@type\":\"ListItem\",\"position\":1,\"name\":\"Home\",\"item\":\"https:\/\/www.diocesitn.it\/seminario\/\"},{\"@type\":\"ListItem\",\"position\":2,\"name\":\"Al Congresso Eucaristico con il gusto del pane\"}]},{\"@type\":\"WebSite\",\"@id\":\"https:\/\/www.diocesitn.it\/seminario\/#website\",\"url\":\"https:\/\/www.diocesitn.it\/seminario\/\",\"name\":\"Seminario Maggiore Arcivescovile\",\"description\":\"Chiesa di Trento\",\"potentialAction\":[{\"@type\":\"SearchAction\",\"target\":{\"@type\":\"EntryPoint\",\"urlTemplate\":\"https:\/\/www.diocesitn.it\/seminario\/?s={search_term_string}\"},\"query-input\":\"required name=search_term_string\"}],\"inLanguage\":\"it-IT\"},{\"@type\":\"ImageObject\",\"inLanguage\":\"it-IT\",\"@id\":\"https:\/\/www.diocesitn.it\/seminario\/2022\/12\/01\/al-congresso-eucaristico-con-il-gusto-del-pane\/#local-main-organization-logo\",\"url\":\"\",\"contentUrl\":\"\",\"caption\":\"Seminario Maggiore Arcivescovile - Chiesa di Trento\"}]}<\/script>\n<!-- \/ Yoast SEO Premium plugin. -->","yoast_head_json":{"title":"Al Congresso Eucaristico con il gusto del pane - Seminario Maggiore Arcivescovile","robots":{"index":"index","follow":"follow","max-snippet":"max-snippet:-1","max-image-preview":"max-image-preview:large","max-video-preview":"max-video-preview:-1"},"canonical":"https:\/\/www.diocesitn.it\/seminario\/2022\/12\/01\/al-congresso-eucaristico-con-il-gusto-del-pane\/","og_locale":"it_IT","og_type":"article","og_title":"Al Congresso Eucaristico con il gusto del pane","og_description":"Se non sei mai stato a Matera e qualcuno ti invita ad andarci, la riposta non pu\u00f2 che essere: pronti via, partiamo! Se poi sai che condividerai il viaggio con altri giovani della Diocesi non","og_url":"https:\/\/www.diocesitn.it\/seminario\/2022\/12\/01\/al-congresso-eucaristico-con-il-gusto-del-pane\/","og_site_name":"Seminario Maggiore Arcivescovile","article_publisher":"https:\/\/www.facebook.com\/seminariotrento\/","article_published_time":"2022-12-01T11:00:05+00:00","article_modified_time":"2022-12-05T10:39:21+00:00","og_image":[{"width":1920,"height":2560,"url":"https:\/\/www.diocesitn.it\/seminario\/wp-content\/uploads\/sites\/41\/2022\/12\/Foto-Matera-Congresso-2022-scaled.jpg","type":"image\/jpeg"}],"author":"seminaristitrento","twitter_card":"summary_large_image","twitter_misc":{"Scritto da":"seminaristitrento","Tempo di lettura stimato":"4 minuti"},"schema":{"@context":"https:\/\/schema.org","@graph":[{"@type":"WebPage","@id":"https:\/\/www.diocesitn.it\/seminario\/2022\/12\/01\/al-congresso-eucaristico-con-il-gusto-del-pane\/","url":"https:\/\/www.diocesitn.it\/seminario\/2022\/12\/01\/al-congresso-eucaristico-con-il-gusto-del-pane\/","name":"Al Congresso Eucaristico con il gusto del pane - Seminario Maggiore Arcivescovile","isPartOf":{"@id":"https:\/\/www.diocesitn.it\/seminario\/#website"},"primaryImageOfPage":{"@id":"https:\/\/www.diocesitn.it\/seminario\/2022\/12\/01\/al-congresso-eucaristico-con-il-gusto-del-pane\/#primaryimage"},"image":{"@id":"https:\/\/www.diocesitn.it\/seminario\/2022\/12\/01\/al-congresso-eucaristico-con-il-gusto-del-pane\/#primaryimage"},"thumbnailUrl":"https:\/\/www.diocesitn.it\/seminario\/wp-content\/uploads\/sites\/41\/2022\/12\/Foto-Matera-Congresso-2022-scaled.jpg","datePublished":"2022-12-01T11:00:05+00:00","dateModified":"2022-12-05T10:39:21+00:00","author":{"@id":"https:\/\/www.diocesitn.it\/seminario\/#\/schema\/person\/fe751b4cf044b25d6ad3f1991d9b6d54"},"breadcrumb":{"@id":"https:\/\/www.diocesitn.it\/seminario\/2022\/12\/01\/al-congresso-eucaristico-con-il-gusto-del-pane\/#breadcrumb"},"inLanguage":"it-IT","potentialAction":[{"@type":"ReadAction","target":["https:\/\/www.diocesitn.it\/seminario\/2022\/12\/01\/al-congresso-eucaristico-con-il-gusto-del-pane\/"]}]},{"@type":"ImageObject","inLanguage":"it-IT","@id":"https:\/\/www.diocesitn.it\/seminario\/2022\/12\/01\/al-congresso-eucaristico-con-il-gusto-del-pane\/#primaryimage","url":"https:\/\/www.diocesitn.it\/seminario\/wp-content\/uploads\/sites\/41\/2022\/12\/Foto-Matera-Congresso-2022-scaled.jpg","contentUrl":"https:\/\/www.diocesitn.it\/seminario\/wp-content\/uploads\/sites\/41\/2022\/12\/Foto-Matera-Congresso-2022-scaled.jpg","width":1920,"height":2560},{"@type":"BreadcrumbList","@id":"https:\/\/www.diocesitn.it\/seminario\/2022\/12\/01\/al-congresso-eucaristico-con-il-gusto-del-pane\/#breadcrumb","itemListElement":[{"@type":"ListItem","position":1,"name":"Home","item":"https:\/\/www.diocesitn.it\/seminario\/"},{"@type":"ListItem","position":2,"name":"Al Congresso Eucaristico con il gusto del pane"}]},{"@type":"WebSite","@id":"https:\/\/www.diocesitn.it\/seminario\/#website","url":"https:\/\/www.diocesitn.it\/seminario\/","name":"Seminario Maggiore Arcivescovile","description":"Chiesa di Trento","potentialAction":[{"@type":"SearchAction","target":{"@type":"EntryPoint","urlTemplate":"https:\/\/www.diocesitn.it\/seminario\/?s={search_term_string}"},"query-input":"required name=search_term_string"}],"inLanguage":"it-IT"},{"@type":"ImageObject","inLanguage":"it-IT","@id":"https:\/\/www.diocesitn.it\/seminario\/2022\/12\/01\/al-congresso-eucaristico-con-il-gusto-del-pane\/#local-main-organization-logo","url":"","contentUrl":"","caption":"Seminario Maggiore Arcivescovile - Chiesa di Trento"}]}},"_links":{"self":[{"href":"https:\/\/www.diocesitn.it\/seminario\/wp-json\/wp\/v2\/posts\/662","targetHints":{"allow":["GET"]}}],"collection":[{"href":"https:\/\/www.diocesitn.it\/seminario\/wp-json\/wp\/v2\/posts"}],"about":[{"href":"https:\/\/www.diocesitn.it\/seminario\/wp-json\/wp\/v2\/types\/post"}],"author":[{"embeddable":true,"href":"https:\/\/www.diocesitn.it\/seminario\/wp-json\/wp\/v2\/users\/172"}],"replies":[{"embeddable":true,"href":"https:\/\/www.diocesitn.it\/seminario\/wp-json\/wp\/v2\/comments?post=662"}],"version-history":[{"count":1,"href":"https:\/\/www.diocesitn.it\/seminario\/wp-json\/wp\/v2\/posts\/662\/revisions"}],"predecessor-version":[{"id":663,"href":"https:\/\/www.diocesitn.it\/seminario\/wp-json\/wp\/v2\/posts\/662\/revisions\/663"}],"wp:featuredmedia":[{"embeddable":true,"href":"https:\/\/www.diocesitn.it\/seminario\/wp-json\/wp\/v2\/media\/660"}],"wp:attachment":[{"href":"https:\/\/www.diocesitn.it\/seminario\/wp-json\/wp\/v2\/media?parent=662"}],"wp:term":[{"taxonomy":"category","embeddable":true,"href":"https:\/\/www.diocesitn.it\/seminario\/wp-json\/wp\/v2\/categories?post=662"},{"taxonomy":"post_tag","embeddable":true,"href":"https:\/\/www.diocesitn.it\/seminario\/wp-json\/wp\/v2\/tags?post=662"}],"curies":[{"name":"wp","href":"https:\/\/api.w.org\/{rel}","templated":true}]}}