{"id":585,"date":"2022-10-27T12:00:12","date_gmt":"2022-10-27T10:00:12","guid":{"rendered":"https:\/\/www.diocesitn.it\/seminario\/?p=585"},"modified":"2022-10-15T17:00:36","modified_gmt":"2022-10-15T15:00:36","slug":"con-la-chitarra-fra-gli-anziani-di-via-veneto","status":"publish","type":"post","link":"https:\/\/www.diocesitn.it\/seminario\/2022\/10\/27\/con-la-chitarra-fra-gli-anziani-di-via-veneto\/","title":{"rendered":"Con la chitarra fra gli anziani di via Veneto"},"content":{"rendered":"<p style=\"font-weight: 400\">La mia storia personale \u00e8 costellata da diverse figure che hanno contribuito a definire la mia identit\u00e0 e a dare senso al mio percorso di crescita. Tra queste ci sono, indubbiamente, i nonni. Stare con loro, entrare nel loro stile di vita, nel loro modo di esprimersi e di vedere il mondo mi ha aiutato molto, fin da piccolo, a trovarmi a mio agio anche con persone \u201cpi\u00f9 in l\u00e0\u201d con gli anni. Se dovessi pensare a quattro immagini che parlano dei miei nonni sceglierei: carte da briscola, naftalina negli armadi, immagini mariane di vario tipo e\u2026 gli immancabili soldi per il gelato. Ho fatto questa premessa per dire che, all\u2019inizio del quarto anno di seminario, \u00e8 nato dentro di me il desiderio di tornare a frequentare questa \u201ccategoria\u201d di persone, di farmi vicino a quegli anziani che, in maniera particolare, hanno sperimentato la fatica e il disorientamento per la lontananza dei familiari dalle case di riposo in tempo di pandemia. Come anche altri miei compagni hanno raccontato nei numeri precedenti, a partire da quest\u2019anno ci \u00e8 stata offerta la possibilit\u00e0 di dedicare alcune ore del venerd\u00ec pomeriggio in una realt\u00e0 caritativa della citt\u00e0. Ho avuto quindi la fortuna di iniziare una bella esperienza presso la Residenza Via Veneto, armato di chitarra, di voglia di incontrare, di \u201cstare\u201d, di fare compagnia e di ascoltare. Le mie attese e i miei desideri si sono concretizzati grazie alla presenza e al supporto delle animatrici della struttura, Valentina e Michelina: la prima parte del pomeriggio era dedicata al rapporto \u201ca tu per tu\u201d con chi non poteva ricevere le visite dei familiari o con chi faticava a vivere le attivit\u00e0 comunitarie, mentre la seconda parte era riservata alle dinamiche \u201cdi gruppo\u201d, dunque canzoni, giochi a squadre, letture, spazio per i racconti personali, lavoretti, bricolage, etc. Non posso raccontare tanti aneddoti perch\u00e9 sono \u201csegreti\u201d che riguardano me e i singoli ospiti, e, come tali, i segreti vanno mantenuti! La cosa certa \u00e8 che, nonostante la stanchezza accumulata durante la settimana, ogni volta che uscivo dalla RSA ero felice\u2026 s\u00ec, felice! Ho perso il conto dei \u201cgrazie\u201d ricevuti, dei \u201cche Dio ti benedica\u201d, dei sorrisi, delle strette di mano, delle risate, anche dei silenzi\/gemiti di chi non riusciva a parlare ma che ugualmente mi riconosceva e mi voleva salutare, delle storie condivise. Tante volte mi sono chiesto se anche Ges\u00f9, a Nazareth, avesse fatto esperienza di cosa volesse dire concretamente assistere un anziano: vestirlo, imboccarlo, aiutarlo nei movimenti, rispettare i suoi silenzi, le sue esigenze, il suo bisogno di riposare e di essere coccolato\u2026 assistere, cio\u00e8, per un tempo pi\u00f9 o meno prolungato, qualcuno che abbia perso la capacit\u00e0 di badare pienamente a se stesso. Forse con i suoi nonni? Con Giuseppe? Non ne ho la certezza. Penso, per\u00f2, che Ges\u00f9 sapeva guardare tutti, sia anziani che giovani, con la consapevolezza di avere davanti una persona, con la sua dignit\u00e0, la sua storia, i suoi errori e i suoi pentimenti. Questo pensiero mi ha spesso aiutato a relazionarmi con chi incontravo: anche se non lo conoscevo potevo poter\u00f2 usare il mio tempo per stargli vicino, l\u00ec dov\u2019era, nella sua condizione, per essergli \u2013 in caso di bisogno \u2013 di aiuto e sostegno. E proprio da quei momenti sono nate occasioni per ascoltare tante storie di vita, dai racconti dell\u2019amata infanzia, abitata da tante figure care, alle difficolt\u00e0 che si sperimentano da anziani, da malati, da persone sole, all\u2019opportunit\u00e0 di poter vivere finalmente \u201ccome se si fosse all\u2019albergo\u201d. Insomma, un\u2019esperienza in cui ho dato dieci e ho ricevuto cento\u2026 per la quale voglio dire un sentito \u201cgrazie\u201d a tutti coloro che hanno reso felici e arricchenti i miei venerd\u00ec pomeriggio!<\/p>\n<p style=\"font-weight: 400;text-align: right\">Federico Mattivi<\/p>\n","protected":false},"excerpt":{"rendered":"<p>La mia storia personale \u00e8 costellata da diverse figure che hanno contribuito a definire la mia identit\u00e0 e a dare senso al mio percorso di crescita. Tra queste ci sono, indubbiamente, i nonni. Stare con<\/p>\n","protected":false},"author":172,"featured_media":604,"comment_status":"closed","ping_status":"closed","sticky":false,"template":"","format":"standard","meta":{"footnotes":""},"categories":[176],"tags":[],"class_list":["post-585","post","type-post","status-publish","format-standard","has-post-thumbnail","hentry","category-notizie"],"acf":{"seed-localization-paese-cod":"IT","seed-localization-address":"","seed-localization-citta":"Trento","seed-localization-regione-cod-istat":"04","seed-localization-citta-cod-istat":"022205","seed-localization-localita":"","seed-localization-cap":"","seed-localization-marker-visibility":false,"seed-localization-children-visibility":false,"seed-localization-kml":"","seed-localization-custom-marker":""},"yoast_head":"<!-- This site is optimized with the Yoast SEO Premium plugin v20.2.1 (Yoast SEO v22.2) - https:\/\/yoast.com\/wordpress\/plugins\/seo\/ -->\n<title>Con la chitarra fra gli anziani di via Veneto - Seminario Maggiore Arcivescovile<\/title>\n<meta name=\"robots\" content=\"index, follow, max-snippet:-1, max-image-preview:large, max-video-preview:-1\" \/>\n<link rel=\"canonical\" href=\"https:\/\/www.diocesitn.it\/seminario\/2022\/10\/27\/con-la-chitarra-fra-gli-anziani-di-via-veneto\/\" \/>\n<meta property=\"og:locale\" content=\"it_IT\" \/>\n<meta property=\"og:type\" content=\"article\" \/>\n<meta property=\"og:title\" content=\"Con la chitarra fra gli anziani di via Veneto\" \/>\n<meta property=\"og:description\" content=\"La mia storia personale \u00e8 costellata da diverse figure che hanno contribuito a definire la mia identit\u00e0 e a dare senso al mio percorso di crescita. Tra queste ci sono, indubbiamente, i nonni. Stare con\" \/>\n<meta property=\"og:url\" content=\"https:\/\/www.diocesitn.it\/seminario\/2022\/10\/27\/con-la-chitarra-fra-gli-anziani-di-via-veneto\/\" \/>\n<meta property=\"og:site_name\" content=\"Seminario Maggiore Arcivescovile\" \/>\n<meta property=\"article:publisher\" content=\"https:\/\/www.facebook.com\/seminariotrento\/\" \/>\n<meta property=\"article:published_time\" content=\"2022-10-27T10:00:12+00:00\" \/>\n<meta property=\"article:modified_time\" content=\"2022-10-15T15:00:36+00:00\" \/>\n<meta property=\"og:image\" content=\"https:\/\/www.diocesitn.it\/seminario\/wp-content\/uploads\/sites\/41\/2022\/10\/pexels-matthias-zomer-339620.jpg\" \/>\n\t<meta property=\"og:image:width\" content=\"2560\" \/>\n\t<meta property=\"og:image:height\" content=\"1440\" \/>\n\t<meta property=\"og:image:type\" content=\"image\/jpeg\" \/>\n<meta name=\"author\" content=\"seminaristitrento\" \/>\n<meta name=\"twitter:card\" content=\"summary_large_image\" \/>\n<meta name=\"twitter:label1\" content=\"Scritto da\" \/>\n\t<meta name=\"twitter:data1\" content=\"seminaristitrento\" \/>\n\t<meta name=\"twitter:label2\" content=\"Tempo di lettura stimato\" \/>\n\t<meta name=\"twitter:data2\" content=\"4 minuti\" \/>\n<script type=\"application\/ld+json\" class=\"yoast-schema-graph\">{\"@context\":\"https:\/\/schema.org\",\"@graph\":[{\"@type\":\"WebPage\",\"@id\":\"https:\/\/www.diocesitn.it\/seminario\/2022\/10\/27\/con-la-chitarra-fra-gli-anziani-di-via-veneto\/\",\"url\":\"https:\/\/www.diocesitn.it\/seminario\/2022\/10\/27\/con-la-chitarra-fra-gli-anziani-di-via-veneto\/\",\"name\":\"Con la chitarra fra gli anziani di via Veneto - Seminario Maggiore Arcivescovile\",\"isPartOf\":{\"@id\":\"https:\/\/www.diocesitn.it\/seminario\/#website\"},\"primaryImageOfPage\":{\"@id\":\"https:\/\/www.diocesitn.it\/seminario\/2022\/10\/27\/con-la-chitarra-fra-gli-anziani-di-via-veneto\/#primaryimage\"},\"image\":{\"@id\":\"https:\/\/www.diocesitn.it\/seminario\/2022\/10\/27\/con-la-chitarra-fra-gli-anziani-di-via-veneto\/#primaryimage\"},\"thumbnailUrl\":\"https:\/\/www.diocesitn.it\/seminario\/wp-content\/uploads\/sites\/41\/2022\/10\/pexels-matthias-zomer-339620.jpg\",\"datePublished\":\"2022-10-27T10:00:12+00:00\",\"dateModified\":\"2022-10-15T15:00:36+00:00\",\"author\":{\"@id\":\"https:\/\/www.diocesitn.it\/seminario\/#\/schema\/person\/fe751b4cf044b25d6ad3f1991d9b6d54\"},\"breadcrumb\":{\"@id\":\"https:\/\/www.diocesitn.it\/seminario\/2022\/10\/27\/con-la-chitarra-fra-gli-anziani-di-via-veneto\/#breadcrumb\"},\"inLanguage\":\"it-IT\",\"potentialAction\":[{\"@type\":\"ReadAction\",\"target\":[\"https:\/\/www.diocesitn.it\/seminario\/2022\/10\/27\/con-la-chitarra-fra-gli-anziani-di-via-veneto\/\"]}]},{\"@type\":\"ImageObject\",\"inLanguage\":\"it-IT\",\"@id\":\"https:\/\/www.diocesitn.it\/seminario\/2022\/10\/27\/con-la-chitarra-fra-gli-anziani-di-via-veneto\/#primaryimage\",\"url\":\"https:\/\/www.diocesitn.it\/seminario\/wp-content\/uploads\/sites\/41\/2022\/10\/pexels-matthias-zomer-339620.jpg\",\"contentUrl\":\"https:\/\/www.diocesitn.it\/seminario\/wp-content\/uploads\/sites\/41\/2022\/10\/pexels-matthias-zomer-339620.jpg\",\"width\":2560,\"height\":1440},{\"@type\":\"BreadcrumbList\",\"@id\":\"https:\/\/www.diocesitn.it\/seminario\/2022\/10\/27\/con-la-chitarra-fra-gli-anziani-di-via-veneto\/#breadcrumb\",\"itemListElement\":[{\"@type\":\"ListItem\",\"position\":1,\"name\":\"Home\",\"item\":\"https:\/\/www.diocesitn.it\/seminario\/\"},{\"@type\":\"ListItem\",\"position\":2,\"name\":\"Con la chitarra fra gli anziani di via Veneto\"}]},{\"@type\":\"WebSite\",\"@id\":\"https:\/\/www.diocesitn.it\/seminario\/#website\",\"url\":\"https:\/\/www.diocesitn.it\/seminario\/\",\"name\":\"Seminario Maggiore Arcivescovile\",\"description\":\"Chiesa di Trento\",\"potentialAction\":[{\"@type\":\"SearchAction\",\"target\":{\"@type\":\"EntryPoint\",\"urlTemplate\":\"https:\/\/www.diocesitn.it\/seminario\/?s={search_term_string}\"},\"query-input\":\"required name=search_term_string\"}],\"inLanguage\":\"it-IT\"},{\"@type\":\"ImageObject\",\"inLanguage\":\"it-IT\",\"@id\":\"https:\/\/www.diocesitn.it\/seminario\/2022\/10\/27\/con-la-chitarra-fra-gli-anziani-di-via-veneto\/#local-main-organization-logo\",\"url\":\"\",\"contentUrl\":\"\",\"caption\":\"Seminario Maggiore Arcivescovile - Chiesa di Trento\"}]}<\/script>\n<!-- \/ Yoast SEO Premium plugin. -->","yoast_head_json":{"title":"Con la chitarra fra gli anziani di via Veneto - Seminario Maggiore Arcivescovile","robots":{"index":"index","follow":"follow","max-snippet":"max-snippet:-1","max-image-preview":"max-image-preview:large","max-video-preview":"max-video-preview:-1"},"canonical":"https:\/\/www.diocesitn.it\/seminario\/2022\/10\/27\/con-la-chitarra-fra-gli-anziani-di-via-veneto\/","og_locale":"it_IT","og_type":"article","og_title":"Con la chitarra fra gli anziani di via Veneto","og_description":"La mia storia personale \u00e8 costellata da diverse figure che hanno contribuito a definire la mia identit\u00e0 e a dare senso al mio percorso di crescita. Tra queste ci sono, indubbiamente, i nonni. Stare con","og_url":"https:\/\/www.diocesitn.it\/seminario\/2022\/10\/27\/con-la-chitarra-fra-gli-anziani-di-via-veneto\/","og_site_name":"Seminario Maggiore Arcivescovile","article_publisher":"https:\/\/www.facebook.com\/seminariotrento\/","article_published_time":"2022-10-27T10:00:12+00:00","article_modified_time":"2022-10-15T15:00:36+00:00","og_image":[{"width":2560,"height":1440,"url":"https:\/\/www.diocesitn.it\/seminario\/wp-content\/uploads\/sites\/41\/2022\/10\/pexels-matthias-zomer-339620.jpg","type":"image\/jpeg"}],"author":"seminaristitrento","twitter_card":"summary_large_image","twitter_misc":{"Scritto da":"seminaristitrento","Tempo di lettura stimato":"4 minuti"},"schema":{"@context":"https:\/\/schema.org","@graph":[{"@type":"WebPage","@id":"https:\/\/www.diocesitn.it\/seminario\/2022\/10\/27\/con-la-chitarra-fra-gli-anziani-di-via-veneto\/","url":"https:\/\/www.diocesitn.it\/seminario\/2022\/10\/27\/con-la-chitarra-fra-gli-anziani-di-via-veneto\/","name":"Con la chitarra fra gli anziani di via Veneto - Seminario Maggiore Arcivescovile","isPartOf":{"@id":"https:\/\/www.diocesitn.it\/seminario\/#website"},"primaryImageOfPage":{"@id":"https:\/\/www.diocesitn.it\/seminario\/2022\/10\/27\/con-la-chitarra-fra-gli-anziani-di-via-veneto\/#primaryimage"},"image":{"@id":"https:\/\/www.diocesitn.it\/seminario\/2022\/10\/27\/con-la-chitarra-fra-gli-anziani-di-via-veneto\/#primaryimage"},"thumbnailUrl":"https:\/\/www.diocesitn.it\/seminario\/wp-content\/uploads\/sites\/41\/2022\/10\/pexels-matthias-zomer-339620.jpg","datePublished":"2022-10-27T10:00:12+00:00","dateModified":"2022-10-15T15:00:36+00:00","author":{"@id":"https:\/\/www.diocesitn.it\/seminario\/#\/schema\/person\/fe751b4cf044b25d6ad3f1991d9b6d54"},"breadcrumb":{"@id":"https:\/\/www.diocesitn.it\/seminario\/2022\/10\/27\/con-la-chitarra-fra-gli-anziani-di-via-veneto\/#breadcrumb"},"inLanguage":"it-IT","potentialAction":[{"@type":"ReadAction","target":["https:\/\/www.diocesitn.it\/seminario\/2022\/10\/27\/con-la-chitarra-fra-gli-anziani-di-via-veneto\/"]}]},{"@type":"ImageObject","inLanguage":"it-IT","@id":"https:\/\/www.diocesitn.it\/seminario\/2022\/10\/27\/con-la-chitarra-fra-gli-anziani-di-via-veneto\/#primaryimage","url":"https:\/\/www.diocesitn.it\/seminario\/wp-content\/uploads\/sites\/41\/2022\/10\/pexels-matthias-zomer-339620.jpg","contentUrl":"https:\/\/www.diocesitn.it\/seminario\/wp-content\/uploads\/sites\/41\/2022\/10\/pexels-matthias-zomer-339620.jpg","width":2560,"height":1440},{"@type":"BreadcrumbList","@id":"https:\/\/www.diocesitn.it\/seminario\/2022\/10\/27\/con-la-chitarra-fra-gli-anziani-di-via-veneto\/#breadcrumb","itemListElement":[{"@type":"ListItem","position":1,"name":"Home","item":"https:\/\/www.diocesitn.it\/seminario\/"},{"@type":"ListItem","position":2,"name":"Con la chitarra fra gli anziani di via Veneto"}]},{"@type":"WebSite","@id":"https:\/\/www.diocesitn.it\/seminario\/#website","url":"https:\/\/www.diocesitn.it\/seminario\/","name":"Seminario Maggiore Arcivescovile","description":"Chiesa di Trento","potentialAction":[{"@type":"SearchAction","target":{"@type":"EntryPoint","urlTemplate":"https:\/\/www.diocesitn.it\/seminario\/?s={search_term_string}"},"query-input":"required name=search_term_string"}],"inLanguage":"it-IT"},{"@type":"ImageObject","inLanguage":"it-IT","@id":"https:\/\/www.diocesitn.it\/seminario\/2022\/10\/27\/con-la-chitarra-fra-gli-anziani-di-via-veneto\/#local-main-organization-logo","url":"","contentUrl":"","caption":"Seminario Maggiore Arcivescovile - Chiesa di Trento"}]}},"_links":{"self":[{"href":"https:\/\/www.diocesitn.it\/seminario\/wp-json\/wp\/v2\/posts\/585","targetHints":{"allow":["GET"]}}],"collection":[{"href":"https:\/\/www.diocesitn.it\/seminario\/wp-json\/wp\/v2\/posts"}],"about":[{"href":"https:\/\/www.diocesitn.it\/seminario\/wp-json\/wp\/v2\/types\/post"}],"author":[{"embeddable":true,"href":"https:\/\/www.diocesitn.it\/seminario\/wp-json\/wp\/v2\/users\/172"}],"replies":[{"embeddable":true,"href":"https:\/\/www.diocesitn.it\/seminario\/wp-json\/wp\/v2\/comments?post=585"}],"version-history":[{"count":1,"href":"https:\/\/www.diocesitn.it\/seminario\/wp-json\/wp\/v2\/posts\/585\/revisions"}],"predecessor-version":[{"id":586,"href":"https:\/\/www.diocesitn.it\/seminario\/wp-json\/wp\/v2\/posts\/585\/revisions\/586"}],"wp:featuredmedia":[{"embeddable":true,"href":"https:\/\/www.diocesitn.it\/seminario\/wp-json\/wp\/v2\/media\/604"}],"wp:attachment":[{"href":"https:\/\/www.diocesitn.it\/seminario\/wp-json\/wp\/v2\/media?parent=585"}],"wp:term":[{"taxonomy":"category","embeddable":true,"href":"https:\/\/www.diocesitn.it\/seminario\/wp-json\/wp\/v2\/categories?post=585"},{"taxonomy":"post_tag","embeddable":true,"href":"https:\/\/www.diocesitn.it\/seminario\/wp-json\/wp\/v2\/tags?post=585"}],"curies":[{"name":"wp","href":"https:\/\/api.w.org\/{rel}","templated":true}]}}