{"id":582,"date":"2022-10-20T12:00:21","date_gmt":"2022-10-20T10:00:21","guid":{"rendered":"https:\/\/www.diocesitn.it\/seminario\/?p=582"},"modified":"2022-10-15T14:39:47","modified_gmt":"2022-10-15T12:39:47","slug":"cosa-ho-imparato-in-monastero","status":"publish","type":"post","link":"https:\/\/www.diocesitn.it\/seminario\/2022\/10\/20\/cosa-ho-imparato-in-monastero\/","title":{"rendered":"Cosa ho imparato in monastero"},"content":{"rendered":"<div>\n<p class=\"Standard\"><span style=\"font-size: inherit\">Se in virt\u00f9 di fede o di intraprendenza o semplicemente per fare qualcosa di nuovo e di diverso dal solito doveste mai trovarvi a passare del tempo in un monastero come quello della \u201cPiccola Famiglia dell\u2019Annunziata\u201d a Monte Sole, in provincia e diocesi di Bologna, verrete a sapere molte cose nuove e curiose.<\/span><\/p>\n<\/div>\n<div>\n<p class=\"Standard\">Ho infatti imparato, in monastero, che il periodo che va dal 6 al 24 luglio \u00e8 un periodo azzeccato per andarci: \u00e8 fresco la mattina e il pomeriggio potrete godervi il caldo estivo.<\/p>\n<\/div>\n<div>\n<p class=\"Standard\">Ho poi imparato, in monastero, che esso sorge nel parco dedicato alla memoria delle stragi avvenute nel 1944 ad opera dei nazisti contro partigiani e civili.<\/p>\n<\/div>\n<div>\n<p class=\"Standard\">Ho imparato, in monastero, che questi eccidi furono una vera e propria carneficina di persone innocenti e indifese e che ora Dio serve ogni vittima lavando i loro piedi dal loro stesso sangue per farle partecipare al suo banchetto.<\/p>\n<\/div>\n<div>\n<p class=\"Standard\">Ho anche imparato, in monastero, che il perdono non \u00e8 cosa facile, ma necessaria, spesso pi\u00f9 alla vittima che al colpevole.<\/p>\n<\/div>\n<div>\n<p class=\"Standard\">Poi ho imparato, in monastero, che riscoprire la bellezza e l\u2019assoluto fascino della Parola di Dio e della sua Chiesa (temi molto cari al fondatore don Giuseppe Dossetti) \u00e8 qualcosa che dovremmo fare tutti noi cristiani, perch\u00e9 pu\u00f2 portare grandi gioie e consolazioni.<\/p>\n<\/div>\n<div>\n<p class=\"Standard\">Ho imparato, in monastero, che grazie alla Parola, specialmente ai Vangeli e ai Salmi, possiamo riscoprire la nostra vita, darci senso e rileggerla, ritrovandola nella esperienza umana di Ges\u00f9 di Nazareth, l\u2019uomo che \u00e8 anche il nostro Dio.<\/p>\n<\/div>\n<div>\n<p class=\"Standard\">Ho anche imparato, in monastero, che grazie alla Chiesa, possiamo sentirci tutti parte di qualcosa di pi\u00f9 grande, di Dio stesso, e riconoscere \u201cche non siamo il tutto, ma siamo solo una parte, ma essenziale per il completamento del tutto\u201d.<\/p>\n<\/div>\n<div>\n<p class=\"Standard\">Ho imparato, in monastero, che il lavoro \u00e8 preghiera e che questa parola, \u201cpreghiera\u201d, pu\u00f2 arrivare (e dovrebbe) a descrivere tutta la nostra vita.<\/p>\n<\/div>\n<div>\n<p class=\"Standard\">Ho inoltre imparato, in monastero, che l\u2019Eucarestia \u00e8 tutto: \u201ctutta la creazione, tutto l\u2019uomo, tutta la storia, tutta la grazia e la redenzione: tutto Dio\u201d.<\/p>\n<\/div>\n<div>\n<p class=\"Standard\">Ho imparato, in monastero, che grazie a quest\u2019esperienza ho potuto conoscere e riconoscere cose nuove e vecchie sia di me che di Dio, e che il suo immenso amore supera ogni comprensione, ogni peccato, anche il pi\u00f9 inenarrabile, per abbracciare ognuno di noi.<\/p>\n<\/div>\n<div>\n<p class=\"Standard\">Infine, ho imparato, in monastero, che la gioia pi\u00f9 grande di Dio \u00e8 che gli uomini si amino a vicenda, riconoscendo il bene, perdonando il male. A ognuno di noi la decisione di assecondarlo oppure no.<\/p>\n<\/div>\n<div>\n<p class=\"Standard\" style=\"text-align: right\">Sebastiano Spagnolli<\/p>\n<p>\u00a0<img loading=\"lazy\" decoding=\"async\" class=\"alignnone size-medium wp-image-593\" src=\"https:\/\/www.diocesitn.it\/seminario\/wp-content\/uploads\/sites\/41\/2022\/10\/12CEB427-BBF7-4EDC-BE88-0B257F93AECE-300x225.jpeg\" alt=\"\" width=\"300\" height=\"225\" srcset=\"https:\/\/www.diocesitn.it\/seminario\/wp-content\/uploads\/sites\/41\/2022\/10\/12CEB427-BBF7-4EDC-BE88-0B257F93AECE-300x225.jpeg 300w, https:\/\/www.diocesitn.it\/seminario\/wp-content\/uploads\/sites\/41\/2022\/10\/12CEB427-BBF7-4EDC-BE88-0B257F93AECE-1024x768.jpeg 1024w, https:\/\/www.diocesitn.it\/seminario\/wp-content\/uploads\/sites\/41\/2022\/10\/12CEB427-BBF7-4EDC-BE88-0B257F93AECE-768x576.jpeg 768w, https:\/\/www.diocesitn.it\/seminario\/wp-content\/uploads\/sites\/41\/2022\/10\/12CEB427-BBF7-4EDC-BE88-0B257F93AECE-360x270.jpeg 360w, https:\/\/www.diocesitn.it\/seminario\/wp-content\/uploads\/sites\/41\/2022\/10\/12CEB427-BBF7-4EDC-BE88-0B257F93AECE-1536x1152.jpeg 1536w, https:\/\/www.diocesitn.it\/seminario\/wp-content\/uploads\/sites\/41\/2022\/10\/12CEB427-BBF7-4EDC-BE88-0B257F93AECE-800x600.jpeg 800w, https:\/\/www.diocesitn.it\/seminario\/wp-content\/uploads\/sites\/41\/2022\/10\/12CEB427-BBF7-4EDC-BE88-0B257F93AECE-1200x900.jpeg 1200w, https:\/\/www.diocesitn.it\/seminario\/wp-content\/uploads\/sites\/41\/2022\/10\/12CEB427-BBF7-4EDC-BE88-0B257F93AECE.jpeg 2048w\" sizes=\"auto, (max-width: 300px) 100vw, 300px\" \/><\/p>\n<\/div>\n<div>\n<p class=\"Standard\">\n<\/div>\n","protected":false},"excerpt":{"rendered":"<p>Se in virt\u00f9 di fede o di intraprendenza o semplicemente per fare qualcosa di nuovo e di diverso dal solito doveste mai trovarvi a passare del tempo in un monastero come quello della \u201cPiccola Famiglia<\/p>\n","protected":false},"author":172,"featured_media":592,"comment_status":"closed","ping_status":"closed","sticky":false,"template":"","format":"standard","meta":{"footnotes":""},"categories":[176],"tags":[],"class_list":["post-582","post","type-post","status-publish","format-standard","has-post-thumbnail","hentry","category-notizie"],"acf":{"seed-localization-paese-cod":"IT","seed-localization-address":"","seed-localization-citta":"Trento","seed-localization-regione-cod-istat":"04","seed-localization-citta-cod-istat":"022205","seed-localization-localita":"","seed-localization-cap":"","seed-localization-marker-visibility":false,"seed-localization-children-visibility":false,"seed-localization-kml":"","seed-localization-custom-marker":""},"yoast_head":"<!-- This site is optimized with the Yoast SEO Premium plugin v20.2.1 (Yoast SEO v22.2) - https:\/\/yoast.com\/wordpress\/plugins\/seo\/ -->\n<title>Cosa ho imparato in monastero - Seminario Maggiore Arcivescovile<\/title>\n<meta name=\"robots\" content=\"index, follow, max-snippet:-1, max-image-preview:large, max-video-preview:-1\" \/>\n<link rel=\"canonical\" href=\"https:\/\/www.diocesitn.it\/seminario\/2022\/10\/20\/cosa-ho-imparato-in-monastero\/\" \/>\n<meta property=\"og:locale\" content=\"it_IT\" \/>\n<meta property=\"og:type\" content=\"article\" \/>\n<meta property=\"og:title\" content=\"Cosa ho imparato in monastero\" \/>\n<meta property=\"og:description\" content=\"Se in virt\u00f9 di fede o di intraprendenza o semplicemente per fare qualcosa di nuovo e di diverso dal solito doveste mai trovarvi a passare del tempo in un monastero come quello della \u201cPiccola Famiglia\" \/>\n<meta property=\"og:url\" content=\"https:\/\/www.diocesitn.it\/seminario\/2022\/10\/20\/cosa-ho-imparato-in-monastero\/\" \/>\n<meta property=\"og:site_name\" content=\"Seminario Maggiore Arcivescovile\" \/>\n<meta property=\"article:publisher\" content=\"https:\/\/www.facebook.com\/seminariotrento\/\" \/>\n<meta property=\"article:published_time\" content=\"2022-10-20T10:00:21+00:00\" \/>\n<meta property=\"article:modified_time\" content=\"2022-10-15T12:39:47+00:00\" \/>\n<meta property=\"og:image\" content=\"https:\/\/www.diocesitn.it\/seminario\/wp-content\/uploads\/sites\/41\/2022\/10\/156A996A-1F63-439F-855A-4E637B25E561.jpeg\" \/>\n\t<meta property=\"og:image:width\" content=\"2048\" \/>\n\t<meta property=\"og:image:height\" content=\"1536\" \/>\n\t<meta property=\"og:image:type\" content=\"image\/jpeg\" \/>\n<meta name=\"author\" content=\"seminaristitrento\" \/>\n<meta name=\"twitter:card\" content=\"summary_large_image\" \/>\n<meta name=\"twitter:label1\" content=\"Scritto da\" \/>\n\t<meta name=\"twitter:data1\" content=\"seminaristitrento\" \/>\n\t<meta name=\"twitter:label2\" content=\"Tempo di lettura stimato\" \/>\n\t<meta name=\"twitter:data2\" content=\"3 minuti\" \/>\n<script type=\"application\/ld+json\" class=\"yoast-schema-graph\">{\"@context\":\"https:\/\/schema.org\",\"@graph\":[{\"@type\":\"WebPage\",\"@id\":\"https:\/\/www.diocesitn.it\/seminario\/2022\/10\/20\/cosa-ho-imparato-in-monastero\/\",\"url\":\"https:\/\/www.diocesitn.it\/seminario\/2022\/10\/20\/cosa-ho-imparato-in-monastero\/\",\"name\":\"Cosa ho imparato in monastero - Seminario Maggiore Arcivescovile\",\"isPartOf\":{\"@id\":\"https:\/\/www.diocesitn.it\/seminario\/#website\"},\"primaryImageOfPage\":{\"@id\":\"https:\/\/www.diocesitn.it\/seminario\/2022\/10\/20\/cosa-ho-imparato-in-monastero\/#primaryimage\"},\"image\":{\"@id\":\"https:\/\/www.diocesitn.it\/seminario\/2022\/10\/20\/cosa-ho-imparato-in-monastero\/#primaryimage\"},\"thumbnailUrl\":\"https:\/\/www.diocesitn.it\/seminario\/wp-content\/uploads\/sites\/41\/2022\/10\/156A996A-1F63-439F-855A-4E637B25E561.jpeg\",\"datePublished\":\"2022-10-20T10:00:21+00:00\",\"dateModified\":\"2022-10-15T12:39:47+00:00\",\"author\":{\"@id\":\"https:\/\/www.diocesitn.it\/seminario\/#\/schema\/person\/fe751b4cf044b25d6ad3f1991d9b6d54\"},\"breadcrumb\":{\"@id\":\"https:\/\/www.diocesitn.it\/seminario\/2022\/10\/20\/cosa-ho-imparato-in-monastero\/#breadcrumb\"},\"inLanguage\":\"it-IT\",\"potentialAction\":[{\"@type\":\"ReadAction\",\"target\":[\"https:\/\/www.diocesitn.it\/seminario\/2022\/10\/20\/cosa-ho-imparato-in-monastero\/\"]}]},{\"@type\":\"ImageObject\",\"inLanguage\":\"it-IT\",\"@id\":\"https:\/\/www.diocesitn.it\/seminario\/2022\/10\/20\/cosa-ho-imparato-in-monastero\/#primaryimage\",\"url\":\"https:\/\/www.diocesitn.it\/seminario\/wp-content\/uploads\/sites\/41\/2022\/10\/156A996A-1F63-439F-855A-4E637B25E561.jpeg\",\"contentUrl\":\"https:\/\/www.diocesitn.it\/seminario\/wp-content\/uploads\/sites\/41\/2022\/10\/156A996A-1F63-439F-855A-4E637B25E561.jpeg\",\"width\":2048,\"height\":1536},{\"@type\":\"BreadcrumbList\",\"@id\":\"https:\/\/www.diocesitn.it\/seminario\/2022\/10\/20\/cosa-ho-imparato-in-monastero\/#breadcrumb\",\"itemListElement\":[{\"@type\":\"ListItem\",\"position\":1,\"name\":\"Home\",\"item\":\"https:\/\/www.diocesitn.it\/seminario\/\"},{\"@type\":\"ListItem\",\"position\":2,\"name\":\"Cosa ho imparato in monastero\"}]},{\"@type\":\"WebSite\",\"@id\":\"https:\/\/www.diocesitn.it\/seminario\/#website\",\"url\":\"https:\/\/www.diocesitn.it\/seminario\/\",\"name\":\"Seminario Maggiore Arcivescovile\",\"description\":\"Chiesa di Trento\",\"potentialAction\":[{\"@type\":\"SearchAction\",\"target\":{\"@type\":\"EntryPoint\",\"urlTemplate\":\"https:\/\/www.diocesitn.it\/seminario\/?s={search_term_string}\"},\"query-input\":\"required name=search_term_string\"}],\"inLanguage\":\"it-IT\"},{\"@type\":\"ImageObject\",\"inLanguage\":\"it-IT\",\"@id\":\"https:\/\/www.diocesitn.it\/seminario\/2022\/10\/20\/cosa-ho-imparato-in-monastero\/#local-main-organization-logo\",\"url\":\"\",\"contentUrl\":\"\",\"caption\":\"Seminario Maggiore Arcivescovile - Chiesa di Trento\"}]}<\/script>\n<!-- \/ Yoast SEO Premium plugin. -->","yoast_head_json":{"title":"Cosa ho imparato in monastero - Seminario Maggiore Arcivescovile","robots":{"index":"index","follow":"follow","max-snippet":"max-snippet:-1","max-image-preview":"max-image-preview:large","max-video-preview":"max-video-preview:-1"},"canonical":"https:\/\/www.diocesitn.it\/seminario\/2022\/10\/20\/cosa-ho-imparato-in-monastero\/","og_locale":"it_IT","og_type":"article","og_title":"Cosa ho imparato in monastero","og_description":"Se in virt\u00f9 di fede o di intraprendenza o semplicemente per fare qualcosa di nuovo e di diverso dal solito doveste mai trovarvi a passare del tempo in un monastero come quello della \u201cPiccola Famiglia","og_url":"https:\/\/www.diocesitn.it\/seminario\/2022\/10\/20\/cosa-ho-imparato-in-monastero\/","og_site_name":"Seminario Maggiore Arcivescovile","article_publisher":"https:\/\/www.facebook.com\/seminariotrento\/","article_published_time":"2022-10-20T10:00:21+00:00","article_modified_time":"2022-10-15T12:39:47+00:00","og_image":[{"width":2048,"height":1536,"url":"https:\/\/www.diocesitn.it\/seminario\/wp-content\/uploads\/sites\/41\/2022\/10\/156A996A-1F63-439F-855A-4E637B25E561.jpeg","type":"image\/jpeg"}],"author":"seminaristitrento","twitter_card":"summary_large_image","twitter_misc":{"Scritto da":"seminaristitrento","Tempo di lettura stimato":"3 minuti"},"schema":{"@context":"https:\/\/schema.org","@graph":[{"@type":"WebPage","@id":"https:\/\/www.diocesitn.it\/seminario\/2022\/10\/20\/cosa-ho-imparato-in-monastero\/","url":"https:\/\/www.diocesitn.it\/seminario\/2022\/10\/20\/cosa-ho-imparato-in-monastero\/","name":"Cosa ho imparato in monastero - Seminario Maggiore Arcivescovile","isPartOf":{"@id":"https:\/\/www.diocesitn.it\/seminario\/#website"},"primaryImageOfPage":{"@id":"https:\/\/www.diocesitn.it\/seminario\/2022\/10\/20\/cosa-ho-imparato-in-monastero\/#primaryimage"},"image":{"@id":"https:\/\/www.diocesitn.it\/seminario\/2022\/10\/20\/cosa-ho-imparato-in-monastero\/#primaryimage"},"thumbnailUrl":"https:\/\/www.diocesitn.it\/seminario\/wp-content\/uploads\/sites\/41\/2022\/10\/156A996A-1F63-439F-855A-4E637B25E561.jpeg","datePublished":"2022-10-20T10:00:21+00:00","dateModified":"2022-10-15T12:39:47+00:00","author":{"@id":"https:\/\/www.diocesitn.it\/seminario\/#\/schema\/person\/fe751b4cf044b25d6ad3f1991d9b6d54"},"breadcrumb":{"@id":"https:\/\/www.diocesitn.it\/seminario\/2022\/10\/20\/cosa-ho-imparato-in-monastero\/#breadcrumb"},"inLanguage":"it-IT","potentialAction":[{"@type":"ReadAction","target":["https:\/\/www.diocesitn.it\/seminario\/2022\/10\/20\/cosa-ho-imparato-in-monastero\/"]}]},{"@type":"ImageObject","inLanguage":"it-IT","@id":"https:\/\/www.diocesitn.it\/seminario\/2022\/10\/20\/cosa-ho-imparato-in-monastero\/#primaryimage","url":"https:\/\/www.diocesitn.it\/seminario\/wp-content\/uploads\/sites\/41\/2022\/10\/156A996A-1F63-439F-855A-4E637B25E561.jpeg","contentUrl":"https:\/\/www.diocesitn.it\/seminario\/wp-content\/uploads\/sites\/41\/2022\/10\/156A996A-1F63-439F-855A-4E637B25E561.jpeg","width":2048,"height":1536},{"@type":"BreadcrumbList","@id":"https:\/\/www.diocesitn.it\/seminario\/2022\/10\/20\/cosa-ho-imparato-in-monastero\/#breadcrumb","itemListElement":[{"@type":"ListItem","position":1,"name":"Home","item":"https:\/\/www.diocesitn.it\/seminario\/"},{"@type":"ListItem","position":2,"name":"Cosa ho imparato in monastero"}]},{"@type":"WebSite","@id":"https:\/\/www.diocesitn.it\/seminario\/#website","url":"https:\/\/www.diocesitn.it\/seminario\/","name":"Seminario Maggiore Arcivescovile","description":"Chiesa di Trento","potentialAction":[{"@type":"SearchAction","target":{"@type":"EntryPoint","urlTemplate":"https:\/\/www.diocesitn.it\/seminario\/?s={search_term_string}"},"query-input":"required name=search_term_string"}],"inLanguage":"it-IT"},{"@type":"ImageObject","inLanguage":"it-IT","@id":"https:\/\/www.diocesitn.it\/seminario\/2022\/10\/20\/cosa-ho-imparato-in-monastero\/#local-main-organization-logo","url":"","contentUrl":"","caption":"Seminario Maggiore Arcivescovile - Chiesa di Trento"}]}},"_links":{"self":[{"href":"https:\/\/www.diocesitn.it\/seminario\/wp-json\/wp\/v2\/posts\/582","targetHints":{"allow":["GET"]}}],"collection":[{"href":"https:\/\/www.diocesitn.it\/seminario\/wp-json\/wp\/v2\/posts"}],"about":[{"href":"https:\/\/www.diocesitn.it\/seminario\/wp-json\/wp\/v2\/types\/post"}],"author":[{"embeddable":true,"href":"https:\/\/www.diocesitn.it\/seminario\/wp-json\/wp\/v2\/users\/172"}],"replies":[{"embeddable":true,"href":"https:\/\/www.diocesitn.it\/seminario\/wp-json\/wp\/v2\/comments?post=582"}],"version-history":[{"count":3,"href":"https:\/\/www.diocesitn.it\/seminario\/wp-json\/wp\/v2\/posts\/582\/revisions"}],"predecessor-version":[{"id":594,"href":"https:\/\/www.diocesitn.it\/seminario\/wp-json\/wp\/v2\/posts\/582\/revisions\/594"}],"wp:featuredmedia":[{"embeddable":true,"href":"https:\/\/www.diocesitn.it\/seminario\/wp-json\/wp\/v2\/media\/592"}],"wp:attachment":[{"href":"https:\/\/www.diocesitn.it\/seminario\/wp-json\/wp\/v2\/media?parent=582"}],"wp:term":[{"taxonomy":"category","embeddable":true,"href":"https:\/\/www.diocesitn.it\/seminario\/wp-json\/wp\/v2\/categories?post=582"},{"taxonomy":"post_tag","embeddable":true,"href":"https:\/\/www.diocesitn.it\/seminario\/wp-json\/wp\/v2\/tags?post=582"}],"curies":[{"name":"wp","href":"https:\/\/api.w.org\/{rel}","templated":true}]}}