{"id":580,"date":"2022-10-13T12:00:49","date_gmt":"2022-10-13T10:00:49","guid":{"rendered":"https:\/\/www.diocesitn.it\/seminario\/?p=580"},"modified":"2022-10-15T14:41:23","modified_gmt":"2022-10-15T12:41:23","slug":"a-tu-per-tu-con-la-fragilita-anche-la-mia","status":"publish","type":"post","link":"https:\/\/www.diocesitn.it\/seminario\/2022\/10\/13\/a-tu-per-tu-con-la-fragilita-anche-la-mia\/","title":{"rendered":"A tu per tu con la fragilit\u00e0. Anche la mia"},"content":{"rendered":"<p style=\"font-weight: 400\">Nel mese di luglio ho avuto la possibilit\u00e0 di soggiornare all\u2019O.p.s.a (Opera Provvidenza s. Antonio), una <strong><em>casa<\/em><\/strong> di fondazione diocesana che accoglie persone con gravi disabilit\u00e0 intellettive e fisiche, inaugurata dal Vescovo Girolamo Bordignon nel 1993, ma in opera gi\u00e0 dai primi anni \u201860.<\/p>\n<p style=\"font-weight: 400\">Se dovessi pensare a un\u2019immagine che mi ha accompagnato durante le settimane passate sarebbe la pioggia: credo che sia l\u2019immagine adatta, a volte \u00e8 improvvisa e impetuosa, a volte leggera e rinfrescante, desiderata, odiata, benedetta e maledetta.<\/p>\n<p style=\"font-weight: 400\">Ricordo il primo giorno di servizio, \u00e8 stato molto spaesante e difficile, in primis capire dov\u2019ero, poi relazionarsi con alcuni ospiti, soprattutto con quelli eccessivamente agitati, o eccessivamente calmi, da un momento all\u2019altra potevano gridare, scappare, sputare fare qualcosa che non era sotto il mio controllo. Ricordo alcune sensazioni che mi sono rimaste molto impresse e che sono cambiate e cresciute: il fatto di sentirmi l\u2019angelo della misericordia venuto ad aiutare e donare il mio tempo a persone che hanno pi\u00f9 bisogno, una sorta di disparit\u00e0 tra me e loro \u2013 io sono sano, io posso e devo aiutarli e devo farlo al meglio, nella maniera pi\u00f9 efficiente. Pian piano, grazie soprattutto a loro, ho imparato che l\u2019importante non \u00e8 il \u201ccosa\u201d si fa ma il \u201ccome\u201d lo si fa: parafrasando Teresa di Lisieux, ci\u00f2 che conta \u00e8 il quanto amore ci metti a compiere anche l\u2019azione pi\u00f9 piccola e insignificante. Questo \u00e8 stato un primo passo di conversione, un mettersi alla pari, amare, odiare, ridere e scherzare alla pari. Una conversione che ha avuto inizio con il linguaggio: non c\u2019\u00e8 nessun \u201cpoverino\u201d! Ho in mente molte marachelle che combinavano gli ospiti, penso a Francesco che fingeva di scappare solo perch\u00e9 sapeva che io all\u2019inizio lo rincorrevo sempre, o al caro Marco, che fingeva di essere imbronciato se dopo un po\u2019 lo ignoravo\u2026 ero io il \u201cpoverino\u201d, che non capiva e che si poneva nel modo scorretto. Ho imparato che anche con loro ci si arrabbia, e si \u00e8 anche duri \u2013 non sono angeli, sono persone, che danno il massimo per come possono, sia in positivo che in negativo. Un secondo passo \u00e8 la fragilit\u00e0: la cosa divertente \u00e8 che la loro \u00e8 manifesta, mentre la mia no, \u00e8 ben nascosta e cementificata da una fortezza che sembra impenetrabile. Ricordo il momento esatto in cui Gabriele con una frase ha fatto cadere il muro: \u201cMa Gianluca, a te chi ti lava? Sai, io i denti me li lavo da solo!\u201d. Quel pomeriggio mi sono lavato con una consapevolezza diversa. Piano piano erano loro a istruirmi, erano loro ad aiutarmi e a mostrarmi che le fragilit\u00e0 bisogna vederle, chiamarle per nome, dialogarci, scherzare con esse, conoscerle\u2026 questo ci permette di conoscerci e amarci esattamente per quello che siamo, uomini e donne che hanno bisogno di amare ed essere amanti, in primis amandoci, volendo bene anche alle parti di noi pi\u00f9 ben nascoste nelle camere che sembrano chiuse, ma che grazie agli altri possiamo aprire. Ho in mente tantissimi episodi, troppi, e troppo belli e forti, ma questo piccolo scritto non li pu\u00f2 contenere tutti: auguro a voi che leggete di poter vivere un\u2019esperienza come la mia, a tu per tu con l\u2019altro e con te stesso.<\/p>\n<p style=\"font-weight: 400\">Un&#8217;altra cosa che ho sperimentato, molto forte, \u00e8 la provvidenza e la preghiera: il modo in cui gli ospiti pregavano e curavano l\u2019adorazione, il rosario e la messa era impressionante, avevo la sensazione che preghiera e vita si impastassero, quasi che l\u2019una non potesse vivere senza il sostegno dall\u2019altra. Si sentiva proprio che il cuore pulsante dell\u2019Opsa risiede in quel piccolo tabernacolo.<\/p>\n<p style=\"font-weight: 400\">Vorrei tanto ringraziare tutte le persone che ho incontrato quelle settimane, nello specifico gli ospiti del reparto \u201cprimo s. Giovanni XXIII\u201d, a cui ero affidato: Lorenza (per la sua testimonianza e la sua pazienza), don Roberto, Luciana (una mamma super con un sorriso straordinario), i ragazzi del P.C.T.O., i volontari giovanissimi e i veterani, che ho incontrato e con cui ho condiviso risate e giornate molto belle, ricche di bellissimi ricordi. Grazie a tutti! Grazie O.p.s.a., spero di rivederci e abbracciarci presto!<\/p>\n<p style=\"font-weight: 400;text-align: right\">Gianluca Panizza<\/p>\n<p><img loading=\"lazy\" decoding=\"async\" class=\"alignnone size-medium wp-image-589\" src=\"https:\/\/www.diocesitn.it\/seminario\/wp-content\/uploads\/sites\/41\/2022\/10\/13411B84-728E-4903-9EE9-95D612085B70-300x169.jpeg\" alt=\"\" width=\"300\" height=\"169\" srcset=\"https:\/\/www.diocesitn.it\/seminario\/wp-content\/uploads\/sites\/41\/2022\/10\/13411B84-728E-4903-9EE9-95D612085B70-300x169.jpeg 300w, https:\/\/www.diocesitn.it\/seminario\/wp-content\/uploads\/sites\/41\/2022\/10\/13411B84-728E-4903-9EE9-95D612085B70-1024x576.jpeg 1024w, https:\/\/www.diocesitn.it\/seminario\/wp-content\/uploads\/sites\/41\/2022\/10\/13411B84-728E-4903-9EE9-95D612085B70-768x432.jpeg 768w, https:\/\/www.diocesitn.it\/seminario\/wp-content\/uploads\/sites\/41\/2022\/10\/13411B84-728E-4903-9EE9-95D612085B70-360x203.jpeg 360w, https:\/\/www.diocesitn.it\/seminario\/wp-content\/uploads\/sites\/41\/2022\/10\/13411B84-728E-4903-9EE9-95D612085B70-1536x864.jpeg 1536w, https:\/\/www.diocesitn.it\/seminario\/wp-content\/uploads\/sites\/41\/2022\/10\/13411B84-728E-4903-9EE9-95D612085B70-800x450.jpeg 800w, https:\/\/www.diocesitn.it\/seminario\/wp-content\/uploads\/sites\/41\/2022\/10\/13411B84-728E-4903-9EE9-95D612085B70-1200x675.jpeg 1200w, https:\/\/www.diocesitn.it\/seminario\/wp-content\/uploads\/sites\/41\/2022\/10\/13411B84-728E-4903-9EE9-95D612085B70.jpeg 2048w\" sizes=\"auto, (max-width: 300px) 100vw, 300px\" \/><\/p>\n","protected":false},"excerpt":{"rendered":"<p>Nel mese di luglio ho avuto la possibilit\u00e0 di soggiornare all\u2019O.p.s.a (Opera Provvidenza s. Antonio), una casa di fondazione diocesana che accoglie persone con gravi disabilit\u00e0 intellettive e fisiche, inaugurata dal Vescovo Girolamo Bordignon nel<\/p>\n","protected":false},"author":172,"featured_media":590,"comment_status":"closed","ping_status":"closed","sticky":false,"template":"","format":"standard","meta":{"footnotes":""},"categories":[176],"tags":[],"class_list":["post-580","post","type-post","status-publish","format-standard","has-post-thumbnail","hentry","category-notizie"],"acf":{"seed-localization-paese-cod":"IT","seed-localization-address":"","seed-localization-citta":"Trento","seed-localization-regione-cod-istat":"04","seed-localization-citta-cod-istat":"022205","seed-localization-localita":"","seed-localization-cap":"","seed-localization-marker-visibility":false,"seed-localization-children-visibility":false,"seed-localization-kml":"","seed-localization-custom-marker":""},"yoast_head":"<!-- This site is optimized with the Yoast SEO Premium plugin v20.2.1 (Yoast SEO v22.2) - https:\/\/yoast.com\/wordpress\/plugins\/seo\/ -->\n<title>A tu per tu con la fragilit\u00e0. Anche la mia - Seminario Maggiore Arcivescovile<\/title>\n<meta name=\"robots\" content=\"index, follow, max-snippet:-1, max-image-preview:large, max-video-preview:-1\" \/>\n<link rel=\"canonical\" href=\"https:\/\/www.diocesitn.it\/seminario\/2022\/10\/13\/a-tu-per-tu-con-la-fragilita-anche-la-mia\/\" \/>\n<meta property=\"og:locale\" content=\"it_IT\" \/>\n<meta property=\"og:type\" content=\"article\" \/>\n<meta property=\"og:title\" content=\"A tu per tu con la fragilit\u00e0. Anche la mia\" \/>\n<meta property=\"og:description\" content=\"Nel mese di luglio ho avuto la possibilit\u00e0 di soggiornare all\u2019O.p.s.a (Opera Provvidenza s. Antonio), una casa di fondazione diocesana che accoglie persone con gravi disabilit\u00e0 intellettive e fisiche, inaugurata dal Vescovo Girolamo Bordignon nel\" \/>\n<meta property=\"og:url\" content=\"https:\/\/www.diocesitn.it\/seminario\/2022\/10\/13\/a-tu-per-tu-con-la-fragilita-anche-la-mia\/\" \/>\n<meta property=\"og:site_name\" content=\"Seminario Maggiore Arcivescovile\" \/>\n<meta property=\"article:publisher\" content=\"https:\/\/www.facebook.com\/seminariotrento\/\" \/>\n<meta property=\"article:published_time\" content=\"2022-10-13T10:00:49+00:00\" \/>\n<meta property=\"article:modified_time\" content=\"2022-10-15T12:41:23+00:00\" \/>\n<meta property=\"og:image\" content=\"https:\/\/www.diocesitn.it\/seminario\/wp-content\/uploads\/sites\/41\/2022\/10\/24926E04-AF93-4586-A6EE-9A84F0E7EC59.jpeg\" \/>\n\t<meta property=\"og:image:width\" content=\"1536\" \/>\n\t<meta property=\"og:image:height\" content=\"2048\" \/>\n\t<meta property=\"og:image:type\" content=\"image\/jpeg\" \/>\n<meta name=\"author\" content=\"seminaristitrento\" \/>\n<meta name=\"twitter:card\" content=\"summary_large_image\" \/>\n<meta name=\"twitter:label1\" content=\"Scritto da\" \/>\n\t<meta name=\"twitter:data1\" content=\"seminaristitrento\" \/>\n\t<meta name=\"twitter:label2\" content=\"Tempo di lettura stimato\" \/>\n\t<meta name=\"twitter:data2\" content=\"4 minuti\" \/>\n<script type=\"application\/ld+json\" class=\"yoast-schema-graph\">{\"@context\":\"https:\/\/schema.org\",\"@graph\":[{\"@type\":\"WebPage\",\"@id\":\"https:\/\/www.diocesitn.it\/seminario\/2022\/10\/13\/a-tu-per-tu-con-la-fragilita-anche-la-mia\/\",\"url\":\"https:\/\/www.diocesitn.it\/seminario\/2022\/10\/13\/a-tu-per-tu-con-la-fragilita-anche-la-mia\/\",\"name\":\"A tu per tu con la fragilit\u00e0. Anche la mia - Seminario Maggiore Arcivescovile\",\"isPartOf\":{\"@id\":\"https:\/\/www.diocesitn.it\/seminario\/#website\"},\"primaryImageOfPage\":{\"@id\":\"https:\/\/www.diocesitn.it\/seminario\/2022\/10\/13\/a-tu-per-tu-con-la-fragilita-anche-la-mia\/#primaryimage\"},\"image\":{\"@id\":\"https:\/\/www.diocesitn.it\/seminario\/2022\/10\/13\/a-tu-per-tu-con-la-fragilita-anche-la-mia\/#primaryimage\"},\"thumbnailUrl\":\"https:\/\/www.diocesitn.it\/seminario\/wp-content\/uploads\/sites\/41\/2022\/10\/24926E04-AF93-4586-A6EE-9A84F0E7EC59.jpeg\",\"datePublished\":\"2022-10-13T10:00:49+00:00\",\"dateModified\":\"2022-10-15T12:41:23+00:00\",\"author\":{\"@id\":\"https:\/\/www.diocesitn.it\/seminario\/#\/schema\/person\/fe751b4cf044b25d6ad3f1991d9b6d54\"},\"breadcrumb\":{\"@id\":\"https:\/\/www.diocesitn.it\/seminario\/2022\/10\/13\/a-tu-per-tu-con-la-fragilita-anche-la-mia\/#breadcrumb\"},\"inLanguage\":\"it-IT\",\"potentialAction\":[{\"@type\":\"ReadAction\",\"target\":[\"https:\/\/www.diocesitn.it\/seminario\/2022\/10\/13\/a-tu-per-tu-con-la-fragilita-anche-la-mia\/\"]}]},{\"@type\":\"ImageObject\",\"inLanguage\":\"it-IT\",\"@id\":\"https:\/\/www.diocesitn.it\/seminario\/2022\/10\/13\/a-tu-per-tu-con-la-fragilita-anche-la-mia\/#primaryimage\",\"url\":\"https:\/\/www.diocesitn.it\/seminario\/wp-content\/uploads\/sites\/41\/2022\/10\/24926E04-AF93-4586-A6EE-9A84F0E7EC59.jpeg\",\"contentUrl\":\"https:\/\/www.diocesitn.it\/seminario\/wp-content\/uploads\/sites\/41\/2022\/10\/24926E04-AF93-4586-A6EE-9A84F0E7EC59.jpeg\",\"width\":1536,\"height\":2048},{\"@type\":\"BreadcrumbList\",\"@id\":\"https:\/\/www.diocesitn.it\/seminario\/2022\/10\/13\/a-tu-per-tu-con-la-fragilita-anche-la-mia\/#breadcrumb\",\"itemListElement\":[{\"@type\":\"ListItem\",\"position\":1,\"name\":\"Home\",\"item\":\"https:\/\/www.diocesitn.it\/seminario\/\"},{\"@type\":\"ListItem\",\"position\":2,\"name\":\"A tu per tu con la fragilit\u00e0. Anche la mia\"}]},{\"@type\":\"WebSite\",\"@id\":\"https:\/\/www.diocesitn.it\/seminario\/#website\",\"url\":\"https:\/\/www.diocesitn.it\/seminario\/\",\"name\":\"Seminario Maggiore Arcivescovile\",\"description\":\"Chiesa di Trento\",\"potentialAction\":[{\"@type\":\"SearchAction\",\"target\":{\"@type\":\"EntryPoint\",\"urlTemplate\":\"https:\/\/www.diocesitn.it\/seminario\/?s={search_term_string}\"},\"query-input\":\"required name=search_term_string\"}],\"inLanguage\":\"it-IT\"},{\"@type\":\"ImageObject\",\"inLanguage\":\"it-IT\",\"@id\":\"https:\/\/www.diocesitn.it\/seminario\/2022\/10\/13\/a-tu-per-tu-con-la-fragilita-anche-la-mia\/#local-main-organization-logo\",\"url\":\"\",\"contentUrl\":\"\",\"caption\":\"Seminario Maggiore Arcivescovile - Chiesa di Trento\"}]}<\/script>\n<!-- \/ Yoast SEO Premium plugin. -->","yoast_head_json":{"title":"A tu per tu con la fragilit\u00e0. Anche la mia - Seminario Maggiore Arcivescovile","robots":{"index":"index","follow":"follow","max-snippet":"max-snippet:-1","max-image-preview":"max-image-preview:large","max-video-preview":"max-video-preview:-1"},"canonical":"https:\/\/www.diocesitn.it\/seminario\/2022\/10\/13\/a-tu-per-tu-con-la-fragilita-anche-la-mia\/","og_locale":"it_IT","og_type":"article","og_title":"A tu per tu con la fragilit\u00e0. Anche la mia","og_description":"Nel mese di luglio ho avuto la possibilit\u00e0 di soggiornare all\u2019O.p.s.a (Opera Provvidenza s. Antonio), una casa di fondazione diocesana che accoglie persone con gravi disabilit\u00e0 intellettive e fisiche, inaugurata dal Vescovo Girolamo Bordignon nel","og_url":"https:\/\/www.diocesitn.it\/seminario\/2022\/10\/13\/a-tu-per-tu-con-la-fragilita-anche-la-mia\/","og_site_name":"Seminario Maggiore Arcivescovile","article_publisher":"https:\/\/www.facebook.com\/seminariotrento\/","article_published_time":"2022-10-13T10:00:49+00:00","article_modified_time":"2022-10-15T12:41:23+00:00","og_image":[{"width":1536,"height":2048,"url":"https:\/\/www.diocesitn.it\/seminario\/wp-content\/uploads\/sites\/41\/2022\/10\/24926E04-AF93-4586-A6EE-9A84F0E7EC59.jpeg","type":"image\/jpeg"}],"author":"seminaristitrento","twitter_card":"summary_large_image","twitter_misc":{"Scritto da":"seminaristitrento","Tempo di lettura stimato":"4 minuti"},"schema":{"@context":"https:\/\/schema.org","@graph":[{"@type":"WebPage","@id":"https:\/\/www.diocesitn.it\/seminario\/2022\/10\/13\/a-tu-per-tu-con-la-fragilita-anche-la-mia\/","url":"https:\/\/www.diocesitn.it\/seminario\/2022\/10\/13\/a-tu-per-tu-con-la-fragilita-anche-la-mia\/","name":"A tu per tu con la fragilit\u00e0. Anche la mia - Seminario Maggiore Arcivescovile","isPartOf":{"@id":"https:\/\/www.diocesitn.it\/seminario\/#website"},"primaryImageOfPage":{"@id":"https:\/\/www.diocesitn.it\/seminario\/2022\/10\/13\/a-tu-per-tu-con-la-fragilita-anche-la-mia\/#primaryimage"},"image":{"@id":"https:\/\/www.diocesitn.it\/seminario\/2022\/10\/13\/a-tu-per-tu-con-la-fragilita-anche-la-mia\/#primaryimage"},"thumbnailUrl":"https:\/\/www.diocesitn.it\/seminario\/wp-content\/uploads\/sites\/41\/2022\/10\/24926E04-AF93-4586-A6EE-9A84F0E7EC59.jpeg","datePublished":"2022-10-13T10:00:49+00:00","dateModified":"2022-10-15T12:41:23+00:00","author":{"@id":"https:\/\/www.diocesitn.it\/seminario\/#\/schema\/person\/fe751b4cf044b25d6ad3f1991d9b6d54"},"breadcrumb":{"@id":"https:\/\/www.diocesitn.it\/seminario\/2022\/10\/13\/a-tu-per-tu-con-la-fragilita-anche-la-mia\/#breadcrumb"},"inLanguage":"it-IT","potentialAction":[{"@type":"ReadAction","target":["https:\/\/www.diocesitn.it\/seminario\/2022\/10\/13\/a-tu-per-tu-con-la-fragilita-anche-la-mia\/"]}]},{"@type":"ImageObject","inLanguage":"it-IT","@id":"https:\/\/www.diocesitn.it\/seminario\/2022\/10\/13\/a-tu-per-tu-con-la-fragilita-anche-la-mia\/#primaryimage","url":"https:\/\/www.diocesitn.it\/seminario\/wp-content\/uploads\/sites\/41\/2022\/10\/24926E04-AF93-4586-A6EE-9A84F0E7EC59.jpeg","contentUrl":"https:\/\/www.diocesitn.it\/seminario\/wp-content\/uploads\/sites\/41\/2022\/10\/24926E04-AF93-4586-A6EE-9A84F0E7EC59.jpeg","width":1536,"height":2048},{"@type":"BreadcrumbList","@id":"https:\/\/www.diocesitn.it\/seminario\/2022\/10\/13\/a-tu-per-tu-con-la-fragilita-anche-la-mia\/#breadcrumb","itemListElement":[{"@type":"ListItem","position":1,"name":"Home","item":"https:\/\/www.diocesitn.it\/seminario\/"},{"@type":"ListItem","position":2,"name":"A tu per tu con la fragilit\u00e0. Anche la mia"}]},{"@type":"WebSite","@id":"https:\/\/www.diocesitn.it\/seminario\/#website","url":"https:\/\/www.diocesitn.it\/seminario\/","name":"Seminario Maggiore Arcivescovile","description":"Chiesa di Trento","potentialAction":[{"@type":"SearchAction","target":{"@type":"EntryPoint","urlTemplate":"https:\/\/www.diocesitn.it\/seminario\/?s={search_term_string}"},"query-input":"required name=search_term_string"}],"inLanguage":"it-IT"},{"@type":"ImageObject","inLanguage":"it-IT","@id":"https:\/\/www.diocesitn.it\/seminario\/2022\/10\/13\/a-tu-per-tu-con-la-fragilita-anche-la-mia\/#local-main-organization-logo","url":"","contentUrl":"","caption":"Seminario Maggiore Arcivescovile - Chiesa di Trento"}]}},"_links":{"self":[{"href":"https:\/\/www.diocesitn.it\/seminario\/wp-json\/wp\/v2\/posts\/580","targetHints":{"allow":["GET"]}}],"collection":[{"href":"https:\/\/www.diocesitn.it\/seminario\/wp-json\/wp\/v2\/posts"}],"about":[{"href":"https:\/\/www.diocesitn.it\/seminario\/wp-json\/wp\/v2\/types\/post"}],"author":[{"embeddable":true,"href":"https:\/\/www.diocesitn.it\/seminario\/wp-json\/wp\/v2\/users\/172"}],"replies":[{"embeddable":true,"href":"https:\/\/www.diocesitn.it\/seminario\/wp-json\/wp\/v2\/comments?post=580"}],"version-history":[{"count":3,"href":"https:\/\/www.diocesitn.it\/seminario\/wp-json\/wp\/v2\/posts\/580\/revisions"}],"predecessor-version":[{"id":591,"href":"https:\/\/www.diocesitn.it\/seminario\/wp-json\/wp\/v2\/posts\/580\/revisions\/591"}],"wp:featuredmedia":[{"embeddable":true,"href":"https:\/\/www.diocesitn.it\/seminario\/wp-json\/wp\/v2\/media\/590"}],"wp:attachment":[{"href":"https:\/\/www.diocesitn.it\/seminario\/wp-json\/wp\/v2\/media?parent=580"}],"wp:term":[{"taxonomy":"category","embeddable":true,"href":"https:\/\/www.diocesitn.it\/seminario\/wp-json\/wp\/v2\/categories?post=580"},{"taxonomy":"post_tag","embeddable":true,"href":"https:\/\/www.diocesitn.it\/seminario\/wp-json\/wp\/v2\/tags?post=580"}],"curies":[{"name":"wp","href":"https:\/\/api.w.org\/{rel}","templated":true}]}}