{"id":532,"date":"2022-09-29T17:01:33","date_gmt":"2022-09-29T15:01:33","guid":{"rendered":"https:\/\/www.diocesitn.it\/seminario\/?p=532"},"modified":"2022-09-29T18:40:59","modified_gmt":"2022-09-29T16:40:59","slug":"matteo-e-lincanto-per-il-dio-della-vita","status":"publish","type":"post","link":"https:\/\/www.diocesitn.it\/seminario\/2022\/09\/29\/matteo-e-lincanto-per-il-dio-della-vita\/","title":{"rendered":"Matteo e l\u2019incanto per il Dio della vita"},"content":{"rendered":"<p style=\"font-weight: 400\">Sabato 18 giugno abbiamo vissuto, nella Cattedrale di Trento, l\u2019ordinazione presbiterale del nostro compagno di Seminario, don Matteo Moranduzzo. Ventisei anni, originario di Castello Tesino e in esperienza pastorale a Pergine durante questo ultimo anno, ha portato cos\u00ec a compimento il percorso formativo iniziato in Seminario subito dopo gli studi superiori. La celebrazione si \u00e8 svolta nel pomeriggio, nei primi Vespri della solennit\u00e0 del Santissimo Corpo e Sangue di Cristo. Le parole del Vangelo che \u00e8 stato proclamato descrivono in breve l\u2019essenza di quel ministero sacerdotale che a Matteo \u00e8 stato affidato. Davanti alla richiesta dei discepoli di congedare le folle che avevano seguito Ges\u00f9 perch\u00e9 potessero riposare e saziarsi al termine di quella lunga giornata, il Maestro dice loro: <em>\u201cVoi stessi date loro da mangiare\u201d<\/em>(Lc 9, 13). \u00c8 proprio in questo invito di Ges\u00f9 che pu\u00f2 acquisire significato la scelta di un giovane che, ai nostri giorni, consegna se stesso a Dio e alla Chiesa per il bene dei suoi fratelli e sorelle. Perch\u00e9 essi possano saziarsi e dissetarsi a quella stessa fonte che per tutti gli uomini \u00e8 la risposta alla fame e alla sete pi\u00f9 profonde: la Parola di Dio, il Corpo e il Sangue del Signore. Perch\u00e9 questo giovane possa condividere con loro ci\u00f2 che di Dio ha finora intravisto e che l\u2019ha portato a pronunciare questo grande s\u00ec; <em>\u201cio ho ricevuto dal Signore quello che a mia volta vi ho trasmesso\u201d<\/em> (1 Cor 11, 23) dice san Paolo nel brano proclamato nella medesima liturgia.<\/p>\n<p style=\"font-weight: 400\">Le parole dell\u2019Arcivescovo Lauro, che ha presieduto la celebrazione, hanno messo in luce l\u2019esistenza, anzitutto per i preti, della <em>\u201ctragica possibilit\u00e0 di non conoscere la fame e la sete di Dio\u201d<\/em>. Pertanto, rivolto a Matteo, ha detto: <em>\u201cChiedo per te al Padre il dono dell\u2019incanto per il Dio della vita che ha danzato nella splendida umanit\u00e0 di Ges\u00f9. Lui, e non altro, \u00e8 il focus attorno a cui sei chiamato ad organizzare la tua vita presbiterale\u201d<\/em>. Infine l\u2019esortazione: <em>\u201cChi ti incontra, possa trovare in te la passione per Ges\u00f9 di Nazareth!\u201d<\/em> Questo augurio facciamo anche nostro, come comunit\u00e0 del Seminario che con Matteo ha condiviso un tratto di strada, perch\u00e9 egli possa davvero osare offrire ogni giorno al Signore quei pani e pesci che ha a disposizione affinch\u00e9 siano \u00a0moltiplicati, secondo la Sua volont\u00e0, per il bene dei fratelli.<\/p>\n<p style=\"font-weight: 400;text-align: right\">Stefano De Cian<\/p>\n","protected":false},"excerpt":{"rendered":"<p>Sabato 18 giugno abbiamo vissuto, nella Cattedrale di Trento, l\u2019ordinazione presbiterale del nostro compagno di Seminario, don Matteo Moranduzzo. Ventisei anni, originario di Castello Tesino e in esperienza pastorale a Pergine durante questo ultimo anno,<\/p>\n","protected":false},"author":172,"featured_media":535,"comment_status":"closed","ping_status":"closed","sticky":false,"template":"","format":"standard","meta":{"footnotes":""},"categories":[176],"tags":[],"class_list":["post-532","post","type-post","status-publish","format-standard","has-post-thumbnail","hentry","category-notizie"],"acf":{"seed-localization-paese-cod":"IT","seed-localization-address":"","seed-localization-citta":"Trento","seed-localization-regione-cod-istat":"04","seed-localization-citta-cod-istat":"022205","seed-localization-localita":"","seed-localization-cap":"","seed-localization-marker-visibility":false,"seed-localization-children-visibility":false,"seed-localization-kml":"","seed-localization-custom-marker":""},"yoast_head":"<!-- This site is optimized with the Yoast SEO Premium plugin v20.2.1 (Yoast SEO v22.2) - https:\/\/yoast.com\/wordpress\/plugins\/seo\/ -->\n<title>Matteo e l\u2019incanto per il Dio della vita - Seminario Maggiore Arcivescovile<\/title>\n<meta name=\"robots\" content=\"index, follow, max-snippet:-1, max-image-preview:large, max-video-preview:-1\" \/>\n<link rel=\"canonical\" href=\"https:\/\/www.diocesitn.it\/seminario\/2022\/09\/29\/matteo-e-lincanto-per-il-dio-della-vita\/\" \/>\n<meta property=\"og:locale\" content=\"it_IT\" \/>\n<meta property=\"og:type\" content=\"article\" \/>\n<meta property=\"og:title\" content=\"Matteo e l\u2019incanto per il Dio della vita\" \/>\n<meta property=\"og:description\" content=\"Sabato 18 giugno abbiamo vissuto, nella Cattedrale di Trento, l\u2019ordinazione presbiterale del nostro compagno di Seminario, don Matteo Moranduzzo. Ventisei anni, originario di Castello Tesino e in esperienza pastorale a Pergine durante questo ultimo anno,\" \/>\n<meta property=\"og:url\" content=\"https:\/\/www.diocesitn.it\/seminario\/2022\/09\/29\/matteo-e-lincanto-per-il-dio-della-vita\/\" \/>\n<meta property=\"og:site_name\" content=\"Seminario Maggiore Arcivescovile\" \/>\n<meta property=\"article:publisher\" content=\"https:\/\/www.facebook.com\/seminariotrento\/\" \/>\n<meta property=\"article:published_time\" content=\"2022-09-29T15:01:33+00:00\" \/>\n<meta property=\"article:modified_time\" content=\"2022-09-29T16:40:59+00:00\" \/>\n<meta property=\"og:image\" content=\"https:\/\/www.diocesitn.it\/seminario\/wp-content\/uploads\/sites\/41\/2022\/09\/6-7_foto-di-comunita-post-ordinazione.jpeg\" \/>\n\t<meta property=\"og:image:width\" content=\"1600\" \/>\n\t<meta property=\"og:image:height\" content=\"1200\" \/>\n\t<meta property=\"og:image:type\" content=\"image\/jpeg\" \/>\n<meta name=\"author\" content=\"seminaristitrento\" \/>\n<meta name=\"twitter:card\" content=\"summary_large_image\" \/>\n<meta name=\"twitter:label1\" content=\"Scritto da\" \/>\n\t<meta name=\"twitter:data1\" content=\"seminaristitrento\" \/>\n\t<meta name=\"twitter:label2\" content=\"Tempo di lettura stimato\" \/>\n\t<meta name=\"twitter:data2\" content=\"3 minuti\" \/>\n<script type=\"application\/ld+json\" class=\"yoast-schema-graph\">{\"@context\":\"https:\/\/schema.org\",\"@graph\":[{\"@type\":\"WebPage\",\"@id\":\"https:\/\/www.diocesitn.it\/seminario\/2022\/09\/29\/matteo-e-lincanto-per-il-dio-della-vita\/\",\"url\":\"https:\/\/www.diocesitn.it\/seminario\/2022\/09\/29\/matteo-e-lincanto-per-il-dio-della-vita\/\",\"name\":\"Matteo e l\u2019incanto per il Dio della vita - Seminario Maggiore Arcivescovile\",\"isPartOf\":{\"@id\":\"https:\/\/www.diocesitn.it\/seminario\/#website\"},\"primaryImageOfPage\":{\"@id\":\"https:\/\/www.diocesitn.it\/seminario\/2022\/09\/29\/matteo-e-lincanto-per-il-dio-della-vita\/#primaryimage\"},\"image\":{\"@id\":\"https:\/\/www.diocesitn.it\/seminario\/2022\/09\/29\/matteo-e-lincanto-per-il-dio-della-vita\/#primaryimage\"},\"thumbnailUrl\":\"https:\/\/www.diocesitn.it\/seminario\/wp-content\/uploads\/sites\/41\/2022\/09\/6-7_foto-di-comunita-post-ordinazione-e1667574713669.jpeg\",\"datePublished\":\"2022-09-29T15:01:33+00:00\",\"dateModified\":\"2022-09-29T16:40:59+00:00\",\"author\":{\"@id\":\"https:\/\/www.diocesitn.it\/seminario\/#\/schema\/person\/fe751b4cf044b25d6ad3f1991d9b6d54\"},\"breadcrumb\":{\"@id\":\"https:\/\/www.diocesitn.it\/seminario\/2022\/09\/29\/matteo-e-lincanto-per-il-dio-della-vita\/#breadcrumb\"},\"inLanguage\":\"it-IT\",\"potentialAction\":[{\"@type\":\"ReadAction\",\"target\":[\"https:\/\/www.diocesitn.it\/seminario\/2022\/09\/29\/matteo-e-lincanto-per-il-dio-della-vita\/\"]}]},{\"@type\":\"ImageObject\",\"inLanguage\":\"it-IT\",\"@id\":\"https:\/\/www.diocesitn.it\/seminario\/2022\/09\/29\/matteo-e-lincanto-per-il-dio-della-vita\/#primaryimage\",\"url\":\"https:\/\/www.diocesitn.it\/seminario\/wp-content\/uploads\/sites\/41\/2022\/09\/6-7_foto-di-comunita-post-ordinazione-e1667574713669.jpeg\",\"contentUrl\":\"https:\/\/www.diocesitn.it\/seminario\/wp-content\/uploads\/sites\/41\/2022\/09\/6-7_foto-di-comunita-post-ordinazione-e1667574713669.jpeg\",\"width\":1600,\"height\":1120},{\"@type\":\"BreadcrumbList\",\"@id\":\"https:\/\/www.diocesitn.it\/seminario\/2022\/09\/29\/matteo-e-lincanto-per-il-dio-della-vita\/#breadcrumb\",\"itemListElement\":[{\"@type\":\"ListItem\",\"position\":1,\"name\":\"Home\",\"item\":\"https:\/\/www.diocesitn.it\/seminario\/\"},{\"@type\":\"ListItem\",\"position\":2,\"name\":\"Matteo e l\u2019incanto per il Dio della vita\"}]},{\"@type\":\"WebSite\",\"@id\":\"https:\/\/www.diocesitn.it\/seminario\/#website\",\"url\":\"https:\/\/www.diocesitn.it\/seminario\/\",\"name\":\"Seminario Maggiore Arcivescovile\",\"description\":\"Chiesa di Trento\",\"potentialAction\":[{\"@type\":\"SearchAction\",\"target\":{\"@type\":\"EntryPoint\",\"urlTemplate\":\"https:\/\/www.diocesitn.it\/seminario\/?s={search_term_string}\"},\"query-input\":\"required name=search_term_string\"}],\"inLanguage\":\"it-IT\"},{\"@type\":\"ImageObject\",\"inLanguage\":\"it-IT\",\"@id\":\"https:\/\/www.diocesitn.it\/seminario\/2022\/09\/29\/matteo-e-lincanto-per-il-dio-della-vita\/#local-main-organization-logo\",\"url\":\"\",\"contentUrl\":\"\",\"caption\":\"Seminario Maggiore Arcivescovile - Chiesa di Trento\"}]}<\/script>\n<!-- \/ Yoast SEO Premium plugin. -->","yoast_head_json":{"title":"Matteo e l\u2019incanto per il Dio della vita - Seminario Maggiore Arcivescovile","robots":{"index":"index","follow":"follow","max-snippet":"max-snippet:-1","max-image-preview":"max-image-preview:large","max-video-preview":"max-video-preview:-1"},"canonical":"https:\/\/www.diocesitn.it\/seminario\/2022\/09\/29\/matteo-e-lincanto-per-il-dio-della-vita\/","og_locale":"it_IT","og_type":"article","og_title":"Matteo e l\u2019incanto per il Dio della vita","og_description":"Sabato 18 giugno abbiamo vissuto, nella Cattedrale di Trento, l\u2019ordinazione presbiterale del nostro compagno di Seminario, don Matteo Moranduzzo. Ventisei anni, originario di Castello Tesino e in esperienza pastorale a Pergine durante questo ultimo anno,","og_url":"https:\/\/www.diocesitn.it\/seminario\/2022\/09\/29\/matteo-e-lincanto-per-il-dio-della-vita\/","og_site_name":"Seminario Maggiore Arcivescovile","article_publisher":"https:\/\/www.facebook.com\/seminariotrento\/","article_published_time":"2022-09-29T15:01:33+00:00","article_modified_time":"2022-09-29T16:40:59+00:00","og_image":[{"width":1600,"height":1200,"url":"https:\/\/www.diocesitn.it\/seminario\/wp-content\/uploads\/sites\/41\/2022\/09\/6-7_foto-di-comunita-post-ordinazione.jpeg","type":"image\/jpeg"}],"author":"seminaristitrento","twitter_card":"summary_large_image","twitter_misc":{"Scritto da":"seminaristitrento","Tempo di lettura stimato":"3 minuti"},"schema":{"@context":"https:\/\/schema.org","@graph":[{"@type":"WebPage","@id":"https:\/\/www.diocesitn.it\/seminario\/2022\/09\/29\/matteo-e-lincanto-per-il-dio-della-vita\/","url":"https:\/\/www.diocesitn.it\/seminario\/2022\/09\/29\/matteo-e-lincanto-per-il-dio-della-vita\/","name":"Matteo e l\u2019incanto per il Dio della vita - Seminario Maggiore Arcivescovile","isPartOf":{"@id":"https:\/\/www.diocesitn.it\/seminario\/#website"},"primaryImageOfPage":{"@id":"https:\/\/www.diocesitn.it\/seminario\/2022\/09\/29\/matteo-e-lincanto-per-il-dio-della-vita\/#primaryimage"},"image":{"@id":"https:\/\/www.diocesitn.it\/seminario\/2022\/09\/29\/matteo-e-lincanto-per-il-dio-della-vita\/#primaryimage"},"thumbnailUrl":"https:\/\/www.diocesitn.it\/seminario\/wp-content\/uploads\/sites\/41\/2022\/09\/6-7_foto-di-comunita-post-ordinazione-e1667574713669.jpeg","datePublished":"2022-09-29T15:01:33+00:00","dateModified":"2022-09-29T16:40:59+00:00","author":{"@id":"https:\/\/www.diocesitn.it\/seminario\/#\/schema\/person\/fe751b4cf044b25d6ad3f1991d9b6d54"},"breadcrumb":{"@id":"https:\/\/www.diocesitn.it\/seminario\/2022\/09\/29\/matteo-e-lincanto-per-il-dio-della-vita\/#breadcrumb"},"inLanguage":"it-IT","potentialAction":[{"@type":"ReadAction","target":["https:\/\/www.diocesitn.it\/seminario\/2022\/09\/29\/matteo-e-lincanto-per-il-dio-della-vita\/"]}]},{"@type":"ImageObject","inLanguage":"it-IT","@id":"https:\/\/www.diocesitn.it\/seminario\/2022\/09\/29\/matteo-e-lincanto-per-il-dio-della-vita\/#primaryimage","url":"https:\/\/www.diocesitn.it\/seminario\/wp-content\/uploads\/sites\/41\/2022\/09\/6-7_foto-di-comunita-post-ordinazione-e1667574713669.jpeg","contentUrl":"https:\/\/www.diocesitn.it\/seminario\/wp-content\/uploads\/sites\/41\/2022\/09\/6-7_foto-di-comunita-post-ordinazione-e1667574713669.jpeg","width":1600,"height":1120},{"@type":"BreadcrumbList","@id":"https:\/\/www.diocesitn.it\/seminario\/2022\/09\/29\/matteo-e-lincanto-per-il-dio-della-vita\/#breadcrumb","itemListElement":[{"@type":"ListItem","position":1,"name":"Home","item":"https:\/\/www.diocesitn.it\/seminario\/"},{"@type":"ListItem","position":2,"name":"Matteo e l\u2019incanto per il Dio della vita"}]},{"@type":"WebSite","@id":"https:\/\/www.diocesitn.it\/seminario\/#website","url":"https:\/\/www.diocesitn.it\/seminario\/","name":"Seminario Maggiore Arcivescovile","description":"Chiesa di Trento","potentialAction":[{"@type":"SearchAction","target":{"@type":"EntryPoint","urlTemplate":"https:\/\/www.diocesitn.it\/seminario\/?s={search_term_string}"},"query-input":"required name=search_term_string"}],"inLanguage":"it-IT"},{"@type":"ImageObject","inLanguage":"it-IT","@id":"https:\/\/www.diocesitn.it\/seminario\/2022\/09\/29\/matteo-e-lincanto-per-il-dio-della-vita\/#local-main-organization-logo","url":"","contentUrl":"","caption":"Seminario Maggiore Arcivescovile - Chiesa di Trento"}]}},"_links":{"self":[{"href":"https:\/\/www.diocesitn.it\/seminario\/wp-json\/wp\/v2\/posts\/532","targetHints":{"allow":["GET"]}}],"collection":[{"href":"https:\/\/www.diocesitn.it\/seminario\/wp-json\/wp\/v2\/posts"}],"about":[{"href":"https:\/\/www.diocesitn.it\/seminario\/wp-json\/wp\/v2\/types\/post"}],"author":[{"embeddable":true,"href":"https:\/\/www.diocesitn.it\/seminario\/wp-json\/wp\/v2\/users\/172"}],"replies":[{"embeddable":true,"href":"https:\/\/www.diocesitn.it\/seminario\/wp-json\/wp\/v2\/comments?post=532"}],"version-history":[{"count":1,"href":"https:\/\/www.diocesitn.it\/seminario\/wp-json\/wp\/v2\/posts\/532\/revisions"}],"predecessor-version":[{"id":534,"href":"https:\/\/www.diocesitn.it\/seminario\/wp-json\/wp\/v2\/posts\/532\/revisions\/534"}],"wp:featuredmedia":[{"embeddable":true,"href":"https:\/\/www.diocesitn.it\/seminario\/wp-json\/wp\/v2\/media\/535"}],"wp:attachment":[{"href":"https:\/\/www.diocesitn.it\/seminario\/wp-json\/wp\/v2\/media?parent=532"}],"wp:term":[{"taxonomy":"category","embeddable":true,"href":"https:\/\/www.diocesitn.it\/seminario\/wp-json\/wp\/v2\/categories?post=532"},{"taxonomy":"post_tag","embeddable":true,"href":"https:\/\/www.diocesitn.it\/seminario\/wp-json\/wp\/v2\/tags?post=532"}],"curies":[{"name":"wp","href":"https:\/\/api.w.org\/{rel}","templated":true}]}}