{"id":512,"date":"2022-05-12T12:00:06","date_gmt":"2022-05-12T10:00:06","guid":{"rendered":"https:\/\/www.diocesitn.it\/seminario\/?p=512"},"modified":"2022-05-09T15:58:29","modified_gmt":"2022-05-09T13:58:29","slug":"512","status":"publish","type":"post","link":"https:\/\/www.diocesitn.it\/seminario\/2022\/05\/12\/512\/","title":{"rendered":"Il nostro gioved\u00ec sera come un ospite amico"},"content":{"rendered":"<p style=\"font-weight: 400\">Una delle attivit\u00e0 che da quest\u2019anno \u00e8 stata lanciata per noi seminaristi \u00e8 quella di condividere un pasto serale con una famiglia diversa da quella nostra di origine. Ogni gioved\u00ec ci ritroviamo nella famiglia che ci ospita, per la cena e per poi stare un po\u2019 insieme. Questa volta abbiamo voluto che fosse la famiglia stessa a dirci qualcosa in merito a questa iniziativa. Durante lo scorso gioved\u00ec nella semplicit\u00e0 e convivialit\u00e0 del pasto ho chiesto a loro il perch\u00e9 si sono lasciti coinvolgere in questa esperienza, che cosa si aspettavano all\u2019inizio e che significato ha assunto per loro.<\/p>\n<p style=\"font-weight: 400\">Intorno al tavolo eravamo in cinque (la mamma e le quattro figlie) mentre il pap\u00e0 era in video chiamata, per impegni di lavoro, ma anch\u2019egli non voleva perdersi questo appuntamento che loro definiscono importante e di crescita.<\/p>\n<p style=\"font-weight: 400\">Pu\u00f2 stupire che una famiglia gi\u00e0 numerosa (pap\u00e0 e mamma e quattro figlie) abbia anche la voglia e le forze per aggiungere un posto a tavola per questo nuovo e misterioso (all\u2019inizio) ospite che poi diventer\u00e0 a tutti gli effetti parte della famiglia e amico. Questo \u00e8 quello che ho immaginato io, invece per loro non c\u2019era nessuna fatica, essendo abituati a condividere il pasto con parenti e amici.<\/p>\n<p style=\"font-weight: 400\">Alla prima domanda, sul perch\u00e9 si sono fatti coinvolgere, mi hanno risposto prontamente che si sono sentiti scelti e che per loro sarebbe stata una occasione di crescita per la famiglia, e con una battuta fuori capo una delle figlie citando Emma Watson ha detto \u201c<em>se non ora, quando?<\/em>\u201d. Quello che mi ha incuriosito \u00e8 che questa decisione \u00e8 stata presa da tutti i membri, si sono presi l\u2019impegno, nonostante le figlie siano anche grandi (terza media, quinta superiore e universit\u00e0) di far diventare il gioved\u00ec sera un momento importante per tutti. All\u2019inizio c\u2019erano dei timori comprensibili \u2013 come ogni novit\u00e0 ci si domanda se si \u00e8 all\u2019altezza; questo, per\u00f2, non ha tolto la loro convinzione nell\u2019aderire a questa proposta. E chiedendo loro il perch\u00e9, che significato ha per loro questo momento, mi hanno risposto che questa esperienza poteva essere, ed \u00e8 un\u2019occasione per loro (ma anche per me) di conoscere una persona giovane che sta facendo un cammino vocazionale particolare, diverso da quello che \u00e8 per una famiglia, ma che alla fine il punto di arrivo \u00e8 comune: cercare lo stesso incontro con il Signore. Questo incontro \u00e8 possibile perch\u00e9 vicendevolmente si condivide la nostra storia, che sono piccoli brani di vita vissuta che arricchiscono tutti. Anche e soprattutto per le figlie, avendo pi\u00f9 o meno la mia et\u00e0, \u00e8 un\u2019occasione significativa, sia perch\u00e9 si pu\u00f2 parlare di argomenti anche meno comuni, come le domande legate all\u2019esperienza di Dio, sia per condividere anche momenti di svago e divertimento serale.<\/p>\n<p style=\"font-weight: 400\">Penso che coltivare fin dal seminario questo tipo di esperienze sia fondamentale per iniziare a vivere uno stile, che \u00e8 stile evangelico. Perch\u00e9 la fede, la nostra fede, inizia, si mantiene viva e cresce grazie all\u2019incontro di uomini e donne che, in amicizia e stima, condividono le stesse domande, le stesse intuizioni e la stessa fede che matura anche intorno a una tavola.<\/p>\n<p style=\"font-weight: 400;text-align: right\"><em>Filippo Zanetti<\/em><\/p>\n<p style=\"text-align: right\"><em>articolo da Come Amici<\/em><\/p>\n","protected":false},"excerpt":{"rendered":"<p>Una delle attivit\u00e0 che da quest\u2019anno \u00e8 stata lanciata per noi seminaristi \u00e8 quella di condividere un pasto serale con una famiglia diversa da quella nostra di origine. Ogni gioved\u00ec ci ritroviamo nella famiglia che<\/p>\n","protected":false},"author":172,"featured_media":525,"comment_status":"closed","ping_status":"closed","sticky":false,"template":"","format":"standard","meta":{"footnotes":""},"categories":[176],"tags":[],"class_list":["post-512","post","type-post","status-publish","format-standard","has-post-thumbnail","hentry","category-notizie"],"acf":{"seed-localization-paese-cod":"IT","seed-localization-address":"","seed-localization-citta":"Trento","seed-localization-regione-cod-istat":"04","seed-localization-citta-cod-istat":"022205","seed-localization-localita":"","seed-localization-cap":"","seed-localization-marker-visibility":false,"seed-localization-children-visibility":false,"seed-localization-kml":"","seed-localization-custom-marker":""},"yoast_head":"<!-- This site is optimized with the Yoast SEO Premium plugin v20.2.1 (Yoast SEO v22.2) - https:\/\/yoast.com\/wordpress\/plugins\/seo\/ -->\n<title>Il nostro gioved\u00ec sera come un ospite amico - Seminario Maggiore Arcivescovile<\/title>\n<meta name=\"robots\" content=\"index, follow, max-snippet:-1, max-image-preview:large, max-video-preview:-1\" \/>\n<link rel=\"canonical\" href=\"https:\/\/www.diocesitn.it\/seminario\/2022\/05\/12\/512\/\" \/>\n<meta property=\"og:locale\" content=\"it_IT\" \/>\n<meta property=\"og:type\" content=\"article\" \/>\n<meta property=\"og:title\" content=\"Il nostro gioved\u00ec sera come un ospite amico\" \/>\n<meta property=\"og:description\" content=\"Una delle attivit\u00e0 che da quest\u2019anno \u00e8 stata lanciata per noi seminaristi \u00e8 quella di condividere un pasto serale con una famiglia diversa da quella nostra di origine. Ogni gioved\u00ec ci ritroviamo nella famiglia che\" \/>\n<meta property=\"og:url\" content=\"https:\/\/www.diocesitn.it\/seminario\/2022\/05\/12\/512\/\" \/>\n<meta property=\"og:site_name\" content=\"Seminario Maggiore Arcivescovile\" \/>\n<meta property=\"article:publisher\" content=\"https:\/\/www.facebook.com\/seminariotrento\/\" \/>\n<meta property=\"article:published_time\" content=\"2022-05-12T10:00:06+00:00\" \/>\n<meta property=\"article:modified_time\" content=\"2022-05-09T13:58:29+00:00\" \/>\n<meta property=\"og:image\" content=\"https:\/\/www.diocesitn.it\/seminario\/wp-content\/uploads\/sites\/41\/2022\/05\/immagine-famiglia-articolo-come-amici-scaled.jpg\" \/>\n\t<meta property=\"og:image:width\" content=\"1707\" \/>\n\t<meta property=\"og:image:height\" content=\"2560\" \/>\n\t<meta property=\"og:image:type\" content=\"image\/jpeg\" \/>\n<meta name=\"author\" content=\"seminaristitrento\" \/>\n<meta name=\"twitter:card\" content=\"summary_large_image\" \/>\n<meta name=\"twitter:label1\" content=\"Scritto da\" \/>\n\t<meta name=\"twitter:data1\" content=\"seminaristitrento\" \/>\n\t<meta name=\"twitter:label2\" content=\"Tempo di lettura stimato\" \/>\n\t<meta name=\"twitter:data2\" content=\"3 minuti\" \/>\n<script type=\"application\/ld+json\" class=\"yoast-schema-graph\">{\"@context\":\"https:\/\/schema.org\",\"@graph\":[{\"@type\":\"WebPage\",\"@id\":\"https:\/\/www.diocesitn.it\/seminario\/2022\/05\/12\/512\/\",\"url\":\"https:\/\/www.diocesitn.it\/seminario\/2022\/05\/12\/512\/\",\"name\":\"Il nostro gioved\u00ec sera come un ospite amico - Seminario Maggiore Arcivescovile\",\"isPartOf\":{\"@id\":\"https:\/\/www.diocesitn.it\/seminario\/#website\"},\"primaryImageOfPage\":{\"@id\":\"https:\/\/www.diocesitn.it\/seminario\/2022\/05\/12\/512\/#primaryimage\"},\"image\":{\"@id\":\"https:\/\/www.diocesitn.it\/seminario\/2022\/05\/12\/512\/#primaryimage\"},\"thumbnailUrl\":\"https:\/\/www.diocesitn.it\/seminario\/wp-content\/uploads\/sites\/41\/2022\/05\/immagine-famiglia-articolo-come-amici-scaled.jpg\",\"datePublished\":\"2022-05-12T10:00:06+00:00\",\"dateModified\":\"2022-05-09T13:58:29+00:00\",\"author\":{\"@id\":\"https:\/\/www.diocesitn.it\/seminario\/#\/schema\/person\/fe751b4cf044b25d6ad3f1991d9b6d54\"},\"breadcrumb\":{\"@id\":\"https:\/\/www.diocesitn.it\/seminario\/2022\/05\/12\/512\/#breadcrumb\"},\"inLanguage\":\"it-IT\",\"potentialAction\":[{\"@type\":\"ReadAction\",\"target\":[\"https:\/\/www.diocesitn.it\/seminario\/2022\/05\/12\/512\/\"]}]},{\"@type\":\"ImageObject\",\"inLanguage\":\"it-IT\",\"@id\":\"https:\/\/www.diocesitn.it\/seminario\/2022\/05\/12\/512\/#primaryimage\",\"url\":\"https:\/\/www.diocesitn.it\/seminario\/wp-content\/uploads\/sites\/41\/2022\/05\/immagine-famiglia-articolo-come-amici-scaled.jpg\",\"contentUrl\":\"https:\/\/www.diocesitn.it\/seminario\/wp-content\/uploads\/sites\/41\/2022\/05\/immagine-famiglia-articolo-come-amici-scaled.jpg\",\"width\":1707,\"height\":2560},{\"@type\":\"BreadcrumbList\",\"@id\":\"https:\/\/www.diocesitn.it\/seminario\/2022\/05\/12\/512\/#breadcrumb\",\"itemListElement\":[{\"@type\":\"ListItem\",\"position\":1,\"name\":\"Home\",\"item\":\"https:\/\/www.diocesitn.it\/seminario\/\"},{\"@type\":\"ListItem\",\"position\":2,\"name\":\"Il nostro gioved\u00ec sera come un ospite amico\"}]},{\"@type\":\"WebSite\",\"@id\":\"https:\/\/www.diocesitn.it\/seminario\/#website\",\"url\":\"https:\/\/www.diocesitn.it\/seminario\/\",\"name\":\"Seminario Maggiore Arcivescovile\",\"description\":\"Chiesa di Trento\",\"potentialAction\":[{\"@type\":\"SearchAction\",\"target\":{\"@type\":\"EntryPoint\",\"urlTemplate\":\"https:\/\/www.diocesitn.it\/seminario\/?s={search_term_string}\"},\"query-input\":\"required name=search_term_string\"}],\"inLanguage\":\"it-IT\"},{\"@type\":\"ImageObject\",\"inLanguage\":\"it-IT\",\"@id\":\"https:\/\/www.diocesitn.it\/seminario\/2022\/05\/12\/512\/#local-main-organization-logo\",\"url\":\"\",\"contentUrl\":\"\",\"caption\":\"Seminario Maggiore Arcivescovile - Chiesa di Trento\"}]}<\/script>\n<!-- \/ Yoast SEO Premium plugin. -->","yoast_head_json":{"title":"Il nostro gioved\u00ec sera come un ospite amico - Seminario Maggiore Arcivescovile","robots":{"index":"index","follow":"follow","max-snippet":"max-snippet:-1","max-image-preview":"max-image-preview:large","max-video-preview":"max-video-preview:-1"},"canonical":"https:\/\/www.diocesitn.it\/seminario\/2022\/05\/12\/512\/","og_locale":"it_IT","og_type":"article","og_title":"Il nostro gioved\u00ec sera come un ospite amico","og_description":"Una delle attivit\u00e0 che da quest\u2019anno \u00e8 stata lanciata per noi seminaristi \u00e8 quella di condividere un pasto serale con una famiglia diversa da quella nostra di origine. Ogni gioved\u00ec ci ritroviamo nella famiglia che","og_url":"https:\/\/www.diocesitn.it\/seminario\/2022\/05\/12\/512\/","og_site_name":"Seminario Maggiore Arcivescovile","article_publisher":"https:\/\/www.facebook.com\/seminariotrento\/","article_published_time":"2022-05-12T10:00:06+00:00","article_modified_time":"2022-05-09T13:58:29+00:00","og_image":[{"width":1707,"height":2560,"url":"https:\/\/www.diocesitn.it\/seminario\/wp-content\/uploads\/sites\/41\/2022\/05\/immagine-famiglia-articolo-come-amici-scaled.jpg","type":"image\/jpeg"}],"author":"seminaristitrento","twitter_card":"summary_large_image","twitter_misc":{"Scritto da":"seminaristitrento","Tempo di lettura stimato":"3 minuti"},"schema":{"@context":"https:\/\/schema.org","@graph":[{"@type":"WebPage","@id":"https:\/\/www.diocesitn.it\/seminario\/2022\/05\/12\/512\/","url":"https:\/\/www.diocesitn.it\/seminario\/2022\/05\/12\/512\/","name":"Il nostro gioved\u00ec sera come un ospite amico - Seminario Maggiore Arcivescovile","isPartOf":{"@id":"https:\/\/www.diocesitn.it\/seminario\/#website"},"primaryImageOfPage":{"@id":"https:\/\/www.diocesitn.it\/seminario\/2022\/05\/12\/512\/#primaryimage"},"image":{"@id":"https:\/\/www.diocesitn.it\/seminario\/2022\/05\/12\/512\/#primaryimage"},"thumbnailUrl":"https:\/\/www.diocesitn.it\/seminario\/wp-content\/uploads\/sites\/41\/2022\/05\/immagine-famiglia-articolo-come-amici-scaled.jpg","datePublished":"2022-05-12T10:00:06+00:00","dateModified":"2022-05-09T13:58:29+00:00","author":{"@id":"https:\/\/www.diocesitn.it\/seminario\/#\/schema\/person\/fe751b4cf044b25d6ad3f1991d9b6d54"},"breadcrumb":{"@id":"https:\/\/www.diocesitn.it\/seminario\/2022\/05\/12\/512\/#breadcrumb"},"inLanguage":"it-IT","potentialAction":[{"@type":"ReadAction","target":["https:\/\/www.diocesitn.it\/seminario\/2022\/05\/12\/512\/"]}]},{"@type":"ImageObject","inLanguage":"it-IT","@id":"https:\/\/www.diocesitn.it\/seminario\/2022\/05\/12\/512\/#primaryimage","url":"https:\/\/www.diocesitn.it\/seminario\/wp-content\/uploads\/sites\/41\/2022\/05\/immagine-famiglia-articolo-come-amici-scaled.jpg","contentUrl":"https:\/\/www.diocesitn.it\/seminario\/wp-content\/uploads\/sites\/41\/2022\/05\/immagine-famiglia-articolo-come-amici-scaled.jpg","width":1707,"height":2560},{"@type":"BreadcrumbList","@id":"https:\/\/www.diocesitn.it\/seminario\/2022\/05\/12\/512\/#breadcrumb","itemListElement":[{"@type":"ListItem","position":1,"name":"Home","item":"https:\/\/www.diocesitn.it\/seminario\/"},{"@type":"ListItem","position":2,"name":"Il nostro gioved\u00ec sera come un ospite amico"}]},{"@type":"WebSite","@id":"https:\/\/www.diocesitn.it\/seminario\/#website","url":"https:\/\/www.diocesitn.it\/seminario\/","name":"Seminario Maggiore Arcivescovile","description":"Chiesa di Trento","potentialAction":[{"@type":"SearchAction","target":{"@type":"EntryPoint","urlTemplate":"https:\/\/www.diocesitn.it\/seminario\/?s={search_term_string}"},"query-input":"required name=search_term_string"}],"inLanguage":"it-IT"},{"@type":"ImageObject","inLanguage":"it-IT","@id":"https:\/\/www.diocesitn.it\/seminario\/2022\/05\/12\/512\/#local-main-organization-logo","url":"","contentUrl":"","caption":"Seminario Maggiore Arcivescovile - Chiesa di Trento"}]}},"_links":{"self":[{"href":"https:\/\/www.diocesitn.it\/seminario\/wp-json\/wp\/v2\/posts\/512","targetHints":{"allow":["GET"]}}],"collection":[{"href":"https:\/\/www.diocesitn.it\/seminario\/wp-json\/wp\/v2\/posts"}],"about":[{"href":"https:\/\/www.diocesitn.it\/seminario\/wp-json\/wp\/v2\/types\/post"}],"author":[{"embeddable":true,"href":"https:\/\/www.diocesitn.it\/seminario\/wp-json\/wp\/v2\/users\/172"}],"replies":[{"embeddable":true,"href":"https:\/\/www.diocesitn.it\/seminario\/wp-json\/wp\/v2\/comments?post=512"}],"version-history":[{"count":4,"href":"https:\/\/www.diocesitn.it\/seminario\/wp-json\/wp\/v2\/posts\/512\/revisions"}],"predecessor-version":[{"id":526,"href":"https:\/\/www.diocesitn.it\/seminario\/wp-json\/wp\/v2\/posts\/512\/revisions\/526"}],"wp:featuredmedia":[{"embeddable":true,"href":"https:\/\/www.diocesitn.it\/seminario\/wp-json\/wp\/v2\/media\/525"}],"wp:attachment":[{"href":"https:\/\/www.diocesitn.it\/seminario\/wp-json\/wp\/v2\/media?parent=512"}],"wp:term":[{"taxonomy":"category","embeddable":true,"href":"https:\/\/www.diocesitn.it\/seminario\/wp-json\/wp\/v2\/categories?post=512"},{"taxonomy":"post_tag","embeddable":true,"href":"https:\/\/www.diocesitn.it\/seminario\/wp-json\/wp\/v2\/tags?post=512"}],"curies":[{"name":"wp","href":"https:\/\/api.w.org\/{rel}","templated":true}]}}