{"id":496,"date":"2022-04-30T17:55:32","date_gmt":"2022-04-30T15:55:32","guid":{"rendered":"https:\/\/www.diocesitn.it\/seminario\/?p=496"},"modified":"2022-05-02T18:05:04","modified_gmt":"2022-05-02T16:05:04","slug":"convegno-missionario-nazionale-dei-seminaristi","status":"publish","type":"post","link":"https:\/\/www.diocesitn.it\/seminario\/2022\/04\/30\/convegno-missionario-nazionale-dei-seminaristi\/","title":{"rendered":"Convegno Missionario Nazionale dei Seminaristi"},"content":{"rendered":"<p>Il\u00a0<strong>65esimo Convegno missionario nazionale dei\u00a0Seminaristi<\/strong>, organizzato da Missio Consacrati nel Seminario vescovile Giovanni XXIII di Bergamo, conclusosi sabato 30 aprile, proponendo un tema molto importante per il cammino di preparazione al sacerdozio: <strong>\u201cVocazione: vivere per dono\u201d<\/strong>.<\/p>\n<p><span style=\"font-size: inherit\">Ed \u00e8 proprio intorno al <\/span><strong style=\"font-size: inherit\">concetto di \u201cdonarsi\u201d<\/strong><span style=\"font-size: inherit\"> che don Pizzoli ha incentrato la sua sintesi: \u00abIn questo dono originario e gratuito del Signore \u2013 ha detto in fase conclusiva \u2013 riconosciamo la radice del senso della nostra vita: essa assume un senso tanto pi\u00f9 significativo e entusiasmante, quanto pi\u00f9 si sviluppa nel donarsi gratuito di s\u00e9 agli altri. <\/span><strong style=\"font-size: inherit\">Il donarsi di noi stessi agli altri \u00e8 il principio che permette la nascita e lo sviluppo di relazioni vere, autentiche, profonde e, oserei dire, perenni<\/strong><span style=\"font-size: inherit\">\u00bb.\u00a0<\/span>E ancora: \u00abNon esiste possibilit\u00e0 di dono nella chiusura in se stessi o nel ripiegamento sui propri problemi o sui propri bisogni. Solo l\u2019apertura all\u2019altro, la disponibilit\u00e0 a stare con gli altri, l\u2019ascolto delle loro vite, la condivisione delle loro fatiche, l\u2019accoglienza delle loro speranze, cio\u00e8, la sfida di costruire relazioni vere, libere e liberanti, permette di <strong>sperimentare la vita come dono di s\u00e9<\/strong>\u00bb.<\/p>\n<p>Dai quattro giorni di Convegno tutti i partecipanti sono partiti con <strong>due certezze<\/strong>: la prima \u00e8 che \u00ab<strong>la missione \u00e8 dono<\/strong>: dono della fede, ricevuta gratuitamente da Dio nel battesimo; dono che siamo chiamati a condividere con tutti: \u201candate e annunciate\u201d!\u00bb; la seconda \u00e8 che \u00abil \u201cdonarsi\u201d, il vivere\u201d in uscita\u201d da s\u00e9 in mille relazioni umane profonde, non \u00e8 semplicemente un impegno, un dovere da compiere, ma <strong>\u00e8 la via maestra della missione<\/strong>\u00bb.<\/p>\n<p>Don Pizzoli ha poi sottolineato <strong>tre parole significative<\/strong>, risuonate nei quattro giorni di convegno:<\/p>\n<ol>\n<li><strong>Grazia<\/strong> (dono dell\u2019amore di Dio che ci anticipa e precede qualsiasi nostro merito);<\/li>\n<li><strong>Gratuit\u00e0<\/strong> (lo stile di vita indispensabile alla missione evangelizzatrice);<\/li>\n<li><strong>Gratitudine<\/strong> (la forza che sostiene e rende indistruttibili le relazioni con Dio e con i fratelli).<\/li>\n<\/ol>\n<p>Infine, rivolgendosi direttamente ai seminaristi, <strong>il direttore di Missio ha fatto loro alcune raccomandazioni<\/strong>: \u00abAllenatevi a sentire e vivere la vostra vita come un dono; <strong>non rifiutate mai ci\u00f2 che la vita vi offre, neanche le fatiche e le crisi: anch\u2019esse, vissute come dono, vi fanno crescere e maturare.<\/strong>Date spazio all\u2019<strong>ascolto delle vite degli altri, in particolare quelle dei missionari; invitateli spesso nei vostri Seminari<\/strong>. Non preoccupatevi troppo di imparare a parlare in pubblico, di imparare a predicare. Imparate piuttosto a far s\u00ec che <strong>la vostra vita parli e parli di cose belle, parli di Vangelo<\/strong>, parli del nostro Dio che ama con profondit\u00e0 e con libert\u00e0. E\u2019 Lui il celibatario per eccellenza perch\u00e9 ama sempre, anche e soprattutto quando non c\u2019\u00e8 reciprocit\u00e0, anche quando il dono del suo amore non \u00e8 compreso o viene coscientemente rifiutato\u00bb.<\/p>\n<p><strong>Alcuni spunti significativi raccolti dalle tante testimonianze dei missionari ascoltati in questi giorni<\/strong>, spunti che i seminaristi vogliono provare a far entrare nel loro modo di essere sacerdoti:<\/p>\n<ul>\n<li><span style=\"font-size: inherit\">L\u2019importanza di \u201cstare\u201d, di \u201cvivere\u201d con la gente, anche in situazioni di ingiustizia;<\/span><\/li>\n<li>Prendersi il tempo necessario per \u201cstare\u201d nelle relazioni, perch\u00e9 possano essere rivelatrici della vicinanza di Dio;<\/li>\n<li><span style=\"font-size: inherit\">La necessit\u00e0 di reinventarsi continuamente, poich\u00e9 in missione vengono a mancare le certezze e ci si deve affidare alla Provvidenza, nell\u2019atteggiamento di chi vigila \u201ccon le lampade accese\u201d;<\/span><\/li>\n<li><span style=\"font-size: inherit\">La corresponsabilit\u00e0 tra preti e laici, che ci ha reso pi\u00f9 chiara e attraente l\u2019identit\u00e0 e la missione del prete.<\/span>\n<p style=\"text-align: right\"><em>fonte www.missioitalia.it<\/em><\/p>\n<p><img loading=\"lazy\" decoding=\"async\" class=\"alignnone size-medium wp-image-502\" src=\"https:\/\/www.diocesitn.it\/seminario\/wp-content\/uploads\/sites\/41\/2022\/05\/2-convegno-seminaristi-bergamo-2022--300x169.jpeg\" alt=\"\" width=\"300\" height=\"169\" srcset=\"https:\/\/www.diocesitn.it\/seminario\/wp-content\/uploads\/sites\/41\/2022\/05\/2-convegno-seminaristi-bergamo-2022--300x169.jpeg 300w, https:\/\/www.diocesitn.it\/seminario\/wp-content\/uploads\/sites\/41\/2022\/05\/2-convegno-seminaristi-bergamo-2022--1024x576.jpeg 1024w, https:\/\/www.diocesitn.it\/seminario\/wp-content\/uploads\/sites\/41\/2022\/05\/2-convegno-seminaristi-bergamo-2022--768x432.jpeg 768w, https:\/\/www.diocesitn.it\/seminario\/wp-content\/uploads\/sites\/41\/2022\/05\/2-convegno-seminaristi-bergamo-2022--360x202.jpeg 360w, https:\/\/www.diocesitn.it\/seminario\/wp-content\/uploads\/sites\/41\/2022\/05\/2-convegno-seminaristi-bergamo-2022--1536x863.jpeg 1536w, https:\/\/www.diocesitn.it\/seminario\/wp-content\/uploads\/sites\/41\/2022\/05\/2-convegno-seminaristi-bergamo-2022--800x450.jpeg 800w, https:\/\/www.diocesitn.it\/seminario\/wp-content\/uploads\/sites\/41\/2022\/05\/2-convegno-seminaristi-bergamo-2022--1200x674.jpeg 1200w, https:\/\/www.diocesitn.it\/seminario\/wp-content\/uploads\/sites\/41\/2022\/05\/2-convegno-seminaristi-bergamo-2022-.jpeg 2048w\" sizes=\"auto, (max-width: 300px) 100vw, 300px\" \/> <img loading=\"lazy\" decoding=\"async\" class=\"alignnone size-medium wp-image-503\" src=\"https:\/\/www.diocesitn.it\/seminario\/wp-content\/uploads\/sites\/41\/2022\/05\/3-convegno-seminaristi-bergamo-2022-300x169.jpeg\" alt=\"\" width=\"300\" height=\"169\" srcset=\"https:\/\/www.diocesitn.it\/seminario\/wp-content\/uploads\/sites\/41\/2022\/05\/3-convegno-seminaristi-bergamo-2022-300x169.jpeg 300w, https:\/\/www.diocesitn.it\/seminario\/wp-content\/uploads\/sites\/41\/2022\/05\/3-convegno-seminaristi-bergamo-2022-1024x576.jpeg 1024w, https:\/\/www.diocesitn.it\/seminario\/wp-content\/uploads\/sites\/41\/2022\/05\/3-convegno-seminaristi-bergamo-2022-768x432.jpeg 768w, https:\/\/www.diocesitn.it\/seminario\/wp-content\/uploads\/sites\/41\/2022\/05\/3-convegno-seminaristi-bergamo-2022-360x202.jpeg 360w, https:\/\/www.diocesitn.it\/seminario\/wp-content\/uploads\/sites\/41\/2022\/05\/3-convegno-seminaristi-bergamo-2022-1536x863.jpeg 1536w, https:\/\/www.diocesitn.it\/seminario\/wp-content\/uploads\/sites\/41\/2022\/05\/3-convegno-seminaristi-bergamo-2022-800x450.jpeg 800w, https:\/\/www.diocesitn.it\/seminario\/wp-content\/uploads\/sites\/41\/2022\/05\/3-convegno-seminaristi-bergamo-2022-1200x674.jpeg 1200w, https:\/\/www.diocesitn.it\/seminario\/wp-content\/uploads\/sites\/41\/2022\/05\/3-convegno-seminaristi-bergamo-2022.jpeg 2048w\" sizes=\"auto, (max-width: 300px) 100vw, 300px\" \/><\/li>\n<\/ul>\n","protected":false},"excerpt":{"rendered":"<p>Il\u00a065esimo Convegno missionario nazionale dei\u00a0Seminaristi, organizzato da Missio Consacrati nel Seminario vescovile Giovanni XXIII di Bergamo, conclusosi sabato 30 aprile, proponendo un tema molto importante per il cammino di preparazione al sacerdozio: \u201cVocazione: vivere per<\/p>\n","protected":false},"author":172,"featured_media":497,"comment_status":"closed","ping_status":"closed","sticky":false,"template":"","format":"standard","meta":{"footnotes":""},"categories":[176],"tags":[],"class_list":["post-496","post","type-post","status-publish","format-standard","has-post-thumbnail","hentry","category-notizie"],"acf":{"seed-localization-paese-cod":"IT","seed-localization-address":"","seed-localization-citta":"Trento","seed-localization-regione-cod-istat":"04","seed-localization-citta-cod-istat":"022205","seed-localization-localita":"","seed-localization-cap":"","seed-localization-marker-visibility":false,"seed-localization-children-visibility":false,"seed-localization-kml":"","seed-localization-custom-marker":""},"yoast_head":"<!-- This site is optimized with the Yoast SEO Premium plugin v20.2.1 (Yoast SEO v22.2) - https:\/\/yoast.com\/wordpress\/plugins\/seo\/ -->\n<title>Convegno Missionario Nazionale dei Seminaristi - Seminario Maggiore Arcivescovile<\/title>\n<meta name=\"robots\" content=\"index, follow, max-snippet:-1, max-image-preview:large, max-video-preview:-1\" \/>\n<link rel=\"canonical\" href=\"https:\/\/www.diocesitn.it\/seminario\/2022\/04\/30\/convegno-missionario-nazionale-dei-seminaristi\/\" \/>\n<meta property=\"og:locale\" content=\"it_IT\" \/>\n<meta property=\"og:type\" content=\"article\" \/>\n<meta property=\"og:title\" content=\"Convegno Missionario Nazionale dei Seminaristi\" \/>\n<meta property=\"og:description\" content=\"Il\u00a065esimo Convegno missionario nazionale dei\u00a0Seminaristi, organizzato da Missio Consacrati nel Seminario vescovile Giovanni XXIII di Bergamo, conclusosi sabato 30 aprile, proponendo un tema molto importante per il cammino di preparazione al sacerdozio: \u201cVocazione: vivere per\" \/>\n<meta property=\"og:url\" content=\"https:\/\/www.diocesitn.it\/seminario\/2022\/04\/30\/convegno-missionario-nazionale-dei-seminaristi\/\" \/>\n<meta property=\"og:site_name\" content=\"Seminario Maggiore Arcivescovile\" \/>\n<meta property=\"article:publisher\" content=\"https:\/\/www.facebook.com\/seminariotrento\/\" \/>\n<meta property=\"article:published_time\" content=\"2022-04-30T15:55:32+00:00\" \/>\n<meta property=\"article:modified_time\" content=\"2022-05-02T16:05:04+00:00\" \/>\n<meta property=\"og:image\" content=\"https:\/\/www.diocesitn.it\/seminario\/wp-content\/uploads\/sites\/41\/2022\/05\/convegno-seminaristi-bergamo-2022.jpeg\" \/>\n\t<meta property=\"og:image:width\" content=\"2455\" \/>\n\t<meta property=\"og:image:height\" content=\"1159\" \/>\n\t<meta property=\"og:image:type\" content=\"image\/jpeg\" \/>\n<meta name=\"author\" content=\"seminaristitrento\" \/>\n<meta name=\"twitter:card\" content=\"summary_large_image\" \/>\n<meta name=\"twitter:label1\" content=\"Scritto da\" \/>\n\t<meta name=\"twitter:data1\" content=\"seminaristitrento\" \/>\n\t<meta name=\"twitter:label2\" content=\"Tempo di lettura stimato\" \/>\n\t<meta name=\"twitter:data2\" content=\"3 minuti\" \/>\n<script type=\"application\/ld+json\" class=\"yoast-schema-graph\">{\"@context\":\"https:\/\/schema.org\",\"@graph\":[{\"@type\":\"WebPage\",\"@id\":\"https:\/\/www.diocesitn.it\/seminario\/2022\/04\/30\/convegno-missionario-nazionale-dei-seminaristi\/\",\"url\":\"https:\/\/www.diocesitn.it\/seminario\/2022\/04\/30\/convegno-missionario-nazionale-dei-seminaristi\/\",\"name\":\"Convegno Missionario Nazionale dei Seminaristi - Seminario Maggiore Arcivescovile\",\"isPartOf\":{\"@id\":\"https:\/\/www.diocesitn.it\/seminario\/#website\"},\"primaryImageOfPage\":{\"@id\":\"https:\/\/www.diocesitn.it\/seminario\/2022\/04\/30\/convegno-missionario-nazionale-dei-seminaristi\/#primaryimage\"},\"image\":{\"@id\":\"https:\/\/www.diocesitn.it\/seminario\/2022\/04\/30\/convegno-missionario-nazionale-dei-seminaristi\/#primaryimage\"},\"thumbnailUrl\":\"https:\/\/www.diocesitn.it\/seminario\/wp-content\/uploads\/sites\/41\/2022\/05\/convegno-seminaristi-bergamo-2022.jpeg\",\"datePublished\":\"2022-04-30T15:55:32+00:00\",\"dateModified\":\"2022-05-02T16:05:04+00:00\",\"author\":{\"@id\":\"https:\/\/www.diocesitn.it\/seminario\/#\/schema\/person\/fe751b4cf044b25d6ad3f1991d9b6d54\"},\"breadcrumb\":{\"@id\":\"https:\/\/www.diocesitn.it\/seminario\/2022\/04\/30\/convegno-missionario-nazionale-dei-seminaristi\/#breadcrumb\"},\"inLanguage\":\"it-IT\",\"potentialAction\":[{\"@type\":\"ReadAction\",\"target\":[\"https:\/\/www.diocesitn.it\/seminario\/2022\/04\/30\/convegno-missionario-nazionale-dei-seminaristi\/\"]}]},{\"@type\":\"ImageObject\",\"inLanguage\":\"it-IT\",\"@id\":\"https:\/\/www.diocesitn.it\/seminario\/2022\/04\/30\/convegno-missionario-nazionale-dei-seminaristi\/#primaryimage\",\"url\":\"https:\/\/www.diocesitn.it\/seminario\/wp-content\/uploads\/sites\/41\/2022\/05\/convegno-seminaristi-bergamo-2022.jpeg\",\"contentUrl\":\"https:\/\/www.diocesitn.it\/seminario\/wp-content\/uploads\/sites\/41\/2022\/05\/convegno-seminaristi-bergamo-2022.jpeg\",\"width\":2455,\"height\":1159},{\"@type\":\"BreadcrumbList\",\"@id\":\"https:\/\/www.diocesitn.it\/seminario\/2022\/04\/30\/convegno-missionario-nazionale-dei-seminaristi\/#breadcrumb\",\"itemListElement\":[{\"@type\":\"ListItem\",\"position\":1,\"name\":\"Home\",\"item\":\"https:\/\/www.diocesitn.it\/seminario\/\"},{\"@type\":\"ListItem\",\"position\":2,\"name\":\"Convegno Missionario Nazionale dei Seminaristi\"}]},{\"@type\":\"WebSite\",\"@id\":\"https:\/\/www.diocesitn.it\/seminario\/#website\",\"url\":\"https:\/\/www.diocesitn.it\/seminario\/\",\"name\":\"Seminario Maggiore Arcivescovile\",\"description\":\"Chiesa di Trento\",\"potentialAction\":[{\"@type\":\"SearchAction\",\"target\":{\"@type\":\"EntryPoint\",\"urlTemplate\":\"https:\/\/www.diocesitn.it\/seminario\/?s={search_term_string}\"},\"query-input\":\"required name=search_term_string\"}],\"inLanguage\":\"it-IT\"},{\"@type\":\"ImageObject\",\"inLanguage\":\"it-IT\",\"@id\":\"https:\/\/www.diocesitn.it\/seminario\/2022\/04\/30\/convegno-missionario-nazionale-dei-seminaristi\/#local-main-organization-logo\",\"url\":\"\",\"contentUrl\":\"\",\"caption\":\"Seminario Maggiore Arcivescovile - Chiesa di Trento\"}]}<\/script>\n<!-- \/ Yoast SEO Premium plugin. -->","yoast_head_json":{"title":"Convegno Missionario Nazionale dei Seminaristi - Seminario Maggiore Arcivescovile","robots":{"index":"index","follow":"follow","max-snippet":"max-snippet:-1","max-image-preview":"max-image-preview:large","max-video-preview":"max-video-preview:-1"},"canonical":"https:\/\/www.diocesitn.it\/seminario\/2022\/04\/30\/convegno-missionario-nazionale-dei-seminaristi\/","og_locale":"it_IT","og_type":"article","og_title":"Convegno Missionario Nazionale dei Seminaristi","og_description":"Il\u00a065esimo Convegno missionario nazionale dei\u00a0Seminaristi, organizzato da Missio Consacrati nel Seminario vescovile Giovanni XXIII di Bergamo, conclusosi sabato 30 aprile, proponendo un tema molto importante per il cammino di preparazione al sacerdozio: \u201cVocazione: vivere per","og_url":"https:\/\/www.diocesitn.it\/seminario\/2022\/04\/30\/convegno-missionario-nazionale-dei-seminaristi\/","og_site_name":"Seminario Maggiore Arcivescovile","article_publisher":"https:\/\/www.facebook.com\/seminariotrento\/","article_published_time":"2022-04-30T15:55:32+00:00","article_modified_time":"2022-05-02T16:05:04+00:00","og_image":[{"width":2455,"height":1159,"url":"https:\/\/www.diocesitn.it\/seminario\/wp-content\/uploads\/sites\/41\/2022\/05\/convegno-seminaristi-bergamo-2022.jpeg","type":"image\/jpeg"}],"author":"seminaristitrento","twitter_card":"summary_large_image","twitter_misc":{"Scritto da":"seminaristitrento","Tempo di lettura stimato":"3 minuti"},"schema":{"@context":"https:\/\/schema.org","@graph":[{"@type":"WebPage","@id":"https:\/\/www.diocesitn.it\/seminario\/2022\/04\/30\/convegno-missionario-nazionale-dei-seminaristi\/","url":"https:\/\/www.diocesitn.it\/seminario\/2022\/04\/30\/convegno-missionario-nazionale-dei-seminaristi\/","name":"Convegno Missionario Nazionale dei Seminaristi - Seminario Maggiore Arcivescovile","isPartOf":{"@id":"https:\/\/www.diocesitn.it\/seminario\/#website"},"primaryImageOfPage":{"@id":"https:\/\/www.diocesitn.it\/seminario\/2022\/04\/30\/convegno-missionario-nazionale-dei-seminaristi\/#primaryimage"},"image":{"@id":"https:\/\/www.diocesitn.it\/seminario\/2022\/04\/30\/convegno-missionario-nazionale-dei-seminaristi\/#primaryimage"},"thumbnailUrl":"https:\/\/www.diocesitn.it\/seminario\/wp-content\/uploads\/sites\/41\/2022\/05\/convegno-seminaristi-bergamo-2022.jpeg","datePublished":"2022-04-30T15:55:32+00:00","dateModified":"2022-05-02T16:05:04+00:00","author":{"@id":"https:\/\/www.diocesitn.it\/seminario\/#\/schema\/person\/fe751b4cf044b25d6ad3f1991d9b6d54"},"breadcrumb":{"@id":"https:\/\/www.diocesitn.it\/seminario\/2022\/04\/30\/convegno-missionario-nazionale-dei-seminaristi\/#breadcrumb"},"inLanguage":"it-IT","potentialAction":[{"@type":"ReadAction","target":["https:\/\/www.diocesitn.it\/seminario\/2022\/04\/30\/convegno-missionario-nazionale-dei-seminaristi\/"]}]},{"@type":"ImageObject","inLanguage":"it-IT","@id":"https:\/\/www.diocesitn.it\/seminario\/2022\/04\/30\/convegno-missionario-nazionale-dei-seminaristi\/#primaryimage","url":"https:\/\/www.diocesitn.it\/seminario\/wp-content\/uploads\/sites\/41\/2022\/05\/convegno-seminaristi-bergamo-2022.jpeg","contentUrl":"https:\/\/www.diocesitn.it\/seminario\/wp-content\/uploads\/sites\/41\/2022\/05\/convegno-seminaristi-bergamo-2022.jpeg","width":2455,"height":1159},{"@type":"BreadcrumbList","@id":"https:\/\/www.diocesitn.it\/seminario\/2022\/04\/30\/convegno-missionario-nazionale-dei-seminaristi\/#breadcrumb","itemListElement":[{"@type":"ListItem","position":1,"name":"Home","item":"https:\/\/www.diocesitn.it\/seminario\/"},{"@type":"ListItem","position":2,"name":"Convegno Missionario Nazionale dei Seminaristi"}]},{"@type":"WebSite","@id":"https:\/\/www.diocesitn.it\/seminario\/#website","url":"https:\/\/www.diocesitn.it\/seminario\/","name":"Seminario Maggiore Arcivescovile","description":"Chiesa di Trento","potentialAction":[{"@type":"SearchAction","target":{"@type":"EntryPoint","urlTemplate":"https:\/\/www.diocesitn.it\/seminario\/?s={search_term_string}"},"query-input":"required name=search_term_string"}],"inLanguage":"it-IT"},{"@type":"ImageObject","inLanguage":"it-IT","@id":"https:\/\/www.diocesitn.it\/seminario\/2022\/04\/30\/convegno-missionario-nazionale-dei-seminaristi\/#local-main-organization-logo","url":"","contentUrl":"","caption":"Seminario Maggiore Arcivescovile - Chiesa di Trento"}]}},"_links":{"self":[{"href":"https:\/\/www.diocesitn.it\/seminario\/wp-json\/wp\/v2\/posts\/496","targetHints":{"allow":["GET"]}}],"collection":[{"href":"https:\/\/www.diocesitn.it\/seminario\/wp-json\/wp\/v2\/posts"}],"about":[{"href":"https:\/\/www.diocesitn.it\/seminario\/wp-json\/wp\/v2\/types\/post"}],"author":[{"embeddable":true,"href":"https:\/\/www.diocesitn.it\/seminario\/wp-json\/wp\/v2\/users\/172"}],"replies":[{"embeddable":true,"href":"https:\/\/www.diocesitn.it\/seminario\/wp-json\/wp\/v2\/comments?post=496"}],"version-history":[{"count":3,"href":"https:\/\/www.diocesitn.it\/seminario\/wp-json\/wp\/v2\/posts\/496\/revisions"}],"predecessor-version":[{"id":505,"href":"https:\/\/www.diocesitn.it\/seminario\/wp-json\/wp\/v2\/posts\/496\/revisions\/505"}],"wp:featuredmedia":[{"embeddable":true,"href":"https:\/\/www.diocesitn.it\/seminario\/wp-json\/wp\/v2\/media\/497"}],"wp:attachment":[{"href":"https:\/\/www.diocesitn.it\/seminario\/wp-json\/wp\/v2\/media?parent=496"}],"wp:term":[{"taxonomy":"category","embeddable":true,"href":"https:\/\/www.diocesitn.it\/seminario\/wp-json\/wp\/v2\/categories?post=496"},{"taxonomy":"post_tag","embeddable":true,"href":"https:\/\/www.diocesitn.it\/seminario\/wp-json\/wp\/v2\/tags?post=496"}],"curies":[{"name":"wp","href":"https:\/\/api.w.org\/{rel}","templated":true}]}}