{"id":261,"date":"2021-09-28T15:00:18","date_gmt":"2021-09-28T13:00:18","guid":{"rendered":"https:\/\/www.diocesitn.it\/seminario\/?p=261"},"modified":"2021-10-26T16:04:30","modified_gmt":"2021-10-26T14:04:30","slug":"santa-messa-di-inizio-anno-di-seminario","status":"publish","type":"post","link":"https:\/\/www.diocesitn.it\/seminario\/2021\/09\/28\/santa-messa-di-inizio-anno-di-seminario\/","title":{"rendered":"Santa Messa di inizio anno di Seminario"},"content":{"rendered":"<p>Marted\u00ec 28 settembre 2021 in occasione dell&#8217;inizio di Seminario, si \u00e8 tenuta la Santa Messa presieduta dall&#8217;Arcivescovo di Trento mons. Lauro Tisi presso la chiesa del Seminario Arcivescovile di Trento, con la presenza dei seminaristi e le loro famiglie.<\/p>\n<p>Cercando di tenere presente l&#8217;invio del Vangelo di Luca proclamato durante la celebrazione: <em>&#8220;E si misero in cammino per un altro viaggio&#8221; (9;51-56)<\/em> , il Vangelo ricorda a noi come comunit\u00e0 del Seminario e ai nostri cari, di essere vigilanti, sempre disposti a mettersi in viaggio e ad accogliere il dono della verit\u00e0, perch\u00e9: <em>&#8220;La salvezza che Dio ci dona \u00e8 un invito a far parte di una storia d&#8217;amore che si intreccia con le nostre storie; che vive e vuole nascere tra noi, perch\u00e9 possiamo dare frutto l\u00ec dove siamo, come siamo e con chi siamo&#8221; (Christus Vivit n. 252)<\/em><\/p>\n<p><img loading=\"lazy\" decoding=\"async\" class=\"alignnone size-medium wp-image-262\" src=\"https:\/\/www.diocesitn.it\/seminario\/wp-content\/uploads\/sites\/41\/2021\/10\/Santa-Messa-inizio-anno-2021_2-300x225.jpg\" alt=\"\" width=\"300\" height=\"225\" srcset=\"https:\/\/www.diocesitn.it\/seminario\/wp-content\/uploads\/sites\/41\/2021\/10\/Santa-Messa-inizio-anno-2021_2-300x225.jpg 300w, https:\/\/www.diocesitn.it\/seminario\/wp-content\/uploads\/sites\/41\/2021\/10\/Santa-Messa-inizio-anno-2021_2-1024x768.jpg 1024w, https:\/\/www.diocesitn.it\/seminario\/wp-content\/uploads\/sites\/41\/2021\/10\/Santa-Messa-inizio-anno-2021_2-768x576.jpg 768w, https:\/\/www.diocesitn.it\/seminario\/wp-content\/uploads\/sites\/41\/2021\/10\/Santa-Messa-inizio-anno-2021_2-360x270.jpg 360w, https:\/\/www.diocesitn.it\/seminario\/wp-content\/uploads\/sites\/41\/2021\/10\/Santa-Messa-inizio-anno-2021_2-1536x1152.jpg 1536w, https:\/\/www.diocesitn.it\/seminario\/wp-content\/uploads\/sites\/41\/2021\/10\/Santa-Messa-inizio-anno-2021_2-2048x1536.jpg 2048w, https:\/\/www.diocesitn.it\/seminario\/wp-content\/uploads\/sites\/41\/2021\/10\/Santa-Messa-inizio-anno-2021_2-800x600.jpg 800w, https:\/\/www.diocesitn.it\/seminario\/wp-content\/uploads\/sites\/41\/2021\/10\/Santa-Messa-inizio-anno-2021_2-1200x900.jpg 1200w\" sizes=\"auto, (max-width: 300px) 100vw, 300px\" \/> <img loading=\"lazy\" decoding=\"async\" class=\"alignnone size-medium wp-image-263\" src=\"https:\/\/www.diocesitn.it\/seminario\/wp-content\/uploads\/sites\/41\/2021\/10\/Santa-Messa-inizio-anno-2021_1-300x225.jpg\" alt=\"\" width=\"300\" height=\"225\" srcset=\"https:\/\/www.diocesitn.it\/seminario\/wp-content\/uploads\/sites\/41\/2021\/10\/Santa-Messa-inizio-anno-2021_1-300x225.jpg 300w, https:\/\/www.diocesitn.it\/seminario\/wp-content\/uploads\/sites\/41\/2021\/10\/Santa-Messa-inizio-anno-2021_1-1024x768.jpg 1024w, https:\/\/www.diocesitn.it\/seminario\/wp-content\/uploads\/sites\/41\/2021\/10\/Santa-Messa-inizio-anno-2021_1-768x576.jpg 768w, https:\/\/www.diocesitn.it\/seminario\/wp-content\/uploads\/sites\/41\/2021\/10\/Santa-Messa-inizio-anno-2021_1-360x270.jpg 360w, https:\/\/www.diocesitn.it\/seminario\/wp-content\/uploads\/sites\/41\/2021\/10\/Santa-Messa-inizio-anno-2021_1-1536x1152.jpg 1536w, https:\/\/www.diocesitn.it\/seminario\/wp-content\/uploads\/sites\/41\/2021\/10\/Santa-Messa-inizio-anno-2021_1-2048x1536.jpg 2048w, https:\/\/www.diocesitn.it\/seminario\/wp-content\/uploads\/sites\/41\/2021\/10\/Santa-Messa-inizio-anno-2021_1-800x600.jpg 800w, https:\/\/www.diocesitn.it\/seminario\/wp-content\/uploads\/sites\/41\/2021\/10\/Santa-Messa-inizio-anno-2021_1-1200x900.jpg 1200w\" sizes=\"auto, (max-width: 300px) 100vw, 300px\" \/><\/p>\n","protected":false},"excerpt":{"rendered":"<p>Marted\u00ec 28 settembre 2021 in occasione dell&#8217;inizio di Seminario, si \u00e8 tenuta la Santa Messa presieduta dall&#8217;Arcivescovo di Trento mons. Lauro Tisi presso la chiesa del Seminario Arcivescovile di Trento, con la presenza dei seminaristi<\/p>\n","protected":false},"author":172,"featured_media":262,"comment_status":"closed","ping_status":"closed","sticky":false,"template":"","format":"standard","meta":{"footnotes":""},"categories":[176],"tags":[],"class_list":["post-261","post","type-post","status-publish","format-standard","has-post-thumbnail","hentry","category-notizie"],"acf":{"seed-localization-paese-cod":"IT","seed-localization-address":"","seed-localization-citta":"Trento","seed-localization-regione-cod-istat":"04","seed-localization-citta-cod-istat":"022205","seed-localization-localita":"","seed-localization-cap":"","seed-localization-marker-visibility":false,"seed-localization-children-visibility":false,"seed-localization-kml":"","seed-localization-custom-marker":""},"yoast_head":"<!-- This site is optimized with the Yoast SEO Premium plugin v20.2.1 (Yoast SEO v22.2) - https:\/\/yoast.com\/wordpress\/plugins\/seo\/ -->\n<title>Santa Messa di inizio anno di Seminario - Seminario Maggiore Arcivescovile<\/title>\n<meta name=\"robots\" content=\"index, follow, max-snippet:-1, max-image-preview:large, max-video-preview:-1\" \/>\n<link rel=\"canonical\" href=\"https:\/\/www.diocesitn.it\/seminario\/2021\/09\/28\/santa-messa-di-inizio-anno-di-seminario\/\" \/>\n<meta property=\"og:locale\" content=\"it_IT\" \/>\n<meta property=\"og:type\" content=\"article\" \/>\n<meta property=\"og:title\" content=\"Santa Messa di inizio anno di Seminario\" \/>\n<meta property=\"og:description\" content=\"Marted\u00ec 28 settembre 2021 in occasione dell&#8217;inizio di Seminario, si \u00e8 tenuta la Santa Messa presieduta dall&#8217;Arcivescovo di Trento mons. Lauro Tisi presso la chiesa del Seminario Arcivescovile di Trento, con la presenza dei seminaristi\" \/>\n<meta property=\"og:url\" content=\"https:\/\/www.diocesitn.it\/seminario\/2021\/09\/28\/santa-messa-di-inizio-anno-di-seminario\/\" \/>\n<meta property=\"og:site_name\" content=\"Seminario Maggiore Arcivescovile\" \/>\n<meta property=\"article:publisher\" content=\"https:\/\/www.facebook.com\/seminariotrento\/\" \/>\n<meta property=\"article:published_time\" content=\"2021-09-28T13:00:18+00:00\" \/>\n<meta property=\"article:modified_time\" content=\"2021-10-26T14:04:30+00:00\" \/>\n<meta property=\"og:image\" content=\"https:\/\/www.diocesitn.it\/seminario\/wp-content\/uploads\/sites\/41\/2021\/10\/Santa-Messa-inizio-anno-2021_2-scaled.jpg\" \/>\n\t<meta property=\"og:image:width\" content=\"2560\" \/>\n\t<meta property=\"og:image:height\" content=\"1920\" \/>\n\t<meta property=\"og:image:type\" content=\"image\/jpeg\" \/>\n<meta name=\"author\" content=\"seminaristitrento\" \/>\n<meta name=\"twitter:card\" content=\"summary_large_image\" \/>\n<meta name=\"twitter:label1\" content=\"Scritto da\" \/>\n\t<meta name=\"twitter:data1\" content=\"seminaristitrento\" \/>\n\t<meta name=\"twitter:label2\" content=\"Tempo di lettura stimato\" \/>\n\t<meta name=\"twitter:data2\" content=\"2 minuti\" \/>\n<script type=\"application\/ld+json\" class=\"yoast-schema-graph\">{\"@context\":\"https:\/\/schema.org\",\"@graph\":[{\"@type\":\"WebPage\",\"@id\":\"https:\/\/www.diocesitn.it\/seminario\/2021\/09\/28\/santa-messa-di-inizio-anno-di-seminario\/\",\"url\":\"https:\/\/www.diocesitn.it\/seminario\/2021\/09\/28\/santa-messa-di-inizio-anno-di-seminario\/\",\"name\":\"Santa Messa di inizio anno di Seminario - Seminario Maggiore Arcivescovile\",\"isPartOf\":{\"@id\":\"https:\/\/www.diocesitn.it\/seminario\/#website\"},\"primaryImageOfPage\":{\"@id\":\"https:\/\/www.diocesitn.it\/seminario\/2021\/09\/28\/santa-messa-di-inizio-anno-di-seminario\/#primaryimage\"},\"image\":{\"@id\":\"https:\/\/www.diocesitn.it\/seminario\/2021\/09\/28\/santa-messa-di-inizio-anno-di-seminario\/#primaryimage\"},\"thumbnailUrl\":\"https:\/\/www.diocesitn.it\/seminario\/wp-content\/uploads\/sites\/41\/2021\/10\/Santa-Messa-inizio-anno-2021_2-scaled.jpg\",\"datePublished\":\"2021-09-28T13:00:18+00:00\",\"dateModified\":\"2021-10-26T14:04:30+00:00\",\"author\":{\"@id\":\"https:\/\/www.diocesitn.it\/seminario\/#\/schema\/person\/fe751b4cf044b25d6ad3f1991d9b6d54\"},\"breadcrumb\":{\"@id\":\"https:\/\/www.diocesitn.it\/seminario\/2021\/09\/28\/santa-messa-di-inizio-anno-di-seminario\/#breadcrumb\"},\"inLanguage\":\"it-IT\",\"potentialAction\":[{\"@type\":\"ReadAction\",\"target\":[\"https:\/\/www.diocesitn.it\/seminario\/2021\/09\/28\/santa-messa-di-inizio-anno-di-seminario\/\"]}]},{\"@type\":\"ImageObject\",\"inLanguage\":\"it-IT\",\"@id\":\"https:\/\/www.diocesitn.it\/seminario\/2021\/09\/28\/santa-messa-di-inizio-anno-di-seminario\/#primaryimage\",\"url\":\"https:\/\/www.diocesitn.it\/seminario\/wp-content\/uploads\/sites\/41\/2021\/10\/Santa-Messa-inizio-anno-2021_2-scaled.jpg\",\"contentUrl\":\"https:\/\/www.diocesitn.it\/seminario\/wp-content\/uploads\/sites\/41\/2021\/10\/Santa-Messa-inizio-anno-2021_2-scaled.jpg\",\"width\":2560,\"height\":1920},{\"@type\":\"BreadcrumbList\",\"@id\":\"https:\/\/www.diocesitn.it\/seminario\/2021\/09\/28\/santa-messa-di-inizio-anno-di-seminario\/#breadcrumb\",\"itemListElement\":[{\"@type\":\"ListItem\",\"position\":1,\"name\":\"Home\",\"item\":\"https:\/\/www.diocesitn.it\/seminario\/\"},{\"@type\":\"ListItem\",\"position\":2,\"name\":\"Santa Messa di inizio anno di Seminario\"}]},{\"@type\":\"WebSite\",\"@id\":\"https:\/\/www.diocesitn.it\/seminario\/#website\",\"url\":\"https:\/\/www.diocesitn.it\/seminario\/\",\"name\":\"Seminario Maggiore Arcivescovile\",\"description\":\"Chiesa di Trento\",\"potentialAction\":[{\"@type\":\"SearchAction\",\"target\":{\"@type\":\"EntryPoint\",\"urlTemplate\":\"https:\/\/www.diocesitn.it\/seminario\/?s={search_term_string}\"},\"query-input\":\"required name=search_term_string\"}],\"inLanguage\":\"it-IT\"},{\"@type\":\"ImageObject\",\"inLanguage\":\"it-IT\",\"@id\":\"https:\/\/www.diocesitn.it\/seminario\/2021\/09\/28\/santa-messa-di-inizio-anno-di-seminario\/#local-main-organization-logo\",\"url\":\"\",\"contentUrl\":\"\",\"caption\":\"Seminario Maggiore Arcivescovile - Chiesa di Trento\"}]}<\/script>\n<!-- \/ Yoast SEO Premium plugin. -->","yoast_head_json":{"title":"Santa Messa di inizio anno di Seminario - Seminario Maggiore Arcivescovile","robots":{"index":"index","follow":"follow","max-snippet":"max-snippet:-1","max-image-preview":"max-image-preview:large","max-video-preview":"max-video-preview:-1"},"canonical":"https:\/\/www.diocesitn.it\/seminario\/2021\/09\/28\/santa-messa-di-inizio-anno-di-seminario\/","og_locale":"it_IT","og_type":"article","og_title":"Santa Messa di inizio anno di Seminario","og_description":"Marted\u00ec 28 settembre 2021 in occasione dell&#8217;inizio di Seminario, si \u00e8 tenuta la Santa Messa presieduta dall&#8217;Arcivescovo di Trento mons. Lauro Tisi presso la chiesa del Seminario Arcivescovile di Trento, con la presenza dei seminaristi","og_url":"https:\/\/www.diocesitn.it\/seminario\/2021\/09\/28\/santa-messa-di-inizio-anno-di-seminario\/","og_site_name":"Seminario Maggiore Arcivescovile","article_publisher":"https:\/\/www.facebook.com\/seminariotrento\/","article_published_time":"2021-09-28T13:00:18+00:00","article_modified_time":"2021-10-26T14:04:30+00:00","og_image":[{"width":2560,"height":1920,"url":"https:\/\/www.diocesitn.it\/seminario\/wp-content\/uploads\/sites\/41\/2021\/10\/Santa-Messa-inizio-anno-2021_2-scaled.jpg","type":"image\/jpeg"}],"author":"seminaristitrento","twitter_card":"summary_large_image","twitter_misc":{"Scritto da":"seminaristitrento","Tempo di lettura stimato":"2 minuti"},"schema":{"@context":"https:\/\/schema.org","@graph":[{"@type":"WebPage","@id":"https:\/\/www.diocesitn.it\/seminario\/2021\/09\/28\/santa-messa-di-inizio-anno-di-seminario\/","url":"https:\/\/www.diocesitn.it\/seminario\/2021\/09\/28\/santa-messa-di-inizio-anno-di-seminario\/","name":"Santa Messa di inizio anno di Seminario - Seminario Maggiore Arcivescovile","isPartOf":{"@id":"https:\/\/www.diocesitn.it\/seminario\/#website"},"primaryImageOfPage":{"@id":"https:\/\/www.diocesitn.it\/seminario\/2021\/09\/28\/santa-messa-di-inizio-anno-di-seminario\/#primaryimage"},"image":{"@id":"https:\/\/www.diocesitn.it\/seminario\/2021\/09\/28\/santa-messa-di-inizio-anno-di-seminario\/#primaryimage"},"thumbnailUrl":"https:\/\/www.diocesitn.it\/seminario\/wp-content\/uploads\/sites\/41\/2021\/10\/Santa-Messa-inizio-anno-2021_2-scaled.jpg","datePublished":"2021-09-28T13:00:18+00:00","dateModified":"2021-10-26T14:04:30+00:00","author":{"@id":"https:\/\/www.diocesitn.it\/seminario\/#\/schema\/person\/fe751b4cf044b25d6ad3f1991d9b6d54"},"breadcrumb":{"@id":"https:\/\/www.diocesitn.it\/seminario\/2021\/09\/28\/santa-messa-di-inizio-anno-di-seminario\/#breadcrumb"},"inLanguage":"it-IT","potentialAction":[{"@type":"ReadAction","target":["https:\/\/www.diocesitn.it\/seminario\/2021\/09\/28\/santa-messa-di-inizio-anno-di-seminario\/"]}]},{"@type":"ImageObject","inLanguage":"it-IT","@id":"https:\/\/www.diocesitn.it\/seminario\/2021\/09\/28\/santa-messa-di-inizio-anno-di-seminario\/#primaryimage","url":"https:\/\/www.diocesitn.it\/seminario\/wp-content\/uploads\/sites\/41\/2021\/10\/Santa-Messa-inizio-anno-2021_2-scaled.jpg","contentUrl":"https:\/\/www.diocesitn.it\/seminario\/wp-content\/uploads\/sites\/41\/2021\/10\/Santa-Messa-inizio-anno-2021_2-scaled.jpg","width":2560,"height":1920},{"@type":"BreadcrumbList","@id":"https:\/\/www.diocesitn.it\/seminario\/2021\/09\/28\/santa-messa-di-inizio-anno-di-seminario\/#breadcrumb","itemListElement":[{"@type":"ListItem","position":1,"name":"Home","item":"https:\/\/www.diocesitn.it\/seminario\/"},{"@type":"ListItem","position":2,"name":"Santa Messa di inizio anno di Seminario"}]},{"@type":"WebSite","@id":"https:\/\/www.diocesitn.it\/seminario\/#website","url":"https:\/\/www.diocesitn.it\/seminario\/","name":"Seminario Maggiore Arcivescovile","description":"Chiesa di Trento","potentialAction":[{"@type":"SearchAction","target":{"@type":"EntryPoint","urlTemplate":"https:\/\/www.diocesitn.it\/seminario\/?s={search_term_string}"},"query-input":"required name=search_term_string"}],"inLanguage":"it-IT"},{"@type":"ImageObject","inLanguage":"it-IT","@id":"https:\/\/www.diocesitn.it\/seminario\/2021\/09\/28\/santa-messa-di-inizio-anno-di-seminario\/#local-main-organization-logo","url":"","contentUrl":"","caption":"Seminario Maggiore Arcivescovile - Chiesa di Trento"}]}},"_links":{"self":[{"href":"https:\/\/www.diocesitn.it\/seminario\/wp-json\/wp\/v2\/posts\/261","targetHints":{"allow":["GET"]}}],"collection":[{"href":"https:\/\/www.diocesitn.it\/seminario\/wp-json\/wp\/v2\/posts"}],"about":[{"href":"https:\/\/www.diocesitn.it\/seminario\/wp-json\/wp\/v2\/types\/post"}],"author":[{"embeddable":true,"href":"https:\/\/www.diocesitn.it\/seminario\/wp-json\/wp\/v2\/users\/172"}],"replies":[{"embeddable":true,"href":"https:\/\/www.diocesitn.it\/seminario\/wp-json\/wp\/v2\/comments?post=261"}],"version-history":[{"count":3,"href":"https:\/\/www.diocesitn.it\/seminario\/wp-json\/wp\/v2\/posts\/261\/revisions"}],"predecessor-version":[{"id":287,"href":"https:\/\/www.diocesitn.it\/seminario\/wp-json\/wp\/v2\/posts\/261\/revisions\/287"}],"wp:featuredmedia":[{"embeddable":true,"href":"https:\/\/www.diocesitn.it\/seminario\/wp-json\/wp\/v2\/media\/262"}],"wp:attachment":[{"href":"https:\/\/www.diocesitn.it\/seminario\/wp-json\/wp\/v2\/media?parent=261"}],"wp:term":[{"taxonomy":"category","embeddable":true,"href":"https:\/\/www.diocesitn.it\/seminario\/wp-json\/wp\/v2\/categories?post=261"},{"taxonomy":"post_tag","embeddable":true,"href":"https:\/\/www.diocesitn.it\/seminario\/wp-json\/wp\/v2\/tags?post=261"}],"curies":[{"name":"wp","href":"https:\/\/api.w.org\/{rel}","templated":true}]}}