{"id":1199,"date":"2025-11-18T12:40:52","date_gmt":"2025-11-18T11:40:52","guid":{"rendered":"https:\/\/www.diocesitn.it\/seminario\/?p=1199"},"modified":"2025-11-18T12:43:26","modified_gmt":"2025-11-18T11:43:26","slug":"una-settimana-di-classe","status":"publish","type":"post","link":"https:\/\/www.diocesitn.it\/seminario\/2025\/11\/18\/una-settimana-di-classe\/","title":{"rendered":"Una settimana di classe"},"content":{"rendered":"<p class=\"s4\"><span class=\"s5\">Da domenica 1<\/span><span class=\"s5\">9<\/span><span class=\"s5\"> a venerd\u00ec 24 ottobre scorso, presso il seminario<\/span><span class=\"s5\"> di Trento<\/span><span class=\"s5\"> si \u00e8 svolta <\/span><span class=\"s6\">una settimana di classe<\/span><span class=\"s5\">, che ha visto coinvolti 10 ragazzi <\/span><span class=\"s5\">della <\/span><span class=\"s5\">4\u00aa<\/span>\u00a0<span class=\"s5\">S<\/span><span class=\"s5\">cientifico dell\u2019Arcivescovile: Chiara, Elisa, Sofia,<\/span><span class=\"s5\"> Francesco,<\/span><span class=\"s5\"> Giacomo, Jean Christo<\/span><span class=\"s5\">phe<\/span><span class=\"s5\">,<\/span> <span class=\"s5\">Jonn<\/span><span class=\"s5\">i<\/span><span class=\"s5\">, Lorenzo, Riccardo<\/span><span class=\"s5\"> e<\/span><span class=\"s5\"> Stefano, accompagnati da un gruppetto di<\/span><span class=\"s5\"> 5<\/span><span class=\"s5\"> animatori <\/span><span class=\"s5\">di cui <\/span><span class=\"s5\">gioiosamente ho fatto<\/span><span class=\"s5\"> parte<\/span><span class=\"s5\"> assieme a<\/span><span class=\"s5\"> don Paolo, Elena, Margherita e Andrea.<\/span><\/p>\n<p class=\"s4\"><span class=\"s5\">\u00c8 stata una settimana ricca ed arricchente, perch\u00e9 la convivenza proposta \u00e8 potuta fiorire e poi anche fruttare<\/span><span class=\"s5\">,<\/span> <span class=\"s5\">rivelando ai ragazzi<\/span><span class=\"s5\">un nuovo modo di svelarsi, conoscersi, raccontarsi e relazionarsi<\/span><span class=\"s5\">tra loro<\/span><span class=\"s5\">!<\/span><\/p>\n<p class=\"s4\"><span class=\"s5\">Il ritrovo era alle 7 nel luogo della preghiera, <\/span><span class=\"s5\">per<\/span><span class=\"s5\"> legge<\/span><span class=\"s5\">re<\/span><span class=\"s5\"> un brano del Vangelo <\/span><span class=\"s5\">e lanciare<\/span><span class=\"s5\"> il tema del giorno<\/span><span class=\"s5\">,<\/span> <span class=\"s5\">s<\/span><span class=\"s5\">ubito dopo<\/span><span class=\"s5\">:<\/span><span class=\"s5\"> colazione<\/span><span class=\"s5\"> e <\/span><span class=\"s5\">scuola.<\/span><span class=\"s5\"> I <\/span><span class=\"s5\">ragazzi tornavano in seminario per pranzo e nel pomeriggio<\/span><span class=\"s5\">, tra studio e attivit\u00e0,<\/span><span class=\"s5\"> alcuni si dedicavano con un animatore alla spesa e alla cena. Una sera alcune insegnanti ci hanno fatto visita per cucinare, cenare e trascorrere assieme il resto della serata che si \u00e8 protratta cantando<\/span><span class=\"s5\"> tutti<\/span><span class=\"s5\"> attorno ad una chitarra, con un clima davvero sereno e familiare. Familiare! Ecco la particolare <\/span><span class=\"s5\">preziosit\u00e0<\/span><span class=\"s5\"> di questi giorni, <\/span><span class=\"s5\">resi speciali grazie all\u2019uso di<\/span><span class=\"s5\"> tre sguardi: uno rivolto interiormente, uno verso l\u2019altro e il terzo verso Dio. Conciliarli \u00e8 stato quello che ha permesso <\/span><span class=\"s5\">ai<\/span><span class=\"s5\"> ragazzi di guadagnare <\/span><span class=\"s5\">in <\/span><span class=\"s5\">emozioni<\/span><span class=\"s5\"> e <\/span><span class=\"s5\">sentimenti<\/span><span class=\"s5\">,<\/span><span class=\"s5\"> diventa<\/span><span class=\"s5\">ndo<\/span><span class=\"s5\"> per noi animatori volti &#8211; <\/span><span class=\"s5\">oserei dire &#8211; cari<\/span><span class=\"s5\">.<\/span><\/p>\n<p class=\"s4\"><span class=\"s5\">Tutte <\/span><span class=\"s5\">l<\/span><span class=\"s5\">e<\/span><span class=\"s5\"> ser<\/span><span class=\"s5\">e, a<\/span><span class=\"s5\"> conclusione della giornata<\/span><span class=\"s5\">,<\/span><span class=\"s5\"> c\u2019era un momento di condivisione e preghiera che permetteva di rivelare ci\u00f2 che il tema <\/span><span class=\"s5\">lanciato al mattino <\/span><span class=\"s5\">aveva <\/span><span class=\"s5\">operato<\/span><span class=\"s5\"> in ognuno<\/span><span class=\"s5\">. <\/span><span class=\"s5\">Allora <\/span><span class=\"s5\">dopo ogni momento di preghiera, tutti facevano un nodo <\/span><span class=\"s5\">a delle corde colorate che,<\/span><span class=\"s5\"> nel susseguirsi dei momenti, dei giorni e dei temi, si intrecciavano<\/span> <span class=\"s5\">appese ad un telaio<\/span><span class=\"s5\">. Cos\u00ec Fiducia, Bellezza, Fragilit\u00e0 e Relazione sono diventati nodi saldi<\/span><span class=\"s5\">, uniti in<\/span><span class=\"s5\"> un<\/span><span class=\"s5\">\u2019unic<\/span><span class=\"s5\">a rete simbolo di un percorso <\/span><span class=\"s5\">di vita fatta di<\/span><span class=\"s5\"> veri <\/span><span class=\"s5\">e propri <\/span><span class=\"s5\">legami.<\/span><\/p>\n<p>&nbsp;<\/p>\n<p class=\"s4\"><span class=\"s5\">Andrea Nicolao<\/span><\/p>\n","protected":false},"excerpt":{"rendered":"<p>Da domenica 19 a venerd\u00ec 24 ottobre scorso, presso il seminario di Trento si \u00e8 svolta una settimana di classe, che ha visto coinvolti 10 ragazzi della 4\u00aa\u00a0Scientifico dell\u2019Arcivescovile: Chiara, Elisa, Sofia, Francesco, Giacomo, Jean<\/p>\n","protected":false},"author":172,"featured_media":1179,"comment_status":"closed","ping_status":"closed","sticky":false,"template":"","format":"standard","meta":{"footnotes":""},"categories":[176],"tags":[],"class_list":["post-1199","post","type-post","status-publish","format-standard","has-post-thumbnail","hentry","category-notizie"],"acf":{"seed-localization-paese-cod":"IT","seed-localization-address":"","seed-localization-citta":"Trento","seed-localization-regione-cod-istat":"04","seed-localization-citta-cod-istat":"022205","seed-localization-localita":"","seed-localization-cap":"","seed-localization-marker-visibility":false,"seed-localization-children-visibility":false,"seed-localization-kml":"","seed-localization-custom-marker":""},"yoast_head":"<!-- This site is optimized with the Yoast SEO Premium plugin v20.2.1 (Yoast SEO v22.2) - https:\/\/yoast.com\/wordpress\/plugins\/seo\/ -->\n<title>Una settimana di classe - Seminario Maggiore Arcivescovile<\/title>\n<meta name=\"description\" content=\"L\u2019esperienza di una settimana di convivenza in Seminario per studenti dell\u2019Arcivescovile\" \/>\n<meta name=\"robots\" content=\"index, follow, max-snippet:-1, max-image-preview:large, max-video-preview:-1\" \/>\n<link rel=\"canonical\" href=\"https:\/\/www.diocesitn.it\/seminario\/2025\/11\/18\/una-settimana-di-classe\/\" \/>\n<meta property=\"og:locale\" content=\"it_IT\" \/>\n<meta property=\"og:type\" content=\"article\" \/>\n<meta property=\"og:title\" content=\"Una settimana di classe\" \/>\n<meta property=\"og:description\" content=\"L\u2019esperienza di una settimana di convivenza in Seminario per studenti dell\u2019Arcivescovile\" \/>\n<meta property=\"og:url\" content=\"https:\/\/www.diocesitn.it\/seminario\/2025\/11\/18\/una-settimana-di-classe\/\" \/>\n<meta property=\"og:site_name\" content=\"Seminario Maggiore Arcivescovile\" \/>\n<meta property=\"article:publisher\" content=\"https:\/\/www.facebook.com\/seminariotrento\/\" \/>\n<meta property=\"article:published_time\" content=\"2025-11-18T11:40:52+00:00\" \/>\n<meta property=\"article:modified_time\" content=\"2025-11-18T11:43:26+00:00\" \/>\n<meta property=\"og:image\" content=\"https:\/\/www.diocesitn.it\/seminario\/wp-content\/uploads\/sites\/41\/2025\/11\/IMG_0322-1.jpeg\" \/>\n\t<meta property=\"og:image:width\" content=\"1600\" \/>\n\t<meta property=\"og:image:height\" content=\"739\" \/>\n\t<meta property=\"og:image:type\" content=\"image\/jpeg\" \/>\n<meta name=\"author\" content=\"seminaristitrento\" \/>\n<meta name=\"twitter:card\" content=\"summary_large_image\" \/>\n<meta name=\"twitter:label1\" content=\"Scritto da\" \/>\n\t<meta name=\"twitter:data1\" content=\"seminaristitrento\" \/>\n\t<meta name=\"twitter:label2\" content=\"Tempo di lettura stimato\" \/>\n\t<meta name=\"twitter:data2\" content=\"2 minuti\" \/>\n<script type=\"application\/ld+json\" class=\"yoast-schema-graph\">{\"@context\":\"https:\/\/schema.org\",\"@graph\":[{\"@type\":\"WebPage\",\"@id\":\"https:\/\/www.diocesitn.it\/seminario\/2025\/11\/18\/una-settimana-di-classe\/\",\"url\":\"https:\/\/www.diocesitn.it\/seminario\/2025\/11\/18\/una-settimana-di-classe\/\",\"name\":\"Una settimana di classe - Seminario Maggiore Arcivescovile\",\"isPartOf\":{\"@id\":\"https:\/\/www.diocesitn.it\/seminario\/#website\"},\"primaryImageOfPage\":{\"@id\":\"https:\/\/www.diocesitn.it\/seminario\/2025\/11\/18\/una-settimana-di-classe\/#primaryimage\"},\"image\":{\"@id\":\"https:\/\/www.diocesitn.it\/seminario\/2025\/11\/18\/una-settimana-di-classe\/#primaryimage\"},\"thumbnailUrl\":\"https:\/\/www.diocesitn.it\/seminario\/wp-content\/uploads\/sites\/41\/2025\/11\/IMG_0322-1.jpeg\",\"datePublished\":\"2025-11-18T11:40:52+00:00\",\"dateModified\":\"2025-11-18T11:43:26+00:00\",\"author\":{\"@id\":\"https:\/\/www.diocesitn.it\/seminario\/#\/schema\/person\/fe751b4cf044b25d6ad3f1991d9b6d54\"},\"description\":\"L\u2019esperienza di una settimana di convivenza in Seminario per studenti dell\u2019Arcivescovile\",\"breadcrumb\":{\"@id\":\"https:\/\/www.diocesitn.it\/seminario\/2025\/11\/18\/una-settimana-di-classe\/#breadcrumb\"},\"inLanguage\":\"it-IT\",\"potentialAction\":[{\"@type\":\"ReadAction\",\"target\":[\"https:\/\/www.diocesitn.it\/seminario\/2025\/11\/18\/una-settimana-di-classe\/\"]}]},{\"@type\":\"ImageObject\",\"inLanguage\":\"it-IT\",\"@id\":\"https:\/\/www.diocesitn.it\/seminario\/2025\/11\/18\/una-settimana-di-classe\/#primaryimage\",\"url\":\"https:\/\/www.diocesitn.it\/seminario\/wp-content\/uploads\/sites\/41\/2025\/11\/IMG_0322-1.jpeg\",\"contentUrl\":\"https:\/\/www.diocesitn.it\/seminario\/wp-content\/uploads\/sites\/41\/2025\/11\/IMG_0322-1.jpeg\",\"width\":1600,\"height\":739},{\"@type\":\"BreadcrumbList\",\"@id\":\"https:\/\/www.diocesitn.it\/seminario\/2025\/11\/18\/una-settimana-di-classe\/#breadcrumb\",\"itemListElement\":[{\"@type\":\"ListItem\",\"position\":1,\"name\":\"Home\",\"item\":\"https:\/\/www.diocesitn.it\/seminario\/\"},{\"@type\":\"ListItem\",\"position\":2,\"name\":\"Una settimana di classe\"}]},{\"@type\":\"WebSite\",\"@id\":\"https:\/\/www.diocesitn.it\/seminario\/#website\",\"url\":\"https:\/\/www.diocesitn.it\/seminario\/\",\"name\":\"Seminario Maggiore Arcivescovile\",\"description\":\"Chiesa di Trento\",\"potentialAction\":[{\"@type\":\"SearchAction\",\"target\":{\"@type\":\"EntryPoint\",\"urlTemplate\":\"https:\/\/www.diocesitn.it\/seminario\/?s={search_term_string}\"},\"query-input\":\"required name=search_term_string\"}],\"inLanguage\":\"it-IT\"},{\"@type\":\"ImageObject\",\"inLanguage\":\"it-IT\",\"@id\":\"https:\/\/www.diocesitn.it\/seminario\/2025\/11\/18\/una-settimana-di-classe\/#local-main-organization-logo\",\"url\":\"\",\"contentUrl\":\"\",\"caption\":\"Seminario Maggiore Arcivescovile - Chiesa di Trento\"}]}<\/script>\n<!-- \/ Yoast SEO Premium plugin. -->","yoast_head_json":{"title":"Una settimana di classe - Seminario Maggiore Arcivescovile","description":"L\u2019esperienza di una settimana di convivenza in Seminario per studenti dell\u2019Arcivescovile","robots":{"index":"index","follow":"follow","max-snippet":"max-snippet:-1","max-image-preview":"max-image-preview:large","max-video-preview":"max-video-preview:-1"},"canonical":"https:\/\/www.diocesitn.it\/seminario\/2025\/11\/18\/una-settimana-di-classe\/","og_locale":"it_IT","og_type":"article","og_title":"Una settimana di classe","og_description":"L\u2019esperienza di una settimana di convivenza in Seminario per studenti dell\u2019Arcivescovile","og_url":"https:\/\/www.diocesitn.it\/seminario\/2025\/11\/18\/una-settimana-di-classe\/","og_site_name":"Seminario Maggiore Arcivescovile","article_publisher":"https:\/\/www.facebook.com\/seminariotrento\/","article_published_time":"2025-11-18T11:40:52+00:00","article_modified_time":"2025-11-18T11:43:26+00:00","og_image":[{"width":1600,"height":739,"url":"https:\/\/www.diocesitn.it\/seminario\/wp-content\/uploads\/sites\/41\/2025\/11\/IMG_0322-1.jpeg","type":"image\/jpeg"}],"author":"seminaristitrento","twitter_card":"summary_large_image","twitter_misc":{"Scritto da":"seminaristitrento","Tempo di lettura stimato":"2 minuti"},"schema":{"@context":"https:\/\/schema.org","@graph":[{"@type":"WebPage","@id":"https:\/\/www.diocesitn.it\/seminario\/2025\/11\/18\/una-settimana-di-classe\/","url":"https:\/\/www.diocesitn.it\/seminario\/2025\/11\/18\/una-settimana-di-classe\/","name":"Una settimana di classe - Seminario Maggiore Arcivescovile","isPartOf":{"@id":"https:\/\/www.diocesitn.it\/seminario\/#website"},"primaryImageOfPage":{"@id":"https:\/\/www.diocesitn.it\/seminario\/2025\/11\/18\/una-settimana-di-classe\/#primaryimage"},"image":{"@id":"https:\/\/www.diocesitn.it\/seminario\/2025\/11\/18\/una-settimana-di-classe\/#primaryimage"},"thumbnailUrl":"https:\/\/www.diocesitn.it\/seminario\/wp-content\/uploads\/sites\/41\/2025\/11\/IMG_0322-1.jpeg","datePublished":"2025-11-18T11:40:52+00:00","dateModified":"2025-11-18T11:43:26+00:00","author":{"@id":"https:\/\/www.diocesitn.it\/seminario\/#\/schema\/person\/fe751b4cf044b25d6ad3f1991d9b6d54"},"description":"L\u2019esperienza di una settimana di convivenza in Seminario per studenti dell\u2019Arcivescovile","breadcrumb":{"@id":"https:\/\/www.diocesitn.it\/seminario\/2025\/11\/18\/una-settimana-di-classe\/#breadcrumb"},"inLanguage":"it-IT","potentialAction":[{"@type":"ReadAction","target":["https:\/\/www.diocesitn.it\/seminario\/2025\/11\/18\/una-settimana-di-classe\/"]}]},{"@type":"ImageObject","inLanguage":"it-IT","@id":"https:\/\/www.diocesitn.it\/seminario\/2025\/11\/18\/una-settimana-di-classe\/#primaryimage","url":"https:\/\/www.diocesitn.it\/seminario\/wp-content\/uploads\/sites\/41\/2025\/11\/IMG_0322-1.jpeg","contentUrl":"https:\/\/www.diocesitn.it\/seminario\/wp-content\/uploads\/sites\/41\/2025\/11\/IMG_0322-1.jpeg","width":1600,"height":739},{"@type":"BreadcrumbList","@id":"https:\/\/www.diocesitn.it\/seminario\/2025\/11\/18\/una-settimana-di-classe\/#breadcrumb","itemListElement":[{"@type":"ListItem","position":1,"name":"Home","item":"https:\/\/www.diocesitn.it\/seminario\/"},{"@type":"ListItem","position":2,"name":"Una settimana di classe"}]},{"@type":"WebSite","@id":"https:\/\/www.diocesitn.it\/seminario\/#website","url":"https:\/\/www.diocesitn.it\/seminario\/","name":"Seminario Maggiore Arcivescovile","description":"Chiesa di Trento","potentialAction":[{"@type":"SearchAction","target":{"@type":"EntryPoint","urlTemplate":"https:\/\/www.diocesitn.it\/seminario\/?s={search_term_string}"},"query-input":"required name=search_term_string"}],"inLanguage":"it-IT"},{"@type":"ImageObject","inLanguage":"it-IT","@id":"https:\/\/www.diocesitn.it\/seminario\/2025\/11\/18\/una-settimana-di-classe\/#local-main-organization-logo","url":"","contentUrl":"","caption":"Seminario Maggiore Arcivescovile - Chiesa di Trento"}]}},"_links":{"self":[{"href":"https:\/\/www.diocesitn.it\/seminario\/wp-json\/wp\/v2\/posts\/1199","targetHints":{"allow":["GET"]}}],"collection":[{"href":"https:\/\/www.diocesitn.it\/seminario\/wp-json\/wp\/v2\/posts"}],"about":[{"href":"https:\/\/www.diocesitn.it\/seminario\/wp-json\/wp\/v2\/types\/post"}],"author":[{"embeddable":true,"href":"https:\/\/www.diocesitn.it\/seminario\/wp-json\/wp\/v2\/users\/172"}],"replies":[{"embeddable":true,"href":"https:\/\/www.diocesitn.it\/seminario\/wp-json\/wp\/v2\/comments?post=1199"}],"version-history":[{"count":3,"href":"https:\/\/www.diocesitn.it\/seminario\/wp-json\/wp\/v2\/posts\/1199\/revisions"}],"predecessor-version":[{"id":1202,"href":"https:\/\/www.diocesitn.it\/seminario\/wp-json\/wp\/v2\/posts\/1199\/revisions\/1202"}],"wp:featuredmedia":[{"embeddable":true,"href":"https:\/\/www.diocesitn.it\/seminario\/wp-json\/wp\/v2\/media\/1179"}],"wp:attachment":[{"href":"https:\/\/www.diocesitn.it\/seminario\/wp-json\/wp\/v2\/media?parent=1199"}],"wp:term":[{"taxonomy":"category","embeddable":true,"href":"https:\/\/www.diocesitn.it\/seminario\/wp-json\/wp\/v2\/categories?post=1199"},{"taxonomy":"post_tag","embeddable":true,"href":"https:\/\/www.diocesitn.it\/seminario\/wp-json\/wp\/v2\/tags?post=1199"}],"curies":[{"name":"wp","href":"https:\/\/api.w.org\/{rel}","templated":true}]}}