{"id":1194,"date":"2025-11-18T12:36:55","date_gmt":"2025-11-18T11:36:55","guid":{"rendered":"https:\/\/www.diocesitn.it\/seminario\/?p=1194"},"modified":"2025-11-18T12:37:42","modified_gmt":"2025-11-18T11:37:42","slug":"linsolita-estate","status":"publish","type":"post","link":"https:\/\/www.diocesitn.it\/seminario\/2025\/11\/18\/linsolita-estate\/","title":{"rendered":"L\u2019insolita estate"},"content":{"rendered":"<p>Mentre ad agosto i miei coetanei facevano le valigie per il mare, io le ho fatte per\u2026 il silenzio. Niente telefono e niente chiacchiere per una settimana: solo silenzio e preghiera. \u00c8 l\u2019esperienza degli Esercizi Spirituali che ho vissuto dal 12 al 19 agosto in una casa dei Gesuiti a Bologna, ai piedi della Madonna di San Luca.<\/p>\n<p>Lo so: sembra la proposta pi\u00f9 improbabile dell\u2019estate, eppure eravamo in una trentina di giovani arrivati da tutta Italia, molti alla loro prima esperienza. Io ero l\u2019unico seminarista, e la cosa ha stupito molto i predicatori, perch\u00e9, mi hanno detto: \u201cdi solito i seminaristi si accontentano degli esercizi che fanno in seminario\u201d. In effetti, anche per me era la prima volta \u201cfuori casa\u201d.<\/p>\n<p>Gli Esercizi Spirituali sono un\u2019esperienza di preghiera nata da Sant\u2019Ignazio di Loyola. Non sono \u201cesercizi\u201d nel senso fisico del termine, sono piuttosto un allenamento dell\u2019anima all\u2019ascolto. \u00c8 un tempo per fermarsi, fare silenzio e guardare dentro di s\u00e9, aiutati dalla luce della Parola di Dio.<\/p>\n<p>Durante questa settimana, pensata per esercitanti giovani, abbiamo pregato quattro volte al giorno, ogni giorno. Prima di ogni momento di preghiera, l\u2019\u00e9quipe di predicatori (cos\u00ec si chiamano gli esperti che guidano gli esercizi) ci indicava il brano della Bibbia su cui meditare e la grazia da chiedere, ovvero ci\u00f2 che Dio desiderava donarci attraverso quella Parola. Prima di pranzo c\u2019era un momento chiamato \u201cistruzione\u201d, nel quale i predicatori ci proponevano metodi per la meditazione e per l\u2019autovalutazione della preghiera. Al termine del tempo di meditazione, partecipavamo alla Messa e, dopo cena, avevamo un\u2019ulteriore attivit\u00e0, nella quale venivamo introdotti a nuovi modi di pregare, spesso aiutati da immagini, filmati o musica. Poi, una breve condivisione e il riposo, perch\u00e9 &#8211; anche se non ho mai capito come &#8211; ci si stanca durante gli esercizi. Ognuno poteva scegliere dove pregare: in casa o in giardino, magari sotto un fico. In pi\u00f9, ciascuno di noi era seguito personalmente da una guida spirituale, che ci aiutava a rileggere le nostre intuizioni di preghiera.<span class=\"Apple-converted-space\">\u00a0<\/span><\/p>\n<p>\u00c8 strano dirlo, ma in quella settimana ho sentito pi\u00f9 vita che in tanti giorni rumorosi. La cosa che pi\u00f9 mi ha stupito \u00e8 stata che, nonostante il silenzio e il fatto che molti di noi non si conoscessero, alla fine, quando abbiamo ricominciato a parlare, era come se ci fossimo parlati per tutto il tempo: abbiamo scherzato, riso, cantato e siamo andati a dormire tardi per l\u2019emozione.<\/p>\n<p>Questi esercizi mi hanno aiutato a capire che la preghiera non \u00e8 una fuga dal mondo, ma un modo per tornarci con uno sguardo rinnovato, e aver vissuto questa esperienza con altri giovani d\u00e0 a questa consapevolezza un valore ancora pi\u00f9 grande.<\/p>\n<p>&nbsp;<\/p>\n<p>Luca Magro<\/p>\n","protected":false},"excerpt":{"rendered":"<p>Mentre ad agosto i miei coetanei facevano le valigie per il mare, io le ho fatte per\u2026 il silenzio. Niente telefono e niente chiacchiere per una settimana: solo silenzio e preghiera. \u00c8 l\u2019esperienza degli Esercizi<\/p>\n","protected":false},"author":172,"featured_media":1196,"comment_status":"closed","ping_status":"closed","sticky":false,"template":"","format":"standard","meta":{"footnotes":""},"categories":[176],"tags":[],"class_list":["post-1194","post","type-post","status-publish","format-standard","has-post-thumbnail","hentry","category-notizie"],"acf":{"seed-localization-paese-cod":"IT","seed-localization-address":"","seed-localization-citta":"Trento","seed-localization-regione-cod-istat":"04","seed-localization-citta-cod-istat":"022205","seed-localization-localita":"","seed-localization-cap":"","seed-localization-marker-visibility":false,"seed-localization-children-visibility":false,"seed-localization-kml":"","seed-localization-custom-marker":""},"yoast_head":"<!-- This site is optimized with the Yoast SEO Premium plugin v20.2.1 (Yoast SEO v22.2) - https:\/\/yoast.com\/wordpress\/plugins\/seo\/ -->\n<title>L\u2019insolita estate - Seminario Maggiore Arcivescovile<\/title>\n<meta name=\"description\" content=\"Una settimana di agosto sullo stile di Sant\u2019Ignazio\" \/>\n<meta name=\"robots\" content=\"index, follow, max-snippet:-1, max-image-preview:large, max-video-preview:-1\" \/>\n<link rel=\"canonical\" href=\"https:\/\/www.diocesitn.it\/seminario\/2025\/11\/18\/linsolita-estate\/\" \/>\n<meta property=\"og:locale\" content=\"it_IT\" \/>\n<meta property=\"og:type\" content=\"article\" \/>\n<meta property=\"og:title\" content=\"L\u2019insolita estate\" \/>\n<meta property=\"og:description\" content=\"Una settimana di agosto sullo stile di Sant\u2019Ignazio\" \/>\n<meta property=\"og:url\" content=\"https:\/\/www.diocesitn.it\/seminario\/2025\/11\/18\/linsolita-estate\/\" \/>\n<meta property=\"og:site_name\" content=\"Seminario Maggiore Arcivescovile\" \/>\n<meta property=\"article:publisher\" content=\"https:\/\/www.facebook.com\/seminariotrento\/\" \/>\n<meta property=\"article:published_time\" content=\"2025-11-18T11:36:55+00:00\" \/>\n<meta property=\"article:modified_time\" content=\"2025-11-18T11:37:42+00:00\" \/>\n<meta property=\"og:image\" content=\"https:\/\/www.diocesitn.it\/seminario\/wp-content\/uploads\/sites\/41\/2025\/11\/a1ef347f-05c7-4039-bd09-a1e1366796bf.jpeg\" \/>\n\t<meta property=\"og:image:width\" content=\"2048\" \/>\n\t<meta property=\"og:image:height\" content=\"1536\" \/>\n\t<meta property=\"og:image:type\" content=\"image\/jpeg\" \/>\n<meta name=\"author\" content=\"seminaristitrento\" \/>\n<meta name=\"twitter:card\" content=\"summary_large_image\" \/>\n<meta name=\"twitter:label1\" content=\"Scritto da\" \/>\n\t<meta name=\"twitter:data1\" content=\"seminaristitrento\" \/>\n\t<meta name=\"twitter:label2\" content=\"Tempo di lettura stimato\" \/>\n\t<meta name=\"twitter:data2\" content=\"3 minuti\" \/>\n<script type=\"application\/ld+json\" class=\"yoast-schema-graph\">{\"@context\":\"https:\/\/schema.org\",\"@graph\":[{\"@type\":\"WebPage\",\"@id\":\"https:\/\/www.diocesitn.it\/seminario\/2025\/11\/18\/linsolita-estate\/\",\"url\":\"https:\/\/www.diocesitn.it\/seminario\/2025\/11\/18\/linsolita-estate\/\",\"name\":\"L\u2019insolita estate - Seminario Maggiore Arcivescovile\",\"isPartOf\":{\"@id\":\"https:\/\/www.diocesitn.it\/seminario\/#website\"},\"primaryImageOfPage\":{\"@id\":\"https:\/\/www.diocesitn.it\/seminario\/2025\/11\/18\/linsolita-estate\/#primaryimage\"},\"image\":{\"@id\":\"https:\/\/www.diocesitn.it\/seminario\/2025\/11\/18\/linsolita-estate\/#primaryimage\"},\"thumbnailUrl\":\"https:\/\/www.diocesitn.it\/seminario\/wp-content\/uploads\/sites\/41\/2025\/11\/a1ef347f-05c7-4039-bd09-a1e1366796bf.jpeg\",\"datePublished\":\"2025-11-18T11:36:55+00:00\",\"dateModified\":\"2025-11-18T11:37:42+00:00\",\"author\":{\"@id\":\"https:\/\/www.diocesitn.it\/seminario\/#\/schema\/person\/fe751b4cf044b25d6ad3f1991d9b6d54\"},\"description\":\"Una settimana di agosto sullo stile di Sant\u2019Ignazio\",\"breadcrumb\":{\"@id\":\"https:\/\/www.diocesitn.it\/seminario\/2025\/11\/18\/linsolita-estate\/#breadcrumb\"},\"inLanguage\":\"it-IT\",\"potentialAction\":[{\"@type\":\"ReadAction\",\"target\":[\"https:\/\/www.diocesitn.it\/seminario\/2025\/11\/18\/linsolita-estate\/\"]}]},{\"@type\":\"ImageObject\",\"inLanguage\":\"it-IT\",\"@id\":\"https:\/\/www.diocesitn.it\/seminario\/2025\/11\/18\/linsolita-estate\/#primaryimage\",\"url\":\"https:\/\/www.diocesitn.it\/seminario\/wp-content\/uploads\/sites\/41\/2025\/11\/a1ef347f-05c7-4039-bd09-a1e1366796bf.jpeg\",\"contentUrl\":\"https:\/\/www.diocesitn.it\/seminario\/wp-content\/uploads\/sites\/41\/2025\/11\/a1ef347f-05c7-4039-bd09-a1e1366796bf.jpeg\",\"width\":2048,\"height\":1536},{\"@type\":\"BreadcrumbList\",\"@id\":\"https:\/\/www.diocesitn.it\/seminario\/2025\/11\/18\/linsolita-estate\/#breadcrumb\",\"itemListElement\":[{\"@type\":\"ListItem\",\"position\":1,\"name\":\"Home\",\"item\":\"https:\/\/www.diocesitn.it\/seminario\/\"},{\"@type\":\"ListItem\",\"position\":2,\"name\":\"L\u2019insolita estate\"}]},{\"@type\":\"WebSite\",\"@id\":\"https:\/\/www.diocesitn.it\/seminario\/#website\",\"url\":\"https:\/\/www.diocesitn.it\/seminario\/\",\"name\":\"Seminario Maggiore Arcivescovile\",\"description\":\"Chiesa di Trento\",\"potentialAction\":[{\"@type\":\"SearchAction\",\"target\":{\"@type\":\"EntryPoint\",\"urlTemplate\":\"https:\/\/www.diocesitn.it\/seminario\/?s={search_term_string}\"},\"query-input\":\"required name=search_term_string\"}],\"inLanguage\":\"it-IT\"},{\"@type\":\"ImageObject\",\"inLanguage\":\"it-IT\",\"@id\":\"https:\/\/www.diocesitn.it\/seminario\/2025\/11\/18\/linsolita-estate\/#local-main-organization-logo\",\"url\":\"\",\"contentUrl\":\"\",\"caption\":\"Seminario Maggiore Arcivescovile - Chiesa di Trento\"}]}<\/script>\n<!-- \/ Yoast SEO Premium plugin. -->","yoast_head_json":{"title":"L\u2019insolita estate - Seminario Maggiore Arcivescovile","description":"Una settimana di agosto sullo stile di Sant\u2019Ignazio","robots":{"index":"index","follow":"follow","max-snippet":"max-snippet:-1","max-image-preview":"max-image-preview:large","max-video-preview":"max-video-preview:-1"},"canonical":"https:\/\/www.diocesitn.it\/seminario\/2025\/11\/18\/linsolita-estate\/","og_locale":"it_IT","og_type":"article","og_title":"L\u2019insolita estate","og_description":"Una settimana di agosto sullo stile di Sant\u2019Ignazio","og_url":"https:\/\/www.diocesitn.it\/seminario\/2025\/11\/18\/linsolita-estate\/","og_site_name":"Seminario Maggiore Arcivescovile","article_publisher":"https:\/\/www.facebook.com\/seminariotrento\/","article_published_time":"2025-11-18T11:36:55+00:00","article_modified_time":"2025-11-18T11:37:42+00:00","og_image":[{"width":2048,"height":1536,"url":"https:\/\/www.diocesitn.it\/seminario\/wp-content\/uploads\/sites\/41\/2025\/11\/a1ef347f-05c7-4039-bd09-a1e1366796bf.jpeg","type":"image\/jpeg"}],"author":"seminaristitrento","twitter_card":"summary_large_image","twitter_misc":{"Scritto da":"seminaristitrento","Tempo di lettura stimato":"3 minuti"},"schema":{"@context":"https:\/\/schema.org","@graph":[{"@type":"WebPage","@id":"https:\/\/www.diocesitn.it\/seminario\/2025\/11\/18\/linsolita-estate\/","url":"https:\/\/www.diocesitn.it\/seminario\/2025\/11\/18\/linsolita-estate\/","name":"L\u2019insolita estate - Seminario Maggiore Arcivescovile","isPartOf":{"@id":"https:\/\/www.diocesitn.it\/seminario\/#website"},"primaryImageOfPage":{"@id":"https:\/\/www.diocesitn.it\/seminario\/2025\/11\/18\/linsolita-estate\/#primaryimage"},"image":{"@id":"https:\/\/www.diocesitn.it\/seminario\/2025\/11\/18\/linsolita-estate\/#primaryimage"},"thumbnailUrl":"https:\/\/www.diocesitn.it\/seminario\/wp-content\/uploads\/sites\/41\/2025\/11\/a1ef347f-05c7-4039-bd09-a1e1366796bf.jpeg","datePublished":"2025-11-18T11:36:55+00:00","dateModified":"2025-11-18T11:37:42+00:00","author":{"@id":"https:\/\/www.diocesitn.it\/seminario\/#\/schema\/person\/fe751b4cf044b25d6ad3f1991d9b6d54"},"description":"Una settimana di agosto sullo stile di Sant\u2019Ignazio","breadcrumb":{"@id":"https:\/\/www.diocesitn.it\/seminario\/2025\/11\/18\/linsolita-estate\/#breadcrumb"},"inLanguage":"it-IT","potentialAction":[{"@type":"ReadAction","target":["https:\/\/www.diocesitn.it\/seminario\/2025\/11\/18\/linsolita-estate\/"]}]},{"@type":"ImageObject","inLanguage":"it-IT","@id":"https:\/\/www.diocesitn.it\/seminario\/2025\/11\/18\/linsolita-estate\/#primaryimage","url":"https:\/\/www.diocesitn.it\/seminario\/wp-content\/uploads\/sites\/41\/2025\/11\/a1ef347f-05c7-4039-bd09-a1e1366796bf.jpeg","contentUrl":"https:\/\/www.diocesitn.it\/seminario\/wp-content\/uploads\/sites\/41\/2025\/11\/a1ef347f-05c7-4039-bd09-a1e1366796bf.jpeg","width":2048,"height":1536},{"@type":"BreadcrumbList","@id":"https:\/\/www.diocesitn.it\/seminario\/2025\/11\/18\/linsolita-estate\/#breadcrumb","itemListElement":[{"@type":"ListItem","position":1,"name":"Home","item":"https:\/\/www.diocesitn.it\/seminario\/"},{"@type":"ListItem","position":2,"name":"L\u2019insolita estate"}]},{"@type":"WebSite","@id":"https:\/\/www.diocesitn.it\/seminario\/#website","url":"https:\/\/www.diocesitn.it\/seminario\/","name":"Seminario Maggiore Arcivescovile","description":"Chiesa di Trento","potentialAction":[{"@type":"SearchAction","target":{"@type":"EntryPoint","urlTemplate":"https:\/\/www.diocesitn.it\/seminario\/?s={search_term_string}"},"query-input":"required name=search_term_string"}],"inLanguage":"it-IT"},{"@type":"ImageObject","inLanguage":"it-IT","@id":"https:\/\/www.diocesitn.it\/seminario\/2025\/11\/18\/linsolita-estate\/#local-main-organization-logo","url":"","contentUrl":"","caption":"Seminario Maggiore Arcivescovile - Chiesa di Trento"}]}},"_links":{"self":[{"href":"https:\/\/www.diocesitn.it\/seminario\/wp-json\/wp\/v2\/posts\/1194","targetHints":{"allow":["GET"]}}],"collection":[{"href":"https:\/\/www.diocesitn.it\/seminario\/wp-json\/wp\/v2\/posts"}],"about":[{"href":"https:\/\/www.diocesitn.it\/seminario\/wp-json\/wp\/v2\/types\/post"}],"author":[{"embeddable":true,"href":"https:\/\/www.diocesitn.it\/seminario\/wp-json\/wp\/v2\/users\/172"}],"replies":[{"embeddable":true,"href":"https:\/\/www.diocesitn.it\/seminario\/wp-json\/wp\/v2\/comments?post=1194"}],"version-history":[{"count":3,"href":"https:\/\/www.diocesitn.it\/seminario\/wp-json\/wp\/v2\/posts\/1194\/revisions"}],"predecessor-version":[{"id":1198,"href":"https:\/\/www.diocesitn.it\/seminario\/wp-json\/wp\/v2\/posts\/1194\/revisions\/1198"}],"wp:featuredmedia":[{"embeddable":true,"href":"https:\/\/www.diocesitn.it\/seminario\/wp-json\/wp\/v2\/media\/1196"}],"wp:attachment":[{"href":"https:\/\/www.diocesitn.it\/seminario\/wp-json\/wp\/v2\/media?parent=1194"}],"wp:term":[{"taxonomy":"category","embeddable":true,"href":"https:\/\/www.diocesitn.it\/seminario\/wp-json\/wp\/v2\/categories?post=1194"},{"taxonomy":"post_tag","embeddable":true,"href":"https:\/\/www.diocesitn.it\/seminario\/wp-json\/wp\/v2\/tags?post=1194"}],"curies":[{"name":"wp","href":"https:\/\/api.w.org\/{rel}","templated":true}]}}