{"id":1191,"date":"2025-11-18T12:32:55","date_gmt":"2025-11-18T11:32:55","guid":{"rendered":"https:\/\/www.diocesitn.it\/seminario\/?p=1191"},"modified":"2025-11-19T09:07:26","modified_gmt":"2025-11-19T08:07:26","slug":"le-accezioni-di-camminare","status":"publish","type":"post","link":"https:\/\/www.diocesitn.it\/seminario\/2025\/11\/18\/le-accezioni-di-camminare\/","title":{"rendered":"Le accezioni di \u201ccamminare\u201d"},"content":{"rendered":"<p class=\"s4\">Alla domanda: \u201cche cosa ti ricordi di quando eri piccolo?\u201d, spesso ci vengono alla mente, quasi subito, episodi, persone, luoghi, momenti. Se dovessi pormi questa domanda oggi, la mia risposta sarebbe: le domeniche passate in montagna con i nonni. Certamente il contesto in cui sono nato permetteva tutto questo: infatti, sono cresciuto in un paese di montagna, nella parte alta della provincia di Belluno e la mia passione per la montagna credo proprio nasca da questo intessuto.<\/p>\n<p class=\"s4\">Il camminare, le ferrate, le escursioni, il \u201cfare\u201d fatica per raggiungere una meta, sono tratti e momenti che fanno parte di me. I nonni sono significativi soprattutto perch\u00e9 sono stati e sono delle figure molto importanti nella mia vita: mi hanno insegnato il gusto di amare, l\u2019apprezzare la vita anche nelle sue difficolt\u00e0, perch\u00e9 \u00e8 affrontandole che si cresce e di questo sar\u00f2 sempre a loro grato!<\/p>\n<p class=\"s4\">I miei studi informatici delle superiori mi hanno portato poi a lavorare in un\u2019azienda e questo mi ha permesso di rimanere con i piedi ancorati alla realt\u00e0, ricordando le priorit\u00e0 della vita, le rinunce, la passione richiesta quando svolgi qualcosa.<\/p>\n<p class=\"s4\">Poi la scelta di lasciare pezzi importanti di vita per entrare in seminario, nata da un\u2019intuizione che ancora oggi coltivo, metto in gioco, sperimento e porto con me nel cammino.<\/p>\n<p class=\"s4\">In questi anni di formazione ho avuto sullo sfondo la ricerca della felicit\u00e0, intendendola come una bussola che permette di fare le scelte. Non una felicit\u00e0 \u201cpassaggera\u201d, ma quella che scalda il cuore, quella che permette di far nascere emozioni forti e di vivere e ringraziare di quello che si ha.<\/p>\n<p class=\"s4\">Di seguito ci saranno degli articoli di alcune persone delle parrocchie dove sono in esperienza ormai da due anni. Fin da subito la comunit\u00e0, che si trova in periferia di Feltre, \u00e8 stata accogliente e attenta a ci\u00f2 di cui avevo bisogno. Stiamo camminando insieme, soprattutto con i giovani, dove la bellezza dello sperimentarsi, di condividere, di dialogare e di mettersi al servizio dell\u2019altro fa stare bene. \u00c8 proprio vero che dove si respira il Vangelo, si respira felicit\u00e0!<\/p>\n<p>&nbsp;<\/p>\n<p class=\"s4\">Bryan Fedon<\/p>\n<p><img loading=\"lazy\" decoding=\"async\" class=\"alignnone size-medium wp-image-1178\" src=\"https:\/\/www.diocesitn.it\/seminario\/wp-content\/uploads\/sites\/41\/2025\/11\/IMG_0326-300x200.jpeg\" alt=\"\" width=\"300\" height=\"200\" srcset=\"https:\/\/www.diocesitn.it\/seminario\/wp-content\/uploads\/sites\/41\/2025\/11\/IMG_0326-300x200.jpeg 300w, https:\/\/www.diocesitn.it\/seminario\/wp-content\/uploads\/sites\/41\/2025\/11\/IMG_0326-1024x683.jpeg 1024w, https:\/\/www.diocesitn.it\/seminario\/wp-content\/uploads\/sites\/41\/2025\/11\/IMG_0326-768x512.jpeg 768w, https:\/\/www.diocesitn.it\/seminario\/wp-content\/uploads\/sites\/41\/2025\/11\/IMG_0326-360x240.jpeg 360w, https:\/\/www.diocesitn.it\/seminario\/wp-content\/uploads\/sites\/41\/2025\/11\/IMG_0326-1536x1024.jpeg 1536w, https:\/\/www.diocesitn.it\/seminario\/wp-content\/uploads\/sites\/41\/2025\/11\/IMG_0326-2048x1365.jpeg 2048w, https:\/\/www.diocesitn.it\/seminario\/wp-content\/uploads\/sites\/41\/2025\/11\/IMG_0326-800x533.jpeg 800w, https:\/\/www.diocesitn.it\/seminario\/wp-content\/uploads\/sites\/41\/2025\/11\/IMG_0326-1200x800.jpeg 1200w, https:\/\/www.diocesitn.it\/seminario\/wp-content\/uploads\/sites\/41\/2025\/11\/IMG_0326-272x182.jpeg 272w\" sizes=\"auto, (max-width: 300px) 100vw, 300px\" \/><img loading=\"lazy\" decoding=\"async\" class=\"alignnone size-medium wp-image-1203\" src=\"https:\/\/www.diocesitn.it\/seminario\/wp-content\/uploads\/sites\/41\/2025\/11\/IMG_0328-300x200.jpeg\" alt=\"\" width=\"300\" height=\"200\" srcset=\"https:\/\/www.diocesitn.it\/seminario\/wp-content\/uploads\/sites\/41\/2025\/11\/IMG_0328-300x200.jpeg 300w, https:\/\/www.diocesitn.it\/seminario\/wp-content\/uploads\/sites\/41\/2025\/11\/IMG_0328-1024x683.jpeg 1024w, https:\/\/www.diocesitn.it\/seminario\/wp-content\/uploads\/sites\/41\/2025\/11\/IMG_0328-768x512.jpeg 768w, https:\/\/www.diocesitn.it\/seminario\/wp-content\/uploads\/sites\/41\/2025\/11\/IMG_0328-360x240.jpeg 360w, https:\/\/www.diocesitn.it\/seminario\/wp-content\/uploads\/sites\/41\/2025\/11\/IMG_0328-1536x1024.jpeg 1536w, https:\/\/www.diocesitn.it\/seminario\/wp-content\/uploads\/sites\/41\/2025\/11\/IMG_0328-2048x1365.jpeg 2048w, https:\/\/www.diocesitn.it\/seminario\/wp-content\/uploads\/sites\/41\/2025\/11\/IMG_0328-800x533.jpeg 800w, https:\/\/www.diocesitn.it\/seminario\/wp-content\/uploads\/sites\/41\/2025\/11\/IMG_0328-1200x800.jpeg 1200w, https:\/\/www.diocesitn.it\/seminario\/wp-content\/uploads\/sites\/41\/2025\/11\/IMG_0328-272x182.jpeg 272w\" sizes=\"auto, (max-width: 300px) 100vw, 300px\" \/><\/p>\n","protected":false},"excerpt":{"rendered":"<p>Alla domanda: \u201cche cosa ti ricordi di quando eri piccolo?\u201d, spesso ci vengono alla mente, quasi subito, episodi, persone, luoghi, momenti. Se dovessi pormi questa domanda oggi, la mia risposta sarebbe: le domeniche passate in<\/p>\n","protected":false},"author":172,"featured_media":1181,"comment_status":"closed","ping_status":"closed","sticky":false,"template":"","format":"standard","meta":{"footnotes":""},"categories":[176],"tags":[],"class_list":["post-1191","post","type-post","status-publish","format-standard","has-post-thumbnail","hentry","category-notizie"],"acf":{"seed-localization-paese-cod":"IT","seed-localization-address":"","seed-localization-citta":"Trento","seed-localization-regione-cod-istat":"04","seed-localization-citta-cod-istat":"022205","seed-localization-localita":"","seed-localization-cap":"","seed-localization-marker-visibility":false,"seed-localization-children-visibility":false,"seed-localization-kml":"","seed-localization-custom-marker":""},"yoast_head":"<!-- This site is optimized with the Yoast SEO Premium plugin v20.2.1 (Yoast SEO v22.2) - https:\/\/yoast.com\/wordpress\/plugins\/seo\/ -->\n<title>Le accezioni di \u201ccamminare\u201d - Seminario Maggiore Arcivescovile<\/title>\n<meta name=\"description\" content=\"Il seminarista Bryan Fedon si presenta, raccontandoci qualcosa di s\u00e9\" \/>\n<meta name=\"robots\" content=\"index, follow, max-snippet:-1, max-image-preview:large, max-video-preview:-1\" \/>\n<link rel=\"canonical\" href=\"https:\/\/www.diocesitn.it\/seminario\/2025\/11\/18\/le-accezioni-di-camminare\/\" \/>\n<meta property=\"og:locale\" content=\"it_IT\" \/>\n<meta property=\"og:type\" content=\"article\" \/>\n<meta property=\"og:title\" content=\"Le accezioni di \u201ccamminare\u201d\" \/>\n<meta property=\"og:description\" content=\"Il seminarista Bryan Fedon si presenta, raccontandoci qualcosa di s\u00e9\" \/>\n<meta property=\"og:url\" content=\"https:\/\/www.diocesitn.it\/seminario\/2025\/11\/18\/le-accezioni-di-camminare\/\" \/>\n<meta property=\"og:site_name\" content=\"Seminario Maggiore Arcivescovile\" \/>\n<meta property=\"article:publisher\" content=\"https:\/\/www.facebook.com\/seminariotrento\/\" \/>\n<meta property=\"article:published_time\" content=\"2025-11-18T11:32:55+00:00\" \/>\n<meta property=\"article:modified_time\" content=\"2025-11-19T08:07:26+00:00\" \/>\n<meta property=\"og:image\" content=\"https:\/\/www.diocesitn.it\/seminario\/wp-content\/uploads\/sites\/41\/2025\/11\/IMG_0324-scaled.jpeg\" \/>\n\t<meta property=\"og:image:width\" content=\"1913\" \/>\n\t<meta property=\"og:image:height\" content=\"2560\" \/>\n\t<meta property=\"og:image:type\" content=\"image\/jpeg\" \/>\n<meta name=\"author\" content=\"seminaristitrento\" \/>\n<meta name=\"twitter:card\" content=\"summary_large_image\" \/>\n<meta name=\"twitter:label1\" content=\"Scritto da\" \/>\n\t<meta name=\"twitter:data1\" content=\"seminaristitrento\" \/>\n\t<meta name=\"twitter:label2\" content=\"Tempo di lettura stimato\" \/>\n\t<meta name=\"twitter:data2\" content=\"3 minuti\" \/>\n<script type=\"application\/ld+json\" class=\"yoast-schema-graph\">{\"@context\":\"https:\/\/schema.org\",\"@graph\":[{\"@type\":\"WebPage\",\"@id\":\"https:\/\/www.diocesitn.it\/seminario\/2025\/11\/18\/le-accezioni-di-camminare\/\",\"url\":\"https:\/\/www.diocesitn.it\/seminario\/2025\/11\/18\/le-accezioni-di-camminare\/\",\"name\":\"Le accezioni di \u201ccamminare\u201d - Seminario Maggiore Arcivescovile\",\"isPartOf\":{\"@id\":\"https:\/\/www.diocesitn.it\/seminario\/#website\"},\"primaryImageOfPage\":{\"@id\":\"https:\/\/www.diocesitn.it\/seminario\/2025\/11\/18\/le-accezioni-di-camminare\/#primaryimage\"},\"image\":{\"@id\":\"https:\/\/www.diocesitn.it\/seminario\/2025\/11\/18\/le-accezioni-di-camminare\/#primaryimage\"},\"thumbnailUrl\":\"https:\/\/www.diocesitn.it\/seminario\/wp-content\/uploads\/sites\/41\/2025\/11\/IMG_0324-scaled.jpeg\",\"datePublished\":\"2025-11-18T11:32:55+00:00\",\"dateModified\":\"2025-11-19T08:07:26+00:00\",\"author\":{\"@id\":\"https:\/\/www.diocesitn.it\/seminario\/#\/schema\/person\/fe751b4cf044b25d6ad3f1991d9b6d54\"},\"description\":\"Il seminarista Bryan Fedon si presenta, raccontandoci qualcosa di s\u00e9\",\"breadcrumb\":{\"@id\":\"https:\/\/www.diocesitn.it\/seminario\/2025\/11\/18\/le-accezioni-di-camminare\/#breadcrumb\"},\"inLanguage\":\"it-IT\",\"potentialAction\":[{\"@type\":\"ReadAction\",\"target\":[\"https:\/\/www.diocesitn.it\/seminario\/2025\/11\/18\/le-accezioni-di-camminare\/\"]}]},{\"@type\":\"ImageObject\",\"inLanguage\":\"it-IT\",\"@id\":\"https:\/\/www.diocesitn.it\/seminario\/2025\/11\/18\/le-accezioni-di-camminare\/#primaryimage\",\"url\":\"https:\/\/www.diocesitn.it\/seminario\/wp-content\/uploads\/sites\/41\/2025\/11\/IMG_0324-scaled.jpeg\",\"contentUrl\":\"https:\/\/www.diocesitn.it\/seminario\/wp-content\/uploads\/sites\/41\/2025\/11\/IMG_0324-scaled.jpeg\",\"width\":1913,\"height\":2560},{\"@type\":\"BreadcrumbList\",\"@id\":\"https:\/\/www.diocesitn.it\/seminario\/2025\/11\/18\/le-accezioni-di-camminare\/#breadcrumb\",\"itemListElement\":[{\"@type\":\"ListItem\",\"position\":1,\"name\":\"Home\",\"item\":\"https:\/\/www.diocesitn.it\/seminario\/\"},{\"@type\":\"ListItem\",\"position\":2,\"name\":\"Le accezioni di \u201ccamminare\u201d\"}]},{\"@type\":\"WebSite\",\"@id\":\"https:\/\/www.diocesitn.it\/seminario\/#website\",\"url\":\"https:\/\/www.diocesitn.it\/seminario\/\",\"name\":\"Seminario Maggiore Arcivescovile\",\"description\":\"Chiesa di Trento\",\"potentialAction\":[{\"@type\":\"SearchAction\",\"target\":{\"@type\":\"EntryPoint\",\"urlTemplate\":\"https:\/\/www.diocesitn.it\/seminario\/?s={search_term_string}\"},\"query-input\":\"required name=search_term_string\"}],\"inLanguage\":\"it-IT\"},{\"@type\":\"ImageObject\",\"inLanguage\":\"it-IT\",\"@id\":\"https:\/\/www.diocesitn.it\/seminario\/2025\/11\/18\/le-accezioni-di-camminare\/#local-main-organization-logo\",\"url\":\"\",\"contentUrl\":\"\",\"caption\":\"Seminario Maggiore Arcivescovile - Chiesa di Trento\"}]}<\/script>\n<!-- \/ Yoast SEO Premium plugin. -->","yoast_head_json":{"title":"Le accezioni di \u201ccamminare\u201d - Seminario Maggiore Arcivescovile","description":"Il seminarista Bryan Fedon si presenta, raccontandoci qualcosa di s\u00e9","robots":{"index":"index","follow":"follow","max-snippet":"max-snippet:-1","max-image-preview":"max-image-preview:large","max-video-preview":"max-video-preview:-1"},"canonical":"https:\/\/www.diocesitn.it\/seminario\/2025\/11\/18\/le-accezioni-di-camminare\/","og_locale":"it_IT","og_type":"article","og_title":"Le accezioni di \u201ccamminare\u201d","og_description":"Il seminarista Bryan Fedon si presenta, raccontandoci qualcosa di s\u00e9","og_url":"https:\/\/www.diocesitn.it\/seminario\/2025\/11\/18\/le-accezioni-di-camminare\/","og_site_name":"Seminario Maggiore Arcivescovile","article_publisher":"https:\/\/www.facebook.com\/seminariotrento\/","article_published_time":"2025-11-18T11:32:55+00:00","article_modified_time":"2025-11-19T08:07:26+00:00","og_image":[{"width":1913,"height":2560,"url":"https:\/\/www.diocesitn.it\/seminario\/wp-content\/uploads\/sites\/41\/2025\/11\/IMG_0324-scaled.jpeg","type":"image\/jpeg"}],"author":"seminaristitrento","twitter_card":"summary_large_image","twitter_misc":{"Scritto da":"seminaristitrento","Tempo di lettura stimato":"3 minuti"},"schema":{"@context":"https:\/\/schema.org","@graph":[{"@type":"WebPage","@id":"https:\/\/www.diocesitn.it\/seminario\/2025\/11\/18\/le-accezioni-di-camminare\/","url":"https:\/\/www.diocesitn.it\/seminario\/2025\/11\/18\/le-accezioni-di-camminare\/","name":"Le accezioni di \u201ccamminare\u201d - Seminario Maggiore Arcivescovile","isPartOf":{"@id":"https:\/\/www.diocesitn.it\/seminario\/#website"},"primaryImageOfPage":{"@id":"https:\/\/www.diocesitn.it\/seminario\/2025\/11\/18\/le-accezioni-di-camminare\/#primaryimage"},"image":{"@id":"https:\/\/www.diocesitn.it\/seminario\/2025\/11\/18\/le-accezioni-di-camminare\/#primaryimage"},"thumbnailUrl":"https:\/\/www.diocesitn.it\/seminario\/wp-content\/uploads\/sites\/41\/2025\/11\/IMG_0324-scaled.jpeg","datePublished":"2025-11-18T11:32:55+00:00","dateModified":"2025-11-19T08:07:26+00:00","author":{"@id":"https:\/\/www.diocesitn.it\/seminario\/#\/schema\/person\/fe751b4cf044b25d6ad3f1991d9b6d54"},"description":"Il seminarista Bryan Fedon si presenta, raccontandoci qualcosa di s\u00e9","breadcrumb":{"@id":"https:\/\/www.diocesitn.it\/seminario\/2025\/11\/18\/le-accezioni-di-camminare\/#breadcrumb"},"inLanguage":"it-IT","potentialAction":[{"@type":"ReadAction","target":["https:\/\/www.diocesitn.it\/seminario\/2025\/11\/18\/le-accezioni-di-camminare\/"]}]},{"@type":"ImageObject","inLanguage":"it-IT","@id":"https:\/\/www.diocesitn.it\/seminario\/2025\/11\/18\/le-accezioni-di-camminare\/#primaryimage","url":"https:\/\/www.diocesitn.it\/seminario\/wp-content\/uploads\/sites\/41\/2025\/11\/IMG_0324-scaled.jpeg","contentUrl":"https:\/\/www.diocesitn.it\/seminario\/wp-content\/uploads\/sites\/41\/2025\/11\/IMG_0324-scaled.jpeg","width":1913,"height":2560},{"@type":"BreadcrumbList","@id":"https:\/\/www.diocesitn.it\/seminario\/2025\/11\/18\/le-accezioni-di-camminare\/#breadcrumb","itemListElement":[{"@type":"ListItem","position":1,"name":"Home","item":"https:\/\/www.diocesitn.it\/seminario\/"},{"@type":"ListItem","position":2,"name":"Le accezioni di \u201ccamminare\u201d"}]},{"@type":"WebSite","@id":"https:\/\/www.diocesitn.it\/seminario\/#website","url":"https:\/\/www.diocesitn.it\/seminario\/","name":"Seminario Maggiore Arcivescovile","description":"Chiesa di Trento","potentialAction":[{"@type":"SearchAction","target":{"@type":"EntryPoint","urlTemplate":"https:\/\/www.diocesitn.it\/seminario\/?s={search_term_string}"},"query-input":"required name=search_term_string"}],"inLanguage":"it-IT"},{"@type":"ImageObject","inLanguage":"it-IT","@id":"https:\/\/www.diocesitn.it\/seminario\/2025\/11\/18\/le-accezioni-di-camminare\/#local-main-organization-logo","url":"","contentUrl":"","caption":"Seminario Maggiore Arcivescovile - Chiesa di Trento"}]}},"_links":{"self":[{"href":"https:\/\/www.diocesitn.it\/seminario\/wp-json\/wp\/v2\/posts\/1191","targetHints":{"allow":["GET"]}}],"collection":[{"href":"https:\/\/www.diocesitn.it\/seminario\/wp-json\/wp\/v2\/posts"}],"about":[{"href":"https:\/\/www.diocesitn.it\/seminario\/wp-json\/wp\/v2\/types\/post"}],"author":[{"embeddable":true,"href":"https:\/\/www.diocesitn.it\/seminario\/wp-json\/wp\/v2\/users\/172"}],"replies":[{"embeddable":true,"href":"https:\/\/www.diocesitn.it\/seminario\/wp-json\/wp\/v2\/comments?post=1191"}],"version-history":[{"count":3,"href":"https:\/\/www.diocesitn.it\/seminario\/wp-json\/wp\/v2\/posts\/1191\/revisions"}],"predecessor-version":[{"id":1207,"href":"https:\/\/www.diocesitn.it\/seminario\/wp-json\/wp\/v2\/posts\/1191\/revisions\/1207"}],"wp:featuredmedia":[{"embeddable":true,"href":"https:\/\/www.diocesitn.it\/seminario\/wp-json\/wp\/v2\/media\/1181"}],"wp:attachment":[{"href":"https:\/\/www.diocesitn.it\/seminario\/wp-json\/wp\/v2\/media?parent=1191"}],"wp:term":[{"taxonomy":"category","embeddable":true,"href":"https:\/\/www.diocesitn.it\/seminario\/wp-json\/wp\/v2\/categories?post=1191"},{"taxonomy":"post_tag","embeddable":true,"href":"https:\/\/www.diocesitn.it\/seminario\/wp-json\/wp\/v2\/tags?post=1191"}],"curies":[{"name":"wp","href":"https:\/\/api.w.org\/{rel}","templated":true}]}}