{"id":1185,"date":"2025-11-18T12:23:23","date_gmt":"2025-11-18T11:23:23","guid":{"rendered":"https:\/\/www.diocesitn.it\/seminario\/?p=1185"},"modified":"2025-11-18T12:23:23","modified_gmt":"2025-11-18T11:23:23","slug":"perche-dio-non-salva-il-mondo-di-nuovo","status":"publish","type":"post","link":"https:\/\/www.diocesitn.it\/seminario\/2025\/11\/18\/perche-dio-non-salva-il-mondo-di-nuovo\/","title":{"rendered":"Perch\u00e9 Dio non salva il mondo di nuovo?"},"content":{"rendered":"<p class=\"s3\"><span class=\"s2\">Chiede Sofia, una bambina di <\/span><span class=\"s2\">9<\/span><span class=\"s2\"> anni.<\/span><\/p>\n<p class=\"s4\">\n<p class=\"s6\"><span class=\"s5\">Cara Sofia, la tua domanda \u00e8 davvero una domandona. La risposta che ti presento mi chiede di fare alcuni passaggi, prova a seguire il mio pensiero. Per noi cristiani Dio ha gi\u00e0 salvato il mondo, una volta per sempre lo ha salvato grazie a Ges\u00f9 Cristo. Noi crediamo che il Signore Ges\u00f9, con la sua risurrezione, ha vinto la morte. Con la sua vita spesa per gli altri ci ha mostrato una volta per tutte che il modo pi\u00f9 bello perch\u00e9 la nostra vita possa fiorire in pienezza \u00e8 quello di essere sempre in ascolto della parola di Dio, di rispondere a questa parola con azioni e parole appropriate, e di essere sempre a servizio delle altre persone. Ges\u00f9, con la sua stessa testimonianza di vita, ci mostra la strada da percorrere: quella delle beatitudini. <\/span><\/p>\n<p class=\"s6\"><span class=\"s5\">Ma allora, se Dio ha gi\u00e0 salvato il mondo, perch\u00e9 ci sono ancora tante situazioni di guerre, di povert\u00e0, di ingiustizie? E, guardando pi\u00f9 nel piccolo alla vita di<\/span><span class=\"s5\"> ognuno di noi, perch\u00e9<\/span><span class=\"s5\"> facciamo fatica a essere sempre buone persone? Perch\u00e9 a volte ci arrabbiamo, non diciamo la verit\u00e0, siamo pigri e non abbiamo voglia di aiutare gli altri? Immagino che la tua domanda sia nata<\/span><span class=\"s5\"> proprio<\/span><span class=\"s5\"> a partire da uno dei tanti problemi <\/span><span class=\"s5\">che ci sono nel mondo. <\/span><\/p>\n<p class=\"s6\"><span class=\"s5\">Dopo averti parlato della risurrezione di Ges\u00f9, vorrei ricordarti ora un altro momento importantissimo per noi cristiani: la Pentecoste, cio\u00e8 il dono dello Spirito Santo. Ges\u00f9 lo aveva promesso: <\/span><span class=\"s5\">\u201c<\/span><span class=\"s5\">quando io non sar\u00f2 pi\u00f9 tra di voi come prima, scender\u00e0 su di voi lo Spirito Santo, che sar\u00e0 come una guida per le scelte piccole e grandi della vostra vita<\/span><span class=\"s5\">\u201d<\/span><span class=\"s5\">. Io credo ch<\/span><span class=\"s5\">e tutti noi dovremmo fidarci di pi\u00f9 e<\/span><span class=\"s5\"> seguire quello che lo Spirito Santo ci suggerisce: dovremmo cio\u00e8 sforzarci noi<\/span><span class=\"s5\">, in prima persona,<\/span><span class=\"s5\"> per essere <\/span><span class=\"s5\">nel nostro piccolo costrutto<\/span><span class=\"s5\">ri<\/span><span class=\"s5\"> di pace, per darci<\/span><span class=\"s5\"> da fare per il bene comune\u2026 insomma, impegnarci per camminare sulla strada delle beatitudini. <\/span><\/p>\n<p class=\"s6\"><span class=\"s5\">C\u2019\u00e8 ancora molto da fare, ma sono convinto che <\/span><span class=\"s5\">sia entusiasmante sentirsi collaboratori di Dio, nel suo progetto di pace e di pienezza di vita per tutti. Quando Dio ha creato il mondo, a un certo punto si \u00e8 \u201criposato\u201d (lo trovi nelle primissime pagine della Bibbia): non perch\u00e9 fosse stanco (come pu\u00f2 Dio essere stanco?!), ma per lasciare spazio all\u2019uomo, suo collaboratore della creazione. <\/span><\/p>\n<p>&nbsp;<\/p>\n<p class=\"s6\"><span class=\"s5\">Don Mirko Pozzobon<\/span><\/p>\n","protected":false},"excerpt":{"rendered":"<p>Chiede Sofia, una bambina di 9 anni. Cara Sofia, la tua domanda \u00e8 davvero una domandona. La risposta che ti presento mi chiede di fare alcuni passaggi, prova a seguire il mio pensiero. Per noi<\/p>\n","protected":false},"author":172,"featured_media":1180,"comment_status":"closed","ping_status":"closed","sticky":false,"template":"","format":"standard","meta":{"footnotes":""},"categories":[176],"tags":[],"class_list":["post-1185","post","type-post","status-publish","format-standard","has-post-thumbnail","hentry","category-notizie"],"acf":{"seed-localization-paese-cod":"IT","seed-localization-address":"","seed-localization-citta":"Trento","seed-localization-regione-cod-istat":"04","seed-localization-citta-cod-istat":"022205","seed-localization-localita":"","seed-localization-cap":"","seed-localization-marker-visibility":false,"seed-localization-children-visibility":false,"seed-localization-kml":"","seed-localization-custom-marker":""},"yoast_head":"<!-- This site is optimized with the Yoast SEO Premium plugin v20.2.1 (Yoast SEO v22.2) - https:\/\/yoast.com\/wordpress\/plugins\/seo\/ -->\n<title>Perch\u00e9 Dio non salva il mondo di nuovo? - Seminario Maggiore Arcivescovile<\/title>\n<meta name=\"description\" content=\"Don Mirko risponde a Sofia, una bambina di 9 anni\" \/>\n<meta name=\"robots\" content=\"index, follow, max-snippet:-1, max-image-preview:large, max-video-preview:-1\" \/>\n<link rel=\"canonical\" href=\"https:\/\/www.diocesitn.it\/seminario\/2025\/11\/18\/perche-dio-non-salva-il-mondo-di-nuovo\/\" \/>\n<meta property=\"og:locale\" content=\"it_IT\" \/>\n<meta property=\"og:type\" content=\"article\" \/>\n<meta property=\"og:title\" content=\"Perch\u00e9 Dio non salva il mondo di nuovo?\" \/>\n<meta property=\"og:description\" content=\"Don Mirko risponde a Sofia, una bambina di 9 anni\" \/>\n<meta property=\"og:url\" content=\"https:\/\/www.diocesitn.it\/seminario\/2025\/11\/18\/perche-dio-non-salva-il-mondo-di-nuovo\/\" \/>\n<meta property=\"og:site_name\" content=\"Seminario Maggiore Arcivescovile\" \/>\n<meta property=\"article:publisher\" content=\"https:\/\/www.facebook.com\/seminariotrento\/\" \/>\n<meta property=\"article:published_time\" content=\"2025-11-18T11:23:23+00:00\" \/>\n<meta property=\"og:image\" content=\"https:\/\/www.diocesitn.it\/seminario\/wp-content\/uploads\/sites\/41\/2025\/11\/IMG_0323-scaled.jpeg\" \/>\n\t<meta property=\"og:image:width\" content=\"2560\" \/>\n\t<meta property=\"og:image:height\" content=\"1707\" \/>\n\t<meta property=\"og:image:type\" content=\"image\/jpeg\" \/>\n<meta name=\"author\" content=\"seminaristitrento\" \/>\n<meta name=\"twitter:card\" content=\"summary_large_image\" \/>\n<meta name=\"twitter:label1\" content=\"Scritto da\" \/>\n\t<meta name=\"twitter:data1\" content=\"seminaristitrento\" \/>\n\t<meta name=\"twitter:label2\" content=\"Tempo di lettura stimato\" \/>\n\t<meta name=\"twitter:data2\" content=\"3 minuti\" \/>\n<script type=\"application\/ld+json\" class=\"yoast-schema-graph\">{\"@context\":\"https:\/\/schema.org\",\"@graph\":[{\"@type\":\"WebPage\",\"@id\":\"https:\/\/www.diocesitn.it\/seminario\/2025\/11\/18\/perche-dio-non-salva-il-mondo-di-nuovo\/\",\"url\":\"https:\/\/www.diocesitn.it\/seminario\/2025\/11\/18\/perche-dio-non-salva-il-mondo-di-nuovo\/\",\"name\":\"Perch\u00e9 Dio non salva il mondo di nuovo? - Seminario Maggiore Arcivescovile\",\"isPartOf\":{\"@id\":\"https:\/\/www.diocesitn.it\/seminario\/#website\"},\"primaryImageOfPage\":{\"@id\":\"https:\/\/www.diocesitn.it\/seminario\/2025\/11\/18\/perche-dio-non-salva-il-mondo-di-nuovo\/#primaryimage\"},\"image\":{\"@id\":\"https:\/\/www.diocesitn.it\/seminario\/2025\/11\/18\/perche-dio-non-salva-il-mondo-di-nuovo\/#primaryimage\"},\"thumbnailUrl\":\"https:\/\/www.diocesitn.it\/seminario\/wp-content\/uploads\/sites\/41\/2025\/11\/IMG_0323-scaled.jpeg\",\"datePublished\":\"2025-11-18T11:23:23+00:00\",\"dateModified\":\"2025-11-18T11:23:23+00:00\",\"author\":{\"@id\":\"https:\/\/www.diocesitn.it\/seminario\/#\/schema\/person\/fe751b4cf044b25d6ad3f1991d9b6d54\"},\"description\":\"Don Mirko risponde a Sofia, una bambina di 9 anni\",\"breadcrumb\":{\"@id\":\"https:\/\/www.diocesitn.it\/seminario\/2025\/11\/18\/perche-dio-non-salva-il-mondo-di-nuovo\/#breadcrumb\"},\"inLanguage\":\"it-IT\",\"potentialAction\":[{\"@type\":\"ReadAction\",\"target\":[\"https:\/\/www.diocesitn.it\/seminario\/2025\/11\/18\/perche-dio-non-salva-il-mondo-di-nuovo\/\"]}]},{\"@type\":\"ImageObject\",\"inLanguage\":\"it-IT\",\"@id\":\"https:\/\/www.diocesitn.it\/seminario\/2025\/11\/18\/perche-dio-non-salva-il-mondo-di-nuovo\/#primaryimage\",\"url\":\"https:\/\/www.diocesitn.it\/seminario\/wp-content\/uploads\/sites\/41\/2025\/11\/IMG_0323-scaled.jpeg\",\"contentUrl\":\"https:\/\/www.diocesitn.it\/seminario\/wp-content\/uploads\/sites\/41\/2025\/11\/IMG_0323-scaled.jpeg\",\"width\":2560,\"height\":1707},{\"@type\":\"BreadcrumbList\",\"@id\":\"https:\/\/www.diocesitn.it\/seminario\/2025\/11\/18\/perche-dio-non-salva-il-mondo-di-nuovo\/#breadcrumb\",\"itemListElement\":[{\"@type\":\"ListItem\",\"position\":1,\"name\":\"Home\",\"item\":\"https:\/\/www.diocesitn.it\/seminario\/\"},{\"@type\":\"ListItem\",\"position\":2,\"name\":\"Perch\u00e9 Dio non salva il mondo di nuovo?\"}]},{\"@type\":\"WebSite\",\"@id\":\"https:\/\/www.diocesitn.it\/seminario\/#website\",\"url\":\"https:\/\/www.diocesitn.it\/seminario\/\",\"name\":\"Seminario Maggiore Arcivescovile\",\"description\":\"Chiesa di Trento\",\"potentialAction\":[{\"@type\":\"SearchAction\",\"target\":{\"@type\":\"EntryPoint\",\"urlTemplate\":\"https:\/\/www.diocesitn.it\/seminario\/?s={search_term_string}\"},\"query-input\":\"required name=search_term_string\"}],\"inLanguage\":\"it-IT\"},{\"@type\":\"ImageObject\",\"inLanguage\":\"it-IT\",\"@id\":\"https:\/\/www.diocesitn.it\/seminario\/2025\/11\/18\/perche-dio-non-salva-il-mondo-di-nuovo\/#local-main-organization-logo\",\"url\":\"\",\"contentUrl\":\"\",\"caption\":\"Seminario Maggiore Arcivescovile - Chiesa di Trento\"}]}<\/script>\n<!-- \/ Yoast SEO Premium plugin. -->","yoast_head_json":{"title":"Perch\u00e9 Dio non salva il mondo di nuovo? - Seminario Maggiore Arcivescovile","description":"Don Mirko risponde a Sofia, una bambina di 9 anni","robots":{"index":"index","follow":"follow","max-snippet":"max-snippet:-1","max-image-preview":"max-image-preview:large","max-video-preview":"max-video-preview:-1"},"canonical":"https:\/\/www.diocesitn.it\/seminario\/2025\/11\/18\/perche-dio-non-salva-il-mondo-di-nuovo\/","og_locale":"it_IT","og_type":"article","og_title":"Perch\u00e9 Dio non salva il mondo di nuovo?","og_description":"Don Mirko risponde a Sofia, una bambina di 9 anni","og_url":"https:\/\/www.diocesitn.it\/seminario\/2025\/11\/18\/perche-dio-non-salva-il-mondo-di-nuovo\/","og_site_name":"Seminario Maggiore Arcivescovile","article_publisher":"https:\/\/www.facebook.com\/seminariotrento\/","article_published_time":"2025-11-18T11:23:23+00:00","og_image":[{"width":2560,"height":1707,"url":"https:\/\/www.diocesitn.it\/seminario\/wp-content\/uploads\/sites\/41\/2025\/11\/IMG_0323-scaled.jpeg","type":"image\/jpeg"}],"author":"seminaristitrento","twitter_card":"summary_large_image","twitter_misc":{"Scritto da":"seminaristitrento","Tempo di lettura stimato":"3 minuti"},"schema":{"@context":"https:\/\/schema.org","@graph":[{"@type":"WebPage","@id":"https:\/\/www.diocesitn.it\/seminario\/2025\/11\/18\/perche-dio-non-salva-il-mondo-di-nuovo\/","url":"https:\/\/www.diocesitn.it\/seminario\/2025\/11\/18\/perche-dio-non-salva-il-mondo-di-nuovo\/","name":"Perch\u00e9 Dio non salva il mondo di nuovo? - Seminario Maggiore Arcivescovile","isPartOf":{"@id":"https:\/\/www.diocesitn.it\/seminario\/#website"},"primaryImageOfPage":{"@id":"https:\/\/www.diocesitn.it\/seminario\/2025\/11\/18\/perche-dio-non-salva-il-mondo-di-nuovo\/#primaryimage"},"image":{"@id":"https:\/\/www.diocesitn.it\/seminario\/2025\/11\/18\/perche-dio-non-salva-il-mondo-di-nuovo\/#primaryimage"},"thumbnailUrl":"https:\/\/www.diocesitn.it\/seminario\/wp-content\/uploads\/sites\/41\/2025\/11\/IMG_0323-scaled.jpeg","datePublished":"2025-11-18T11:23:23+00:00","dateModified":"2025-11-18T11:23:23+00:00","author":{"@id":"https:\/\/www.diocesitn.it\/seminario\/#\/schema\/person\/fe751b4cf044b25d6ad3f1991d9b6d54"},"description":"Don Mirko risponde a Sofia, una bambina di 9 anni","breadcrumb":{"@id":"https:\/\/www.diocesitn.it\/seminario\/2025\/11\/18\/perche-dio-non-salva-il-mondo-di-nuovo\/#breadcrumb"},"inLanguage":"it-IT","potentialAction":[{"@type":"ReadAction","target":["https:\/\/www.diocesitn.it\/seminario\/2025\/11\/18\/perche-dio-non-salva-il-mondo-di-nuovo\/"]}]},{"@type":"ImageObject","inLanguage":"it-IT","@id":"https:\/\/www.diocesitn.it\/seminario\/2025\/11\/18\/perche-dio-non-salva-il-mondo-di-nuovo\/#primaryimage","url":"https:\/\/www.diocesitn.it\/seminario\/wp-content\/uploads\/sites\/41\/2025\/11\/IMG_0323-scaled.jpeg","contentUrl":"https:\/\/www.diocesitn.it\/seminario\/wp-content\/uploads\/sites\/41\/2025\/11\/IMG_0323-scaled.jpeg","width":2560,"height":1707},{"@type":"BreadcrumbList","@id":"https:\/\/www.diocesitn.it\/seminario\/2025\/11\/18\/perche-dio-non-salva-il-mondo-di-nuovo\/#breadcrumb","itemListElement":[{"@type":"ListItem","position":1,"name":"Home","item":"https:\/\/www.diocesitn.it\/seminario\/"},{"@type":"ListItem","position":2,"name":"Perch\u00e9 Dio non salva il mondo di nuovo?"}]},{"@type":"WebSite","@id":"https:\/\/www.diocesitn.it\/seminario\/#website","url":"https:\/\/www.diocesitn.it\/seminario\/","name":"Seminario Maggiore Arcivescovile","description":"Chiesa di Trento","potentialAction":[{"@type":"SearchAction","target":{"@type":"EntryPoint","urlTemplate":"https:\/\/www.diocesitn.it\/seminario\/?s={search_term_string}"},"query-input":"required name=search_term_string"}],"inLanguage":"it-IT"},{"@type":"ImageObject","inLanguage":"it-IT","@id":"https:\/\/www.diocesitn.it\/seminario\/2025\/11\/18\/perche-dio-non-salva-il-mondo-di-nuovo\/#local-main-organization-logo","url":"","contentUrl":"","caption":"Seminario Maggiore Arcivescovile - Chiesa di Trento"}]}},"_links":{"self":[{"href":"https:\/\/www.diocesitn.it\/seminario\/wp-json\/wp\/v2\/posts\/1185","targetHints":{"allow":["GET"]}}],"collection":[{"href":"https:\/\/www.diocesitn.it\/seminario\/wp-json\/wp\/v2\/posts"}],"about":[{"href":"https:\/\/www.diocesitn.it\/seminario\/wp-json\/wp\/v2\/types\/post"}],"author":[{"embeddable":true,"href":"https:\/\/www.diocesitn.it\/seminario\/wp-json\/wp\/v2\/users\/172"}],"replies":[{"embeddable":true,"href":"https:\/\/www.diocesitn.it\/seminario\/wp-json\/wp\/v2\/comments?post=1185"}],"version-history":[{"count":2,"href":"https:\/\/www.diocesitn.it\/seminario\/wp-json\/wp\/v2\/posts\/1185\/revisions"}],"predecessor-version":[{"id":1187,"href":"https:\/\/www.diocesitn.it\/seminario\/wp-json\/wp\/v2\/posts\/1185\/revisions\/1187"}],"wp:featuredmedia":[{"embeddable":true,"href":"https:\/\/www.diocesitn.it\/seminario\/wp-json\/wp\/v2\/media\/1180"}],"wp:attachment":[{"href":"https:\/\/www.diocesitn.it\/seminario\/wp-json\/wp\/v2\/media?parent=1185"}],"wp:term":[{"taxonomy":"category","embeddable":true,"href":"https:\/\/www.diocesitn.it\/seminario\/wp-json\/wp\/v2\/categories?post=1185"},{"taxonomy":"post_tag","embeddable":true,"href":"https:\/\/www.diocesitn.it\/seminario\/wp-json\/wp\/v2\/tags?post=1185"}],"curies":[{"name":"wp","href":"https:\/\/api.w.org\/{rel}","templated":true}]}}