{"id":1159,"date":"2025-10-07T10:42:55","date_gmt":"2025-10-07T08:42:55","guid":{"rendered":"https:\/\/www.diocesitn.it\/seminario\/?p=1159"},"modified":"2025-10-09T14:18:17","modified_gmt":"2025-10-09T12:18:17","slug":"giubileo-dei-giovani","status":"publish","type":"post","link":"https:\/\/www.diocesitn.it\/seminario\/2025\/10\/07\/giubileo-dei-giovani\/","title":{"rendered":"Giubileo dei giovani"},"content":{"rendered":"<p class=\"s4\"><span class=\"s2\">Luned\u00ec 28 luglio il gruppo di pellegrini \u00e8 partito da Belluno<\/span><span class=\"s2\"> verso <\/span><span class=\"s2\">Assisi, da dove \u00e8 iniziato il cammino fino a Greccio, ultima tappa prima di Roma. <\/span><span class=\"s2\">Siamo partiti<\/span><span class=\"s2\"> sotto la pioggia con una pendenza considerevole, ma nonostante la fatica, sono nate le prime conversazioni e il gruppo pian piano iniziava a formarsi. Gi\u00e0 da questi<\/span><span class=\"s2\"> primi passi qualcuno si distingueva per la sua loquacit\u00e0, e <\/span><span class=\"s2\">diventava motivo di risate che assieme a molti racconti componevano la colonna sonora del pellegrinaggio.<\/span><\/p>\n<p class=\"s4\"><span class=\"s2\">Il tragitto totale ha superato i<\/span><span class=\"s2\"> 100km, <\/span><span class=\"s2\">circa<\/span><span class=\"s2\"> 25 al giorno <\/span><span class=\"s2\">con la tappa pi\u00f9 dura<\/span><span class=\"s2\"> di 33km<\/span><span class=\"s2\">:<\/span> <span class=\"s2\">con <\/span><span class=\"s2\">le ultime due ore di cammino <\/span><span class=\"s2\">(12:00-14:00)<\/span><span class=\"s2\"> sotto il sole <\/span><span class=\"s2\">di<\/span><span class=\"s2\"> una piana asfaltata <\/span><span class=\"s2\">senza curve<\/span><span class=\"s2\"> e con le riserve idriche agli sgoccioli<\/span><span class=\"s2\">. Arrivati a Spoleto, siamo crollati a terra nel giardino delle suore ospita<\/span><span class=\"s2\">nti<\/span><span class=\"s2\"> il nostro pranzo. Avevamo per\u00f2 con noi Bruno, <\/span><span class=\"s2\">l\u2019<\/span><span class=\"s2\">angelo custode che ci ha sostenuti in molti modi: ci portava graditissimi colazioni e pranzi col pulmino, che diventava anche supporto per chi cedeva sotto i dolori della fatica. <\/span><span class=\"s2\">La sua presenza \u00e8 stata fondamentale, anche per il saluto e augurio caloroso e commovente che ci ha donato alla fine del cammino!<\/span><\/p>\n<p class=\"s4\"><span class=\"s2\">Ogni giorno si teneva un momento di riflessione<\/span><span class=\"s2\"> che dava sostanza alle nostre relazioni e al nostro pregare, preparandoci cos\u00ec in tutto per attraversare la Porta Santa e incontrare papa Leone.<\/span><\/p>\n<p class=\"s4\"><span class=\"s2\">Andrea Nicolao<\/span><\/p>\n<p><img loading=\"lazy\" decoding=\"async\" class=\"alignnone size-medium wp-image-1163\" src=\"https:\/\/www.diocesitn.it\/seminario\/wp-content\/uploads\/sites\/41\/2025\/10\/1c8ca330-d102-4f73-b25f-8893f91024ed-280x300.jpeg\" alt=\"\" width=\"280\" height=\"300\" srcset=\"https:\/\/www.diocesitn.it\/seminario\/wp-content\/uploads\/sites\/41\/2025\/10\/1c8ca330-d102-4f73-b25f-8893f91024ed-280x300.jpeg 280w, https:\/\/www.diocesitn.it\/seminario\/wp-content\/uploads\/sites\/41\/2025\/10\/1c8ca330-d102-4f73-b25f-8893f91024ed-956x1024.jpeg 956w, https:\/\/www.diocesitn.it\/seminario\/wp-content\/uploads\/sites\/41\/2025\/10\/1c8ca330-d102-4f73-b25f-8893f91024ed-768x823.jpeg 768w, https:\/\/www.diocesitn.it\/seminario\/wp-content\/uploads\/sites\/41\/2025\/10\/1c8ca330-d102-4f73-b25f-8893f91024ed-261x280.jpeg 261w, https:\/\/www.diocesitn.it\/seminario\/wp-content\/uploads\/sites\/41\/2025\/10\/1c8ca330-d102-4f73-b25f-8893f91024ed-717x768.jpeg 717w, https:\/\/www.diocesitn.it\/seminario\/wp-content\/uploads\/sites\/41\/2025\/10\/1c8ca330-d102-4f73-b25f-8893f91024ed-1433x1536.jpeg 1433w, https:\/\/www.diocesitn.it\/seminario\/wp-content\/uploads\/sites\/41\/2025\/10\/1c8ca330-d102-4f73-b25f-8893f91024ed-1911x2048.jpeg 1911w, https:\/\/www.diocesitn.it\/seminario\/wp-content\/uploads\/sites\/41\/2025\/10\/1c8ca330-d102-4f73-b25f-8893f91024ed-800x857.jpeg 800w, https:\/\/www.diocesitn.it\/seminario\/wp-content\/uploads\/sites\/41\/2025\/10\/1c8ca330-d102-4f73-b25f-8893f91024ed-1200x1286.jpeg 1200w\" sizes=\"auto, (max-width: 280px) 100vw, 280px\" \/><img loading=\"lazy\" decoding=\"async\" class=\"alignnone size-medium wp-image-1161\" src=\"https:\/\/www.diocesitn.it\/seminario\/wp-content\/uploads\/sites\/41\/2025\/10\/5a253c11-f0a4-489f-aa3a-efb57a845494-300x225.jpeg\" alt=\"\" width=\"300\" height=\"225\" srcset=\"https:\/\/www.diocesitn.it\/seminario\/wp-content\/uploads\/sites\/41\/2025\/10\/5a253c11-f0a4-489f-aa3a-efb57a845494-300x225.jpeg 300w, https:\/\/www.diocesitn.it\/seminario\/wp-content\/uploads\/sites\/41\/2025\/10\/5a253c11-f0a4-489f-aa3a-efb57a845494-1024x768.jpeg 1024w, https:\/\/www.diocesitn.it\/seminario\/wp-content\/uploads\/sites\/41\/2025\/10\/5a253c11-f0a4-489f-aa3a-efb57a845494-768x576.jpeg 768w, https:\/\/www.diocesitn.it\/seminario\/wp-content\/uploads\/sites\/41\/2025\/10\/5a253c11-f0a4-489f-aa3a-efb57a845494-360x270.jpeg 360w, https:\/\/www.diocesitn.it\/seminario\/wp-content\/uploads\/sites\/41\/2025\/10\/5a253c11-f0a4-489f-aa3a-efb57a845494-1536x1152.jpeg 1536w, https:\/\/www.diocesitn.it\/seminario\/wp-content\/uploads\/sites\/41\/2025\/10\/5a253c11-f0a4-489f-aa3a-efb57a845494-2048x1536.jpeg 2048w, https:\/\/www.diocesitn.it\/seminario\/wp-content\/uploads\/sites\/41\/2025\/10\/5a253c11-f0a4-489f-aa3a-efb57a845494-800x600.jpeg 800w, https:\/\/www.diocesitn.it\/seminario\/wp-content\/uploads\/sites\/41\/2025\/10\/5a253c11-f0a4-489f-aa3a-efb57a845494-1200x900.jpeg 1200w\" sizes=\"auto, (max-width: 300px) 100vw, 300px\" \/><img loading=\"lazy\" decoding=\"async\" class=\"alignnone size-medium wp-image-1162\" src=\"https:\/\/www.diocesitn.it\/seminario\/wp-content\/uploads\/sites\/41\/2025\/10\/IMG_6977-300x225.jpeg\" alt=\"\" width=\"300\" height=\"225\" srcset=\"https:\/\/www.diocesitn.it\/seminario\/wp-content\/uploads\/sites\/41\/2025\/10\/IMG_6977-300x225.jpeg 300w, https:\/\/www.diocesitn.it\/seminario\/wp-content\/uploads\/sites\/41\/2025\/10\/IMG_6977-1024x768.jpeg 1024w, https:\/\/www.diocesitn.it\/seminario\/wp-content\/uploads\/sites\/41\/2025\/10\/IMG_6977-768x576.jpeg 768w, https:\/\/www.diocesitn.it\/seminario\/wp-content\/uploads\/sites\/41\/2025\/10\/IMG_6977-360x270.jpeg 360w, https:\/\/www.diocesitn.it\/seminario\/wp-content\/uploads\/sites\/41\/2025\/10\/IMG_6977-1536x1152.jpeg 1536w, https:\/\/www.diocesitn.it\/seminario\/wp-content\/uploads\/sites\/41\/2025\/10\/IMG_6977-2048x1536.jpeg 2048w, https:\/\/www.diocesitn.it\/seminario\/wp-content\/uploads\/sites\/41\/2025\/10\/IMG_6977-800x600.jpeg 800w, https:\/\/www.diocesitn.it\/seminario\/wp-content\/uploads\/sites\/41\/2025\/10\/IMG_6977-1200x900.jpeg 1200w\" sizes=\"auto, (max-width: 300px) 100vw, 300px\" \/><img loading=\"lazy\" decoding=\"async\" class=\"alignnone size-medium wp-image-1164\" src=\"https:\/\/www.diocesitn.it\/seminario\/wp-content\/uploads\/sites\/41\/2025\/10\/IMG_6986-300x225.jpeg\" alt=\"\" width=\"300\" height=\"225\" srcset=\"https:\/\/www.diocesitn.it\/seminario\/wp-content\/uploads\/sites\/41\/2025\/10\/IMG_6986-300x225.jpeg 300w, https:\/\/www.diocesitn.it\/seminario\/wp-content\/uploads\/sites\/41\/2025\/10\/IMG_6986-1024x768.jpeg 1024w, https:\/\/www.diocesitn.it\/seminario\/wp-content\/uploads\/sites\/41\/2025\/10\/IMG_6986-768x576.jpeg 768w, https:\/\/www.diocesitn.it\/seminario\/wp-content\/uploads\/sites\/41\/2025\/10\/IMG_6986-360x270.jpeg 360w, https:\/\/www.diocesitn.it\/seminario\/wp-content\/uploads\/sites\/41\/2025\/10\/IMG_6986-1536x1152.jpeg 1536w, https:\/\/www.diocesitn.it\/seminario\/wp-content\/uploads\/sites\/41\/2025\/10\/IMG_6986-2048x1536.jpeg 2048w, https:\/\/www.diocesitn.it\/seminario\/wp-content\/uploads\/sites\/41\/2025\/10\/IMG_6986-800x600.jpeg 800w, https:\/\/www.diocesitn.it\/seminario\/wp-content\/uploads\/sites\/41\/2025\/10\/IMG_6986-1200x900.jpeg 1200w\" sizes=\"auto, (max-width: 300px) 100vw, 300px\" \/><\/p>\n","protected":false},"excerpt":{"rendered":"<p>Luned\u00ec 28 luglio il gruppo di pellegrini \u00e8 partito da Belluno verso Assisi, da dove \u00e8 iniziato il cammino fino a Greccio, ultima tappa prima di Roma. Siamo partiti sotto la pioggia con una pendenza<\/p>\n","protected":false},"author":172,"featured_media":1165,"comment_status":"closed","ping_status":"closed","sticky":false,"template":"","format":"standard","meta":{"footnotes":""},"categories":[176],"tags":[],"class_list":["post-1159","post","type-post","status-publish","format-standard","has-post-thumbnail","hentry","category-notizie"],"acf":{"seed-localization-paese-cod":"IT","seed-localization-address":"","seed-localization-citta":"Trento","seed-localization-regione-cod-istat":"04","seed-localization-citta-cod-istat":"022205","seed-localization-localita":"","seed-localization-cap":"","seed-localization-marker-visibility":false,"seed-localization-children-visibility":false,"seed-localization-kml":"","seed-localization-custom-marker":""},"yoast_head":"<!-- This site is optimized with the Yoast SEO Premium plugin v20.2.1 (Yoast SEO v22.2) - https:\/\/yoast.com\/wordpress\/plugins\/seo\/ -->\n<title>Giubileo dei giovani - Seminario Maggiore Arcivescovile<\/title>\n<meta name=\"description\" content=\"Da Assisi a Roma per il Giubileo dei Giovani: 100 km di cammino, fatica, risate e fede, fino all\u2019incontro con Papa Leone e la Porta Santa\" \/>\n<meta name=\"robots\" content=\"index, follow, max-snippet:-1, max-image-preview:large, max-video-preview:-1\" \/>\n<link rel=\"canonical\" href=\"https:\/\/www.diocesitn.it\/seminario\/2025\/10\/07\/giubileo-dei-giovani\/\" \/>\n<meta property=\"og:locale\" content=\"it_IT\" \/>\n<meta property=\"og:type\" content=\"article\" \/>\n<meta property=\"og:title\" content=\"Giubileo dei giovani\" \/>\n<meta property=\"og:description\" content=\"Da Assisi a Roma per il Giubileo dei Giovani: 100 km di cammino, fatica, risate e fede, fino all\u2019incontro con Papa Leone e la Porta Santa\" \/>\n<meta property=\"og:url\" content=\"https:\/\/www.diocesitn.it\/seminario\/2025\/10\/07\/giubileo-dei-giovani\/\" \/>\n<meta property=\"og:site_name\" content=\"Seminario Maggiore Arcivescovile\" \/>\n<meta property=\"article:publisher\" content=\"https:\/\/www.facebook.com\/seminariotrento\/\" \/>\n<meta property=\"article:published_time\" content=\"2025-10-07T08:42:55+00:00\" \/>\n<meta property=\"article:modified_time\" content=\"2025-10-09T12:18:17+00:00\" \/>\n<meta property=\"og:image\" content=\"https:\/\/www.diocesitn.it\/seminario\/wp-content\/uploads\/sites\/41\/2025\/10\/IMG_6945-scaled.jpeg\" \/>\n\t<meta property=\"og:image:width\" content=\"2560\" \/>\n\t<meta property=\"og:image:height\" content=\"1920\" \/>\n\t<meta property=\"og:image:type\" content=\"image\/jpeg\" \/>\n<meta name=\"author\" content=\"seminaristitrento\" \/>\n<meta name=\"twitter:card\" content=\"summary_large_image\" \/>\n<meta name=\"twitter:label1\" content=\"Scritto da\" \/>\n\t<meta name=\"twitter:data1\" content=\"seminaristitrento\" \/>\n\t<meta name=\"twitter:label2\" content=\"Tempo di lettura stimato\" \/>\n\t<meta name=\"twitter:data2\" content=\"3 minuti\" \/>\n<script type=\"application\/ld+json\" class=\"yoast-schema-graph\">{\"@context\":\"https:\/\/schema.org\",\"@graph\":[{\"@type\":\"WebPage\",\"@id\":\"https:\/\/www.diocesitn.it\/seminario\/2025\/10\/07\/giubileo-dei-giovani\/\",\"url\":\"https:\/\/www.diocesitn.it\/seminario\/2025\/10\/07\/giubileo-dei-giovani\/\",\"name\":\"Giubileo dei giovani - Seminario Maggiore Arcivescovile\",\"isPartOf\":{\"@id\":\"https:\/\/www.diocesitn.it\/seminario\/#website\"},\"primaryImageOfPage\":{\"@id\":\"https:\/\/www.diocesitn.it\/seminario\/2025\/10\/07\/giubileo-dei-giovani\/#primaryimage\"},\"image\":{\"@id\":\"https:\/\/www.diocesitn.it\/seminario\/2025\/10\/07\/giubileo-dei-giovani\/#primaryimage\"},\"thumbnailUrl\":\"https:\/\/www.diocesitn.it\/seminario\/wp-content\/uploads\/sites\/41\/2025\/10\/IMG_6945-scaled.jpeg\",\"datePublished\":\"2025-10-07T08:42:55+00:00\",\"dateModified\":\"2025-10-09T12:18:17+00:00\",\"author\":{\"@id\":\"https:\/\/www.diocesitn.it\/seminario\/#\/schema\/person\/fe751b4cf044b25d6ad3f1991d9b6d54\"},\"description\":\"Da Assisi a Roma per il Giubileo dei Giovani: 100 km di cammino, fatica, risate e fede, fino all\u2019incontro con Papa Leone e la Porta Santa\",\"breadcrumb\":{\"@id\":\"https:\/\/www.diocesitn.it\/seminario\/2025\/10\/07\/giubileo-dei-giovani\/#breadcrumb\"},\"inLanguage\":\"it-IT\",\"potentialAction\":[{\"@type\":\"ReadAction\",\"target\":[\"https:\/\/www.diocesitn.it\/seminario\/2025\/10\/07\/giubileo-dei-giovani\/\"]}]},{\"@type\":\"ImageObject\",\"inLanguage\":\"it-IT\",\"@id\":\"https:\/\/www.diocesitn.it\/seminario\/2025\/10\/07\/giubileo-dei-giovani\/#primaryimage\",\"url\":\"https:\/\/www.diocesitn.it\/seminario\/wp-content\/uploads\/sites\/41\/2025\/10\/IMG_6945-scaled.jpeg\",\"contentUrl\":\"https:\/\/www.diocesitn.it\/seminario\/wp-content\/uploads\/sites\/41\/2025\/10\/IMG_6945-scaled.jpeg\",\"width\":2560,\"height\":1920},{\"@type\":\"BreadcrumbList\",\"@id\":\"https:\/\/www.diocesitn.it\/seminario\/2025\/10\/07\/giubileo-dei-giovani\/#breadcrumb\",\"itemListElement\":[{\"@type\":\"ListItem\",\"position\":1,\"name\":\"Home\",\"item\":\"https:\/\/www.diocesitn.it\/seminario\/\"},{\"@type\":\"ListItem\",\"position\":2,\"name\":\"Giubileo dei giovani\"}]},{\"@type\":\"WebSite\",\"@id\":\"https:\/\/www.diocesitn.it\/seminario\/#website\",\"url\":\"https:\/\/www.diocesitn.it\/seminario\/\",\"name\":\"Seminario Maggiore Arcivescovile\",\"description\":\"Chiesa di Trento\",\"potentialAction\":[{\"@type\":\"SearchAction\",\"target\":{\"@type\":\"EntryPoint\",\"urlTemplate\":\"https:\/\/www.diocesitn.it\/seminario\/?s={search_term_string}\"},\"query-input\":\"required name=search_term_string\"}],\"inLanguage\":\"it-IT\"},{\"@type\":\"ImageObject\",\"inLanguage\":\"it-IT\",\"@id\":\"https:\/\/www.diocesitn.it\/seminario\/2025\/10\/07\/giubileo-dei-giovani\/#local-main-organization-logo\",\"url\":\"\",\"contentUrl\":\"\",\"caption\":\"Seminario Maggiore Arcivescovile - Chiesa di Trento\"}]}<\/script>\n<!-- \/ Yoast SEO Premium plugin. -->","yoast_head_json":{"title":"Giubileo dei giovani - Seminario Maggiore Arcivescovile","description":"Da Assisi a Roma per il Giubileo dei Giovani: 100 km di cammino, fatica, risate e fede, fino all\u2019incontro con Papa Leone e la Porta Santa","robots":{"index":"index","follow":"follow","max-snippet":"max-snippet:-1","max-image-preview":"max-image-preview:large","max-video-preview":"max-video-preview:-1"},"canonical":"https:\/\/www.diocesitn.it\/seminario\/2025\/10\/07\/giubileo-dei-giovani\/","og_locale":"it_IT","og_type":"article","og_title":"Giubileo dei giovani","og_description":"Da Assisi a Roma per il Giubileo dei Giovani: 100 km di cammino, fatica, risate e fede, fino all\u2019incontro con Papa Leone e la Porta Santa","og_url":"https:\/\/www.diocesitn.it\/seminario\/2025\/10\/07\/giubileo-dei-giovani\/","og_site_name":"Seminario Maggiore Arcivescovile","article_publisher":"https:\/\/www.facebook.com\/seminariotrento\/","article_published_time":"2025-10-07T08:42:55+00:00","article_modified_time":"2025-10-09T12:18:17+00:00","og_image":[{"width":2560,"height":1920,"url":"https:\/\/www.diocesitn.it\/seminario\/wp-content\/uploads\/sites\/41\/2025\/10\/IMG_6945-scaled.jpeg","type":"image\/jpeg"}],"author":"seminaristitrento","twitter_card":"summary_large_image","twitter_misc":{"Scritto da":"seminaristitrento","Tempo di lettura stimato":"3 minuti"},"schema":{"@context":"https:\/\/schema.org","@graph":[{"@type":"WebPage","@id":"https:\/\/www.diocesitn.it\/seminario\/2025\/10\/07\/giubileo-dei-giovani\/","url":"https:\/\/www.diocesitn.it\/seminario\/2025\/10\/07\/giubileo-dei-giovani\/","name":"Giubileo dei giovani - Seminario Maggiore Arcivescovile","isPartOf":{"@id":"https:\/\/www.diocesitn.it\/seminario\/#website"},"primaryImageOfPage":{"@id":"https:\/\/www.diocesitn.it\/seminario\/2025\/10\/07\/giubileo-dei-giovani\/#primaryimage"},"image":{"@id":"https:\/\/www.diocesitn.it\/seminario\/2025\/10\/07\/giubileo-dei-giovani\/#primaryimage"},"thumbnailUrl":"https:\/\/www.diocesitn.it\/seminario\/wp-content\/uploads\/sites\/41\/2025\/10\/IMG_6945-scaled.jpeg","datePublished":"2025-10-07T08:42:55+00:00","dateModified":"2025-10-09T12:18:17+00:00","author":{"@id":"https:\/\/www.diocesitn.it\/seminario\/#\/schema\/person\/fe751b4cf044b25d6ad3f1991d9b6d54"},"description":"Da Assisi a Roma per il Giubileo dei Giovani: 100 km di cammino, fatica, risate e fede, fino all\u2019incontro con Papa Leone e la Porta Santa","breadcrumb":{"@id":"https:\/\/www.diocesitn.it\/seminario\/2025\/10\/07\/giubileo-dei-giovani\/#breadcrumb"},"inLanguage":"it-IT","potentialAction":[{"@type":"ReadAction","target":["https:\/\/www.diocesitn.it\/seminario\/2025\/10\/07\/giubileo-dei-giovani\/"]}]},{"@type":"ImageObject","inLanguage":"it-IT","@id":"https:\/\/www.diocesitn.it\/seminario\/2025\/10\/07\/giubileo-dei-giovani\/#primaryimage","url":"https:\/\/www.diocesitn.it\/seminario\/wp-content\/uploads\/sites\/41\/2025\/10\/IMG_6945-scaled.jpeg","contentUrl":"https:\/\/www.diocesitn.it\/seminario\/wp-content\/uploads\/sites\/41\/2025\/10\/IMG_6945-scaled.jpeg","width":2560,"height":1920},{"@type":"BreadcrumbList","@id":"https:\/\/www.diocesitn.it\/seminario\/2025\/10\/07\/giubileo-dei-giovani\/#breadcrumb","itemListElement":[{"@type":"ListItem","position":1,"name":"Home","item":"https:\/\/www.diocesitn.it\/seminario\/"},{"@type":"ListItem","position":2,"name":"Giubileo dei giovani"}]},{"@type":"WebSite","@id":"https:\/\/www.diocesitn.it\/seminario\/#website","url":"https:\/\/www.diocesitn.it\/seminario\/","name":"Seminario Maggiore Arcivescovile","description":"Chiesa di Trento","potentialAction":[{"@type":"SearchAction","target":{"@type":"EntryPoint","urlTemplate":"https:\/\/www.diocesitn.it\/seminario\/?s={search_term_string}"},"query-input":"required name=search_term_string"}],"inLanguage":"it-IT"},{"@type":"ImageObject","inLanguage":"it-IT","@id":"https:\/\/www.diocesitn.it\/seminario\/2025\/10\/07\/giubileo-dei-giovani\/#local-main-organization-logo","url":"","contentUrl":"","caption":"Seminario Maggiore Arcivescovile - Chiesa di Trento"}]}},"_links":{"self":[{"href":"https:\/\/www.diocesitn.it\/seminario\/wp-json\/wp\/v2\/posts\/1159","targetHints":{"allow":["GET"]}}],"collection":[{"href":"https:\/\/www.diocesitn.it\/seminario\/wp-json\/wp\/v2\/posts"}],"about":[{"href":"https:\/\/www.diocesitn.it\/seminario\/wp-json\/wp\/v2\/types\/post"}],"author":[{"embeddable":true,"href":"https:\/\/www.diocesitn.it\/seminario\/wp-json\/wp\/v2\/users\/172"}],"replies":[{"embeddable":true,"href":"https:\/\/www.diocesitn.it\/seminario\/wp-json\/wp\/v2\/comments?post=1159"}],"version-history":[{"count":3,"href":"https:\/\/www.diocesitn.it\/seminario\/wp-json\/wp\/v2\/posts\/1159\/revisions"}],"predecessor-version":[{"id":1170,"href":"https:\/\/www.diocesitn.it\/seminario\/wp-json\/wp\/v2\/posts\/1159\/revisions\/1170"}],"wp:featuredmedia":[{"embeddable":true,"href":"https:\/\/www.diocesitn.it\/seminario\/wp-json\/wp\/v2\/media\/1165"}],"wp:attachment":[{"href":"https:\/\/www.diocesitn.it\/seminario\/wp-json\/wp\/v2\/media?parent=1159"}],"wp:term":[{"taxonomy":"category","embeddable":true,"href":"https:\/\/www.diocesitn.it\/seminario\/wp-json\/wp\/v2\/categories?post=1159"},{"taxonomy":"post_tag","embeddable":true,"href":"https:\/\/www.diocesitn.it\/seminario\/wp-json\/wp\/v2\/tags?post=1159"}],"curies":[{"name":"wp","href":"https:\/\/api.w.org\/{rel}","templated":true}]}}