{"id":1156,"date":"2025-10-07T10:28:35","date_gmt":"2025-10-07T08:28:35","guid":{"rendered":"https:\/\/www.diocesitn.it\/seminario\/?p=1156"},"modified":"2025-10-07T10:28:35","modified_gmt":"2025-10-07T08:28:35","slug":"e-un-uccello-e-un-aereo-e-un-angelo","status":"publish","type":"post","link":"https:\/\/www.diocesitn.it\/seminario\/2025\/10\/07\/e-un-uccello-e-un-aereo-e-un-angelo\/","title":{"rendered":"\u00c8 UN UCCELLO? \u00c8 UN AEREO? \u00c8 UN ANGELO!"},"content":{"rendered":"<p class=\"s4\"><span class=\"s2\">Non appena mi \u00e8 stata fatta la domanda che guida questo numero del<\/span><span class=\"s2\">l\u2019inserto <\/span><span class=\"s2\">che avete fra le mani, ovvero \u201cMa esistono gli angeli?\u201d, e mi \u00e8 stato chiesto di pensare ad un film che potesse risponderle, ho pensato a <\/span><span class=\"s5\">Superman<\/span><span class=\"s2\">, del 2025 per la regia di James Gunn. <\/span><\/p>\n<p class=\"s4\"><span class=\"s2\">Potrebbe suonare strano l\u2019accostamento degli angeli con Superman. Eppure, la versione data dell\u2019ultima pellicola uscita al cinema su questo personaggio \u00e8 molto simile a quella di un angelo. Infatti, sia Superman che gli angeli provengono da un altro mondo, hanno capacit\u00e0 sovra-umane e, soprattutto, si spendono per gli altri e cercano di custodire le persone a loro affidate. Addirittura, in una scena del film, vediamo Superman salvare uno scoiattolo dall\u2019essere schiacciato da un mostro, segno della sua incredibile e infinita bont\u00e0 verso ogni creatura.<\/span><\/p>\n<p class=\"s4\"><span class=\"s2\">Come gli angeli, che sono messaggeri di speranza, anche Superman \u00e8 tale. La speranza che portano non \u00e8 quella illusoria, basata su una falsa visione della realt\u00e0 o su premesse che non hanno stabilit\u00e0, ma \u00e8 quel genere di speranza estremamente concreta e fondata su solide basi. Basti pensare all\u2019angelo che ferma la mano di Abramo prima del sacrificio di Isacco, o all\u2019a<\/span><span class=\"s2\">rca<\/span><span class=\"s2\">ngelo Gabriele che annuncia la nascita del Salvatore. O a Superman che, nel film uscito quest\u2019estate, ferma di fatto la guerra fra due nazioni. Eventi che, senza gli angeli o il supereroe in questione, sarebbero andati in modo diverso. E cos\u00ec gli angeli, come il Superman interpretato da David Corenswet, riescono ad infondere speranza in coloro che si lasciano provocare dal loro atteggiamento e dal loro comportamento. Si pensi ad esempio a Maria, che grazie all\u2019angelo, dopo essere stata turbata dalla scoperta della sua maternit\u00e0, trae la forza per dire il suo \u201cs\u00ec\u201d a Dio, o al fan di Superman che, ispirato proprio dal supereroe, lo aiuta a rialzarsi dopo essere stato scaraventato a terra.<\/span><\/p>\n<p class=\"s4\"><span class=\"s2\">Ma una considerazione pu\u00f2 sorgere spontanea: Superman non esiste, se non appunto su uno schermo o nei fumetti. E gli angeli? Allora non esistono?<\/span><\/p>\n<p class=\"s4\"><span class=\"s2\">Facciamo un passo indietro. Abbiamo detto che Superman non esiste, d\u2019accordo. Per\u00f2 inviterei a capire bene quali sono i suoi poteri. Sicuramente tutti pensiamo alla super-forza, alla super-velocit\u00e0, alla capacit\u00e0 di volare, al poter sparare raggi laser dagli occhi. Tuttavia, c\u2019\u00e8 ancora un potere che non abbiamo elencato e che Superman stesso considera il pi\u00f9 importante. Nel film<\/span><span class=\"s2\">,<\/span><span class=\"s2\"> infatti, ad un certo punto, dice cos\u00ec: \u00abIo sono umano come chiunque altro! Io amo! Io ho-ho paura! Mi sveglio ogni mattina e malgrado io non sappia cosa fare, provo a fare un passo dopo l\u2019altro e cerco di prendere le decisioni migliori che posso! Faccio continuamente casini! Ma \u00e8 questo essere umani! Ed \u00e8 la mia forza pi\u00f9 grande!\u00bb. Per rendere l\u2019idea ancora pi\u00f9 chiara ed esplicita: la forza pi\u00f9 grande di Superman non \u00e8 la forza fisica, il poter volare, o una qualsiasi altra abilit\u00e0 sovrumana, ma anzi, \u00e8 proprio la sua umanit\u00e0! \u00c8 la sua interiorit\u00e0, la capacit\u00e0 di amare, di provare delle emozioni e dei sentimenti, di vivere il quotidiano come qualunque altra persona. Come chiunque di noi. Ed \u00e8 questo il punto: se il potere pi\u00f9 grande di Superman \u00e8 l\u2019essere come noi, vuol dire che anche noi possiamo essere come lui. Possiamo essere persone che vogliono il bene degli altri e che fanno il possibile (e a volte anche l\u2019impossibile) per ottenerlo. In definitiva, possiamo essere degli angeli.<\/span><\/p>\n<p class=\"s4\"><span class=\"s2\">Per concludere al meglio quest\u2019articolo, non trovo parole migliori di quelle dello scrittore David Foster Wallace, che affermava: \u00ab\u00e8 possibile che gli angeli non esistano, per\u00f2 ci sono persone che potrebbero essere angeli\u00bb. Questo \u00e8 esattamente quello che si \u00e8 cercato di dire: ognuno di noi, sull\u2019esempio anche di <\/span><span class=\"s5\">Superman<\/span><span class=\"s2\">, pu\u00f2 essere un angelo.<\/span><\/p>\n<p class=\"s4\"><span class=\"s2\">Sebastiano Spagnolli<\/span><\/p>\n<p><img loading=\"lazy\" decoding=\"async\" class=\"alignnone size-medium wp-image-1128\" src=\"https:\/\/www.diocesitn.it\/seminario\/wp-content\/uploads\/sites\/41\/2025\/10\/Superman_FOTO3_CA3-300x146.png\" alt=\"\" width=\"300\" height=\"146\" srcset=\"https:\/\/www.diocesitn.it\/seminario\/wp-content\/uploads\/sites\/41\/2025\/10\/Superman_FOTO3_CA3-300x146.png 300w, https:\/\/www.diocesitn.it\/seminario\/wp-content\/uploads\/sites\/41\/2025\/10\/Superman_FOTO3_CA3-1024x499.png 1024w, https:\/\/www.diocesitn.it\/seminario\/wp-content\/uploads\/sites\/41\/2025\/10\/Superman_FOTO3_CA3-768x375.png 768w, https:\/\/www.diocesitn.it\/seminario\/wp-content\/uploads\/sites\/41\/2025\/10\/Superman_FOTO3_CA3-360x176.png 360w, https:\/\/www.diocesitn.it\/seminario\/wp-content\/uploads\/sites\/41\/2025\/10\/Superman_FOTO3_CA3-1536x749.png 1536w, https:\/\/www.diocesitn.it\/seminario\/wp-content\/uploads\/sites\/41\/2025\/10\/Superman_FOTO3_CA3-800x390.png 800w, https:\/\/www.diocesitn.it\/seminario\/wp-content\/uploads\/sites\/41\/2025\/10\/Superman_FOTO3_CA3-1200x585.png 1200w, https:\/\/www.diocesitn.it\/seminario\/wp-content\/uploads\/sites\/41\/2025\/10\/Superman_FOTO3_CA3.png 1837w\" sizes=\"auto, (max-width: 300px) 100vw, 300px\" \/><img loading=\"lazy\" decoding=\"async\" class=\"alignnone size-medium wp-image-1126\" src=\"https:\/\/www.diocesitn.it\/seminario\/wp-content\/uploads\/sites\/41\/2025\/10\/Superman_FOTO2_CA3-300x224.png\" alt=\"\" width=\"300\" height=\"224\" srcset=\"https:\/\/www.diocesitn.it\/seminario\/wp-content\/uploads\/sites\/41\/2025\/10\/Superman_FOTO2_CA3-300x224.png 300w, https:\/\/www.diocesitn.it\/seminario\/wp-content\/uploads\/sites\/41\/2025\/10\/Superman_FOTO2_CA3-1024x765.png 1024w, https:\/\/www.diocesitn.it\/seminario\/wp-content\/uploads\/sites\/41\/2025\/10\/Superman_FOTO2_CA3-768x574.png 768w, https:\/\/www.diocesitn.it\/seminario\/wp-content\/uploads\/sites\/41\/2025\/10\/Superman_FOTO2_CA3-360x269.png 360w, https:\/\/www.diocesitn.it\/seminario\/wp-content\/uploads\/sites\/41\/2025\/10\/Superman_FOTO2_CA3-800x598.png 800w, https:\/\/www.diocesitn.it\/seminario\/wp-content\/uploads\/sites\/41\/2025\/10\/Superman_FOTO2_CA3-1200x897.png 1200w, https:\/\/www.diocesitn.it\/seminario\/wp-content\/uploads\/sites\/41\/2025\/10\/Superman_FOTO2_CA3.png 1207w\" sizes=\"auto, (max-width: 300px) 100vw, 300px\" \/><\/p>\n","protected":false},"excerpt":{"rendered":"<p>Non appena mi \u00e8 stata fatta la domanda che guida questo numero dell\u2019inserto che avete fra le mani, ovvero \u201cMa esistono gli angeli?\u201d, e mi \u00e8 stato chiesto di pensare ad un film che potesse<\/p>\n","protected":false},"author":172,"featured_media":1130,"comment_status":"closed","ping_status":"closed","sticky":false,"template":"","format":"standard","meta":{"footnotes":""},"categories":[176],"tags":[],"class_list":["post-1156","post","type-post","status-publish","format-standard","has-post-thumbnail","hentry","category-notizie"],"acf":{"seed-localization-paese-cod":"IT","seed-localization-address":"","seed-localization-citta":"Trento","seed-localization-regione-cod-istat":"04","seed-localization-citta-cod-istat":"022205","seed-localization-localita":"","seed-localization-cap":"","seed-localization-marker-visibility":false,"seed-localization-children-visibility":false,"seed-localization-kml":"","seed-localization-custom-marker":""},"yoast_head":"<!-- This site is optimized with the Yoast SEO Premium plugin v20.2.1 (Yoast SEO v22.2) - https:\/\/yoast.com\/wordpress\/plugins\/seo\/ -->\n<title>\u00c8 UN UCCELLO? \u00c8 UN AEREO? \u00c8 UN ANGELO! - Seminario Maggiore Arcivescovile<\/title>\n<meta name=\"description\" content=\"Superman come immagine degli angeli: Sebastiano riflette su speranza, umanit\u00e0 e il potere di essere \u201cangeli\u201d nella vita quotidiana\" \/>\n<meta name=\"robots\" content=\"index, follow, max-snippet:-1, max-image-preview:large, max-video-preview:-1\" \/>\n<link rel=\"canonical\" href=\"https:\/\/www.diocesitn.it\/seminario\/2025\/10\/07\/e-un-uccello-e-un-aereo-e-un-angelo\/\" \/>\n<meta property=\"og:locale\" content=\"it_IT\" \/>\n<meta property=\"og:type\" content=\"article\" \/>\n<meta property=\"og:title\" content=\"\u00c8 UN UCCELLO? \u00c8 UN AEREO? \u00c8 UN ANGELO!\" \/>\n<meta property=\"og:description\" content=\"Superman come immagine degli angeli: Sebastiano riflette su speranza, umanit\u00e0 e il potere di essere \u201cangeli\u201d nella vita quotidiana\" \/>\n<meta property=\"og:url\" content=\"https:\/\/www.diocesitn.it\/seminario\/2025\/10\/07\/e-un-uccello-e-un-aereo-e-un-angelo\/\" \/>\n<meta property=\"og:site_name\" content=\"Seminario Maggiore Arcivescovile\" \/>\n<meta property=\"article:publisher\" content=\"https:\/\/www.facebook.com\/seminariotrento\/\" \/>\n<meta property=\"article:published_time\" content=\"2025-10-07T08:28:35+00:00\" \/>\n<meta property=\"og:image\" content=\"https:\/\/www.diocesitn.it\/seminario\/wp-content\/uploads\/sites\/41\/2025\/10\/Superman_FOTO1_CA3.png\" \/>\n\t<meta property=\"og:image:width\" content=\"1877\" \/>\n\t<meta property=\"og:image:height\" content=\"840\" \/>\n\t<meta property=\"og:image:type\" content=\"image\/png\" \/>\n<meta name=\"author\" content=\"seminaristitrento\" \/>\n<meta name=\"twitter:card\" content=\"summary_large_image\" \/>\n<meta name=\"twitter:label1\" content=\"Scritto da\" \/>\n\t<meta name=\"twitter:data1\" content=\"seminaristitrento\" \/>\n\t<meta name=\"twitter:label2\" content=\"Tempo di lettura stimato\" \/>\n\t<meta name=\"twitter:data2\" content=\"4 minuti\" \/>\n<script type=\"application\/ld+json\" class=\"yoast-schema-graph\">{\"@context\":\"https:\/\/schema.org\",\"@graph\":[{\"@type\":\"WebPage\",\"@id\":\"https:\/\/www.diocesitn.it\/seminario\/2025\/10\/07\/e-un-uccello-e-un-aereo-e-un-angelo\/\",\"url\":\"https:\/\/www.diocesitn.it\/seminario\/2025\/10\/07\/e-un-uccello-e-un-aereo-e-un-angelo\/\",\"name\":\"\u00c8 UN UCCELLO? \u00c8 UN AEREO? \u00c8 UN ANGELO! - Seminario Maggiore Arcivescovile\",\"isPartOf\":{\"@id\":\"https:\/\/www.diocesitn.it\/seminario\/#website\"},\"primaryImageOfPage\":{\"@id\":\"https:\/\/www.diocesitn.it\/seminario\/2025\/10\/07\/e-un-uccello-e-un-aereo-e-un-angelo\/#primaryimage\"},\"image\":{\"@id\":\"https:\/\/www.diocesitn.it\/seminario\/2025\/10\/07\/e-un-uccello-e-un-aereo-e-un-angelo\/#primaryimage\"},\"thumbnailUrl\":\"https:\/\/www.diocesitn.it\/seminario\/wp-content\/uploads\/sites\/41\/2025\/10\/Superman_FOTO1_CA3.png\",\"datePublished\":\"2025-10-07T08:28:35+00:00\",\"dateModified\":\"2025-10-07T08:28:35+00:00\",\"author\":{\"@id\":\"https:\/\/www.diocesitn.it\/seminario\/#\/schema\/person\/fe751b4cf044b25d6ad3f1991d9b6d54\"},\"description\":\"Superman come immagine degli angeli: Sebastiano riflette su speranza, umanit\u00e0 e il potere di essere \u201cangeli\u201d nella vita quotidiana\",\"breadcrumb\":{\"@id\":\"https:\/\/www.diocesitn.it\/seminario\/2025\/10\/07\/e-un-uccello-e-un-aereo-e-un-angelo\/#breadcrumb\"},\"inLanguage\":\"it-IT\",\"potentialAction\":[{\"@type\":\"ReadAction\",\"target\":[\"https:\/\/www.diocesitn.it\/seminario\/2025\/10\/07\/e-un-uccello-e-un-aereo-e-un-angelo\/\"]}]},{\"@type\":\"ImageObject\",\"inLanguage\":\"it-IT\",\"@id\":\"https:\/\/www.diocesitn.it\/seminario\/2025\/10\/07\/e-un-uccello-e-un-aereo-e-un-angelo\/#primaryimage\",\"url\":\"https:\/\/www.diocesitn.it\/seminario\/wp-content\/uploads\/sites\/41\/2025\/10\/Superman_FOTO1_CA3.png\",\"contentUrl\":\"https:\/\/www.diocesitn.it\/seminario\/wp-content\/uploads\/sites\/41\/2025\/10\/Superman_FOTO1_CA3.png\",\"width\":1877,\"height\":840},{\"@type\":\"BreadcrumbList\",\"@id\":\"https:\/\/www.diocesitn.it\/seminario\/2025\/10\/07\/e-un-uccello-e-un-aereo-e-un-angelo\/#breadcrumb\",\"itemListElement\":[{\"@type\":\"ListItem\",\"position\":1,\"name\":\"Home\",\"item\":\"https:\/\/www.diocesitn.it\/seminario\/\"},{\"@type\":\"ListItem\",\"position\":2,\"name\":\"\u00c8 UN UCCELLO? \u00c8 UN AEREO? \u00c8 UN ANGELO!\"}]},{\"@type\":\"WebSite\",\"@id\":\"https:\/\/www.diocesitn.it\/seminario\/#website\",\"url\":\"https:\/\/www.diocesitn.it\/seminario\/\",\"name\":\"Seminario Maggiore Arcivescovile\",\"description\":\"Chiesa di Trento\",\"potentialAction\":[{\"@type\":\"SearchAction\",\"target\":{\"@type\":\"EntryPoint\",\"urlTemplate\":\"https:\/\/www.diocesitn.it\/seminario\/?s={search_term_string}\"},\"query-input\":\"required name=search_term_string\"}],\"inLanguage\":\"it-IT\"},{\"@type\":\"ImageObject\",\"inLanguage\":\"it-IT\",\"@id\":\"https:\/\/www.diocesitn.it\/seminario\/2025\/10\/07\/e-un-uccello-e-un-aereo-e-un-angelo\/#local-main-organization-logo\",\"url\":\"\",\"contentUrl\":\"\",\"caption\":\"Seminario Maggiore Arcivescovile - Chiesa di Trento\"}]}<\/script>\n<!-- \/ Yoast SEO Premium plugin. -->","yoast_head_json":{"title":"\u00c8 UN UCCELLO? \u00c8 UN AEREO? \u00c8 UN ANGELO! - Seminario Maggiore Arcivescovile","description":"Superman come immagine degli angeli: Sebastiano riflette su speranza, umanit\u00e0 e il potere di essere \u201cangeli\u201d nella vita quotidiana","robots":{"index":"index","follow":"follow","max-snippet":"max-snippet:-1","max-image-preview":"max-image-preview:large","max-video-preview":"max-video-preview:-1"},"canonical":"https:\/\/www.diocesitn.it\/seminario\/2025\/10\/07\/e-un-uccello-e-un-aereo-e-un-angelo\/","og_locale":"it_IT","og_type":"article","og_title":"\u00c8 UN UCCELLO? \u00c8 UN AEREO? \u00c8 UN ANGELO!","og_description":"Superman come immagine degli angeli: Sebastiano riflette su speranza, umanit\u00e0 e il potere di essere \u201cangeli\u201d nella vita quotidiana","og_url":"https:\/\/www.diocesitn.it\/seminario\/2025\/10\/07\/e-un-uccello-e-un-aereo-e-un-angelo\/","og_site_name":"Seminario Maggiore Arcivescovile","article_publisher":"https:\/\/www.facebook.com\/seminariotrento\/","article_published_time":"2025-10-07T08:28:35+00:00","og_image":[{"width":1877,"height":840,"url":"https:\/\/www.diocesitn.it\/seminario\/wp-content\/uploads\/sites\/41\/2025\/10\/Superman_FOTO1_CA3.png","type":"image\/png"}],"author":"seminaristitrento","twitter_card":"summary_large_image","twitter_misc":{"Scritto da":"seminaristitrento","Tempo di lettura stimato":"4 minuti"},"schema":{"@context":"https:\/\/schema.org","@graph":[{"@type":"WebPage","@id":"https:\/\/www.diocesitn.it\/seminario\/2025\/10\/07\/e-un-uccello-e-un-aereo-e-un-angelo\/","url":"https:\/\/www.diocesitn.it\/seminario\/2025\/10\/07\/e-un-uccello-e-un-aereo-e-un-angelo\/","name":"\u00c8 UN UCCELLO? \u00c8 UN AEREO? \u00c8 UN ANGELO! - Seminario Maggiore Arcivescovile","isPartOf":{"@id":"https:\/\/www.diocesitn.it\/seminario\/#website"},"primaryImageOfPage":{"@id":"https:\/\/www.diocesitn.it\/seminario\/2025\/10\/07\/e-un-uccello-e-un-aereo-e-un-angelo\/#primaryimage"},"image":{"@id":"https:\/\/www.diocesitn.it\/seminario\/2025\/10\/07\/e-un-uccello-e-un-aereo-e-un-angelo\/#primaryimage"},"thumbnailUrl":"https:\/\/www.diocesitn.it\/seminario\/wp-content\/uploads\/sites\/41\/2025\/10\/Superman_FOTO1_CA3.png","datePublished":"2025-10-07T08:28:35+00:00","dateModified":"2025-10-07T08:28:35+00:00","author":{"@id":"https:\/\/www.diocesitn.it\/seminario\/#\/schema\/person\/fe751b4cf044b25d6ad3f1991d9b6d54"},"description":"Superman come immagine degli angeli: Sebastiano riflette su speranza, umanit\u00e0 e il potere di essere \u201cangeli\u201d nella vita quotidiana","breadcrumb":{"@id":"https:\/\/www.diocesitn.it\/seminario\/2025\/10\/07\/e-un-uccello-e-un-aereo-e-un-angelo\/#breadcrumb"},"inLanguage":"it-IT","potentialAction":[{"@type":"ReadAction","target":["https:\/\/www.diocesitn.it\/seminario\/2025\/10\/07\/e-un-uccello-e-un-aereo-e-un-angelo\/"]}]},{"@type":"ImageObject","inLanguage":"it-IT","@id":"https:\/\/www.diocesitn.it\/seminario\/2025\/10\/07\/e-un-uccello-e-un-aereo-e-un-angelo\/#primaryimage","url":"https:\/\/www.diocesitn.it\/seminario\/wp-content\/uploads\/sites\/41\/2025\/10\/Superman_FOTO1_CA3.png","contentUrl":"https:\/\/www.diocesitn.it\/seminario\/wp-content\/uploads\/sites\/41\/2025\/10\/Superman_FOTO1_CA3.png","width":1877,"height":840},{"@type":"BreadcrumbList","@id":"https:\/\/www.diocesitn.it\/seminario\/2025\/10\/07\/e-un-uccello-e-un-aereo-e-un-angelo\/#breadcrumb","itemListElement":[{"@type":"ListItem","position":1,"name":"Home","item":"https:\/\/www.diocesitn.it\/seminario\/"},{"@type":"ListItem","position":2,"name":"\u00c8 UN UCCELLO? \u00c8 UN AEREO? \u00c8 UN ANGELO!"}]},{"@type":"WebSite","@id":"https:\/\/www.diocesitn.it\/seminario\/#website","url":"https:\/\/www.diocesitn.it\/seminario\/","name":"Seminario Maggiore Arcivescovile","description":"Chiesa di Trento","potentialAction":[{"@type":"SearchAction","target":{"@type":"EntryPoint","urlTemplate":"https:\/\/www.diocesitn.it\/seminario\/?s={search_term_string}"},"query-input":"required name=search_term_string"}],"inLanguage":"it-IT"},{"@type":"ImageObject","inLanguage":"it-IT","@id":"https:\/\/www.diocesitn.it\/seminario\/2025\/10\/07\/e-un-uccello-e-un-aereo-e-un-angelo\/#local-main-organization-logo","url":"","contentUrl":"","caption":"Seminario Maggiore Arcivescovile - Chiesa di Trento"}]}},"_links":{"self":[{"href":"https:\/\/www.diocesitn.it\/seminario\/wp-json\/wp\/v2\/posts\/1156","targetHints":{"allow":["GET"]}}],"collection":[{"href":"https:\/\/www.diocesitn.it\/seminario\/wp-json\/wp\/v2\/posts"}],"about":[{"href":"https:\/\/www.diocesitn.it\/seminario\/wp-json\/wp\/v2\/types\/post"}],"author":[{"embeddable":true,"href":"https:\/\/www.diocesitn.it\/seminario\/wp-json\/wp\/v2\/users\/172"}],"replies":[{"embeddable":true,"href":"https:\/\/www.diocesitn.it\/seminario\/wp-json\/wp\/v2\/comments?post=1156"}],"version-history":[{"count":2,"href":"https:\/\/www.diocesitn.it\/seminario\/wp-json\/wp\/v2\/posts\/1156\/revisions"}],"predecessor-version":[{"id":1158,"href":"https:\/\/www.diocesitn.it\/seminario\/wp-json\/wp\/v2\/posts\/1156\/revisions\/1158"}],"wp:featuredmedia":[{"embeddable":true,"href":"https:\/\/www.diocesitn.it\/seminario\/wp-json\/wp\/v2\/media\/1130"}],"wp:attachment":[{"href":"https:\/\/www.diocesitn.it\/seminario\/wp-json\/wp\/v2\/media?parent=1156"}],"wp:term":[{"taxonomy":"category","embeddable":true,"href":"https:\/\/www.diocesitn.it\/seminario\/wp-json\/wp\/v2\/categories?post=1156"},{"taxonomy":"post_tag","embeddable":true,"href":"https:\/\/www.diocesitn.it\/seminario\/wp-json\/wp\/v2\/tags?post=1156"}],"curies":[{"name":"wp","href":"https:\/\/api.w.org\/{rel}","templated":true}]}}