{"id":1132,"date":"2025-10-07T10:01:13","date_gmt":"2025-10-07T08:01:13","guid":{"rendered":"https:\/\/www.diocesitn.it\/seminario\/?p=1132"},"modified":"2025-10-07T10:01:13","modified_gmt":"2025-10-07T08:01:13","slug":"diacono-a-povo-e-villazzano","status":"publish","type":"post","link":"https:\/\/www.diocesitn.it\/seminario\/2025\/10\/07\/diacono-a-povo-e-villazzano\/","title":{"rendered":"Diacono a Povo e Villazzano"},"content":{"rendered":"<p class=\"s2\">Dopo i sette intensi mesi di esperienza presso l\u2019Arsenale della Pace di Torino, ho iniziato il mio servizio pastorale a Povo e Villazzano, inizialmente solo \u201cpart-time\u201d (dal gioved\u00ec pomeriggio fino alla domenica, rimanendo ancora in seminario per met\u00e0 settimana), mentre da giugno in poi acquistando il pacchetto all-inclusive. \u00c8 stata l\u2019occasione per cercare di capire come attualizzare nella vita di tutti i giorni alcune tra le tante provocazioni che il Sermig aveva portato nella mia vita.<\/p>\n<p class=\"s2\">Anzitutto: la vita fraterna. La ricchezza dei primi mesi \u00e8 stata data dalla condivisione della canonica non solo con don Mauro Angeli, il parroco, ma anche con don Mauro Leonardelli, allora delegato vescovile. Due n\u00f2nesi, per di pi\u00f9 omonimi, con una sola fava! Ricordo con una certa nostalgia i momenti di preghiera e i pasti condivisi, spesso gli unici momenti in cui ci ritrovavamo tutti e tre assieme attorno al tavolo. Oltre a loro, ho potuto apprezzare la collaborazione con i padri dehoniani, che nei nostri confronti si sono sempre dimostrati accoglienti e disponibili.<\/p>\n<p class=\"s2\">Accanto a questo, l\u2019attenzione ai giovani: assieme ad altri due animatori ho accompagnato il gruppo dei ragazzi di seconda media di Villazzano in uno scoppiettante percorso post-cresima. Oltre a loro, ho conosciuto anche il gruppo di seconda e terza superiore di Villazzano e di quarta superiore di Povo, soprattutto grazie alle settimane comunitarie presso il Seminario\u2026 senza contare le tante esperienze estive!<\/p>\n<p class=\"s2\">Infine, la vita liturgica: la Messa del venerd\u00ec mattina, assieme a quelle domenicali, sono stati i momenti pi\u00f9 propizi per tentare di conoscere, con gradualit\u00e0, i volti della comunit\u00e0. Il primo trampolino di lancio \u00e8 stato l\u2019entrare a far parte di entrambi i cori del sabato sera e a quello domenicale (una volta al mese) di Oltrecastello, a cui \u00e8 seguito, da gennaio in poi, il servizio all\u2019altare come diacono. \u00c8 stata proprio la gente di queste due parrocchie ad assistere ai miei primi passi come diacono, sia nell\u2019ascoltare le mie prime omelie che nel vedermi \u201cin azione\u201d afianco a don Mauro\u2026 non senza qualche scivolone.<\/p>\n<p class=\"s2\">Mi sento grato e fortunato di essere qui, ancora di pi\u00f9 ora che so di proseguire in queste comunit\u00e0 il mio servizio, anche come prete: le belle relazioni che si sono instaurate e i piccoli passi condivisi assieme mi hanno permesso di sentirmi parte \u201cviva\u201d di queste realt\u00e0.<\/p>\n<p class=\"s2\">\n<p class=\"s2\">Federico Mattivi<\/p>\n","protected":false},"excerpt":{"rendered":"<p>Dopo i sette intensi mesi di esperienza presso l\u2019Arsenale della Pace di Torino, ho iniziato il mio servizio pastorale a Povo e Villazzano, inizialmente solo \u201cpart-time\u201d (dal gioved\u00ec pomeriggio fino alla domenica, rimanendo ancora in<\/p>\n","protected":false},"author":172,"featured_media":1129,"comment_status":"closed","ping_status":"closed","sticky":false,"template":"","format":"standard","meta":{"footnotes":""},"categories":[176],"tags":[],"class_list":["post-1132","post","type-post","status-publish","format-standard","has-post-thumbnail","hentry","category-notizie"],"acf":{"seed-localization-paese-cod":"IT","seed-localization-address":"","seed-localization-citta":"Trento","seed-localization-regione-cod-istat":"04","seed-localization-citta-cod-istat":"022205","seed-localization-localita":"","seed-localization-cap":"","seed-localization-marker-visibility":false,"seed-localization-children-visibility":false,"seed-localization-kml":"","seed-localization-custom-marker":""},"yoast_head":"<!-- This site is optimized with the Yoast SEO Premium plugin v20.2.1 (Yoast SEO v22.2) - https:\/\/yoast.com\/wordpress\/plugins\/seo\/ -->\n<title>Diacono a Povo e Villazzano - Seminario Maggiore Arcivescovile<\/title>\n<meta name=\"description\" content=\"Don Federico Mattivi racconta i suoi primi passi come diacono a Povo e Villazzano tra fraternit\u00e0, giovani e vita liturgica\" \/>\n<meta name=\"robots\" content=\"index, follow, max-snippet:-1, max-image-preview:large, max-video-preview:-1\" \/>\n<link rel=\"canonical\" href=\"https:\/\/www.diocesitn.it\/seminario\/2025\/10\/07\/diacono-a-povo-e-villazzano\/\" \/>\n<meta property=\"og:locale\" content=\"it_IT\" \/>\n<meta property=\"og:type\" content=\"article\" \/>\n<meta property=\"og:title\" content=\"Diacono a Povo e Villazzano\" \/>\n<meta property=\"og:description\" content=\"Don Federico Mattivi racconta i suoi primi passi come diacono a Povo e Villazzano tra fraternit\u00e0, giovani e vita liturgica\" \/>\n<meta property=\"og:url\" content=\"https:\/\/www.diocesitn.it\/seminario\/2025\/10\/07\/diacono-a-povo-e-villazzano\/\" \/>\n<meta property=\"og:site_name\" content=\"Seminario Maggiore Arcivescovile\" \/>\n<meta property=\"article:publisher\" content=\"https:\/\/www.facebook.com\/seminariotrento\/\" \/>\n<meta property=\"article:published_time\" content=\"2025-10-07T08:01:13+00:00\" \/>\n<meta property=\"og:image\" content=\"https:\/\/www.diocesitn.it\/seminario\/wp-content\/uploads\/sites\/41\/2025\/10\/Diacono_Povo_e_Villazzano_FOTO_CA3-scaled.jpg\" \/>\n\t<meta property=\"og:image:width\" content=\"2560\" \/>\n\t<meta property=\"og:image:height\" content=\"1440\" \/>\n\t<meta property=\"og:image:type\" content=\"image\/jpeg\" \/>\n<meta name=\"author\" content=\"seminaristitrento\" \/>\n<meta name=\"twitter:card\" content=\"summary_large_image\" \/>\n<meta name=\"twitter:label1\" content=\"Scritto da\" \/>\n\t<meta name=\"twitter:data1\" content=\"seminaristitrento\" \/>\n\t<meta name=\"twitter:label2\" content=\"Tempo di lettura stimato\" \/>\n\t<meta name=\"twitter:data2\" content=\"3 minuti\" \/>\n<script type=\"application\/ld+json\" class=\"yoast-schema-graph\">{\"@context\":\"https:\/\/schema.org\",\"@graph\":[{\"@type\":\"WebPage\",\"@id\":\"https:\/\/www.diocesitn.it\/seminario\/2025\/10\/07\/diacono-a-povo-e-villazzano\/\",\"url\":\"https:\/\/www.diocesitn.it\/seminario\/2025\/10\/07\/diacono-a-povo-e-villazzano\/\",\"name\":\"Diacono a Povo e Villazzano - Seminario Maggiore Arcivescovile\",\"isPartOf\":{\"@id\":\"https:\/\/www.diocesitn.it\/seminario\/#website\"},\"primaryImageOfPage\":{\"@id\":\"https:\/\/www.diocesitn.it\/seminario\/2025\/10\/07\/diacono-a-povo-e-villazzano\/#primaryimage\"},\"image\":{\"@id\":\"https:\/\/www.diocesitn.it\/seminario\/2025\/10\/07\/diacono-a-povo-e-villazzano\/#primaryimage\"},\"thumbnailUrl\":\"https:\/\/www.diocesitn.it\/seminario\/wp-content\/uploads\/sites\/41\/2025\/10\/Diacono_Povo_e_Villazzano_FOTO_CA3-scaled.jpg\",\"datePublished\":\"2025-10-07T08:01:13+00:00\",\"dateModified\":\"2025-10-07T08:01:13+00:00\",\"author\":{\"@id\":\"https:\/\/www.diocesitn.it\/seminario\/#\/schema\/person\/fe751b4cf044b25d6ad3f1991d9b6d54\"},\"description\":\"Don Federico Mattivi racconta i suoi primi passi come diacono a Povo e Villazzano tra fraternit\u00e0, giovani e vita liturgica\",\"breadcrumb\":{\"@id\":\"https:\/\/www.diocesitn.it\/seminario\/2025\/10\/07\/diacono-a-povo-e-villazzano\/#breadcrumb\"},\"inLanguage\":\"it-IT\",\"potentialAction\":[{\"@type\":\"ReadAction\",\"target\":[\"https:\/\/www.diocesitn.it\/seminario\/2025\/10\/07\/diacono-a-povo-e-villazzano\/\"]}]},{\"@type\":\"ImageObject\",\"inLanguage\":\"it-IT\",\"@id\":\"https:\/\/www.diocesitn.it\/seminario\/2025\/10\/07\/diacono-a-povo-e-villazzano\/#primaryimage\",\"url\":\"https:\/\/www.diocesitn.it\/seminario\/wp-content\/uploads\/sites\/41\/2025\/10\/Diacono_Povo_e_Villazzano_FOTO_CA3-scaled.jpg\",\"contentUrl\":\"https:\/\/www.diocesitn.it\/seminario\/wp-content\/uploads\/sites\/41\/2025\/10\/Diacono_Povo_e_Villazzano_FOTO_CA3-scaled.jpg\",\"width\":2560,\"height\":1440},{\"@type\":\"BreadcrumbList\",\"@id\":\"https:\/\/www.diocesitn.it\/seminario\/2025\/10\/07\/diacono-a-povo-e-villazzano\/#breadcrumb\",\"itemListElement\":[{\"@type\":\"ListItem\",\"position\":1,\"name\":\"Home\",\"item\":\"https:\/\/www.diocesitn.it\/seminario\/\"},{\"@type\":\"ListItem\",\"position\":2,\"name\":\"Diacono a Povo e Villazzano\"}]},{\"@type\":\"WebSite\",\"@id\":\"https:\/\/www.diocesitn.it\/seminario\/#website\",\"url\":\"https:\/\/www.diocesitn.it\/seminario\/\",\"name\":\"Seminario Maggiore Arcivescovile\",\"description\":\"Chiesa di Trento\",\"potentialAction\":[{\"@type\":\"SearchAction\",\"target\":{\"@type\":\"EntryPoint\",\"urlTemplate\":\"https:\/\/www.diocesitn.it\/seminario\/?s={search_term_string}\"},\"query-input\":\"required name=search_term_string\"}],\"inLanguage\":\"it-IT\"},{\"@type\":\"ImageObject\",\"inLanguage\":\"it-IT\",\"@id\":\"https:\/\/www.diocesitn.it\/seminario\/2025\/10\/07\/diacono-a-povo-e-villazzano\/#local-main-organization-logo\",\"url\":\"\",\"contentUrl\":\"\",\"caption\":\"Seminario Maggiore Arcivescovile - Chiesa di Trento\"}]}<\/script>\n<!-- \/ Yoast SEO Premium plugin. -->","yoast_head_json":{"title":"Diacono a Povo e Villazzano - Seminario Maggiore Arcivescovile","description":"Don Federico Mattivi racconta i suoi primi passi come diacono a Povo e Villazzano tra fraternit\u00e0, giovani e vita liturgica","robots":{"index":"index","follow":"follow","max-snippet":"max-snippet:-1","max-image-preview":"max-image-preview:large","max-video-preview":"max-video-preview:-1"},"canonical":"https:\/\/www.diocesitn.it\/seminario\/2025\/10\/07\/diacono-a-povo-e-villazzano\/","og_locale":"it_IT","og_type":"article","og_title":"Diacono a Povo e Villazzano","og_description":"Don Federico Mattivi racconta i suoi primi passi come diacono a Povo e Villazzano tra fraternit\u00e0, giovani e vita liturgica","og_url":"https:\/\/www.diocesitn.it\/seminario\/2025\/10\/07\/diacono-a-povo-e-villazzano\/","og_site_name":"Seminario Maggiore Arcivescovile","article_publisher":"https:\/\/www.facebook.com\/seminariotrento\/","article_published_time":"2025-10-07T08:01:13+00:00","og_image":[{"width":2560,"height":1440,"url":"https:\/\/www.diocesitn.it\/seminario\/wp-content\/uploads\/sites\/41\/2025\/10\/Diacono_Povo_e_Villazzano_FOTO_CA3-scaled.jpg","type":"image\/jpeg"}],"author":"seminaristitrento","twitter_card":"summary_large_image","twitter_misc":{"Scritto da":"seminaristitrento","Tempo di lettura stimato":"3 minuti"},"schema":{"@context":"https:\/\/schema.org","@graph":[{"@type":"WebPage","@id":"https:\/\/www.diocesitn.it\/seminario\/2025\/10\/07\/diacono-a-povo-e-villazzano\/","url":"https:\/\/www.diocesitn.it\/seminario\/2025\/10\/07\/diacono-a-povo-e-villazzano\/","name":"Diacono a Povo e Villazzano - Seminario Maggiore Arcivescovile","isPartOf":{"@id":"https:\/\/www.diocesitn.it\/seminario\/#website"},"primaryImageOfPage":{"@id":"https:\/\/www.diocesitn.it\/seminario\/2025\/10\/07\/diacono-a-povo-e-villazzano\/#primaryimage"},"image":{"@id":"https:\/\/www.diocesitn.it\/seminario\/2025\/10\/07\/diacono-a-povo-e-villazzano\/#primaryimage"},"thumbnailUrl":"https:\/\/www.diocesitn.it\/seminario\/wp-content\/uploads\/sites\/41\/2025\/10\/Diacono_Povo_e_Villazzano_FOTO_CA3-scaled.jpg","datePublished":"2025-10-07T08:01:13+00:00","dateModified":"2025-10-07T08:01:13+00:00","author":{"@id":"https:\/\/www.diocesitn.it\/seminario\/#\/schema\/person\/fe751b4cf044b25d6ad3f1991d9b6d54"},"description":"Don Federico Mattivi racconta i suoi primi passi come diacono a Povo e Villazzano tra fraternit\u00e0, giovani e vita liturgica","breadcrumb":{"@id":"https:\/\/www.diocesitn.it\/seminario\/2025\/10\/07\/diacono-a-povo-e-villazzano\/#breadcrumb"},"inLanguage":"it-IT","potentialAction":[{"@type":"ReadAction","target":["https:\/\/www.diocesitn.it\/seminario\/2025\/10\/07\/diacono-a-povo-e-villazzano\/"]}]},{"@type":"ImageObject","inLanguage":"it-IT","@id":"https:\/\/www.diocesitn.it\/seminario\/2025\/10\/07\/diacono-a-povo-e-villazzano\/#primaryimage","url":"https:\/\/www.diocesitn.it\/seminario\/wp-content\/uploads\/sites\/41\/2025\/10\/Diacono_Povo_e_Villazzano_FOTO_CA3-scaled.jpg","contentUrl":"https:\/\/www.diocesitn.it\/seminario\/wp-content\/uploads\/sites\/41\/2025\/10\/Diacono_Povo_e_Villazzano_FOTO_CA3-scaled.jpg","width":2560,"height":1440},{"@type":"BreadcrumbList","@id":"https:\/\/www.diocesitn.it\/seminario\/2025\/10\/07\/diacono-a-povo-e-villazzano\/#breadcrumb","itemListElement":[{"@type":"ListItem","position":1,"name":"Home","item":"https:\/\/www.diocesitn.it\/seminario\/"},{"@type":"ListItem","position":2,"name":"Diacono a Povo e Villazzano"}]},{"@type":"WebSite","@id":"https:\/\/www.diocesitn.it\/seminario\/#website","url":"https:\/\/www.diocesitn.it\/seminario\/","name":"Seminario Maggiore Arcivescovile","description":"Chiesa di Trento","potentialAction":[{"@type":"SearchAction","target":{"@type":"EntryPoint","urlTemplate":"https:\/\/www.diocesitn.it\/seminario\/?s={search_term_string}"},"query-input":"required name=search_term_string"}],"inLanguage":"it-IT"},{"@type":"ImageObject","inLanguage":"it-IT","@id":"https:\/\/www.diocesitn.it\/seminario\/2025\/10\/07\/diacono-a-povo-e-villazzano\/#local-main-organization-logo","url":"","contentUrl":"","caption":"Seminario Maggiore Arcivescovile - Chiesa di Trento"}]}},"_links":{"self":[{"href":"https:\/\/www.diocesitn.it\/seminario\/wp-json\/wp\/v2\/posts\/1132","targetHints":{"allow":["GET"]}}],"collection":[{"href":"https:\/\/www.diocesitn.it\/seminario\/wp-json\/wp\/v2\/posts"}],"about":[{"href":"https:\/\/www.diocesitn.it\/seminario\/wp-json\/wp\/v2\/types\/post"}],"author":[{"embeddable":true,"href":"https:\/\/www.diocesitn.it\/seminario\/wp-json\/wp\/v2\/users\/172"}],"replies":[{"embeddable":true,"href":"https:\/\/www.diocesitn.it\/seminario\/wp-json\/wp\/v2\/comments?post=1132"}],"version-history":[{"count":2,"href":"https:\/\/www.diocesitn.it\/seminario\/wp-json\/wp\/v2\/posts\/1132\/revisions"}],"predecessor-version":[{"id":1134,"href":"https:\/\/www.diocesitn.it\/seminario\/wp-json\/wp\/v2\/posts\/1132\/revisions\/1134"}],"wp:featuredmedia":[{"embeddable":true,"href":"https:\/\/www.diocesitn.it\/seminario\/wp-json\/wp\/v2\/media\/1129"}],"wp:attachment":[{"href":"https:\/\/www.diocesitn.it\/seminario\/wp-json\/wp\/v2\/media?parent=1132"}],"wp:term":[{"taxonomy":"category","embeddable":true,"href":"https:\/\/www.diocesitn.it\/seminario\/wp-json\/wp\/v2\/categories?post=1132"},{"taxonomy":"post_tag","embeddable":true,"href":"https:\/\/www.diocesitn.it\/seminario\/wp-json\/wp\/v2\/tags?post=1132"}],"curies":[{"name":"wp","href":"https:\/\/api.w.org\/{rel}","templated":true}]}}