{"id":1098,"date":"2025-05-19T11:31:58","date_gmt":"2025-05-19T09:31:58","guid":{"rendered":"https:\/\/www.diocesitn.it\/seminario\/?p=1098"},"modified":"2025-05-19T11:31:58","modified_gmt":"2025-05-19T09:31:58","slug":"cosa-vuol-dire-risorgere-dopo-la-morte","status":"publish","type":"post","link":"https:\/\/www.diocesitn.it\/seminario\/2025\/05\/19\/cosa-vuol-dire-risorgere-dopo-la-morte\/","title":{"rendered":"Cosa vuol dire risorgere dopo la morte?"},"content":{"rendered":"<p class=\"s4\"><span class=\"s6\">Ciao<\/span><span class=\"s6\"> Sofia, <\/span><span class=\"s6\">grazie p<\/span><span class=\"s6\">er questa bella domanda<\/span><span class=\"s6\">!<\/span><span class=\"s6\"> Volentieri ci mettiamo in dialogo con te\u2026<\/span><\/p>\n<p class=\"s4\"><span class=\"s6\">La tua domanda ci piace perch\u00e9<\/span> <span class=\"s6\">la sentiamo <\/span><span class=\"s5\">vera<\/span> <span class=\"s6\">e <\/span><span class=\"s5\">scomoda<\/span><span class=\"s6\">: <\/span><span class=\"s6\">non si accontenta di risposte tipo quiz televisivi,<\/span><span class=\"s6\"> anzi fa nascere altre domande<\/span> <span class=\"s6\">che chiedono<\/span><span class=\"s6\"> a tutti di fare un<\/span><span class=\"s6\"> passo insieme alla ricerca di una risposta<\/span><span class=\"s6\">. <\/span><span class=\"s8\">\u00c8<\/span><span class=\"s6\"> anche una domanda <\/span><span class=\"s5\">difficile<\/span><span class=\"s6\">: <\/span><span class=\"s6\">ci chiede di provare <\/span><span class=\"s6\">a <\/span><span class=\"s6\">fare luce su una realt\u00e0 enorme, che praticamente non conosciamo, verso la quale avvertiamo tutto il limite dei nostri timidi ragionamenti. <\/span><span class=\"s6\">Ci incamminiamo\u2026<\/span><\/p>\n<p class=\"s4\"><span class=\"s7\">Risorgere\u2026 v<\/span><span class=\"s7\">uole dire<\/span> <span class=\"s7\">guardare a Ges\u00f9<\/span><\/p>\n<p class=\"s4\"><span class=\"s6\">Quando ci sono <\/span><span class=\"s6\">questioni importanti, come quelle sollevate dalla tua domanda<\/span><span class=\"s6\">, che riguardano da vicino e in profondit\u00e0 la vita di ciascuno di noi, conviene sempre partire da Ges\u00f9<\/span><span class=\"s6\">, guardare a lui<\/span><span class=\"s6\">:<\/span><span class=\"s6\"> infatti,<\/span><span class=\"s6\"> tutta la sua <\/span><span class=\"s6\">storia<\/span><span class=\"s6\"> getta una luce limpida <\/span><span class=\"s6\">sulle vicende umane.<\/span><span class=\"s6\"> Questa luce<\/span> <span class=\"s6\">rende evidenti<\/span><span class=\"s6\">,<\/span><span class=\"s6\"> aspetti nostri che altrimenti resterebbero nascosti e velati<\/span><span class=\"s6\">.<\/span><\/p>\n<p class=\"s4\"><span class=\"s6\">I Vangeli, che <\/span><span class=\"s6\">ci <\/span><span class=\"s6\">raccontano di Ges\u00f9, ci dicono che <\/span><span class=\"s6\">lui <\/span><span class=\"s6\">\u00e8 risorto<\/span><span class=\"s6\">:<\/span><span class=\"s6\"> ha vinto la morte e si \u00e8 fatto vedere e incontrare dai suoi<\/span><span class=\"s6\"> discepoli<\/span><span class=\"s6\">! Q<\/span><span class=\"s6\">uesti all\u2019inizio era<\/span><span class=\"s6\">no<\/span> <span class=\"s6\">pieni di paura<\/span><span class=\"s6\">, ma <\/span><span class=\"s6\">un po\u2019 alla volta<\/span> <span class=\"s6\">si sono conviti che Ges\u00f9 <\/span><span class=\"s6\">\u00e8<\/span> <span class=\"s6\">vivo<\/span><span class=\"s6\"> e<\/span><span class=\"s6\">d<\/span><span class=\"s6\"> \u00e8 sempre<\/span><span class=\"s6\"> con <\/span><span class=\"s6\">noi<\/span><span class=\"s6\">; allora<\/span><span class=\"s6\"> ne hanno parlato a tutti con entu<\/span><span class=\"s6\">siasmo e coraggio.<\/span><\/p>\n<p class=\"s4\"><span class=\"s6\">Ges\u00f9 c<\/span><span class=\"s6\">i ha prom<\/span><span class=\"s6\">esso che anche noi risorgeremo<\/span><span class=\"s6\">:<\/span> <span class=\"s6\">non ci ha spiegato come <\/span><span class=\"s6\">capiter\u00e0, ma <\/span><span class=\"s6\">possiamo stare certi che <\/span><span class=\"s6\">sar\u00e0 bellissimo e <\/span><span class=\"s6\">che <\/span><span class=\"s6\">sar\u00e0 per tutti<\/span><span class=\"s6\">;<\/span><span class=\"s6\"> staremo <\/span><span class=\"s6\">tutti <\/span><span class=\"s6\">insieme nella casa del Padre e sar\u00e0 <\/span><span class=\"s6\">festa<\/span><span class=\"s6\">, proprio <\/span><span class=\"s6\">come <\/span><span class=\"s6\">quando si sta bene <\/span><span class=\"s6\">in famiglia<\/span><span class=\"s6\">.<\/span><\/p>\n<p class=\"s4\"><span class=\"s7\">Risorgere \u2026 v<\/span><span class=\"s7\">uol<\/span><span class=\"s7\">e<\/span><span class=\"s7\"> dire<\/span> <span class=\"s7\">credere nella vita <\/span><span class=\"s7\">oltre la morte<\/span><\/p>\n<p class=\"s4\"><span class=\"s6\">Ges\u00f9 \u00e8 risorto e ha trasformato la morte: con Ges\u00f9 la <\/span><span class=\"s6\">morte non \u00e8 pi\u00f9 il capolinea definitivo, ma un passaggio temporaneo. Ges\u00f9 risorto ha trasformato anche la vita: non pi\u00f9 un conto alla rovescia verso la fine, ma un cammino <\/span><span class=\"s6\">che va oltre l\u2019orizzonte della morte e che apre all\u2019eternit\u00e0. <\/span><\/p>\n<p class=\"s4\"><span class=\"s6\">Certo<\/span><span class=\"s6\">:<\/span><span class=\"s6\"> la morte <\/span><span class=\"s6\">\u00e8 faticosa, <\/span><span class=\"s6\">spaventa, fa paura, ma pu\u00f2 essere preparata<\/span><span class=\"s6\">, giorno per giorno, in modo che non ci colga di sorpresa, in modo che quando arriver\u00e0 <\/span><span class=\"s6\">possa<\/span><span class=\"s6\"> essere vissuta con umanit\u00e0, come un momento che rende piena la vita. <\/span><\/p>\n<p class=\"s4\"><span class=\"s6\">Anche di questa preparazione Ges\u00f9 \u00e8<\/span><span class=\"s6\"> il<\/span> <span class=\"s6\">m<\/span><span class=\"s6\">aes<\/span><span class=\"s6\">tro: la sua vita \u00e8 stata un continuo donare e donarsi; nella sua morte ha prolungato fino all\u2019estremo questo suo farsi dono per tutti.<\/span><\/p>\n<p class=\"s4\"><span class=\"s7\">Risorgere \u2026 v<\/span><span class=\"s7\">uol dire credere in un Dio a favore della vita <\/span><\/p>\n<p class=\"s4\"><span class=\"s6\">Ges\u00f9 <\/span><span class=\"s6\">ce l\u2019ha messa tutta: ogni suo gesto, parola, silenzio ci hanno parlat<\/span><span class=\"s6\">o di Dio come di un padre buono e affettuoso come una madre<\/span><span class=\"s6\">, che ci ha dato la vita per sempre; insomma: Ges\u00f9 ci ha rivelato <\/span><span class=\"s6\">il Dio della Vita, un Dio a nostro favore, del quale possiamo fidarci, al quale possiamo affidarci in ogni istante,<\/span><span class=\"s6\"> anche nel momento della morte. <\/span><span class=\"s6\">Questa \u00e8 la nostra speranza!<\/span><\/p>\n<p class=\"s4\"><span class=\"s6\">Una<\/span> <span class=\"s6\">vita<\/span> <span class=\"s6\">nella fiducia, nella gratitudine, nel donarsi agli altri si <\/span><span class=\"s6\">impara vivendo<\/span><span class=\"s6\"> il Vangelo<\/span><span class=\"s6\">, qui e adesso<\/span><span class=\"s6\">! <\/span><\/p>\n<p class=\"s4\"><span class=\"s6\">Una vita cos\u00ec <\/span><span class=\"s6\">\u00e8 <\/span><span class=\"s6\">un <\/span><span class=\"s6\">luminoso anticipo dello splendore che sar\u00e0 risorgere dopo la morte.<\/span><\/p>\n<p class=\"s4\">\n<p class=\"s4\"><span class=\"s6\">Che ne pensi Sofia?<\/span><\/p>\n<p class=\"s4\"><span class=\"s6\">Don Alvise e Don Luciano<\/span><\/p>\n","protected":false},"excerpt":{"rendered":"<p>Ciao Sofia, grazie per questa bella domanda! Volentieri ci mettiamo in dialogo con te\u2026 La tua domanda ci piace perch\u00e9 la sentiamo vera e scomoda: non si accontenta di risposte tipo quiz televisivi, anzi fa<\/p>\n","protected":false},"author":172,"featured_media":1099,"comment_status":"closed","ping_status":"closed","sticky":false,"template":"","format":"standard","meta":{"footnotes":""},"categories":[176],"tags":[],"class_list":["post-1098","post","type-post","status-publish","format-standard","has-post-thumbnail","hentry","category-notizie"],"acf":{"seed-localization-paese-cod":"IT","seed-localization-address":"","seed-localization-citta":"Trento","seed-localization-regione-cod-istat":"04","seed-localization-citta-cod-istat":"022205","seed-localization-localita":"","seed-localization-cap":"","seed-localization-marker-visibility":false,"seed-localization-children-visibility":false,"seed-localization-kml":"","seed-localization-custom-marker":""},"yoast_head":"<!-- This site is optimized with the Yoast SEO Premium plugin v20.2.1 (Yoast SEO v22.2) - https:\/\/yoast.com\/wordpress\/plugins\/seo\/ -->\n<title>Cosa vuol dire risorgere dopo la morte? - Seminario Maggiore Arcivescovile<\/title>\n<meta name=\"description\" content=\"La risposta alla domanda di Sofia, 10 anni, su \u201ccosa vuol dire risorgere dopo la morte\u201d\" \/>\n<meta name=\"robots\" content=\"index, follow, max-snippet:-1, max-image-preview:large, max-video-preview:-1\" \/>\n<link rel=\"canonical\" href=\"https:\/\/www.diocesitn.it\/seminario\/2025\/05\/19\/cosa-vuol-dire-risorgere-dopo-la-morte\/\" \/>\n<meta property=\"og:locale\" content=\"it_IT\" \/>\n<meta property=\"og:type\" content=\"article\" \/>\n<meta property=\"og:title\" content=\"Cosa vuol dire risorgere dopo la morte?\" \/>\n<meta property=\"og:description\" content=\"La risposta alla domanda di Sofia, 10 anni, su \u201ccosa vuol dire risorgere dopo la morte\u201d\" \/>\n<meta property=\"og:url\" content=\"https:\/\/www.diocesitn.it\/seminario\/2025\/05\/19\/cosa-vuol-dire-risorgere-dopo-la-morte\/\" \/>\n<meta property=\"og:site_name\" content=\"Seminario Maggiore Arcivescovile\" \/>\n<meta property=\"article:publisher\" content=\"https:\/\/www.facebook.com\/seminariotrento\/\" \/>\n<meta property=\"article:published_time\" content=\"2025-05-19T09:31:58+00:00\" \/>\n<meta property=\"og:image\" content=\"https:\/\/www.diocesitn.it\/seminario\/wp-content\/uploads\/sites\/41\/2025\/05\/Pag_8_FOTO_Chiesa_della_Resurrezione-scaled_CA2.jpg\" \/>\n\t<meta property=\"og:image:width\" content=\"2560\" \/>\n\t<meta property=\"og:image:height\" content=\"1459\" \/>\n\t<meta property=\"og:image:type\" content=\"image\/jpeg\" \/>\n<meta name=\"author\" content=\"seminaristitrento\" \/>\n<meta name=\"twitter:card\" content=\"summary_large_image\" \/>\n<meta name=\"twitter:label1\" content=\"Scritto da\" \/>\n\t<meta name=\"twitter:data1\" content=\"seminaristitrento\" \/>\n\t<meta name=\"twitter:label2\" content=\"Tempo di lettura stimato\" \/>\n\t<meta name=\"twitter:data2\" content=\"3 minuti\" \/>\n<script type=\"application\/ld+json\" class=\"yoast-schema-graph\">{\"@context\":\"https:\/\/schema.org\",\"@graph\":[{\"@type\":\"WebPage\",\"@id\":\"https:\/\/www.diocesitn.it\/seminario\/2025\/05\/19\/cosa-vuol-dire-risorgere-dopo-la-morte\/\",\"url\":\"https:\/\/www.diocesitn.it\/seminario\/2025\/05\/19\/cosa-vuol-dire-risorgere-dopo-la-morte\/\",\"name\":\"Cosa vuol dire risorgere dopo la morte? - Seminario Maggiore Arcivescovile\",\"isPartOf\":{\"@id\":\"https:\/\/www.diocesitn.it\/seminario\/#website\"},\"primaryImageOfPage\":{\"@id\":\"https:\/\/www.diocesitn.it\/seminario\/2025\/05\/19\/cosa-vuol-dire-risorgere-dopo-la-morte\/#primaryimage\"},\"image\":{\"@id\":\"https:\/\/www.diocesitn.it\/seminario\/2025\/05\/19\/cosa-vuol-dire-risorgere-dopo-la-morte\/#primaryimage\"},\"thumbnailUrl\":\"https:\/\/www.diocesitn.it\/seminario\/wp-content\/uploads\/sites\/41\/2025\/05\/Pag_8_FOTO_Chiesa_della_Resurrezione-scaled_CA2.jpg\",\"datePublished\":\"2025-05-19T09:31:58+00:00\",\"dateModified\":\"2025-05-19T09:31:58+00:00\",\"author\":{\"@id\":\"https:\/\/www.diocesitn.it\/seminario\/#\/schema\/person\/fe751b4cf044b25d6ad3f1991d9b6d54\"},\"description\":\"La risposta alla domanda di Sofia, 10 anni, su \u201ccosa vuol dire risorgere dopo la morte\u201d\",\"breadcrumb\":{\"@id\":\"https:\/\/www.diocesitn.it\/seminario\/2025\/05\/19\/cosa-vuol-dire-risorgere-dopo-la-morte\/#breadcrumb\"},\"inLanguage\":\"it-IT\",\"potentialAction\":[{\"@type\":\"ReadAction\",\"target\":[\"https:\/\/www.diocesitn.it\/seminario\/2025\/05\/19\/cosa-vuol-dire-risorgere-dopo-la-morte\/\"]}]},{\"@type\":\"ImageObject\",\"inLanguage\":\"it-IT\",\"@id\":\"https:\/\/www.diocesitn.it\/seminario\/2025\/05\/19\/cosa-vuol-dire-risorgere-dopo-la-morte\/#primaryimage\",\"url\":\"https:\/\/www.diocesitn.it\/seminario\/wp-content\/uploads\/sites\/41\/2025\/05\/Pag_8_FOTO_Chiesa_della_Resurrezione-scaled_CA2.jpg\",\"contentUrl\":\"https:\/\/www.diocesitn.it\/seminario\/wp-content\/uploads\/sites\/41\/2025\/05\/Pag_8_FOTO_Chiesa_della_Resurrezione-scaled_CA2.jpg\",\"width\":2560,\"height\":1459},{\"@type\":\"BreadcrumbList\",\"@id\":\"https:\/\/www.diocesitn.it\/seminario\/2025\/05\/19\/cosa-vuol-dire-risorgere-dopo-la-morte\/#breadcrumb\",\"itemListElement\":[{\"@type\":\"ListItem\",\"position\":1,\"name\":\"Home\",\"item\":\"https:\/\/www.diocesitn.it\/seminario\/\"},{\"@type\":\"ListItem\",\"position\":2,\"name\":\"Cosa vuol dire risorgere dopo la morte?\"}]},{\"@type\":\"WebSite\",\"@id\":\"https:\/\/www.diocesitn.it\/seminario\/#website\",\"url\":\"https:\/\/www.diocesitn.it\/seminario\/\",\"name\":\"Seminario Maggiore Arcivescovile\",\"description\":\"Chiesa di Trento\",\"potentialAction\":[{\"@type\":\"SearchAction\",\"target\":{\"@type\":\"EntryPoint\",\"urlTemplate\":\"https:\/\/www.diocesitn.it\/seminario\/?s={search_term_string}\"},\"query-input\":\"required name=search_term_string\"}],\"inLanguage\":\"it-IT\"},{\"@type\":\"ImageObject\",\"inLanguage\":\"it-IT\",\"@id\":\"https:\/\/www.diocesitn.it\/seminario\/2025\/05\/19\/cosa-vuol-dire-risorgere-dopo-la-morte\/#local-main-organization-logo\",\"url\":\"\",\"contentUrl\":\"\",\"caption\":\"Seminario Maggiore Arcivescovile - Chiesa di Trento\"}]}<\/script>\n<!-- \/ Yoast SEO Premium plugin. -->","yoast_head_json":{"title":"Cosa vuol dire risorgere dopo la morte? - Seminario Maggiore Arcivescovile","description":"La risposta alla domanda di Sofia, 10 anni, su \u201ccosa vuol dire risorgere dopo la morte\u201d","robots":{"index":"index","follow":"follow","max-snippet":"max-snippet:-1","max-image-preview":"max-image-preview:large","max-video-preview":"max-video-preview:-1"},"canonical":"https:\/\/www.diocesitn.it\/seminario\/2025\/05\/19\/cosa-vuol-dire-risorgere-dopo-la-morte\/","og_locale":"it_IT","og_type":"article","og_title":"Cosa vuol dire risorgere dopo la morte?","og_description":"La risposta alla domanda di Sofia, 10 anni, su \u201ccosa vuol dire risorgere dopo la morte\u201d","og_url":"https:\/\/www.diocesitn.it\/seminario\/2025\/05\/19\/cosa-vuol-dire-risorgere-dopo-la-morte\/","og_site_name":"Seminario Maggiore Arcivescovile","article_publisher":"https:\/\/www.facebook.com\/seminariotrento\/","article_published_time":"2025-05-19T09:31:58+00:00","og_image":[{"width":2560,"height":1459,"url":"https:\/\/www.diocesitn.it\/seminario\/wp-content\/uploads\/sites\/41\/2025\/05\/Pag_8_FOTO_Chiesa_della_Resurrezione-scaled_CA2.jpg","type":"image\/jpeg"}],"author":"seminaristitrento","twitter_card":"summary_large_image","twitter_misc":{"Scritto da":"seminaristitrento","Tempo di lettura stimato":"3 minuti"},"schema":{"@context":"https:\/\/schema.org","@graph":[{"@type":"WebPage","@id":"https:\/\/www.diocesitn.it\/seminario\/2025\/05\/19\/cosa-vuol-dire-risorgere-dopo-la-morte\/","url":"https:\/\/www.diocesitn.it\/seminario\/2025\/05\/19\/cosa-vuol-dire-risorgere-dopo-la-morte\/","name":"Cosa vuol dire risorgere dopo la morte? - Seminario Maggiore Arcivescovile","isPartOf":{"@id":"https:\/\/www.diocesitn.it\/seminario\/#website"},"primaryImageOfPage":{"@id":"https:\/\/www.diocesitn.it\/seminario\/2025\/05\/19\/cosa-vuol-dire-risorgere-dopo-la-morte\/#primaryimage"},"image":{"@id":"https:\/\/www.diocesitn.it\/seminario\/2025\/05\/19\/cosa-vuol-dire-risorgere-dopo-la-morte\/#primaryimage"},"thumbnailUrl":"https:\/\/www.diocesitn.it\/seminario\/wp-content\/uploads\/sites\/41\/2025\/05\/Pag_8_FOTO_Chiesa_della_Resurrezione-scaled_CA2.jpg","datePublished":"2025-05-19T09:31:58+00:00","dateModified":"2025-05-19T09:31:58+00:00","author":{"@id":"https:\/\/www.diocesitn.it\/seminario\/#\/schema\/person\/fe751b4cf044b25d6ad3f1991d9b6d54"},"description":"La risposta alla domanda di Sofia, 10 anni, su \u201ccosa vuol dire risorgere dopo la morte\u201d","breadcrumb":{"@id":"https:\/\/www.diocesitn.it\/seminario\/2025\/05\/19\/cosa-vuol-dire-risorgere-dopo-la-morte\/#breadcrumb"},"inLanguage":"it-IT","potentialAction":[{"@type":"ReadAction","target":["https:\/\/www.diocesitn.it\/seminario\/2025\/05\/19\/cosa-vuol-dire-risorgere-dopo-la-morte\/"]}]},{"@type":"ImageObject","inLanguage":"it-IT","@id":"https:\/\/www.diocesitn.it\/seminario\/2025\/05\/19\/cosa-vuol-dire-risorgere-dopo-la-morte\/#primaryimage","url":"https:\/\/www.diocesitn.it\/seminario\/wp-content\/uploads\/sites\/41\/2025\/05\/Pag_8_FOTO_Chiesa_della_Resurrezione-scaled_CA2.jpg","contentUrl":"https:\/\/www.diocesitn.it\/seminario\/wp-content\/uploads\/sites\/41\/2025\/05\/Pag_8_FOTO_Chiesa_della_Resurrezione-scaled_CA2.jpg","width":2560,"height":1459},{"@type":"BreadcrumbList","@id":"https:\/\/www.diocesitn.it\/seminario\/2025\/05\/19\/cosa-vuol-dire-risorgere-dopo-la-morte\/#breadcrumb","itemListElement":[{"@type":"ListItem","position":1,"name":"Home","item":"https:\/\/www.diocesitn.it\/seminario\/"},{"@type":"ListItem","position":2,"name":"Cosa vuol dire risorgere dopo la morte?"}]},{"@type":"WebSite","@id":"https:\/\/www.diocesitn.it\/seminario\/#website","url":"https:\/\/www.diocesitn.it\/seminario\/","name":"Seminario Maggiore Arcivescovile","description":"Chiesa di Trento","potentialAction":[{"@type":"SearchAction","target":{"@type":"EntryPoint","urlTemplate":"https:\/\/www.diocesitn.it\/seminario\/?s={search_term_string}"},"query-input":"required name=search_term_string"}],"inLanguage":"it-IT"},{"@type":"ImageObject","inLanguage":"it-IT","@id":"https:\/\/www.diocesitn.it\/seminario\/2025\/05\/19\/cosa-vuol-dire-risorgere-dopo-la-morte\/#local-main-organization-logo","url":"","contentUrl":"","caption":"Seminario Maggiore Arcivescovile - Chiesa di Trento"}]}},"_links":{"self":[{"href":"https:\/\/www.diocesitn.it\/seminario\/wp-json\/wp\/v2\/posts\/1098","targetHints":{"allow":["GET"]}}],"collection":[{"href":"https:\/\/www.diocesitn.it\/seminario\/wp-json\/wp\/v2\/posts"}],"about":[{"href":"https:\/\/www.diocesitn.it\/seminario\/wp-json\/wp\/v2\/types\/post"}],"author":[{"embeddable":true,"href":"https:\/\/www.diocesitn.it\/seminario\/wp-json\/wp\/v2\/users\/172"}],"replies":[{"embeddable":true,"href":"https:\/\/www.diocesitn.it\/seminario\/wp-json\/wp\/v2\/comments?post=1098"}],"version-history":[{"count":1,"href":"https:\/\/www.diocesitn.it\/seminario\/wp-json\/wp\/v2\/posts\/1098\/revisions"}],"predecessor-version":[{"id":1100,"href":"https:\/\/www.diocesitn.it\/seminario\/wp-json\/wp\/v2\/posts\/1098\/revisions\/1100"}],"wp:featuredmedia":[{"embeddable":true,"href":"https:\/\/www.diocesitn.it\/seminario\/wp-json\/wp\/v2\/media\/1099"}],"wp:attachment":[{"href":"https:\/\/www.diocesitn.it\/seminario\/wp-json\/wp\/v2\/media?parent=1098"}],"wp:term":[{"taxonomy":"category","embeddable":true,"href":"https:\/\/www.diocesitn.it\/seminario\/wp-json\/wp\/v2\/categories?post=1098"},{"taxonomy":"post_tag","embeddable":true,"href":"https:\/\/www.diocesitn.it\/seminario\/wp-json\/wp\/v2\/tags?post=1098"}],"curies":[{"name":"wp","href":"https:\/\/api.w.org\/{rel}","templated":true}]}}