{"id":1090,"date":"2025-05-19T11:25:36","date_gmt":"2025-05-19T09:25:36","guid":{"rendered":"https:\/\/www.diocesitn.it\/seminario\/?p=1090"},"modified":"2025-05-19T11:25:36","modified_gmt":"2025-05-19T09:25:36","slug":"carita-e-speranza","status":"publish","type":"post","link":"https:\/\/www.diocesitn.it\/seminario\/2025\/05\/19\/carita-e-speranza\/","title":{"rendered":"Carit\u00e0 \u00e8 speranza"},"content":{"rendered":"<p><strong><span class=\"s2\">Cosa pu\u00f2 offrire ad un seminarista un\u2019esperienza di volontariato? I loro racconti fanno emergere quanto possa essere arricchente conoscere diverse situazioni di difficolt\u00e0 e sofferenza, sperimentarsi in un contesto nuovo, sentirsi attesi e portare a qualcuno piccoli segni di gioia. Ecco i motivi per cui \u00e8 proposta a tutti questa esperienza, che non \u00e8 solo dare ma anche ricevere per s\u00e9 e per il proprio cammino di crescita.<\/span><span class=\"s2\"><br \/>\n<\/span><\/strong><span class=\"s3\"><strong>dott.sa Annalisa Pasini,<\/strong> <em>formatrice<\/em><\/span><\/p>\n<p>&nbsp;<\/p>\n<p>OPERARE NELL\u2019ORDINARIO<\/p>\n<p><span class=\"s2\" style=\"font-size: inherit\">La mensa della Provvidenza gestita dalla Diocesi \u00e8 davvero un luogo dove si respira il <\/span><span class=\"s2\" style=\"font-size: inherit\">V<\/span><span class=\"s2\" style=\"font-size: inherit\">angelo. Sono molti i volontari che regalano il loro tempo perch\u00e9 le persone povere possano sentirsi accolte. Quest\u2019anno anche io aiuto nella distribuzione o nella preparazione dei pasti. Sono molte le persone che ogni giorno bussano alla porta e vengono per trovare un pasto caldo. Di<\/span> <span class=\"s2\" style=\"font-size: inherit\">fronte ai molti poveri presenti in citt\u00e0 e alle tante situazioni di disagio e marginalizzazione sociale<\/span><span class=\"s2\" style=\"font-size: inherit\">,<\/span><span class=\"s2\" style=\"font-size: inherit\"> mi sono posto molte volte la domanda: ma io cosa posso fare? Sar\u00e0 sufficiente il mio contributo? Li star\u00f2 aiutando per davvero? Domande legittime. Mi viene un<\/span><span class=\"s2\" style=\"font-size: inherit\">\u2019<\/span><span class=\"s2\" style=\"font-size: inherit\">unica risposta: a noi non \u00e8 chiesto di fare opere straordinarie ma <\/span><span class=\"s2\" style=\"font-size: inherit\">di <\/span><span class=\"s2\" style=\"font-size: inherit\">operare nell\u2019ordinario. Questo si cerca di fare alla mensa: operare nell\u2019ordinario. Accogliere c<\/span><span class=\"s2\" style=\"font-size: inherit\">oloro che<\/span><span class=\"s2\" style=\"font-size: inherit\"> v<\/span><span class=\"s2\" style=\"font-size: inherit\">engono<\/span><span class=\"s2\" style=\"font-size: inherit\"> e guardarli negli occhi<\/span><span class=\"s2\" style=\"font-size: inherit\">,<\/span><span class=\"s2\" style=\"font-size: inherit\"> perch\u00e9 anche loro sono esseri umani, questo lo possiamo fare tutti.\u00a0<\/span><\/p>\n<p><span class=\"s3\">Filippo Zanetti<\/span><\/p>\n<p><img loading=\"lazy\" decoding=\"async\" class=\"alignnone size-medium wp-image-1091\" src=\"https:\/\/www.diocesitn.it\/seminario\/wp-content\/uploads\/sites\/41\/2025\/05\/Pag_7_FOTO4_Servizi_di_caritA-_CA2-300x225.jpg\" alt=\"\" width=\"300\" height=\"225\" srcset=\"https:\/\/www.diocesitn.it\/seminario\/wp-content\/uploads\/sites\/41\/2025\/05\/Pag_7_FOTO4_Servizi_di_caritA-_CA2-300x225.jpg 300w, https:\/\/www.diocesitn.it\/seminario\/wp-content\/uploads\/sites\/41\/2025\/05\/Pag_7_FOTO4_Servizi_di_caritA-_CA2-1024x768.jpg 1024w, https:\/\/www.diocesitn.it\/seminario\/wp-content\/uploads\/sites\/41\/2025\/05\/Pag_7_FOTO4_Servizi_di_caritA-_CA2-768x576.jpg 768w, https:\/\/www.diocesitn.it\/seminario\/wp-content\/uploads\/sites\/41\/2025\/05\/Pag_7_FOTO4_Servizi_di_caritA-_CA2-360x270.jpg 360w, https:\/\/www.diocesitn.it\/seminario\/wp-content\/uploads\/sites\/41\/2025\/05\/Pag_7_FOTO4_Servizi_di_caritA-_CA2-1536x1152.jpg 1536w, https:\/\/www.diocesitn.it\/seminario\/wp-content\/uploads\/sites\/41\/2025\/05\/Pag_7_FOTO4_Servizi_di_caritA-_CA2-2048x1536.jpg 2048w, https:\/\/www.diocesitn.it\/seminario\/wp-content\/uploads\/sites\/41\/2025\/05\/Pag_7_FOTO4_Servizi_di_caritA-_CA2-800x600.jpg 800w, https:\/\/www.diocesitn.it\/seminario\/wp-content\/uploads\/sites\/41\/2025\/05\/Pag_7_FOTO4_Servizi_di_caritA-_CA2-1200x900.jpg 1200w\" sizes=\"auto, (max-width: 300px) 100vw, 300px\" \/><img loading=\"lazy\" decoding=\"async\" class=\"alignnone size-medium wp-image-1094\" src=\"https:\/\/www.diocesitn.it\/seminario\/wp-content\/uploads\/sites\/41\/2025\/05\/Pag_7_FOTO3_Servizi_di_caritA-_CA2-300x225.jpg\" alt=\"\" width=\"300\" height=\"225\" srcset=\"https:\/\/www.diocesitn.it\/seminario\/wp-content\/uploads\/sites\/41\/2025\/05\/Pag_7_FOTO3_Servizi_di_caritA-_CA2-300x225.jpg 300w, https:\/\/www.diocesitn.it\/seminario\/wp-content\/uploads\/sites\/41\/2025\/05\/Pag_7_FOTO3_Servizi_di_caritA-_CA2-1024x768.jpg 1024w, https:\/\/www.diocesitn.it\/seminario\/wp-content\/uploads\/sites\/41\/2025\/05\/Pag_7_FOTO3_Servizi_di_caritA-_CA2-768x576.jpg 768w, https:\/\/www.diocesitn.it\/seminario\/wp-content\/uploads\/sites\/41\/2025\/05\/Pag_7_FOTO3_Servizi_di_caritA-_CA2-360x270.jpg 360w, https:\/\/www.diocesitn.it\/seminario\/wp-content\/uploads\/sites\/41\/2025\/05\/Pag_7_FOTO3_Servizi_di_caritA-_CA2-1536x1152.jpg 1536w, https:\/\/www.diocesitn.it\/seminario\/wp-content\/uploads\/sites\/41\/2025\/05\/Pag_7_FOTO3_Servizi_di_caritA-_CA2-2048x1536.jpg 2048w, https:\/\/www.diocesitn.it\/seminario\/wp-content\/uploads\/sites\/41\/2025\/05\/Pag_7_FOTO3_Servizi_di_caritA-_CA2-800x600.jpg 800w, https:\/\/www.diocesitn.it\/seminario\/wp-content\/uploads\/sites\/41\/2025\/05\/Pag_7_FOTO3_Servizi_di_caritA-_CA2-1200x900.jpg 1200w\" sizes=\"auto, (max-width: 300px) 100vw, 300px\" \/><\/p>\n<p><span class=\"s4\">OCCHI DI STUPORE<\/span><\/p>\n<p><span class=\"s2\">\u201cDare dignit\u00e0 alla vita che c\u2019\u00e8\u201d. Questa \u00e8 la scritta che si trova appena entrati in Hospice Cima Verde a Sud di Trento, dove quest\u2019anno svolgo servizio di volontariato. Credo che queste poche parole rappresentino bene lo stile con cui si entra in relazione con i pazienti: mettersi accanto, senza pretendere nulla, entrando in punta di piedi, sapendo che di fronte a me certamente c\u2019\u00e8 una persona malata, fragile, ma soprattutto c\u2019\u00e8 una vita e per questo motivo va guardata e contemplata con occhi di meraviglia e di stupore. In questi mesi ho imparato che, oltre a pesare le parole, si pu\u00f2 davvero essere \u201cinutili\u201d, si pu\u00f2 non avere le risposte a tutto, si pu\u00f2 non risolvere tutti i problemi, ma stando semplicemente a fianco, prendendo la mano, piangendo insieme e capendo che quando ti viene consegnato qualcosa tu lo accogli, cresci e sperimenti cosa vuol dire amare. \u00c8 proprio cos\u00ec, a Cima Verde c\u2019\u00e8 pi\u00f9 vita di quanto si possa credere!<\/span><span class=\"s2\"><br \/>\n<\/span><\/p>\n<p>Bryan Fedon<\/p>\n<p><img loading=\"lazy\" decoding=\"async\" class=\"alignnone size-medium wp-image-1092\" src=\"https:\/\/www.diocesitn.it\/seminario\/wp-content\/uploads\/sites\/41\/2025\/05\/Pag_7_FOTO2_Servizi_di_caritA-_CA2-300x183.jpg\" alt=\"\" width=\"300\" height=\"183\" srcset=\"https:\/\/www.diocesitn.it\/seminario\/wp-content\/uploads\/sites\/41\/2025\/05\/Pag_7_FOTO2_Servizi_di_caritA-_CA2-300x183.jpg 300w, https:\/\/www.diocesitn.it\/seminario\/wp-content\/uploads\/sites\/41\/2025\/05\/Pag_7_FOTO2_Servizi_di_caritA-_CA2-1024x625.jpg 1024w, https:\/\/www.diocesitn.it\/seminario\/wp-content\/uploads\/sites\/41\/2025\/05\/Pag_7_FOTO2_Servizi_di_caritA-_CA2-768x468.jpg 768w, https:\/\/www.diocesitn.it\/seminario\/wp-content\/uploads\/sites\/41\/2025\/05\/Pag_7_FOTO2_Servizi_di_caritA-_CA2-360x220.jpg 360w, https:\/\/www.diocesitn.it\/seminario\/wp-content\/uploads\/sites\/41\/2025\/05\/Pag_7_FOTO2_Servizi_di_caritA-_CA2-1536x937.jpg 1536w, https:\/\/www.diocesitn.it\/seminario\/wp-content\/uploads\/sites\/41\/2025\/05\/Pag_7_FOTO2_Servizi_di_caritA-_CA2-800x488.jpg 800w, https:\/\/www.diocesitn.it\/seminario\/wp-content\/uploads\/sites\/41\/2025\/05\/Pag_7_FOTO2_Servizi_di_caritA-_CA2-1200x732.jpg 1200w, https:\/\/www.diocesitn.it\/seminario\/wp-content\/uploads\/sites\/41\/2025\/05\/Pag_7_FOTO2_Servizi_di_caritA-_CA2.jpg 1600w\" sizes=\"auto, (max-width: 300px) 100vw, 300px\" \/><\/p>\n<p>IN COMPAGNIA DEGLI ANZIANI<\/p>\n<p><span class=\"s2\">Durante questo mio primo anno di seminario mi \u00e8 stata data l\u2019opportunit\u00e0 di svolgere un servizio di tipo caritativo presso la casa di riposo S.P.E.S. Tale servizio si concretizza il venerd\u00ec pomeriggio, momento in cui mi reco alla casa di riposo per trascorrere un paio d\u2019ore insieme agli anziani l\u00ec <\/span><span class=\"s2\">residenti. La mia attivit\u00e0 si basa principalmente sulla relazione con gli anziani: faccio loro compagnia, con alcuni gioco a carte, con altri nascono delle piacevoli conversazioni, con altri ancora capita anche di cantare! Apprezzo davvero molto il tempo datomi da trascorrere in loro compagnia e, soprattutto, sono grato quando qualcuno di loro inizia a dilettarsi nel raccontarmi le proprie storie di vita vissuta, aneddoti del passato, ricordi lontani, talvolta, anche pieni di nostalgia che fanno scendere qualche lacrima dagli occhi ma che, in fondo, riempiono il cuore di gioia e gratitudine.<\/span><span class=\"s2\"><br \/>\n<\/span><\/p>\n<p>Marco Lenzi<\/p>\n<p><img loading=\"lazy\" decoding=\"async\" class=\"alignnone size-medium wp-image-1093\" src=\"https:\/\/www.diocesitn.it\/seminario\/wp-content\/uploads\/sites\/41\/2025\/05\/Pag_7_FOTO1_Servizi_di_caritA-_CA2-300x145.jpg\" alt=\"\" width=\"300\" height=\"145\" srcset=\"https:\/\/www.diocesitn.it\/seminario\/wp-content\/uploads\/sites\/41\/2025\/05\/Pag_7_FOTO1_Servizi_di_caritA-_CA2-300x145.jpg 300w, https:\/\/www.diocesitn.it\/seminario\/wp-content\/uploads\/sites\/41\/2025\/05\/Pag_7_FOTO1_Servizi_di_caritA-_CA2-1024x494.jpg 1024w, https:\/\/www.diocesitn.it\/seminario\/wp-content\/uploads\/sites\/41\/2025\/05\/Pag_7_FOTO1_Servizi_di_caritA-_CA2-768x371.jpg 768w, https:\/\/www.diocesitn.it\/seminario\/wp-content\/uploads\/sites\/41\/2025\/05\/Pag_7_FOTO1_Servizi_di_caritA-_CA2-360x174.jpg 360w, https:\/\/www.diocesitn.it\/seminario\/wp-content\/uploads\/sites\/41\/2025\/05\/Pag_7_FOTO1_Servizi_di_caritA-_CA2-1536x741.jpg 1536w, https:\/\/www.diocesitn.it\/seminario\/wp-content\/uploads\/sites\/41\/2025\/05\/Pag_7_FOTO1_Servizi_di_caritA-_CA2-800x386.jpg 800w, https:\/\/www.diocesitn.it\/seminario\/wp-content\/uploads\/sites\/41\/2025\/05\/Pag_7_FOTO1_Servizi_di_caritA-_CA2-1200x579.jpg 1200w, https:\/\/www.diocesitn.it\/seminario\/wp-content\/uploads\/sites\/41\/2025\/05\/Pag_7_FOTO1_Servizi_di_caritA-_CA2.jpg 1600w\" sizes=\"auto, (max-width: 300px) 100vw, 300px\" \/><\/p>\n","protected":false},"excerpt":{"rendered":"<p>Cosa pu\u00f2 offrire ad un seminarista un\u2019esperienza di volontariato? I loro racconti fanno emergere quanto possa essere arricchente conoscere diverse situazioni di difficolt\u00e0 e sofferenza, sperimentarsi in un contesto nuovo, sentirsi attesi e portare a<\/p>\n","protected":false},"author":172,"featured_media":1092,"comment_status":"closed","ping_status":"closed","sticky":false,"template":"","format":"standard","meta":{"footnotes":""},"categories":[176],"tags":[],"class_list":["post-1090","post","type-post","status-publish","format-standard","has-post-thumbnail","hentry","category-notizie"],"acf":{"seed-localization-paese-cod":"IT","seed-localization-address":"","seed-localization-citta":"Trento","seed-localization-regione-cod-istat":"04","seed-localization-citta-cod-istat":"022205","seed-localization-localita":"","seed-localization-cap":"","seed-localization-marker-visibility":false,"seed-localization-children-visibility":false,"seed-localization-kml":"","seed-localization-custom-marker":""},"yoast_head":"<!-- This site is optimized with the Yoast SEO Premium plugin v20.2.1 (Yoast SEO v22.2) - https:\/\/yoast.com\/wordpress\/plugins\/seo\/ -->\n<title>Carit\u00e0 \u00e8 speranza - Seminario Maggiore Arcivescovile<\/title>\n<meta name=\"description\" content=\"Tre testimonianze sul volontariato come crescita\" \/>\n<meta name=\"robots\" content=\"index, follow, max-snippet:-1, max-image-preview:large, max-video-preview:-1\" \/>\n<link rel=\"canonical\" href=\"https:\/\/www.diocesitn.it\/seminario\/2025\/05\/19\/carita-e-speranza\/\" \/>\n<meta property=\"og:locale\" content=\"it_IT\" \/>\n<meta property=\"og:type\" content=\"article\" \/>\n<meta property=\"og:title\" content=\"Carit\u00e0 \u00e8 speranza\" \/>\n<meta property=\"og:description\" content=\"Tre testimonianze sul volontariato come crescita\" \/>\n<meta property=\"og:url\" content=\"https:\/\/www.diocesitn.it\/seminario\/2025\/05\/19\/carita-e-speranza\/\" \/>\n<meta property=\"og:site_name\" content=\"Seminario Maggiore Arcivescovile\" \/>\n<meta property=\"article:publisher\" content=\"https:\/\/www.facebook.com\/seminariotrento\/\" \/>\n<meta property=\"article:published_time\" content=\"2025-05-19T09:25:36+00:00\" \/>\n<meta property=\"og:image\" content=\"https:\/\/www.diocesitn.it\/seminario\/wp-content\/uploads\/sites\/41\/2025\/05\/Pag_7_FOTO2_Servizi_di_caritA-_CA2.jpg\" \/>\n\t<meta property=\"og:image:width\" content=\"1600\" \/>\n\t<meta property=\"og:image:height\" content=\"976\" \/>\n\t<meta property=\"og:image:type\" content=\"image\/jpeg\" \/>\n<meta name=\"author\" content=\"seminaristitrento\" \/>\n<meta name=\"twitter:card\" content=\"summary_large_image\" \/>\n<meta name=\"twitter:label1\" content=\"Scritto da\" \/>\n\t<meta name=\"twitter:data1\" content=\"seminaristitrento\" \/>\n\t<meta name=\"twitter:label2\" content=\"Tempo di lettura stimato\" \/>\n\t<meta name=\"twitter:data2\" content=\"4 minuti\" \/>\n<script type=\"application\/ld+json\" class=\"yoast-schema-graph\">{\"@context\":\"https:\/\/schema.org\",\"@graph\":[{\"@type\":\"WebPage\",\"@id\":\"https:\/\/www.diocesitn.it\/seminario\/2025\/05\/19\/carita-e-speranza\/\",\"url\":\"https:\/\/www.diocesitn.it\/seminario\/2025\/05\/19\/carita-e-speranza\/\",\"name\":\"Carit\u00e0 \u00e8 speranza - Seminario Maggiore Arcivescovile\",\"isPartOf\":{\"@id\":\"https:\/\/www.diocesitn.it\/seminario\/#website\"},\"primaryImageOfPage\":{\"@id\":\"https:\/\/www.diocesitn.it\/seminario\/2025\/05\/19\/carita-e-speranza\/#primaryimage\"},\"image\":{\"@id\":\"https:\/\/www.diocesitn.it\/seminario\/2025\/05\/19\/carita-e-speranza\/#primaryimage\"},\"thumbnailUrl\":\"https:\/\/www.diocesitn.it\/seminario\/wp-content\/uploads\/sites\/41\/2025\/05\/Pag_7_FOTO2_Servizi_di_caritA-_CA2.jpg\",\"datePublished\":\"2025-05-19T09:25:36+00:00\",\"dateModified\":\"2025-05-19T09:25:36+00:00\",\"author\":{\"@id\":\"https:\/\/www.diocesitn.it\/seminario\/#\/schema\/person\/fe751b4cf044b25d6ad3f1991d9b6d54\"},\"description\":\"Tre testimonianze sul volontariato come crescita\",\"breadcrumb\":{\"@id\":\"https:\/\/www.diocesitn.it\/seminario\/2025\/05\/19\/carita-e-speranza\/#breadcrumb\"},\"inLanguage\":\"it-IT\",\"potentialAction\":[{\"@type\":\"ReadAction\",\"target\":[\"https:\/\/www.diocesitn.it\/seminario\/2025\/05\/19\/carita-e-speranza\/\"]}]},{\"@type\":\"ImageObject\",\"inLanguage\":\"it-IT\",\"@id\":\"https:\/\/www.diocesitn.it\/seminario\/2025\/05\/19\/carita-e-speranza\/#primaryimage\",\"url\":\"https:\/\/www.diocesitn.it\/seminario\/wp-content\/uploads\/sites\/41\/2025\/05\/Pag_7_FOTO2_Servizi_di_caritA-_CA2.jpg\",\"contentUrl\":\"https:\/\/www.diocesitn.it\/seminario\/wp-content\/uploads\/sites\/41\/2025\/05\/Pag_7_FOTO2_Servizi_di_caritA-_CA2.jpg\",\"width\":1600,\"height\":976},{\"@type\":\"BreadcrumbList\",\"@id\":\"https:\/\/www.diocesitn.it\/seminario\/2025\/05\/19\/carita-e-speranza\/#breadcrumb\",\"itemListElement\":[{\"@type\":\"ListItem\",\"position\":1,\"name\":\"Home\",\"item\":\"https:\/\/www.diocesitn.it\/seminario\/\"},{\"@type\":\"ListItem\",\"position\":2,\"name\":\"Carit\u00e0 \u00e8 speranza\"}]},{\"@type\":\"WebSite\",\"@id\":\"https:\/\/www.diocesitn.it\/seminario\/#website\",\"url\":\"https:\/\/www.diocesitn.it\/seminario\/\",\"name\":\"Seminario Maggiore Arcivescovile\",\"description\":\"Chiesa di Trento\",\"potentialAction\":[{\"@type\":\"SearchAction\",\"target\":{\"@type\":\"EntryPoint\",\"urlTemplate\":\"https:\/\/www.diocesitn.it\/seminario\/?s={search_term_string}\"},\"query-input\":\"required name=search_term_string\"}],\"inLanguage\":\"it-IT\"},{\"@type\":\"ImageObject\",\"inLanguage\":\"it-IT\",\"@id\":\"https:\/\/www.diocesitn.it\/seminario\/2025\/05\/19\/carita-e-speranza\/#local-main-organization-logo\",\"url\":\"\",\"contentUrl\":\"\",\"caption\":\"Seminario Maggiore Arcivescovile - Chiesa di Trento\"}]}<\/script>\n<!-- \/ Yoast SEO Premium plugin. -->","yoast_head_json":{"title":"Carit\u00e0 \u00e8 speranza - Seminario Maggiore Arcivescovile","description":"Tre testimonianze sul volontariato come crescita","robots":{"index":"index","follow":"follow","max-snippet":"max-snippet:-1","max-image-preview":"max-image-preview:large","max-video-preview":"max-video-preview:-1"},"canonical":"https:\/\/www.diocesitn.it\/seminario\/2025\/05\/19\/carita-e-speranza\/","og_locale":"it_IT","og_type":"article","og_title":"Carit\u00e0 \u00e8 speranza","og_description":"Tre testimonianze sul volontariato come crescita","og_url":"https:\/\/www.diocesitn.it\/seminario\/2025\/05\/19\/carita-e-speranza\/","og_site_name":"Seminario Maggiore Arcivescovile","article_publisher":"https:\/\/www.facebook.com\/seminariotrento\/","article_published_time":"2025-05-19T09:25:36+00:00","og_image":[{"width":1600,"height":976,"url":"https:\/\/www.diocesitn.it\/seminario\/wp-content\/uploads\/sites\/41\/2025\/05\/Pag_7_FOTO2_Servizi_di_caritA-_CA2.jpg","type":"image\/jpeg"}],"author":"seminaristitrento","twitter_card":"summary_large_image","twitter_misc":{"Scritto da":"seminaristitrento","Tempo di lettura stimato":"4 minuti"},"schema":{"@context":"https:\/\/schema.org","@graph":[{"@type":"WebPage","@id":"https:\/\/www.diocesitn.it\/seminario\/2025\/05\/19\/carita-e-speranza\/","url":"https:\/\/www.diocesitn.it\/seminario\/2025\/05\/19\/carita-e-speranza\/","name":"Carit\u00e0 \u00e8 speranza - Seminario Maggiore Arcivescovile","isPartOf":{"@id":"https:\/\/www.diocesitn.it\/seminario\/#website"},"primaryImageOfPage":{"@id":"https:\/\/www.diocesitn.it\/seminario\/2025\/05\/19\/carita-e-speranza\/#primaryimage"},"image":{"@id":"https:\/\/www.diocesitn.it\/seminario\/2025\/05\/19\/carita-e-speranza\/#primaryimage"},"thumbnailUrl":"https:\/\/www.diocesitn.it\/seminario\/wp-content\/uploads\/sites\/41\/2025\/05\/Pag_7_FOTO2_Servizi_di_caritA-_CA2.jpg","datePublished":"2025-05-19T09:25:36+00:00","dateModified":"2025-05-19T09:25:36+00:00","author":{"@id":"https:\/\/www.diocesitn.it\/seminario\/#\/schema\/person\/fe751b4cf044b25d6ad3f1991d9b6d54"},"description":"Tre testimonianze sul volontariato come crescita","breadcrumb":{"@id":"https:\/\/www.diocesitn.it\/seminario\/2025\/05\/19\/carita-e-speranza\/#breadcrumb"},"inLanguage":"it-IT","potentialAction":[{"@type":"ReadAction","target":["https:\/\/www.diocesitn.it\/seminario\/2025\/05\/19\/carita-e-speranza\/"]}]},{"@type":"ImageObject","inLanguage":"it-IT","@id":"https:\/\/www.diocesitn.it\/seminario\/2025\/05\/19\/carita-e-speranza\/#primaryimage","url":"https:\/\/www.diocesitn.it\/seminario\/wp-content\/uploads\/sites\/41\/2025\/05\/Pag_7_FOTO2_Servizi_di_caritA-_CA2.jpg","contentUrl":"https:\/\/www.diocesitn.it\/seminario\/wp-content\/uploads\/sites\/41\/2025\/05\/Pag_7_FOTO2_Servizi_di_caritA-_CA2.jpg","width":1600,"height":976},{"@type":"BreadcrumbList","@id":"https:\/\/www.diocesitn.it\/seminario\/2025\/05\/19\/carita-e-speranza\/#breadcrumb","itemListElement":[{"@type":"ListItem","position":1,"name":"Home","item":"https:\/\/www.diocesitn.it\/seminario\/"},{"@type":"ListItem","position":2,"name":"Carit\u00e0 \u00e8 speranza"}]},{"@type":"WebSite","@id":"https:\/\/www.diocesitn.it\/seminario\/#website","url":"https:\/\/www.diocesitn.it\/seminario\/","name":"Seminario Maggiore Arcivescovile","description":"Chiesa di Trento","potentialAction":[{"@type":"SearchAction","target":{"@type":"EntryPoint","urlTemplate":"https:\/\/www.diocesitn.it\/seminario\/?s={search_term_string}"},"query-input":"required name=search_term_string"}],"inLanguage":"it-IT"},{"@type":"ImageObject","inLanguage":"it-IT","@id":"https:\/\/www.diocesitn.it\/seminario\/2025\/05\/19\/carita-e-speranza\/#local-main-organization-logo","url":"","contentUrl":"","caption":"Seminario Maggiore Arcivescovile - Chiesa di Trento"}]}},"_links":{"self":[{"href":"https:\/\/www.diocesitn.it\/seminario\/wp-json\/wp\/v2\/posts\/1090","targetHints":{"allow":["GET"]}}],"collection":[{"href":"https:\/\/www.diocesitn.it\/seminario\/wp-json\/wp\/v2\/posts"}],"about":[{"href":"https:\/\/www.diocesitn.it\/seminario\/wp-json\/wp\/v2\/types\/post"}],"author":[{"embeddable":true,"href":"https:\/\/www.diocesitn.it\/seminario\/wp-json\/wp\/v2\/users\/172"}],"replies":[{"embeddable":true,"href":"https:\/\/www.diocesitn.it\/seminario\/wp-json\/wp\/v2\/comments?post=1090"}],"version-history":[{"count":1,"href":"https:\/\/www.diocesitn.it\/seminario\/wp-json\/wp\/v2\/posts\/1090\/revisions"}],"predecessor-version":[{"id":1095,"href":"https:\/\/www.diocesitn.it\/seminario\/wp-json\/wp\/v2\/posts\/1090\/revisions\/1095"}],"wp:featuredmedia":[{"embeddable":true,"href":"https:\/\/www.diocesitn.it\/seminario\/wp-json\/wp\/v2\/media\/1092"}],"wp:attachment":[{"href":"https:\/\/www.diocesitn.it\/seminario\/wp-json\/wp\/v2\/media?parent=1090"}],"wp:term":[{"taxonomy":"category","embeddable":true,"href":"https:\/\/www.diocesitn.it\/seminario\/wp-json\/wp\/v2\/categories?post=1090"},{"taxonomy":"post_tag","embeddable":true,"href":"https:\/\/www.diocesitn.it\/seminario\/wp-json\/wp\/v2\/tags?post=1090"}],"curies":[{"name":"wp","href":"https:\/\/api.w.org\/{rel}","templated":true}]}}