{"id":1086,"date":"2025-05-19T11:19:04","date_gmt":"2025-05-19T09:19:04","guid":{"rendered":"https:\/\/www.diocesitn.it\/seminario\/?p=1086"},"modified":"2025-05-19T11:19:49","modified_gmt":"2025-05-19T09:19:49","slug":"i-futuri-presbiteri-del-triveneto","status":"publish","type":"post","link":"https:\/\/www.diocesitn.it\/seminario\/2025\/05\/19\/i-futuri-presbiteri-del-triveneto\/","title":{"rendered":"I futuri presbiteri del Triveneto"},"content":{"rendered":"<p>La questione dei numeri sempre in diminuzione nei seminari e negli ordini religiosi pu\u00f2 suscitare interrogativi e paure rispetto al futuro. Eppure, in alcuni casi, l\u2019immagine del \u201cpiccolo gregge\u201d (Lc 12,32) pu\u00f2 rivelare anche delle opportunit\u00e0 per pensare strade nuove ma non meno valide di altre gi\u00e0 percorse per anni! Una di queste \u00e8, secondo me, l\u2019itinerario formativo proposto ai diaconi del Triveneto, ovvero la possibilit\u00e0 di frequentare tutti assieme (e non ciascuno nel proprio seminario) i corsi cosiddetti \u201cpastorali\u201d, che forniscono strumenti preziosi e indispensabili in vista del servizio nelle parrocchie, come diaconi prima e come preti poi. Gli ambiti che abbiamo approfondito sono stati, in particolare, l\u2019accompagnamento al malato, l\u2019omiletica (ovvero l\u2019arte di saper \u201cpredicare\u201d), il sacramento del matrimonio e della riconciliazione. Pu\u00f2 sembrare scontato, ma penso che l\u2019aspetto pi\u00f9 significativo dell\u2019itinerario sia stato il potersi conoscere e condividere, in un clima di amicizia e quotidianit\u00e0, tratti di strada dell\u2019ultimo anno di seminario, fatto di cambiamenti e passi determinanti nella nostra vita. \u00c8 stata anche l\u2019occasione per formarsi e per chiedersi: ma io, quanto sono disposto a sperimentarmi e crescere nell\u2019ambito della predicazione, dell\u2019affiancamento a chi soffre, della riconciliazione\u2026 per portare Ges\u00f9 a chi incontro? Trovo che il tentativo di abbozzare delle risposte a queste domande ci abbia permesso di capire un po\u2019 di pi\u00f9 il tipo di prete che vorremo essere in futuro.<\/p>\n<p>Federico Mattivi<\/p>\n<p><span class=\"s2\">Nella foto: I diaconi del Triveneto a Treviso, al termine dell\u2019ultimo corso previsto dall\u2019itinerario.<\/span><\/p>\n","protected":false},"excerpt":{"rendered":"<p>La questione dei numeri sempre in diminuzione nei seminari e negli ordini religiosi pu\u00f2 suscitare interrogativi e paure rispetto al futuro. Eppure, in alcuni casi, l\u2019immagine del \u201cpiccolo gregge\u201d (Lc 12,32) pu\u00f2 rivelare anche delle<\/p>\n","protected":false},"author":172,"featured_media":1087,"comment_status":"closed","ping_status":"closed","sticky":false,"template":"","format":"standard","meta":{"footnotes":""},"categories":[176],"tags":[],"class_list":["post-1086","post","type-post","status-publish","format-standard","has-post-thumbnail","hentry","category-notizie"],"acf":{"seed-localization-paese-cod":"IT","seed-localization-address":"","seed-localization-citta":"Trento","seed-localization-regione-cod-istat":"04","seed-localization-citta-cod-istat":"022205","seed-localization-localita":"","seed-localization-cap":"","seed-localization-marker-visibility":false,"seed-localization-children-visibility":false,"seed-localization-kml":"","seed-localization-custom-marker":""},"yoast_head":"<!-- This site is optimized with the Yoast SEO Premium plugin v20.2.1 (Yoast SEO v22.2) - https:\/\/yoast.com\/wordpress\/plugins\/seo\/ -->\n<title>I futuri presbiteri del Triveneto - Seminario Maggiore Arcivescovile<\/title>\n<meta name=\"description\" content=\"Tutti insieme frequentiamo i corsi \u201cpastorali\u201d\" \/>\n<meta name=\"robots\" content=\"index, follow, max-snippet:-1, max-image-preview:large, max-video-preview:-1\" \/>\n<link rel=\"canonical\" href=\"https:\/\/www.diocesitn.it\/seminario\/2025\/05\/19\/i-futuri-presbiteri-del-triveneto\/\" \/>\n<meta property=\"og:locale\" content=\"it_IT\" \/>\n<meta property=\"og:type\" content=\"article\" \/>\n<meta property=\"og:title\" content=\"I futuri presbiteri del Triveneto\" \/>\n<meta property=\"og:description\" content=\"Tutti insieme frequentiamo i corsi \u201cpastorali\u201d\" \/>\n<meta property=\"og:url\" content=\"https:\/\/www.diocesitn.it\/seminario\/2025\/05\/19\/i-futuri-presbiteri-del-triveneto\/\" \/>\n<meta property=\"og:site_name\" content=\"Seminario Maggiore Arcivescovile\" \/>\n<meta property=\"article:publisher\" content=\"https:\/\/www.facebook.com\/seminariotrento\/\" \/>\n<meta property=\"article:published_time\" content=\"2025-05-19T09:19:04+00:00\" \/>\n<meta property=\"article:modified_time\" content=\"2025-05-19T09:19:49+00:00\" \/>\n<meta property=\"og:image\" content=\"https:\/\/www.diocesitn.it\/seminario\/wp-content\/uploads\/sites\/41\/2025\/05\/Pag_6_FOTO_Corso_diaconi_Triveneto_CA2-scaled.jpg\" \/>\n\t<meta property=\"og:image:width\" content=\"2560\" \/>\n\t<meta property=\"og:image:height\" content=\"1920\" \/>\n\t<meta property=\"og:image:type\" content=\"image\/jpeg\" \/>\n<meta name=\"author\" content=\"seminaristitrento\" \/>\n<meta name=\"twitter:card\" content=\"summary_large_image\" \/>\n<meta name=\"twitter:label1\" content=\"Scritto da\" \/>\n\t<meta name=\"twitter:data1\" content=\"seminaristitrento\" \/>\n\t<meta name=\"twitter:label2\" content=\"Tempo di lettura stimato\" \/>\n\t<meta name=\"twitter:data2\" content=\"2 minuti\" \/>\n<script type=\"application\/ld+json\" class=\"yoast-schema-graph\">{\"@context\":\"https:\/\/schema.org\",\"@graph\":[{\"@type\":\"WebPage\",\"@id\":\"https:\/\/www.diocesitn.it\/seminario\/2025\/05\/19\/i-futuri-presbiteri-del-triveneto\/\",\"url\":\"https:\/\/www.diocesitn.it\/seminario\/2025\/05\/19\/i-futuri-presbiteri-del-triveneto\/\",\"name\":\"I futuri presbiteri del Triveneto - Seminario Maggiore Arcivescovile\",\"isPartOf\":{\"@id\":\"https:\/\/www.diocesitn.it\/seminario\/#website\"},\"primaryImageOfPage\":{\"@id\":\"https:\/\/www.diocesitn.it\/seminario\/2025\/05\/19\/i-futuri-presbiteri-del-triveneto\/#primaryimage\"},\"image\":{\"@id\":\"https:\/\/www.diocesitn.it\/seminario\/2025\/05\/19\/i-futuri-presbiteri-del-triveneto\/#primaryimage\"},\"thumbnailUrl\":\"https:\/\/www.diocesitn.it\/seminario\/wp-content\/uploads\/sites\/41\/2025\/05\/Pag_6_FOTO_Corso_diaconi_Triveneto_CA2-scaled.jpg\",\"datePublished\":\"2025-05-19T09:19:04+00:00\",\"dateModified\":\"2025-05-19T09:19:49+00:00\",\"author\":{\"@id\":\"https:\/\/www.diocesitn.it\/seminario\/#\/schema\/person\/fe751b4cf044b25d6ad3f1991d9b6d54\"},\"description\":\"Tutti insieme frequentiamo i corsi \u201cpastorali\u201d\",\"breadcrumb\":{\"@id\":\"https:\/\/www.diocesitn.it\/seminario\/2025\/05\/19\/i-futuri-presbiteri-del-triveneto\/#breadcrumb\"},\"inLanguage\":\"it-IT\",\"potentialAction\":[{\"@type\":\"ReadAction\",\"target\":[\"https:\/\/www.diocesitn.it\/seminario\/2025\/05\/19\/i-futuri-presbiteri-del-triveneto\/\"]}]},{\"@type\":\"ImageObject\",\"inLanguage\":\"it-IT\",\"@id\":\"https:\/\/www.diocesitn.it\/seminario\/2025\/05\/19\/i-futuri-presbiteri-del-triveneto\/#primaryimage\",\"url\":\"https:\/\/www.diocesitn.it\/seminario\/wp-content\/uploads\/sites\/41\/2025\/05\/Pag_6_FOTO_Corso_diaconi_Triveneto_CA2-scaled.jpg\",\"contentUrl\":\"https:\/\/www.diocesitn.it\/seminario\/wp-content\/uploads\/sites\/41\/2025\/05\/Pag_6_FOTO_Corso_diaconi_Triveneto_CA2-scaled.jpg\",\"width\":2560,\"height\":1920},{\"@type\":\"BreadcrumbList\",\"@id\":\"https:\/\/www.diocesitn.it\/seminario\/2025\/05\/19\/i-futuri-presbiteri-del-triveneto\/#breadcrumb\",\"itemListElement\":[{\"@type\":\"ListItem\",\"position\":1,\"name\":\"Home\",\"item\":\"https:\/\/www.diocesitn.it\/seminario\/\"},{\"@type\":\"ListItem\",\"position\":2,\"name\":\"I futuri presbiteri del Triveneto\"}]},{\"@type\":\"WebSite\",\"@id\":\"https:\/\/www.diocesitn.it\/seminario\/#website\",\"url\":\"https:\/\/www.diocesitn.it\/seminario\/\",\"name\":\"Seminario Maggiore Arcivescovile\",\"description\":\"Chiesa di Trento\",\"potentialAction\":[{\"@type\":\"SearchAction\",\"target\":{\"@type\":\"EntryPoint\",\"urlTemplate\":\"https:\/\/www.diocesitn.it\/seminario\/?s={search_term_string}\"},\"query-input\":\"required name=search_term_string\"}],\"inLanguage\":\"it-IT\"},{\"@type\":\"ImageObject\",\"inLanguage\":\"it-IT\",\"@id\":\"https:\/\/www.diocesitn.it\/seminario\/2025\/05\/19\/i-futuri-presbiteri-del-triveneto\/#local-main-organization-logo\",\"url\":\"\",\"contentUrl\":\"\",\"caption\":\"Seminario Maggiore Arcivescovile - Chiesa di Trento\"}]}<\/script>\n<!-- \/ Yoast SEO Premium plugin. -->","yoast_head_json":{"title":"I futuri presbiteri del Triveneto - Seminario Maggiore Arcivescovile","description":"Tutti insieme frequentiamo i corsi \u201cpastorali\u201d","robots":{"index":"index","follow":"follow","max-snippet":"max-snippet:-1","max-image-preview":"max-image-preview:large","max-video-preview":"max-video-preview:-1"},"canonical":"https:\/\/www.diocesitn.it\/seminario\/2025\/05\/19\/i-futuri-presbiteri-del-triveneto\/","og_locale":"it_IT","og_type":"article","og_title":"I futuri presbiteri del Triveneto","og_description":"Tutti insieme frequentiamo i corsi \u201cpastorali\u201d","og_url":"https:\/\/www.diocesitn.it\/seminario\/2025\/05\/19\/i-futuri-presbiteri-del-triveneto\/","og_site_name":"Seminario Maggiore Arcivescovile","article_publisher":"https:\/\/www.facebook.com\/seminariotrento\/","article_published_time":"2025-05-19T09:19:04+00:00","article_modified_time":"2025-05-19T09:19:49+00:00","og_image":[{"width":2560,"height":1920,"url":"https:\/\/www.diocesitn.it\/seminario\/wp-content\/uploads\/sites\/41\/2025\/05\/Pag_6_FOTO_Corso_diaconi_Triveneto_CA2-scaled.jpg","type":"image\/jpeg"}],"author":"seminaristitrento","twitter_card":"summary_large_image","twitter_misc":{"Scritto da":"seminaristitrento","Tempo di lettura stimato":"2 minuti"},"schema":{"@context":"https:\/\/schema.org","@graph":[{"@type":"WebPage","@id":"https:\/\/www.diocesitn.it\/seminario\/2025\/05\/19\/i-futuri-presbiteri-del-triveneto\/","url":"https:\/\/www.diocesitn.it\/seminario\/2025\/05\/19\/i-futuri-presbiteri-del-triveneto\/","name":"I futuri presbiteri del Triveneto - Seminario Maggiore Arcivescovile","isPartOf":{"@id":"https:\/\/www.diocesitn.it\/seminario\/#website"},"primaryImageOfPage":{"@id":"https:\/\/www.diocesitn.it\/seminario\/2025\/05\/19\/i-futuri-presbiteri-del-triveneto\/#primaryimage"},"image":{"@id":"https:\/\/www.diocesitn.it\/seminario\/2025\/05\/19\/i-futuri-presbiteri-del-triveneto\/#primaryimage"},"thumbnailUrl":"https:\/\/www.diocesitn.it\/seminario\/wp-content\/uploads\/sites\/41\/2025\/05\/Pag_6_FOTO_Corso_diaconi_Triveneto_CA2-scaled.jpg","datePublished":"2025-05-19T09:19:04+00:00","dateModified":"2025-05-19T09:19:49+00:00","author":{"@id":"https:\/\/www.diocesitn.it\/seminario\/#\/schema\/person\/fe751b4cf044b25d6ad3f1991d9b6d54"},"description":"Tutti insieme frequentiamo i corsi \u201cpastorali\u201d","breadcrumb":{"@id":"https:\/\/www.diocesitn.it\/seminario\/2025\/05\/19\/i-futuri-presbiteri-del-triveneto\/#breadcrumb"},"inLanguage":"it-IT","potentialAction":[{"@type":"ReadAction","target":["https:\/\/www.diocesitn.it\/seminario\/2025\/05\/19\/i-futuri-presbiteri-del-triveneto\/"]}]},{"@type":"ImageObject","inLanguage":"it-IT","@id":"https:\/\/www.diocesitn.it\/seminario\/2025\/05\/19\/i-futuri-presbiteri-del-triveneto\/#primaryimage","url":"https:\/\/www.diocesitn.it\/seminario\/wp-content\/uploads\/sites\/41\/2025\/05\/Pag_6_FOTO_Corso_diaconi_Triveneto_CA2-scaled.jpg","contentUrl":"https:\/\/www.diocesitn.it\/seminario\/wp-content\/uploads\/sites\/41\/2025\/05\/Pag_6_FOTO_Corso_diaconi_Triveneto_CA2-scaled.jpg","width":2560,"height":1920},{"@type":"BreadcrumbList","@id":"https:\/\/www.diocesitn.it\/seminario\/2025\/05\/19\/i-futuri-presbiteri-del-triveneto\/#breadcrumb","itemListElement":[{"@type":"ListItem","position":1,"name":"Home","item":"https:\/\/www.diocesitn.it\/seminario\/"},{"@type":"ListItem","position":2,"name":"I futuri presbiteri del Triveneto"}]},{"@type":"WebSite","@id":"https:\/\/www.diocesitn.it\/seminario\/#website","url":"https:\/\/www.diocesitn.it\/seminario\/","name":"Seminario Maggiore Arcivescovile","description":"Chiesa di Trento","potentialAction":[{"@type":"SearchAction","target":{"@type":"EntryPoint","urlTemplate":"https:\/\/www.diocesitn.it\/seminario\/?s={search_term_string}"},"query-input":"required name=search_term_string"}],"inLanguage":"it-IT"},{"@type":"ImageObject","inLanguage":"it-IT","@id":"https:\/\/www.diocesitn.it\/seminario\/2025\/05\/19\/i-futuri-presbiteri-del-triveneto\/#local-main-organization-logo","url":"","contentUrl":"","caption":"Seminario Maggiore Arcivescovile - Chiesa di Trento"}]}},"_links":{"self":[{"href":"https:\/\/www.diocesitn.it\/seminario\/wp-json\/wp\/v2\/posts\/1086","targetHints":{"allow":["GET"]}}],"collection":[{"href":"https:\/\/www.diocesitn.it\/seminario\/wp-json\/wp\/v2\/posts"}],"about":[{"href":"https:\/\/www.diocesitn.it\/seminario\/wp-json\/wp\/v2\/types\/post"}],"author":[{"embeddable":true,"href":"https:\/\/www.diocesitn.it\/seminario\/wp-json\/wp\/v2\/users\/172"}],"replies":[{"embeddable":true,"href":"https:\/\/www.diocesitn.it\/seminario\/wp-json\/wp\/v2\/comments?post=1086"}],"version-history":[{"count":1,"href":"https:\/\/www.diocesitn.it\/seminario\/wp-json\/wp\/v2\/posts\/1086\/revisions"}],"predecessor-version":[{"id":1088,"href":"https:\/\/www.diocesitn.it\/seminario\/wp-json\/wp\/v2\/posts\/1086\/revisions\/1088"}],"wp:featuredmedia":[{"embeddable":true,"href":"https:\/\/www.diocesitn.it\/seminario\/wp-json\/wp\/v2\/media\/1087"}],"wp:attachment":[{"href":"https:\/\/www.diocesitn.it\/seminario\/wp-json\/wp\/v2\/media?parent=1086"}],"wp:term":[{"taxonomy":"category","embeddable":true,"href":"https:\/\/www.diocesitn.it\/seminario\/wp-json\/wp\/v2\/categories?post=1086"},{"taxonomy":"post_tag","embeddable":true,"href":"https:\/\/www.diocesitn.it\/seminario\/wp-json\/wp\/v2\/tags?post=1086"}],"curies":[{"name":"wp","href":"https:\/\/api.w.org\/{rel}","templated":true}]}}