{"id":1083,"date":"2025-05-19T11:13:48","date_gmt":"2025-05-19T09:13:48","guid":{"rendered":"https:\/\/www.diocesitn.it\/seminario\/?p=1083"},"modified":"2025-05-31T13:17:01","modified_gmt":"2025-05-31T11:17:01","slug":"il-bene-che-si-fa-rende-felici","status":"publish","type":"post","link":"https:\/\/www.diocesitn.it\/seminario\/2025\/05\/19\/il-bene-che-si-fa-rende-felici\/","title":{"rendered":"Il bene che si fa rende felici"},"content":{"rendered":"<p><span class=\"s2\">Dallo scorso ottobre il vescovo Renato ha scelto, per il servizio pastorale che ogni seminarista inizia dal secondo anno, di affidarmi a don Luciano e don Alvise<\/span><span class=\"s2\"> che curano le parrocchie<\/span> <span class=\"s2\">di Sospirolo, Gron e Mas-Peron<\/span><span class=\"s2\">. <\/span><span class=\"s2\">In questi primi mesi, ho potuto partecipare a molte attivit\u00e0 proposte da e tramite le parrocchie, <\/span><span class=\"s2\">che da <\/span><span class=\"s2\">qualche tempo<\/span><span class=\"s2\"> collaborano assieme, <\/span><span class=\"s2\">e tra esse la visita agli anziani.<\/span><\/p>\n<p><span class=\"s2\">Da <\/span><span class=\"s2\">alcuni<\/span><span class=\"s2\"> anni<\/span><span class=\"s2\"> ormai<\/span><span class=\"s2\">, il gruppo che si occupava di questo<\/span><span class=\"s2\"> servizio si \u00e8 rinnovato e rinforzato e soprattutto \u00e8 stato ufficializzato: non si tratta quindi di singoli volontari che vanno a trovare alcuni anziani di propria conoscenza, ma \u00e8 la Comunit\u00e0 che entra nelle case di chi non riesce pi\u00f9 a venire in chiesa, per mezzo della disponibilit\u00e0 delle ministre straordinarie della comunione.<\/span><\/p>\n<p><span class=\"s2\">Il venerd\u00ec mattina il gruppo delle ministre si raduna in chiesa a Gron, la centrale tra le parrocchie e <\/span><span class=\"s2\">dopo una preghiera, <\/span><span class=\"s2\">si divide in gruppetti pi\u00f9 piccoli da due o tre persone per raggiungere nella stessa mattinata pi\u00f9 persone<\/span><span class=\"s2\"> possibili<\/span><span class=\"s2\">, in modo che in circa due mesi si riesca a fare il giro di tutti gli anziani delle parrocchie. La primissima visita in una casa viene fatta col parroco, ma poi anche lui gira con le ministre, anche perch\u00e9 alcuni<\/span> <span class=\"s2\">chiedono l\u2019unzione degli infer<\/span><span class=\"s2\">mi o la benedizione della casa. Per riuscire a non dimenticare nessuno \u00e8 stata stilata una lista, che muta in continuazione, sia perch\u00e9 qualcuno viene a mancare, sia perch\u00e9 il <\/span><span class=\"s3\">passaparola <\/span><span class=\"s2\">riesce a portare questa iniziativa agli orecchi di altre persone che desiderano ricevere una visita. Non tutti chiedono la comunione, non tutti hanno sempre piacere di recitare una preghiera, ma a tutti viene portato un grande dono.<\/span><\/p>\n<p><span class=\"s2\">Molte persone vivono sole in casa, fanno fatica a muoversi e spesso purtroppo non vedono mai nessuno, quindi<\/span><span class=\"s2\">,<\/span><span class=\"s2\"> ricevere una visita \u00e8 forse la cosa che desiderano di pi\u00f9. Ci\u00f2 che appare evidente \u00e8 la voglia di raccontare, di incontrare qualcuno che sia disposto a spendere del tempo con loro per ascoltarli e portare qualche novit\u00e0, per restare aggiornati sulla vita della propria comunit\u00e0. Chi <\/span><span class=\"s2\">fa loro<\/span><span class=\"s2\"> visita racconta che \u00e8 una grande gioia sentir<\/span><span class=\"s2\">li<\/span><span class=\"s2\"> condividere le <\/span><span class=\"s2\">proprie <\/span><span class=\"s2\">storie<\/span><span class=\"s2\">, perch\u00e9 sono ricch<\/span><span class=\"s2\">e<\/span><span class=\"s2\"> di un\u2019emozione contagiosa, trasmessa anche da<\/span> <span class=\"s2\">gesti e da come i loro occhi si illuminano. C\u2019\u00e8 chi, infatti, <\/span><span class=\"s2\">\u00e8 costretto a letto per la sua salute, ma nell\u2019udire e raccontare alcuni fatti del passato, anche pochi giorni prima di lasciare questo mondo, ha ritrova<\/span><span class=\"s2\">to <\/span><span class=\"s2\">una felicit\u00e0 inaspettata.<\/span><\/p>\n<p><span class=\"s2\">Non si hanno sempre le parole giuste, soprattutto davanti a quelle malattie che giorno dopo giorno divorano le persone a noi care, o che ci ricordano qualcuno a cui eravamo molto affezionati. Ma non \u00e8 questo che viene richiesto. Non sono forse i momenti pi\u00f9 adatti per grandi discorsi, ma a volte si arriva al punto in cui non si pu\u00f2 far altro che tenere per mano una vita che pian piano ci sta lasciando<\/span><span class=\"s2\">, e per quanto possa sembrare assurdo, questo d\u00e0 una carica di fede incredibile.<\/span><\/p>\n<p><span class=\"s2\">Una testimonianza forte \u00e8 di un\u2019anziana di 96 anni che ha detto: \u00abnon sono pi\u00f9 capace di pregare, confondo il Padre Nostro con l\u2019Ave Maria, allora mi abbandono a Dio e gli dico: \u00ab<\/span><em><span class=\"s3\">Signor, rencureme<\/span><\/em><span class=\"s2\"><em>!<\/em>\u00bb <\/span><span class=\"s2\">(<\/span><span class=\"s3\">Recuperami<\/span><span class=\"s2\">). <\/span><span class=\"s2\">Chi l\u2019ha ascoltata porta ancora nel cuore questa preghiera semplice ma forte, breve ma dal significato molto profondo, detta in dialetto, come la pi\u00f9 amorevole delle frasi che si sciolgono in famiglia, come quando <\/span><span class=\"s2\">ci si rivolge al proprio padre o alla propria madre.<\/span><\/p>\n<p><span class=\"s2\">Da queste visite nasce un rapporto, un\u2019amicizia che diventa fonte di vita tra gli anziani e le signore che vanno a trovarli, <\/span><span class=\"s2\">tanto che a volte sono le ministre <\/span><span class=\"s2\">stesse <\/span><span class=\"s2\">a ricevere delle loro telefonate, sentendosi ricambiate delle attenzioni che hanno saputo donare<\/span><span class=\"s2\">, come quella di ricordare i loro compleanni. Cos\u00ec si conclude la mattinata del venerd\u00ec, di nuovo in chiesa<\/span><span class=\"s2\">, <\/span><span class=\"s2\">dove le ministre <\/span><span class=\"s2\">si <\/span><span class=\"s2\">aspettano per <\/span><span class=\"s2\">condividere e trasformare in preghiera il tesoro che<\/span><span class=\"s2\">hanno ricevuto e che ha <\/span><span class=\"s2\">moviment<\/span><span class=\"s2\">ato il loro sentirsi Chiesa.<\/span><\/p>\n<p>Andrea Nicolao<\/p>\n<p><span class=\"s3\">In foto: Lucia, Bianca, Paola, Anna, Mirella, Liviana e Caterina.<\/span><\/p>\n<p><img loading=\"lazy\" decoding=\"async\" class=\"alignnone size-medium wp-image-1073\" src=\"https:\/\/www.diocesitn.it\/seminario\/wp-content\/uploads\/sites\/41\/2025\/05\/Pag_4_FOTO_il_bene_che_si_fa_rende_felici_CA2-212x300.jpg\" alt=\"\" width=\"212\" height=\"300\" srcset=\"https:\/\/www.diocesitn.it\/seminario\/wp-content\/uploads\/sites\/41\/2025\/05\/Pag_4_FOTO_il_bene_che_si_fa_rende_felici_CA2-212x300.jpg 212w, https:\/\/www.diocesitn.it\/seminario\/wp-content\/uploads\/sites\/41\/2025\/05\/Pag_4_FOTO_il_bene_che_si_fa_rende_felici_CA2-724x1024.jpg 724w, https:\/\/www.diocesitn.it\/seminario\/wp-content\/uploads\/sites\/41\/2025\/05\/Pag_4_FOTO_il_bene_che_si_fa_rende_felici_CA2-768x1086.jpg 768w, https:\/\/www.diocesitn.it\/seminario\/wp-content\/uploads\/sites\/41\/2025\/05\/Pag_4_FOTO_il_bene_che_si_fa_rende_felici_CA2-198x280.jpg 198w, https:\/\/www.diocesitn.it\/seminario\/wp-content\/uploads\/sites\/41\/2025\/05\/Pag_4_FOTO_il_bene_che_si_fa_rende_felici_CA2-543x768.jpg 543w, https:\/\/www.diocesitn.it\/seminario\/wp-content\/uploads\/sites\/41\/2025\/05\/Pag_4_FOTO_il_bene_che_si_fa_rende_felici_CA2-1086x1536.jpg 1086w, https:\/\/www.diocesitn.it\/seminario\/wp-content\/uploads\/sites\/41\/2025\/05\/Pag_4_FOTO_il_bene_che_si_fa_rende_felici_CA2-800x1131.jpg 800w, https:\/\/www.diocesitn.it\/seminario\/wp-content\/uploads\/sites\/41\/2025\/05\/Pag_4_FOTO_il_bene_che_si_fa_rende_felici_CA2.jpg 1190w\" sizes=\"auto, (max-width: 212px) 100vw, 212px\" \/><\/p>\n","protected":false},"excerpt":{"rendered":"<p>Dallo scorso ottobre il vescovo Renato ha scelto, per il servizio pastorale che ogni seminarista inizia dal secondo anno, di affidarmi a don Luciano e don Alvise che curano le parrocchie di Sospirolo, Gron e<\/p>\n","protected":false},"author":172,"featured_media":1074,"comment_status":"closed","ping_status":"closed","sticky":false,"template":"","format":"standard","meta":{"footnotes":""},"categories":[176],"tags":[],"class_list":["post-1083","post","type-post","status-publish","format-standard","has-post-thumbnail","hentry","category-notizie"],"acf":{"seed-localization-paese-cod":"IT","seed-localization-address":"","seed-localization-citta":"Trento","seed-localization-regione-cod-istat":"04","seed-localization-citta-cod-istat":"022205","seed-localization-localita":"","seed-localization-cap":"","seed-localization-marker-visibility":false,"seed-localization-children-visibility":false,"seed-localization-kml":"","seed-localization-custom-marker":""},"yoast_head":"<!-- This site is optimized with the Yoast SEO Premium plugin v20.2.1 (Yoast SEO v22.2) - https:\/\/yoast.com\/wordpress\/plugins\/seo\/ -->\n<title>Il bene che si fa rende felici - Seminario Maggiore Arcivescovile<\/title>\n<meta name=\"description\" content=\"Un seminarista bellunese racconta il suo servizio in parrocchia\" \/>\n<meta name=\"robots\" content=\"index, follow, max-snippet:-1, max-image-preview:large, max-video-preview:-1\" \/>\n<link rel=\"canonical\" href=\"https:\/\/www.diocesitn.it\/seminario\/2025\/05\/19\/il-bene-che-si-fa-rende-felici\/\" \/>\n<meta property=\"og:locale\" content=\"it_IT\" \/>\n<meta property=\"og:type\" content=\"article\" \/>\n<meta property=\"og:title\" content=\"Il bene che si fa rende felici\" \/>\n<meta property=\"og:description\" content=\"Un seminarista bellunese racconta il suo servizio in parrocchia\" \/>\n<meta property=\"og:url\" content=\"https:\/\/www.diocesitn.it\/seminario\/2025\/05\/19\/il-bene-che-si-fa-rende-felici\/\" \/>\n<meta property=\"og:site_name\" content=\"Seminario Maggiore Arcivescovile\" \/>\n<meta property=\"article:publisher\" content=\"https:\/\/www.facebook.com\/seminariotrento\/\" \/>\n<meta property=\"article:published_time\" content=\"2025-05-19T09:13:48+00:00\" \/>\n<meta property=\"article:modified_time\" content=\"2025-05-31T11:17:01+00:00\" \/>\n<meta property=\"og:image\" content=\"https:\/\/www.diocesitn.it\/seminario\/wp-content\/uploads\/sites\/41\/2025\/05\/Pag_4_FOTO4_il_bene_che_si_fa_rende_felici_CA2-scaled.jpg\" \/>\n\t<meta property=\"og:image:width\" content=\"2560\" \/>\n\t<meta property=\"og:image:height\" content=\"1183\" \/>\n\t<meta property=\"og:image:type\" content=\"image\/jpeg\" \/>\n<meta name=\"author\" content=\"seminaristitrento\" \/>\n<meta name=\"twitter:card\" content=\"summary_large_image\" \/>\n<meta name=\"twitter:label1\" content=\"Scritto da\" \/>\n\t<meta name=\"twitter:data1\" content=\"seminaristitrento\" \/>\n\t<meta name=\"twitter:label2\" content=\"Tempo di lettura stimato\" \/>\n\t<meta name=\"twitter:data2\" content=\"5 minuti\" \/>\n<script type=\"application\/ld+json\" class=\"yoast-schema-graph\">{\"@context\":\"https:\/\/schema.org\",\"@graph\":[{\"@type\":\"WebPage\",\"@id\":\"https:\/\/www.diocesitn.it\/seminario\/2025\/05\/19\/il-bene-che-si-fa-rende-felici\/\",\"url\":\"https:\/\/www.diocesitn.it\/seminario\/2025\/05\/19\/il-bene-che-si-fa-rende-felici\/\",\"name\":\"Il bene che si fa rende felici - Seminario Maggiore Arcivescovile\",\"isPartOf\":{\"@id\":\"https:\/\/www.diocesitn.it\/seminario\/#website\"},\"primaryImageOfPage\":{\"@id\":\"https:\/\/www.diocesitn.it\/seminario\/2025\/05\/19\/il-bene-che-si-fa-rende-felici\/#primaryimage\"},\"image\":{\"@id\":\"https:\/\/www.diocesitn.it\/seminario\/2025\/05\/19\/il-bene-che-si-fa-rende-felici\/#primaryimage\"},\"thumbnailUrl\":\"https:\/\/www.diocesitn.it\/seminario\/wp-content\/uploads\/sites\/41\/2025\/05\/Pag_4_FOTO4_il_bene_che_si_fa_rende_felici_CA2-scaled.jpg\",\"datePublished\":\"2025-05-19T09:13:48+00:00\",\"dateModified\":\"2025-05-31T11:17:01+00:00\",\"author\":{\"@id\":\"https:\/\/www.diocesitn.it\/seminario\/#\/schema\/person\/fe751b4cf044b25d6ad3f1991d9b6d54\"},\"description\":\"Un seminarista bellunese racconta il suo servizio in parrocchia\",\"breadcrumb\":{\"@id\":\"https:\/\/www.diocesitn.it\/seminario\/2025\/05\/19\/il-bene-che-si-fa-rende-felici\/#breadcrumb\"},\"inLanguage\":\"it-IT\",\"potentialAction\":[{\"@type\":\"ReadAction\",\"target\":[\"https:\/\/www.diocesitn.it\/seminario\/2025\/05\/19\/il-bene-che-si-fa-rende-felici\/\"]}]},{\"@type\":\"ImageObject\",\"inLanguage\":\"it-IT\",\"@id\":\"https:\/\/www.diocesitn.it\/seminario\/2025\/05\/19\/il-bene-che-si-fa-rende-felici\/#primaryimage\",\"url\":\"https:\/\/www.diocesitn.it\/seminario\/wp-content\/uploads\/sites\/41\/2025\/05\/Pag_4_FOTO4_il_bene_che_si_fa_rende_felici_CA2-scaled.jpg\",\"contentUrl\":\"https:\/\/www.diocesitn.it\/seminario\/wp-content\/uploads\/sites\/41\/2025\/05\/Pag_4_FOTO4_il_bene_che_si_fa_rende_felici_CA2-scaled.jpg\",\"width\":2560,\"height\":1183},{\"@type\":\"BreadcrumbList\",\"@id\":\"https:\/\/www.diocesitn.it\/seminario\/2025\/05\/19\/il-bene-che-si-fa-rende-felici\/#breadcrumb\",\"itemListElement\":[{\"@type\":\"ListItem\",\"position\":1,\"name\":\"Home\",\"item\":\"https:\/\/www.diocesitn.it\/seminario\/\"},{\"@type\":\"ListItem\",\"position\":2,\"name\":\"Il bene che si fa rende felici\"}]},{\"@type\":\"WebSite\",\"@id\":\"https:\/\/www.diocesitn.it\/seminario\/#website\",\"url\":\"https:\/\/www.diocesitn.it\/seminario\/\",\"name\":\"Seminario Maggiore Arcivescovile\",\"description\":\"Chiesa di Trento\",\"potentialAction\":[{\"@type\":\"SearchAction\",\"target\":{\"@type\":\"EntryPoint\",\"urlTemplate\":\"https:\/\/www.diocesitn.it\/seminario\/?s={search_term_string}\"},\"query-input\":\"required name=search_term_string\"}],\"inLanguage\":\"it-IT\"},{\"@type\":\"ImageObject\",\"inLanguage\":\"it-IT\",\"@id\":\"https:\/\/www.diocesitn.it\/seminario\/2025\/05\/19\/il-bene-che-si-fa-rende-felici\/#local-main-organization-logo\",\"url\":\"\",\"contentUrl\":\"\",\"caption\":\"Seminario Maggiore Arcivescovile - Chiesa di Trento\"}]}<\/script>\n<!-- \/ Yoast SEO Premium plugin. -->","yoast_head_json":{"title":"Il bene che si fa rende felici - Seminario Maggiore Arcivescovile","description":"Un seminarista bellunese racconta il suo servizio in parrocchia","robots":{"index":"index","follow":"follow","max-snippet":"max-snippet:-1","max-image-preview":"max-image-preview:large","max-video-preview":"max-video-preview:-1"},"canonical":"https:\/\/www.diocesitn.it\/seminario\/2025\/05\/19\/il-bene-che-si-fa-rende-felici\/","og_locale":"it_IT","og_type":"article","og_title":"Il bene che si fa rende felici","og_description":"Un seminarista bellunese racconta il suo servizio in parrocchia","og_url":"https:\/\/www.diocesitn.it\/seminario\/2025\/05\/19\/il-bene-che-si-fa-rende-felici\/","og_site_name":"Seminario Maggiore Arcivescovile","article_publisher":"https:\/\/www.facebook.com\/seminariotrento\/","article_published_time":"2025-05-19T09:13:48+00:00","article_modified_time":"2025-05-31T11:17:01+00:00","og_image":[{"width":2560,"height":1183,"url":"https:\/\/www.diocesitn.it\/seminario\/wp-content\/uploads\/sites\/41\/2025\/05\/Pag_4_FOTO4_il_bene_che_si_fa_rende_felici_CA2-scaled.jpg","type":"image\/jpeg"}],"author":"seminaristitrento","twitter_card":"summary_large_image","twitter_misc":{"Scritto da":"seminaristitrento","Tempo di lettura stimato":"5 minuti"},"schema":{"@context":"https:\/\/schema.org","@graph":[{"@type":"WebPage","@id":"https:\/\/www.diocesitn.it\/seminario\/2025\/05\/19\/il-bene-che-si-fa-rende-felici\/","url":"https:\/\/www.diocesitn.it\/seminario\/2025\/05\/19\/il-bene-che-si-fa-rende-felici\/","name":"Il bene che si fa rende felici - Seminario Maggiore Arcivescovile","isPartOf":{"@id":"https:\/\/www.diocesitn.it\/seminario\/#website"},"primaryImageOfPage":{"@id":"https:\/\/www.diocesitn.it\/seminario\/2025\/05\/19\/il-bene-che-si-fa-rende-felici\/#primaryimage"},"image":{"@id":"https:\/\/www.diocesitn.it\/seminario\/2025\/05\/19\/il-bene-che-si-fa-rende-felici\/#primaryimage"},"thumbnailUrl":"https:\/\/www.diocesitn.it\/seminario\/wp-content\/uploads\/sites\/41\/2025\/05\/Pag_4_FOTO4_il_bene_che_si_fa_rende_felici_CA2-scaled.jpg","datePublished":"2025-05-19T09:13:48+00:00","dateModified":"2025-05-31T11:17:01+00:00","author":{"@id":"https:\/\/www.diocesitn.it\/seminario\/#\/schema\/person\/fe751b4cf044b25d6ad3f1991d9b6d54"},"description":"Un seminarista bellunese racconta il suo servizio in parrocchia","breadcrumb":{"@id":"https:\/\/www.diocesitn.it\/seminario\/2025\/05\/19\/il-bene-che-si-fa-rende-felici\/#breadcrumb"},"inLanguage":"it-IT","potentialAction":[{"@type":"ReadAction","target":["https:\/\/www.diocesitn.it\/seminario\/2025\/05\/19\/il-bene-che-si-fa-rende-felici\/"]}]},{"@type":"ImageObject","inLanguage":"it-IT","@id":"https:\/\/www.diocesitn.it\/seminario\/2025\/05\/19\/il-bene-che-si-fa-rende-felici\/#primaryimage","url":"https:\/\/www.diocesitn.it\/seminario\/wp-content\/uploads\/sites\/41\/2025\/05\/Pag_4_FOTO4_il_bene_che_si_fa_rende_felici_CA2-scaled.jpg","contentUrl":"https:\/\/www.diocesitn.it\/seminario\/wp-content\/uploads\/sites\/41\/2025\/05\/Pag_4_FOTO4_il_bene_che_si_fa_rende_felici_CA2-scaled.jpg","width":2560,"height":1183},{"@type":"BreadcrumbList","@id":"https:\/\/www.diocesitn.it\/seminario\/2025\/05\/19\/il-bene-che-si-fa-rende-felici\/#breadcrumb","itemListElement":[{"@type":"ListItem","position":1,"name":"Home","item":"https:\/\/www.diocesitn.it\/seminario\/"},{"@type":"ListItem","position":2,"name":"Il bene che si fa rende felici"}]},{"@type":"WebSite","@id":"https:\/\/www.diocesitn.it\/seminario\/#website","url":"https:\/\/www.diocesitn.it\/seminario\/","name":"Seminario Maggiore Arcivescovile","description":"Chiesa di Trento","potentialAction":[{"@type":"SearchAction","target":{"@type":"EntryPoint","urlTemplate":"https:\/\/www.diocesitn.it\/seminario\/?s={search_term_string}"},"query-input":"required name=search_term_string"}],"inLanguage":"it-IT"},{"@type":"ImageObject","inLanguage":"it-IT","@id":"https:\/\/www.diocesitn.it\/seminario\/2025\/05\/19\/il-bene-che-si-fa-rende-felici\/#local-main-organization-logo","url":"","contentUrl":"","caption":"Seminario Maggiore Arcivescovile - Chiesa di Trento"}]}},"_links":{"self":[{"href":"https:\/\/www.diocesitn.it\/seminario\/wp-json\/wp\/v2\/posts\/1083","targetHints":{"allow":["GET"]}}],"collection":[{"href":"https:\/\/www.diocesitn.it\/seminario\/wp-json\/wp\/v2\/posts"}],"about":[{"href":"https:\/\/www.diocesitn.it\/seminario\/wp-json\/wp\/v2\/types\/post"}],"author":[{"embeddable":true,"href":"https:\/\/www.diocesitn.it\/seminario\/wp-json\/wp\/v2\/users\/172"}],"replies":[{"embeddable":true,"href":"https:\/\/www.diocesitn.it\/seminario\/wp-json\/wp\/v2\/comments?post=1083"}],"version-history":[{"count":3,"href":"https:\/\/www.diocesitn.it\/seminario\/wp-json\/wp\/v2\/posts\/1083\/revisions"}],"predecessor-version":[{"id":1112,"href":"https:\/\/www.diocesitn.it\/seminario\/wp-json\/wp\/v2\/posts\/1083\/revisions\/1112"}],"wp:featuredmedia":[{"embeddable":true,"href":"https:\/\/www.diocesitn.it\/seminario\/wp-json\/wp\/v2\/media\/1074"}],"wp:attachment":[{"href":"https:\/\/www.diocesitn.it\/seminario\/wp-json\/wp\/v2\/media?parent=1083"}],"wp:term":[{"taxonomy":"category","embeddable":true,"href":"https:\/\/www.diocesitn.it\/seminario\/wp-json\/wp\/v2\/categories?post=1083"},{"taxonomy":"post_tag","embeddable":true,"href":"https:\/\/www.diocesitn.it\/seminario\/wp-json\/wp\/v2\/tags?post=1083"}],"curies":[{"name":"wp","href":"https:\/\/api.w.org\/{rel}","templated":true}]}}