{"id":1081,"date":"2025-05-19T11:10:09","date_gmt":"2025-05-19T09:10:09","guid":{"rendered":"https:\/\/www.diocesitn.it\/seminario\/?p=1081"},"modified":"2025-05-19T11:10:09","modified_gmt":"2025-05-19T09:10:09","slug":"alla-casa-delle-vocazioni","status":"publish","type":"post","link":"https:\/\/www.diocesitn.it\/seminario\/2025\/05\/19\/alla-casa-delle-vocazioni\/","title":{"rendered":"Alla Casa delle Vocazioni"},"content":{"rendered":"<p class=\"s4\"><span class=\"s2\">Un tempo e un luogo per prenderti cura di te e delle tue scelte importanti: <\/span><span class=\"s3\">\u201c<em>Beato l\u2019uomo che trova in Te il suo rifugio e ha le Tue vie nel suo cuore<\/em>\u201d (dal Sal 84).<\/span><span class=\"s2\">\u00a0<\/span><\/p>\n<p><span class=\"s2\">Nell\u2019autunno 2021 ha preso avvio nella <\/span><span class=\"s2\">nostra<\/span><span class=\"s2\"> diocesi di Trento l\u2019esperienza della \u201c<\/span><span class=\"s5\">CASA VOCAZIONALE<\/span><span class=\"s2\">\u201d: un luogo e un tempo regalato a<\/span><span class=\"s2\">i<\/span><span class=\"s2\"> giovani in ricerca della propria strada, che chiedono di essere accompagnati e aiutati a compiere un cammino di discernimento per comprendere e orientare la propria vita in termini vocazionali.<\/span><\/p>\n<p><span class=\"s2\">3<\/span><span class=\"s2\"> giovani, che stanno vivendo qui, ne parlano cos\u00ec:<\/span><\/p>\n<p><span class=\"s2\">La Casa delle Vocazioni \u00e8 un&#8217;opportunit\u00e0 di crescita personale. Permette di mettersi in confronto con le altre persone che la vivono ma anche di fare un percorso introspettivo. Offre dei momenti riflessivi, senza per\u00f2 abbandonare i propri impegni giornalieri. \u00c8 anche un&#8217;occasione per indagare e alimentare la propria Fede e per coglierla da diversi punti di vista, personali e comunitari. La lettura quotidiana del Vangelo offre degli ottimi spunti per la vita di tutti i giorni. Una particolarit\u00e0 della Casa \u00e8 sicuramente che la crescita individuale \u00e8 sempre accompagnata dalla crescita <\/span><span class=\"s2\">della<\/span><span class=\"s2\"> comunit\u00e0.<\/span><\/p>\n<p><span class=\"s2\">Qui c\u2019\u00e8 quel senso di accoglienza, di apertura nel dialogo, di tranquillit\u00e0, di pace&#8230; che da cinque anni di varie convivenze non mi era mai capitato, ma che ho sempre sperato di trovare. Tornare a casa e sapere che ci sono vite umane pronte ad ascoltarti, a discutere insieme nei momenti conviviali dei pasti non penso sia una cosa scontata. Si cerca tutti secondo le nostre possibilit\u00e0 di essere accoglienti nei confronti dell\u2019altro, delle persone che vengono in casa, di quelle che hanno bisogno di aiuto, che hanno idee diverse <\/span><span class=\"s2\">da ognuno<\/span><span class=\"s2\"> di noi. Si accolgono le diversit\u00e0 e se ne fa <\/span><span class=\"s2\">motivo di<\/span><span class=\"s2\"> arricchimento, si dialoga e si tende a metterci in discussione seguendo la parola del Vangelo. Tutti noi siamo importanti, nella stessa misura con le nostre autenticit\u00e0. <\/span><span class=\"s2\">C\u2019\u00e8 un impegno comune di attenzione all\u2019umanit\u00e0 concreta.<\/span><span class=\"s2\"> Si sta in ascolto e si prova anche con difficolt\u00e0 ad abbattere barriere mentali che noi stessi o la societ\u00e0 ci mette nella testa. Insomma, si prova a non fermarci a noi stessi ma ad andare oltre.<\/span><\/p>\n<p><span class=\"s2\">Ricercare \u00e8 il verbo che pulsa nel cuore della mia esperienza alla Casa Vocazionale. Come un esploratore che avanza in territori sconosciuti, ogni giorno muovo passi incerti ma determinati sul sentiero della scoperta di me <\/span><span class=\"s2\">stesso<\/span><span class=\"s2\"> e della mia vocazione. Qui, le diverse esperienze di servizio tessono il mosaico della mia chiamata: dalle visite ai malati del San Camillo, dove imparo il linguaggio <\/span><span class=\"s2\">silenzioso<\/span><span class=\"s2\"> della compassione, all&#8217;aiuto compiti per i bambini a Cristo Re, che mi insegnano la pazienza e la gioia della condivisione. Nel gruppo Avocado, accompagno gli adolescenti nell&#8217;incontro con Ges\u00f9, ritrovando nelle loro domande il riflesso delle mie <\/span><span class=\"s2\">inquietudini<\/span><span class=\"s2\">, mentre le visite agli anziani nelle case di riposo mi offrono la saggezza che solo il tempo pu\u00f2 distillare.<\/span><\/p>\n<p><span class=\"s2\">La Casa Vocazionale \u00e8 il laboratorio dove questa ricerca prende forma e sostanza. Le preghiere condivise scandiscono il ritmo delle giornate, creando uno spazio sacro dove il silenzio parla e l&#8217;ascolto diventa preghiera. La vita comunitaria, con le sue tensioni e armonie, \u00e8 una continua scoperta dell&#8217;altro e, attraverso l&#8217;altro, di parti di me ancora sconosciute. I pranzi e le cene si trasformano in cenacoli di condivisione quando gli ospiti che si avvicendano alla nostra tavola portano mappe diverse di esistenze vissute, apparecchiando la tavola con storie che nutrono pi\u00f9 del cibo stesso. In questo intreccio di relazioni ed esperienze, il mio percorso universitario non viene accantonato ma arricchito, <\/span><span class=\"s2\">come un fiume che, incontrando affluenti, diventa pi\u00f9 profondo e potente.<\/span><\/p>\n<p><span class=\"s2\">La Casa Vocazionale non offre risposte preconfezionate ma spazi aperti dove le domande possono respirare, crescere e trasformarsi. \u00c8 un luogo che rispetta i tempi della ricerca, che accoglie i dubbi come compagni necessari del cammino, che celebra le piccole scoperte quotidiane come tappe di un viaggio pi\u00f9 grande.<\/span><\/p>\n<p><span class=\"s2\">La Casa Vocazionale \u00e8 come un giardino che riconosce e coltiva ogni pianta secondo la sua natura: qui le mie potenzialit\u00e0 trovano terreno fertile, permettendomi di crescere e fiorire in ogni dimensione della mia vita, in un&#8217;armonia tra mente, cuore e spirito che mai avrei immaginato possibile. <\/span><span class=\"s2\">Infatti<\/span><span class=\"s2\"> \u00e8 proprio in questo spazio privilegiato che la mia ricerca vocazionale si dispiega come una mappa in continua evoluzione, dove ogni incontro, ogni servizio, ogni preghiera aggiunge dettagli a un disegno che, pur restando incompiuto, rivela giorno dopo giorno la sua bellezza e il suo significato.<\/span><\/p>\n<p>&nbsp;<\/p>\n<p><span class=\"s2\">Don Duccio, Alessio, Matteo e Raffaele<\/span><\/p>\n<p><img loading=\"lazy\" decoding=\"async\" class=\"alignnone size-medium wp-image-1075\" src=\"https:\/\/www.diocesitn.it\/seminario\/wp-content\/uploads\/sites\/41\/2025\/05\/Ca_Voc_6-300x225.jpg\" alt=\"\" width=\"300\" height=\"225\" srcset=\"https:\/\/www.diocesitn.it\/seminario\/wp-content\/uploads\/sites\/41\/2025\/05\/Ca_Voc_6-300x225.jpg 300w, https:\/\/www.diocesitn.it\/seminario\/wp-content\/uploads\/sites\/41\/2025\/05\/Ca_Voc_6-1024x768.jpg 1024w, https:\/\/www.diocesitn.it\/seminario\/wp-content\/uploads\/sites\/41\/2025\/05\/Ca_Voc_6-768x576.jpg 768w, https:\/\/www.diocesitn.it\/seminario\/wp-content\/uploads\/sites\/41\/2025\/05\/Ca_Voc_6-360x270.jpg 360w, https:\/\/www.diocesitn.it\/seminario\/wp-content\/uploads\/sites\/41\/2025\/05\/Ca_Voc_6-1536x1152.jpg 1536w, https:\/\/www.diocesitn.it\/seminario\/wp-content\/uploads\/sites\/41\/2025\/05\/Ca_Voc_6-800x600.jpg 800w, https:\/\/www.diocesitn.it\/seminario\/wp-content\/uploads\/sites\/41\/2025\/05\/Ca_Voc_6-1200x900.jpg 1200w, https:\/\/www.diocesitn.it\/seminario\/wp-content\/uploads\/sites\/41\/2025\/05\/Ca_Voc_6.jpg 1600w\" sizes=\"auto, (max-width: 300px) 100vw, 300px\" \/><\/p>\n","protected":false},"excerpt":{"rendered":"<p>Un tempo e un luogo per prenderti cura di te e delle tue scelte importanti: \u201cBeato l\u2019uomo che trova in Te il suo rifugio e ha le Tue vie nel suo cuore\u201d (dal Sal 84).\u00a0<\/p>\n","protected":false},"author":172,"featured_media":1077,"comment_status":"closed","ping_status":"closed","sticky":false,"template":"","format":"standard","meta":{"footnotes":""},"categories":[176],"tags":[],"class_list":["post-1081","post","type-post","status-publish","format-standard","has-post-thumbnail","hentry","category-notizie"],"acf":{"seed-localization-paese-cod":"IT","seed-localization-address":"","seed-localization-citta":"Trento","seed-localization-regione-cod-istat":"04","seed-localization-citta-cod-istat":"022205","seed-localization-localita":"","seed-localization-cap":"","seed-localization-marker-visibility":false,"seed-localization-children-visibility":false,"seed-localization-kml":"","seed-localization-custom-marker":""},"yoast_head":"<!-- This site is optimized with the Yoast SEO Premium plugin v20.2.1 (Yoast SEO v22.2) - https:\/\/yoast.com\/wordpress\/plugins\/seo\/ -->\n<title>Alla Casa delle Vocazioni - Seminario Maggiore Arcivescovile<\/title>\n<meta name=\"description\" content=\"Un tempo e uno spazio donati ai giovani per orientare la propria vita\" \/>\n<meta name=\"robots\" content=\"index, follow, max-snippet:-1, max-image-preview:large, max-video-preview:-1\" \/>\n<link rel=\"canonical\" href=\"https:\/\/www.diocesitn.it\/seminario\/2025\/05\/19\/alla-casa-delle-vocazioni\/\" \/>\n<meta property=\"og:locale\" content=\"it_IT\" \/>\n<meta property=\"og:type\" content=\"article\" \/>\n<meta property=\"og:title\" content=\"Alla Casa delle Vocazioni\" \/>\n<meta property=\"og:description\" content=\"Un tempo e uno spazio donati ai giovani per orientare la propria vita\" \/>\n<meta property=\"og:url\" content=\"https:\/\/www.diocesitn.it\/seminario\/2025\/05\/19\/alla-casa-delle-vocazioni\/\" \/>\n<meta property=\"og:site_name\" content=\"Seminario Maggiore Arcivescovile\" \/>\n<meta property=\"article:publisher\" content=\"https:\/\/www.facebook.com\/seminariotrento\/\" \/>\n<meta property=\"article:published_time\" content=\"2025-05-19T09:10:09+00:00\" \/>\n<meta property=\"og:image\" content=\"https:\/\/www.diocesitn.it\/seminario\/wp-content\/uploads\/sites\/41\/2025\/05\/Ca_Voc_5.jpg\" \/>\n\t<meta property=\"og:image:width\" content=\"1920\" \/>\n\t<meta property=\"og:image:height\" content=\"1440\" \/>\n\t<meta property=\"og:image:type\" content=\"image\/jpeg\" \/>\n<meta name=\"author\" content=\"seminaristitrento\" \/>\n<meta name=\"twitter:card\" content=\"summary_large_image\" \/>\n<meta name=\"twitter:label1\" content=\"Scritto da\" \/>\n\t<meta name=\"twitter:data1\" content=\"seminaristitrento\" \/>\n\t<meta name=\"twitter:label2\" content=\"Tempo di lettura stimato\" \/>\n\t<meta name=\"twitter:data2\" content=\"5 minuti\" \/>\n<script type=\"application\/ld+json\" class=\"yoast-schema-graph\">{\"@context\":\"https:\/\/schema.org\",\"@graph\":[{\"@type\":\"WebPage\",\"@id\":\"https:\/\/www.diocesitn.it\/seminario\/2025\/05\/19\/alla-casa-delle-vocazioni\/\",\"url\":\"https:\/\/www.diocesitn.it\/seminario\/2025\/05\/19\/alla-casa-delle-vocazioni\/\",\"name\":\"Alla Casa delle Vocazioni - Seminario Maggiore Arcivescovile\",\"isPartOf\":{\"@id\":\"https:\/\/www.diocesitn.it\/seminario\/#website\"},\"primaryImageOfPage\":{\"@id\":\"https:\/\/www.diocesitn.it\/seminario\/2025\/05\/19\/alla-casa-delle-vocazioni\/#primaryimage\"},\"image\":{\"@id\":\"https:\/\/www.diocesitn.it\/seminario\/2025\/05\/19\/alla-casa-delle-vocazioni\/#primaryimage\"},\"thumbnailUrl\":\"https:\/\/www.diocesitn.it\/seminario\/wp-content\/uploads\/sites\/41\/2025\/05\/Ca_Voc_5.jpg\",\"datePublished\":\"2025-05-19T09:10:09+00:00\",\"dateModified\":\"2025-05-19T09:10:09+00:00\",\"author\":{\"@id\":\"https:\/\/www.diocesitn.it\/seminario\/#\/schema\/person\/fe751b4cf044b25d6ad3f1991d9b6d54\"},\"description\":\"Un tempo e uno spazio donati ai giovani per orientare la propria vita\",\"breadcrumb\":{\"@id\":\"https:\/\/www.diocesitn.it\/seminario\/2025\/05\/19\/alla-casa-delle-vocazioni\/#breadcrumb\"},\"inLanguage\":\"it-IT\",\"potentialAction\":[{\"@type\":\"ReadAction\",\"target\":[\"https:\/\/www.diocesitn.it\/seminario\/2025\/05\/19\/alla-casa-delle-vocazioni\/\"]}]},{\"@type\":\"ImageObject\",\"inLanguage\":\"it-IT\",\"@id\":\"https:\/\/www.diocesitn.it\/seminario\/2025\/05\/19\/alla-casa-delle-vocazioni\/#primaryimage\",\"url\":\"https:\/\/www.diocesitn.it\/seminario\/wp-content\/uploads\/sites\/41\/2025\/05\/Ca_Voc_5.jpg\",\"contentUrl\":\"https:\/\/www.diocesitn.it\/seminario\/wp-content\/uploads\/sites\/41\/2025\/05\/Ca_Voc_5.jpg\",\"width\":1920,\"height\":1440},{\"@type\":\"BreadcrumbList\",\"@id\":\"https:\/\/www.diocesitn.it\/seminario\/2025\/05\/19\/alla-casa-delle-vocazioni\/#breadcrumb\",\"itemListElement\":[{\"@type\":\"ListItem\",\"position\":1,\"name\":\"Home\",\"item\":\"https:\/\/www.diocesitn.it\/seminario\/\"},{\"@type\":\"ListItem\",\"position\":2,\"name\":\"Alla Casa delle Vocazioni\"}]},{\"@type\":\"WebSite\",\"@id\":\"https:\/\/www.diocesitn.it\/seminario\/#website\",\"url\":\"https:\/\/www.diocesitn.it\/seminario\/\",\"name\":\"Seminario Maggiore Arcivescovile\",\"description\":\"Chiesa di Trento\",\"potentialAction\":[{\"@type\":\"SearchAction\",\"target\":{\"@type\":\"EntryPoint\",\"urlTemplate\":\"https:\/\/www.diocesitn.it\/seminario\/?s={search_term_string}\"},\"query-input\":\"required name=search_term_string\"}],\"inLanguage\":\"it-IT\"},{\"@type\":\"ImageObject\",\"inLanguage\":\"it-IT\",\"@id\":\"https:\/\/www.diocesitn.it\/seminario\/2025\/05\/19\/alla-casa-delle-vocazioni\/#local-main-organization-logo\",\"url\":\"\",\"contentUrl\":\"\",\"caption\":\"Seminario Maggiore Arcivescovile - Chiesa di Trento\"}]}<\/script>\n<!-- \/ Yoast SEO Premium plugin. -->","yoast_head_json":{"title":"Alla Casa delle Vocazioni - Seminario Maggiore Arcivescovile","description":"Un tempo e uno spazio donati ai giovani per orientare la propria vita","robots":{"index":"index","follow":"follow","max-snippet":"max-snippet:-1","max-image-preview":"max-image-preview:large","max-video-preview":"max-video-preview:-1"},"canonical":"https:\/\/www.diocesitn.it\/seminario\/2025\/05\/19\/alla-casa-delle-vocazioni\/","og_locale":"it_IT","og_type":"article","og_title":"Alla Casa delle Vocazioni","og_description":"Un tempo e uno spazio donati ai giovani per orientare la propria vita","og_url":"https:\/\/www.diocesitn.it\/seminario\/2025\/05\/19\/alla-casa-delle-vocazioni\/","og_site_name":"Seminario Maggiore Arcivescovile","article_publisher":"https:\/\/www.facebook.com\/seminariotrento\/","article_published_time":"2025-05-19T09:10:09+00:00","og_image":[{"width":1920,"height":1440,"url":"https:\/\/www.diocesitn.it\/seminario\/wp-content\/uploads\/sites\/41\/2025\/05\/Ca_Voc_5.jpg","type":"image\/jpeg"}],"author":"seminaristitrento","twitter_card":"summary_large_image","twitter_misc":{"Scritto da":"seminaristitrento","Tempo di lettura stimato":"5 minuti"},"schema":{"@context":"https:\/\/schema.org","@graph":[{"@type":"WebPage","@id":"https:\/\/www.diocesitn.it\/seminario\/2025\/05\/19\/alla-casa-delle-vocazioni\/","url":"https:\/\/www.diocesitn.it\/seminario\/2025\/05\/19\/alla-casa-delle-vocazioni\/","name":"Alla Casa delle Vocazioni - Seminario Maggiore Arcivescovile","isPartOf":{"@id":"https:\/\/www.diocesitn.it\/seminario\/#website"},"primaryImageOfPage":{"@id":"https:\/\/www.diocesitn.it\/seminario\/2025\/05\/19\/alla-casa-delle-vocazioni\/#primaryimage"},"image":{"@id":"https:\/\/www.diocesitn.it\/seminario\/2025\/05\/19\/alla-casa-delle-vocazioni\/#primaryimage"},"thumbnailUrl":"https:\/\/www.diocesitn.it\/seminario\/wp-content\/uploads\/sites\/41\/2025\/05\/Ca_Voc_5.jpg","datePublished":"2025-05-19T09:10:09+00:00","dateModified":"2025-05-19T09:10:09+00:00","author":{"@id":"https:\/\/www.diocesitn.it\/seminario\/#\/schema\/person\/fe751b4cf044b25d6ad3f1991d9b6d54"},"description":"Un tempo e uno spazio donati ai giovani per orientare la propria vita","breadcrumb":{"@id":"https:\/\/www.diocesitn.it\/seminario\/2025\/05\/19\/alla-casa-delle-vocazioni\/#breadcrumb"},"inLanguage":"it-IT","potentialAction":[{"@type":"ReadAction","target":["https:\/\/www.diocesitn.it\/seminario\/2025\/05\/19\/alla-casa-delle-vocazioni\/"]}]},{"@type":"ImageObject","inLanguage":"it-IT","@id":"https:\/\/www.diocesitn.it\/seminario\/2025\/05\/19\/alla-casa-delle-vocazioni\/#primaryimage","url":"https:\/\/www.diocesitn.it\/seminario\/wp-content\/uploads\/sites\/41\/2025\/05\/Ca_Voc_5.jpg","contentUrl":"https:\/\/www.diocesitn.it\/seminario\/wp-content\/uploads\/sites\/41\/2025\/05\/Ca_Voc_5.jpg","width":1920,"height":1440},{"@type":"BreadcrumbList","@id":"https:\/\/www.diocesitn.it\/seminario\/2025\/05\/19\/alla-casa-delle-vocazioni\/#breadcrumb","itemListElement":[{"@type":"ListItem","position":1,"name":"Home","item":"https:\/\/www.diocesitn.it\/seminario\/"},{"@type":"ListItem","position":2,"name":"Alla Casa delle Vocazioni"}]},{"@type":"WebSite","@id":"https:\/\/www.diocesitn.it\/seminario\/#website","url":"https:\/\/www.diocesitn.it\/seminario\/","name":"Seminario Maggiore Arcivescovile","description":"Chiesa di Trento","potentialAction":[{"@type":"SearchAction","target":{"@type":"EntryPoint","urlTemplate":"https:\/\/www.diocesitn.it\/seminario\/?s={search_term_string}"},"query-input":"required name=search_term_string"}],"inLanguage":"it-IT"},{"@type":"ImageObject","inLanguage":"it-IT","@id":"https:\/\/www.diocesitn.it\/seminario\/2025\/05\/19\/alla-casa-delle-vocazioni\/#local-main-organization-logo","url":"","contentUrl":"","caption":"Seminario Maggiore Arcivescovile - Chiesa di Trento"}]}},"_links":{"self":[{"href":"https:\/\/www.diocesitn.it\/seminario\/wp-json\/wp\/v2\/posts\/1081","targetHints":{"allow":["GET"]}}],"collection":[{"href":"https:\/\/www.diocesitn.it\/seminario\/wp-json\/wp\/v2\/posts"}],"about":[{"href":"https:\/\/www.diocesitn.it\/seminario\/wp-json\/wp\/v2\/types\/post"}],"author":[{"embeddable":true,"href":"https:\/\/www.diocesitn.it\/seminario\/wp-json\/wp\/v2\/users\/172"}],"replies":[{"embeddable":true,"href":"https:\/\/www.diocesitn.it\/seminario\/wp-json\/wp\/v2\/comments?post=1081"}],"version-history":[{"count":1,"href":"https:\/\/www.diocesitn.it\/seminario\/wp-json\/wp\/v2\/posts\/1081\/revisions"}],"predecessor-version":[{"id":1082,"href":"https:\/\/www.diocesitn.it\/seminario\/wp-json\/wp\/v2\/posts\/1081\/revisions\/1082"}],"wp:featuredmedia":[{"embeddable":true,"href":"https:\/\/www.diocesitn.it\/seminario\/wp-json\/wp\/v2\/media\/1077"}],"wp:attachment":[{"href":"https:\/\/www.diocesitn.it\/seminario\/wp-json\/wp\/v2\/media?parent=1081"}],"wp:term":[{"taxonomy":"category","embeddable":true,"href":"https:\/\/www.diocesitn.it\/seminario\/wp-json\/wp\/v2\/categories?post=1081"},{"taxonomy":"post_tag","embeddable":true,"href":"https:\/\/www.diocesitn.it\/seminario\/wp-json\/wp\/v2\/tags?post=1081"}],"curies":[{"name":"wp","href":"https:\/\/api.w.org\/{rel}","templated":true}]}}