{"id":3604,"date":"2026-02-26T11:31:13","date_gmt":"2026-02-26T10:31:13","guid":{"rendered":"https:\/\/www.diocesitn.it\/issr\/2026\/02\/26\/dies-academicus-dellissr-romano-guardini-con-il-rettore-deflorian-la-cultura-strumento-fondamentale-per-la-convivenza-e-la-crescita-umana\/"},"modified":"2026-02-26T11:31:13","modified_gmt":"2026-02-26T10:31:13","slug":"dies-academicus-dellissr-romano-guardini-con-il-rettore-deflorian-la-cultura-strumento-fondamentale-per-la-convivenza-e-la-crescita-umana","status":"publish","type":"post","link":"https:\/\/www.diocesitn.it\/issr\/2026\/02\/26\/dies-academicus-dellissr-romano-guardini-con-il-rettore-deflorian-la-cultura-strumento-fondamentale-per-la-convivenza-e-la-crescita-umana\/","title":{"rendered":"Dies Academicus dell\u2019ISSR \u201cRomano Guardini\u201d con il Rettore Deflorian: &#8220;La cultura strumento fondamentale per la convivenza e la crescita umana&#8221;"},"content":{"rendered":"<p>Un pomeriggio di riflessione e festa, nel segno dell&#8217;intreccio tra studio teologico, cultura laica e sguardo sul sociale ha segnato l<strong>\u2019inaugurazione dell\u2019Anno Accademico 2025\/2026<\/strong> dell\u2019<a href=\"https:\/\/www.diocesitn.it\/issr\/\"><strong>Istituto Superiore di Scienze Religiose \u201cRomano Guardini\u201d<\/strong><\/a> di Trento. Il <strong>Dies Academicus<\/strong>, celebrato mercoled\u00ec 25 febbraio nell\u2019Aula Magna del Collegio Arcivescovile, ha riunito autorit\u00e0 civili e accademiche, docenti, studenti e rappresentanti delle istituzioni del territorio.<\/p>\n<p>A guidare il pomeriggio \u00e8 stata <strong>suor Chiara Curzel<\/strong>, docente di patristica, che ha richiamato il significato dell\u2019appuntamento: un\u2019occasione per rendere visibili i cammini compiuti e per accrescere la consapevolezza della missione dell\u2019Istituto nella Chiesa e nella societ\u00e0.<\/p>\n<p>L\u2019evento &#8211; animato dai brani del cantautore <strong>Mattia Civico<\/strong> (noto come direttore del Punto d&#8217;Incontro, ma anche recente iscritto al Guardini) &#8211; ha visto in avvio la consegna dei diplomi di <strong>Baccalaureato e Licenza in Scienze Religiose<\/strong>, segno tangibile di un percorso formativo che unisce approfondimento teologico, crescita umana e servizio alla comunit\u00e0 ecclesiale e civile.<\/p>\n<h4>Formazione teologica come servizio alla Chiesa e alla societ\u00e0<\/h4>\n<p>Nel suo saluto, il preside della Facolt\u00e0 Teologica del Triveneto <strong>don Maurizio Girolami<\/strong> ha sottolineato il valore della formazione teologica per il territorio e per la vita ecclesiale. Promuovere gli studi teologici significa offrire strumenti per comprendere la vita umana e per nutrire la spiritualit\u00e0 e il pensiero critico.<\/p>\n<p>&#8220;La promozione degli studi teologici offre una possibilit\u00e0 inedita di pensare la vita umana e di trovare nutrimento per la vita spirituale e intellettuale&#8221;, ha affermato, incoraggiando studenti e docenti a rafforzare la collaborazione con le realt\u00e0 ecclesiali e sociali del territorio.<\/p>\n<h4>Cultura, umanit\u00e0 e fede: i tre pilastri del Guardini<\/h4>\n<p>Nel suo intervento inaugurale, il direttore dell\u2019Istituto <strong>don Stefano Zeni<\/strong> ha proposto una riflessione simbolica ispirata alla fisica, utilizzando la \u201cregola della mano destra\u201d per descrivere le tre dimensioni fondamentali della formazione offerta dall\u2019ISSR: <span style=\"font-size: inherit;\">formazione culturale, <\/span><span style=\"font-size: inherit;\">formazione umana, <\/span><span style=\"font-size: inherit;\">formazione cristiana.\u00a0<\/span>&#8220;La cultura non \u00e8 un lusso per pochi privilegiati: \u00e8 uno strumento di libert\u00e0&#8221;, ha spiegato, sottolineando come una persona culturalmente formata sappia leggere la realt\u00e0 in profondit\u00e0 e non si lasci manipolare.\u00a0Accanto alla cultura, la formazione umana nasce dalla relazione: &#8220;La persona si rivela nell\u2019incontro, nel rapporto, nell\u2019amore&#8221;.\u00a0Infine, la formazione cristiana, che non limita la ragione, ma la apre a orizzonti pi\u00f9 ampi: &#8220;La fede non spegne la ragione ma la chiama a compiti pi\u00f9 grandi&#8221;.<\/p>\n<h4>La prolusione del Rettore Deflorian: il valore umano della cultura<\/h4>\n<p>Cuore dell&#8217;avvio dell&#8217;Anno Accademico \u00e8 stata la lectio del professor <strong>Flavio Deflorian<\/strong>, Rettore dell\u2019Universit\u00e0 di Trento, che ha offerto una riflessione ampia e appassionata sul ruolo della cultura e del sapere.\u00a0&#8220;Nessuno possiede la verit\u00e0: ciascuno contribuisce ad avvicinarsi ad essa attraverso lo studio e la ricerca&#8221;, ha affermato, evidenziando il carattere progressivo e condiviso della conoscenza.\u00a0Deflorian ha ribadito che universit\u00e0 e istituzioni accademiche non sono semplicemente luoghi di formazione professionale:\u00a0&#8220;La missione primaria dell\u2019universit\u00e0 \u00e8 la cultura: non possiamo ridurla a un luogo dove si acquisiscono competenze per un lavoro&#8221;. &#8220;Molto di ci\u00f2 che qualifica l\u2019umano \u00e8 qualcosa che, in senso utilitaristico, non serve. Eppure \u00e8 essenziale per la nostra umanit\u00e0&#8221;, ha rilevato il Rettore.<\/p>\n<p>In altri passaggi chiave della sua riflessione, Deflorian ha parlato del <span style=\"font-size: inherit;\">sapere come &#8220;percorso progressivo verso la realt\u00e0&#8221;, sottolineando come\u00a0<\/span>il &#8220;pensiero critico&#8221; abbia il ruolo di &#8220;antidoto alle semplificazioni e ai totalitarismi&#8221; e la <span style=\"font-size: inherit;\">conoscenza possa divenire strumento per superare diffidenze e paure\u00a0<\/span><span style=\"font-size: inherit;\">e per cogliere anche nella <\/span><span style=\"font-size: inherit;\">diversit\u00e0 una &#8220;ricchezza che si comprende solo attraverso l\u2019incontro. La conoscenza \u00e8 spesso l\u2019unica arma che abbiamo per superare diffidenze e conflitti&#8221;, ha sottolineato, ricordando come conoscere l\u2019altro riduca le paure e favorisca l\u2019inclusione. &#8220;<\/span><span style=\"font-size: inherit;\">L<\/span><span style=\"font-size: inherit;\">a contaminazione tra discipline &#8211; ha aggiunto &#8211; \u00e8 fonte di creativit\u00e0&#8221; cos\u00ec come &#8220;<\/span><span style=\"font-size: inherit;\">la bellezza \u00e8 una dimensione intrinseca della scienza e della cultura&#8221;.\u00a0<\/span><\/p>\n<p>In un tempo segnato da polarizzazioni e tensioni globali, il Rettore ha ribadito che studiare \u00e8 oggi pi\u00f9 necessario che mai:\u00a0&#8220;Ha senso studiare oggi pi\u00f9 di ieri, perch\u00e9 la cultura \u00e8 uno strumento fondamentale per la convivenza e la crescita umana&#8221;.<\/p>\n<h4>L\u2019umano come eccedenza: la riflessione dell\u2019Arcivescovo Tisi<\/h4>\n<p>A concludere il Dies Academicus \u00e8 stato l\u2019arcivescovo di Trento, <strong>monsignor Lauro Tisi<\/strong>. Da &#8220;moderatore&#8221; dell&#8217;ISSR Guardini, Tisi ha ripreso le parole di Deflorian, rilanciando il tema dell\u2019umanit\u00e0 come eccedenza e bellezza. &#8220;L\u2019umano non \u00e8 il terreno della funzionalit\u00e0: \u00e8 il terreno dell\u2019incanto, della bellezza, del di pi\u00f9&#8221;, ha affermato.\u00a0Quando l\u2019uomo viene ridotto a tecnica, efficienza o utilit\u00e0, ha proseguito, rischia di perdere se stesso:\u00a0&#8220;Se perdiamo l\u2019eccedenza dell\u2019umano, non perdiamo solo Dio, ma perdiamo l\u2019uomo in quanto tale, rivelatosi in pienezza nell&#8217;umanit\u00e0 di Ges\u00f9&#8221;.\u00a0&#8220;In questa prospettiva &#8211; ha concluso don Lauro &#8211; un Istituto di Scienze Religiose rappresenta una risorsa preziosa per riscoprire la profondit\u00e0 dell\u2019umano e aprirsi alla dimensione spirituale&#8221;.<\/p>\n<h4>I nomi dei nuovi diplomati<\/h4>\n<p>Di seguito i nome degli studenti che hanno ottenuto titoli di compimento del loro percorso al Guardini:<\/p>\n<p>BACCALAUREATO IN SCIENZE RELIGIOSE: Berlanda Aldo, Bunaj Marlen, Mura Elenia<\/p>\n<p>LICENZA IN SCIENZE RELIGIOSE: Divina Elisabetta, Canella Samuele, Cominolli Rosanna, Lorenzon Pietro, Natola Gerardo, Spinella Rosa, Zurlo Manuel<\/p>\n<p>FOTO GIANNI ZOTTA<\/p>\n\n\n\t\t<style type='text\/css'>\n\n\t\t\t\/* PhotoSwipe Plugin *\/\n\t\t\t.psgal {\n\t\t\t\tmargin: auto;\n\t\t\t\tpadding-bottom:40px;\n\n\t\t\t\t-webkit-transition: all 0.4s ease;\n\t\t\t\t-moz-transition: all 0.4s ease;\n\t\t\t\t-o-transition: all 0.4s ease;\n\t\t\t\ttransition: all 0.4s ease;\n\t\t\t}\n\n\t\t\t.psgal figure {\n\t\t\t\tfloat: left;\n\t\t\t\ttext-align: center;\n    \t\t\twidth: 200px;\n                max-width: 50%;\n\t\t\t\tpadding:5px;\n\t\t\t\tmargin: 0px;\n\t\t\t\tbox-sizing:border-box;\n\t\t\t}\n\t\t\t.psgal a{\n\t\t\t\tdisplay:block;\n\t\t\t}\n\t\t\t.psgal figure figcaption{\n\t\t\t\tfont-size:13px;\n\t\t\t}\n\n\t\t\t.msnry{\n\t\t\t\tmargin:auto;\n\t\t\t}\n\t\t\t.pswp__caption__center{\n\t\t\t\ttext-align: center;\n\t\t\t}\n\t\t\t\n\n\t\t\t.photoswipe-gallery-caption{\n\t\t\t\tdisplay:none;\n\t\t\t}\n\n\t\t\t\n\t\t<\/style> <div style=\"clear:both\"><\/div>\n\n\t\t<div id=\"psgal_3604_1\" class=\"ps-gallery psgal gallery-columns-3 gallery-size-thumbnail\" itemscope itemtype=\"http:\/\/schema.org\/ImageGallery\" >\n\t\t\t\t<figure class=\"msnry_item\" itemscope itemtype=\"http:\/\/schema.org\/ImageObject\">\n\t\t\t\t\t<a href=\"https:\/\/www.diocesitn.it\/issr\/wp-content\/uploads\/sites\/35\/2026\/02\/issr-prolusione-2026-2-scaled-1024x686.jpg\"\n\t\t\t\t\titemprop=\"contentUrl\"\n\t\t\t\t\tdata-pswp-width=\"800\" \n\t\t\t\t    data-pswp-height=\"536\" \n\t\t\t\t    data-cropped=\"true\"\n\t\t\t\t\tdata-caption=\"\"\n\t\t\t\t\tclass=\"post-thumbnail-image-link container-fixed-aspect-ratio__16-9\">\n\t\t\t\t        <img src=https:\/\/www.diocesitn.it\/issr\/wp-content\/uploads\/sites\/35\/2026\/02\/issr-prolusione-2026-2-scaled-300x201.jpg itemprop=\"thumbnail\" alt=\"\"  \/>\n\t\t\t\t    <\/a>\n\t\t\t\t    <figcaption class=\"photoswipe-gallery-caption\" ><\/figcaption>\n\t\t\t    <\/figure>\n\t\t\t\t\n\t\t\t\t<figure class=\"msnry_item\" itemscope itemtype=\"http:\/\/schema.org\/ImageObject\">\n\t\t\t\t\t<a href=\"https:\/\/www.diocesitn.it\/issr\/wp-content\/uploads\/sites\/35\/2026\/02\/issr-prolusione-2026-4-e1772101398524-1024x636.jpg\"\n\t\t\t\t\titemprop=\"contentUrl\"\n\t\t\t\t\tdata-pswp-width=\"800\" \n\t\t\t\t    data-pswp-height=\"497\" \n\t\t\t\t    data-cropped=\"true\"\n\t\t\t\t\tdata-caption=\"\"\n\t\t\t\t\tclass=\"post-thumbnail-image-link container-fixed-aspect-ratio__16-9\">\n\t\t\t\t        <img src=https:\/\/www.diocesitn.it\/issr\/wp-content\/uploads\/sites\/35\/2026\/02\/issr-prolusione-2026-4-e1772101398524-300x186.jpg itemprop=\"thumbnail\" alt=\"\"  \/>\n\t\t\t\t    <\/a>\n\t\t\t\t    <figcaption class=\"photoswipe-gallery-caption\" ><\/figcaption>\n\t\t\t    <\/figure>\n\t\t\t\t\n\t\t\t\t<figure class=\"msnry_item\" itemscope itemtype=\"http:\/\/schema.org\/ImageObject\">\n\t\t\t\t\t<a href=\"https:\/\/www.diocesitn.it\/issr\/wp-content\/uploads\/sites\/35\/2026\/02\/issr-prolusione-2026-8-scaled-e1772101423220.jpg\"\n\t\t\t\t\titemprop=\"contentUrl\"\n\t\t\t\t\tdata-pswp-width=\"800\" \n\t\t\t\t    data-pswp-height=\"576\" \n\t\t\t\t    data-cropped=\"true\"\n\t\t\t\t\tdata-caption=\"\"\n\t\t\t\t\tclass=\"post-thumbnail-image-link container-fixed-aspect-ratio__16-9\">\n\t\t\t\t        <img src=https:\/\/www.diocesitn.it\/issr\/wp-content\/uploads\/sites\/35\/2026\/02\/issr-prolusione-2026-8-scaled-e1772101423220-300x216.jpg itemprop=\"thumbnail\" alt=\"\"  \/>\n\t\t\t\t    <\/a>\n\t\t\t\t    <figcaption class=\"photoswipe-gallery-caption\" ><\/figcaption>\n\t\t\t    <\/figure>\n\t\t\t\t\n\t\t\t\t<figure class=\"msnry_item\" itemscope itemtype=\"http:\/\/schema.org\/ImageObject\">\n\t\t\t\t\t<a href=\"https:\/\/www.diocesitn.it\/issr\/wp-content\/uploads\/sites\/35\/2026\/02\/issr-prolusione-2026-5-1024x576.jpg\"\n\t\t\t\t\titemprop=\"contentUrl\"\n\t\t\t\t\tdata-pswp-width=\"800\" \n\t\t\t\t    data-pswp-height=\"450\" \n\t\t\t\t    data-cropped=\"true\"\n\t\t\t\t\tdata-caption=\"\"\n\t\t\t\t\tclass=\"post-thumbnail-image-link container-fixed-aspect-ratio__16-9\">\n\t\t\t\t        <img src=https:\/\/www.diocesitn.it\/issr\/wp-content\/uploads\/sites\/35\/2026\/02\/issr-prolusione-2026-5-300x169.jpg itemprop=\"thumbnail\" alt=\"\"  \/>\n\t\t\t\t    <\/a>\n\t\t\t\t    <figcaption class=\"photoswipe-gallery-caption\" ><\/figcaption>\n\t\t\t    <\/figure>\n\t\t\t\t\n\t\t\t\t<figure class=\"msnry_item\" itemscope itemtype=\"http:\/\/schema.org\/ImageObject\">\n\t\t\t\t\t<a href=\"https:\/\/www.diocesitn.it\/issr\/wp-content\/uploads\/sites\/35\/2026\/02\/issr-prolusione-2026-6-scaled-1024x682.jpg\"\n\t\t\t\t\titemprop=\"contentUrl\"\n\t\t\t\t\tdata-pswp-width=\"800\" \n\t\t\t\t    data-pswp-height=\"533\" \n\t\t\t\t    data-cropped=\"true\"\n\t\t\t\t\tdata-caption=\"\"\n\t\t\t\t\tclass=\"post-thumbnail-image-link container-fixed-aspect-ratio__16-9\">\n\t\t\t\t        <img src=https:\/\/www.diocesitn.it\/issr\/wp-content\/uploads\/sites\/35\/2026\/02\/issr-prolusione-2026-6-scaled-300x200.jpg itemprop=\"thumbnail\" alt=\"\"  \/>\n\t\t\t\t    <\/a>\n\t\t\t\t    <figcaption class=\"photoswipe-gallery-caption\" ><\/figcaption>\n\t\t\t    <\/figure>\n\t\t\t\t\n\t\t\t\t<figure class=\"msnry_item\" itemscope itemtype=\"http:\/\/schema.org\/ImageObject\">\n\t\t\t\t\t<a href=\"https:\/\/www.diocesitn.it\/issr\/wp-content\/uploads\/sites\/35\/2026\/02\/issr-prolusione-2026-7-scaled-1024x683.jpg\"\n\t\t\t\t\titemprop=\"contentUrl\"\n\t\t\t\t\tdata-pswp-width=\"800\" \n\t\t\t\t    data-pswp-height=\"534\" \n\t\t\t\t    data-cropped=\"true\"\n\t\t\t\t\tdata-caption=\"\"\n\t\t\t\t\tclass=\"post-thumbnail-image-link container-fixed-aspect-ratio__16-9\">\n\t\t\t\t        <img src=https:\/\/www.diocesitn.it\/issr\/wp-content\/uploads\/sites\/35\/2026\/02\/issr-prolusione-2026-7-scaled-300x200.jpg itemprop=\"thumbnail\" alt=\"\"  \/>\n\t\t\t\t    <\/a>\n\t\t\t\t    <figcaption class=\"photoswipe-gallery-caption\" ><\/figcaption>\n\t\t\t    <\/figure>\n\t\t\t\t\n\t\t\t\t<figure class=\"msnry_item\" itemscope itemtype=\"http:\/\/schema.org\/ImageObject\">\n\t\t\t\t\t<a href=\"https:\/\/www.diocesitn.it\/issr\/wp-content\/uploads\/sites\/35\/2026\/02\/issr-prolusione-2026-3-1024x576.jpg\"\n\t\t\t\t\titemprop=\"contentUrl\"\n\t\t\t\t\tdata-pswp-width=\"800\" \n\t\t\t\t    data-pswp-height=\"450\" \n\t\t\t\t    data-cropped=\"true\"\n\t\t\t\t\tdata-caption=\"\"\n\t\t\t\t\tclass=\"post-thumbnail-image-link container-fixed-aspect-ratio__16-9\">\n\t\t\t\t        <img src=https:\/\/www.diocesitn.it\/issr\/wp-content\/uploads\/sites\/35\/2026\/02\/issr-prolusione-2026-3-300x169.jpg itemprop=\"thumbnail\" alt=\"\"  \/>\n\t\t\t\t    <\/a>\n\t\t\t\t    <figcaption class=\"photoswipe-gallery-caption\" ><\/figcaption>\n\t\t\t    <\/figure>\n\t\t\t\t\n\t\t\t\t<figure class=\"msnry_item\" itemscope itemtype=\"http:\/\/schema.org\/ImageObject\">\n\t\t\t\t\t<a href=\"https:\/\/www.diocesitn.it\/issr\/wp-content\/uploads\/sites\/35\/2026\/02\/issr-prolusione-2026-scaled-1024x691.jpg\"\n\t\t\t\t\titemprop=\"contentUrl\"\n\t\t\t\t\tdata-pswp-width=\"800\" \n\t\t\t\t    data-pswp-height=\"540\" \n\t\t\t\t    data-cropped=\"true\"\n\t\t\t\t\tdata-caption=\"\"\n\t\t\t\t\tclass=\"post-thumbnail-image-link container-fixed-aspect-ratio__16-9\">\n\t\t\t\t        <img src=https:\/\/www.diocesitn.it\/issr\/wp-content\/uploads\/sites\/35\/2026\/02\/issr-prolusione-2026-scaled-300x203.jpg itemprop=\"thumbnail\" alt=\"\"  \/>\n\t\t\t\t    <\/a>\n\t\t\t\t    <figcaption class=\"photoswipe-gallery-caption\" ><\/figcaption>\n\t\t\t    <\/figure>\n\t\t\t\t<\/div>\n\t\t<div style='clear:both'><\/div>\n\t\n","protected":false},"excerpt":{"rendered":"<p>Un pomeriggio di riflessione e festa, nel segno dell&#8217;intreccio tra studio teologico, cultura laica e sguardo sul sociale ha segnato l\u2019inaugurazione dell\u2019Anno Accademico 2025\/2026 dell\u2019Istituto Superiore di Scienze Religiose \u201cRomano Guardini\u201d di Trento. Il Dies<\/p>\n","protected":false},"author":3,"featured_media":3605,"comment_status":"closed","ping_status":"closed","sticky":true,"template":"","format":"standard","meta":{"footnotes":""},"categories":[279,114,4,6],"tags":[123,316,317,263,318,247,313,282,116,284,319,286],"class_list":["post-3604","post","type-post","status-publish","format-standard","has-post-thumbnail","hentry","category-area-cultura","category-cultura","category-issr-romano-guardini","category-notizie","tag-anno-accademico","tag-cultura-e-sapere","tag-dialogo-fede-cultura","tag-dies-academicus","tag-educazione","tag-facolta-teologica-del-triveneto","tag-flavio-deflorian","tag-formazione-teologica","tag-issr-guardini","tag-lauro-tisi","tag-scienze-religiose","tag-trento"],"acf":{"seed-localization-paese-cod":"IT","seed-localization-address":"","seed-localization-citta":"Trento","seed-localization-regione-cod-istat":"04","seed-localization-citta-cod-istat":"022205","seed-localization-localita":"","seed-localization-cap":"","seed-localization-marker-visibility":false,"seed-localization-children-visibility":false,"seed-localization-kml":"","seed-localization-custom-marker":""},"yoast_head":"<!-- This site is optimized with the Yoast SEO Premium plugin v20.2.1 (Yoast SEO v22.2) - https:\/\/yoast.com\/wordpress\/plugins\/seo\/ -->\n<title>ISSR Romano Guardini di Trento: prolusione del rettore Deflorian<\/title>\n<meta name=\"description\" content=\"Dies Academicus dell\u2019ISSR Guardini di Trento con la prolusione del rettore Flavio Deflorian su cultura e sviluppo umano\" \/>\n<meta name=\"robots\" content=\"index, follow, max-snippet:-1, max-image-preview:large, max-video-preview:-1\" \/>\n<link rel=\"canonical\" href=\"https:\/\/www.diocesitn.it\/issr\/2026\/02\/26\/dies-academicus-dellissr-romano-guardini-con-il-rettore-deflorian-la-cultura-strumento-fondamentale-per-la-convivenza-e-la-crescita-umana\/\" \/>\n<meta property=\"og:locale\" content=\"it_IT\" \/>\n<meta property=\"og:type\" content=\"article\" \/>\n<meta property=\"og:title\" content=\"Dies Academicus dell\u2019ISSR \u201cRomano Guardini\u201d con il Rettore Deflorian: &quot;La cultura strumento fondamentale per la convivenza e la crescita umana&quot;\" \/>\n<meta property=\"og:description\" content=\"Dies Academicus dell\u2019ISSR Guardini di Trento con la prolusione del rettore Flavio Deflorian su cultura e sviluppo umano\" \/>\n<meta property=\"og:url\" content=\"https:\/\/www.diocesitn.it\/issr\/2026\/02\/26\/dies-academicus-dellissr-romano-guardini-con-il-rettore-deflorian-la-cultura-strumento-fondamentale-per-la-convivenza-e-la-crescita-umana\/\" \/>\n<meta property=\"og:site_name\" content=\"ISSR Romano Guardini\" \/>\n<meta property=\"article:published_time\" content=\"2026-02-26T10:31:13+00:00\" \/>\n<meta property=\"og:image\" content=\"https:\/\/www.diocesitn.it\/issr\/wp-content\/uploads\/sites\/35\/2026\/02\/issr-prolusione-2026-8-scaled-e1772101423220.jpg\" \/>\n\t<meta property=\"og:image:width\" content=\"900\" \/>\n\t<meta property=\"og:image:height\" content=\"648\" \/>\n\t<meta property=\"og:image:type\" content=\"image\/jpeg\" \/>\n<meta name=\"author\" content=\"Piergiorgio Franceschini\" \/>\n<meta name=\"twitter:card\" content=\"summary_large_image\" \/>\n<meta name=\"twitter:label1\" content=\"Scritto da\" \/>\n\t<meta name=\"twitter:data1\" content=\"Piergiorgio Franceschini\" \/>\n\t<meta name=\"twitter:label2\" content=\"Tempo di lettura stimato\" \/>\n\t<meta name=\"twitter:data2\" content=\"5 minuti\" \/>\n<script type=\"application\/ld+json\" class=\"yoast-schema-graph\">{\"@context\":\"https:\/\/schema.org\",\"@graph\":[{\"@type\":\"WebPage\",\"@id\":\"https:\/\/www.diocesitn.it\/issr\/2026\/02\/26\/dies-academicus-dellissr-romano-guardini-con-il-rettore-deflorian-la-cultura-strumento-fondamentale-per-la-convivenza-e-la-crescita-umana\/\",\"url\":\"https:\/\/www.diocesitn.it\/issr\/2026\/02\/26\/dies-academicus-dellissr-romano-guardini-con-il-rettore-deflorian-la-cultura-strumento-fondamentale-per-la-convivenza-e-la-crescita-umana\/\",\"name\":\"ISSR Romano Guardini di Trento: prolusione del rettore Deflorian\",\"isPartOf\":{\"@id\":\"https:\/\/www.diocesitn.it\/issr\/#website\"},\"primaryImageOfPage\":{\"@id\":\"https:\/\/www.diocesitn.it\/issr\/2026\/02\/26\/dies-academicus-dellissr-romano-guardini-con-il-rettore-deflorian-la-cultura-strumento-fondamentale-per-la-convivenza-e-la-crescita-umana\/#primaryimage\"},\"image\":{\"@id\":\"https:\/\/www.diocesitn.it\/issr\/2026\/02\/26\/dies-academicus-dellissr-romano-guardini-con-il-rettore-deflorian-la-cultura-strumento-fondamentale-per-la-convivenza-e-la-crescita-umana\/#primaryimage\"},\"thumbnailUrl\":\"https:\/\/www.diocesitn.it\/issr\/wp-content\/uploads\/sites\/35\/2026\/02\/issr-prolusione-2026-8-scaled-e1772101423220.jpg\",\"datePublished\":\"2026-02-26T10:31:13+00:00\",\"dateModified\":\"2026-02-26T10:31:13+00:00\",\"author\":{\"@id\":\"https:\/\/www.diocesitn.it\/issr\/#\/schema\/person\/99590c84577873a025247b6aeb16ad2e\"},\"description\":\"Dies Academicus dell\u2019ISSR Guardini di Trento con la prolusione del rettore Flavio Deflorian su cultura e sviluppo umano\",\"breadcrumb\":{\"@id\":\"https:\/\/www.diocesitn.it\/issr\/2026\/02\/26\/dies-academicus-dellissr-romano-guardini-con-il-rettore-deflorian-la-cultura-strumento-fondamentale-per-la-convivenza-e-la-crescita-umana\/#breadcrumb\"},\"inLanguage\":\"it-IT\",\"potentialAction\":[{\"@type\":\"ReadAction\",\"target\":[\"https:\/\/www.diocesitn.it\/issr\/2026\/02\/26\/dies-academicus-dellissr-romano-guardini-con-il-rettore-deflorian-la-cultura-strumento-fondamentale-per-la-convivenza-e-la-crescita-umana\/\"]}]},{\"@type\":\"ImageObject\",\"inLanguage\":\"it-IT\",\"@id\":\"https:\/\/www.diocesitn.it\/issr\/2026\/02\/26\/dies-academicus-dellissr-romano-guardini-con-il-rettore-deflorian-la-cultura-strumento-fondamentale-per-la-convivenza-e-la-crescita-umana\/#primaryimage\",\"url\":\"https:\/\/www.diocesitn.it\/issr\/wp-content\/uploads\/sites\/35\/2026\/02\/issr-prolusione-2026-8-scaled-e1772101423220.jpg\",\"contentUrl\":\"https:\/\/www.diocesitn.it\/issr\/wp-content\/uploads\/sites\/35\/2026\/02\/issr-prolusione-2026-8-scaled-e1772101423220.jpg\",\"width\":900,\"height\":648},{\"@type\":\"BreadcrumbList\",\"@id\":\"https:\/\/www.diocesitn.it\/issr\/2026\/02\/26\/dies-academicus-dellissr-romano-guardini-con-il-rettore-deflorian-la-cultura-strumento-fondamentale-per-la-convivenza-e-la-crescita-umana\/#breadcrumb\",\"itemListElement\":[{\"@type\":\"ListItem\",\"position\":1,\"name\":\"Home\",\"item\":\"https:\/\/www.diocesitn.it\/issr\/\"},{\"@type\":\"ListItem\",\"position\":2,\"name\":\"Dies Academicus dell\u2019ISSR \u201cRomano Guardini\u201d con il Rettore Deflorian: &#8220;La cultura strumento fondamentale per la convivenza e la crescita umana&#8221;\"}]},{\"@type\":\"WebSite\",\"@id\":\"https:\/\/www.diocesitn.it\/issr\/#website\",\"url\":\"https:\/\/www.diocesitn.it\/issr\/\",\"name\":\"ISSR Romano Guardini\",\"description\":\"Chiesa di Trento\",\"potentialAction\":[{\"@type\":\"SearchAction\",\"target\":{\"@type\":\"EntryPoint\",\"urlTemplate\":\"https:\/\/www.diocesitn.it\/issr\/?s={search_term_string}\"},\"query-input\":\"required name=search_term_string\"}],\"inLanguage\":\"it-IT\"},{\"@type\":\"ImageObject\",\"inLanguage\":\"it-IT\",\"@id\":\"https:\/\/www.diocesitn.it\/issr\/2026\/02\/26\/dies-academicus-dellissr-romano-guardini-con-il-rettore-deflorian-la-cultura-strumento-fondamentale-per-la-convivenza-e-la-crescita-umana\/#local-main-organization-logo\",\"url\":\"\",\"contentUrl\":\"\",\"caption\":\"ISSR Romano Guardini\"}]}<\/script>\n<!-- \/ Yoast SEO Premium plugin. -->","yoast_head_json":{"title":"ISSR Romano Guardini di Trento: prolusione del rettore Deflorian","description":"Dies Academicus dell\u2019ISSR Guardini di Trento con la prolusione del rettore Flavio Deflorian su cultura e sviluppo umano","robots":{"index":"index","follow":"follow","max-snippet":"max-snippet:-1","max-image-preview":"max-image-preview:large","max-video-preview":"max-video-preview:-1"},"canonical":"https:\/\/www.diocesitn.it\/issr\/2026\/02\/26\/dies-academicus-dellissr-romano-guardini-con-il-rettore-deflorian-la-cultura-strumento-fondamentale-per-la-convivenza-e-la-crescita-umana\/","og_locale":"it_IT","og_type":"article","og_title":"Dies Academicus dell\u2019ISSR \u201cRomano Guardini\u201d con il Rettore Deflorian: \"La cultura strumento fondamentale per la convivenza e la crescita umana\"","og_description":"Dies Academicus dell\u2019ISSR Guardini di Trento con la prolusione del rettore Flavio Deflorian su cultura e sviluppo umano","og_url":"https:\/\/www.diocesitn.it\/issr\/2026\/02\/26\/dies-academicus-dellissr-romano-guardini-con-il-rettore-deflorian-la-cultura-strumento-fondamentale-per-la-convivenza-e-la-crescita-umana\/","og_site_name":"ISSR Romano Guardini","article_published_time":"2026-02-26T10:31:13+00:00","og_image":[{"width":900,"height":648,"url":"https:\/\/www.diocesitn.it\/issr\/wp-content\/uploads\/sites\/35\/2026\/02\/issr-prolusione-2026-8-scaled-e1772101423220.jpg","type":"image\/jpeg"}],"author":"Piergiorgio Franceschini","twitter_card":"summary_large_image","twitter_misc":{"Scritto da":"Piergiorgio Franceschini","Tempo di lettura stimato":"5 minuti"},"schema":{"@context":"https:\/\/schema.org","@graph":[{"@type":"WebPage","@id":"https:\/\/www.diocesitn.it\/issr\/2026\/02\/26\/dies-academicus-dellissr-romano-guardini-con-il-rettore-deflorian-la-cultura-strumento-fondamentale-per-la-convivenza-e-la-crescita-umana\/","url":"https:\/\/www.diocesitn.it\/issr\/2026\/02\/26\/dies-academicus-dellissr-romano-guardini-con-il-rettore-deflorian-la-cultura-strumento-fondamentale-per-la-convivenza-e-la-crescita-umana\/","name":"ISSR Romano Guardini di Trento: prolusione del rettore Deflorian","isPartOf":{"@id":"https:\/\/www.diocesitn.it\/issr\/#website"},"primaryImageOfPage":{"@id":"https:\/\/www.diocesitn.it\/issr\/2026\/02\/26\/dies-academicus-dellissr-romano-guardini-con-il-rettore-deflorian-la-cultura-strumento-fondamentale-per-la-convivenza-e-la-crescita-umana\/#primaryimage"},"image":{"@id":"https:\/\/www.diocesitn.it\/issr\/2026\/02\/26\/dies-academicus-dellissr-romano-guardini-con-il-rettore-deflorian-la-cultura-strumento-fondamentale-per-la-convivenza-e-la-crescita-umana\/#primaryimage"},"thumbnailUrl":"https:\/\/www.diocesitn.it\/issr\/wp-content\/uploads\/sites\/35\/2026\/02\/issr-prolusione-2026-8-scaled-e1772101423220.jpg","datePublished":"2026-02-26T10:31:13+00:00","dateModified":"2026-02-26T10:31:13+00:00","author":{"@id":"https:\/\/www.diocesitn.it\/issr\/#\/schema\/person\/99590c84577873a025247b6aeb16ad2e"},"description":"Dies Academicus dell\u2019ISSR Guardini di Trento con la prolusione del rettore Flavio Deflorian su cultura e sviluppo umano","breadcrumb":{"@id":"https:\/\/www.diocesitn.it\/issr\/2026\/02\/26\/dies-academicus-dellissr-romano-guardini-con-il-rettore-deflorian-la-cultura-strumento-fondamentale-per-la-convivenza-e-la-crescita-umana\/#breadcrumb"},"inLanguage":"it-IT","potentialAction":[{"@type":"ReadAction","target":["https:\/\/www.diocesitn.it\/issr\/2026\/02\/26\/dies-academicus-dellissr-romano-guardini-con-il-rettore-deflorian-la-cultura-strumento-fondamentale-per-la-convivenza-e-la-crescita-umana\/"]}]},{"@type":"ImageObject","inLanguage":"it-IT","@id":"https:\/\/www.diocesitn.it\/issr\/2026\/02\/26\/dies-academicus-dellissr-romano-guardini-con-il-rettore-deflorian-la-cultura-strumento-fondamentale-per-la-convivenza-e-la-crescita-umana\/#primaryimage","url":"https:\/\/www.diocesitn.it\/issr\/wp-content\/uploads\/sites\/35\/2026\/02\/issr-prolusione-2026-8-scaled-e1772101423220.jpg","contentUrl":"https:\/\/www.diocesitn.it\/issr\/wp-content\/uploads\/sites\/35\/2026\/02\/issr-prolusione-2026-8-scaled-e1772101423220.jpg","width":900,"height":648},{"@type":"BreadcrumbList","@id":"https:\/\/www.diocesitn.it\/issr\/2026\/02\/26\/dies-academicus-dellissr-romano-guardini-con-il-rettore-deflorian-la-cultura-strumento-fondamentale-per-la-convivenza-e-la-crescita-umana\/#breadcrumb","itemListElement":[{"@type":"ListItem","position":1,"name":"Home","item":"https:\/\/www.diocesitn.it\/issr\/"},{"@type":"ListItem","position":2,"name":"Dies Academicus dell\u2019ISSR \u201cRomano Guardini\u201d con il Rettore Deflorian: &#8220;La cultura strumento fondamentale per la convivenza e la crescita umana&#8221;"}]},{"@type":"WebSite","@id":"https:\/\/www.diocesitn.it\/issr\/#website","url":"https:\/\/www.diocesitn.it\/issr\/","name":"ISSR Romano Guardini","description":"Chiesa di Trento","potentialAction":[{"@type":"SearchAction","target":{"@type":"EntryPoint","urlTemplate":"https:\/\/www.diocesitn.it\/issr\/?s={search_term_string}"},"query-input":"required name=search_term_string"}],"inLanguage":"it-IT"},{"@type":"ImageObject","inLanguage":"it-IT","@id":"https:\/\/www.diocesitn.it\/issr\/2026\/02\/26\/dies-academicus-dellissr-romano-guardini-con-il-rettore-deflorian-la-cultura-strumento-fondamentale-per-la-convivenza-e-la-crescita-umana\/#local-main-organization-logo","url":"","contentUrl":"","caption":"ISSR Romano Guardini"}]}},"_links":{"self":[{"href":"https:\/\/www.diocesitn.it\/issr\/wp-json\/wp\/v2\/posts\/3604","targetHints":{"allow":["GET"]}}],"collection":[{"href":"https:\/\/www.diocesitn.it\/issr\/wp-json\/wp\/v2\/posts"}],"about":[{"href":"https:\/\/www.diocesitn.it\/issr\/wp-json\/wp\/v2\/types\/post"}],"author":[{"embeddable":true,"href":"https:\/\/www.diocesitn.it\/issr\/wp-json\/wp\/v2\/users\/3"}],"replies":[{"embeddable":true,"href":"https:\/\/www.diocesitn.it\/issr\/wp-json\/wp\/v2\/comments?post=3604"}],"version-history":[{"count":1,"href":"https:\/\/www.diocesitn.it\/issr\/wp-json\/wp\/v2\/posts\/3604\/revisions"}],"predecessor-version":[{"id":3613,"href":"https:\/\/www.diocesitn.it\/issr\/wp-json\/wp\/v2\/posts\/3604\/revisions\/3613"}],"wp:featuredmedia":[{"embeddable":true,"href":"https:\/\/www.diocesitn.it\/issr\/wp-json\/wp\/v2\/media\/3605"}],"wp:attachment":[{"href":"https:\/\/www.diocesitn.it\/issr\/wp-json\/wp\/v2\/media?parent=3604"}],"wp:term":[{"taxonomy":"category","embeddable":true,"href":"https:\/\/www.diocesitn.it\/issr\/wp-json\/wp\/v2\/categories?post=3604"},{"taxonomy":"post_tag","embeddable":true,"href":"https:\/\/www.diocesitn.it\/issr\/wp-json\/wp\/v2\/tags?post=3604"}],"curies":[{"name":"wp","href":"https:\/\/api.w.org\/{rel}","templated":true}]}}