{"id":2227,"date":"2024-04-15T10:43:02","date_gmt":"2024-04-15T08:43:02","guid":{"rendered":"https:\/\/www.diocesitn.it\/clero\/2024\/04\/15\/convegno-organizzato-dalla-redazione-di-presbyteri\/"},"modified":"2024-05-23T13:40:13","modified_gmt":"2024-05-23T11:40:13","slug":"convegno-organizzato-dalla-redazione-di-presbyteri","status":"publish","type":"post","link":"https:\/\/www.diocesitn.it\/clero\/2024\/04\/15\/convegno-organizzato-dalla-redazione-di-presbyteri\/","title":{"rendered":"Parroci e comunit\u00e0, verso nuovi modelli. Convegno organizzato da Presbyteri il 27 e 28 maggio. Tra i relatori il vescovo Maffeis"},"content":{"rendered":"<p>&#8220;<strong>Cos\u00ec posso ancora fare il parroco. <\/strong><strong>In cammino verso nuovi modelli<\/strong>&#8220;. \u00c8 il titolo del quinto <strong>Convegno<\/strong> organizzato dalla redazione di <strong><em>Presbyteri<\/em><\/strong>, rivista di spiritualit\u00e0 pastorale, in collaborazione con l\u2019<strong>Unione Apostolica del Clero.<\/strong> Quest&#8217;anno l&#8217;evento si terr\u00e0 esclusivamente <strong>online<\/strong> nelle mattine di luned\u00ec <strong>27 <\/strong>e marted\u00ec<strong> 28 maggio<\/strong>, dalle ore<strong> 10.00<\/strong> alle<strong> 12.30<\/strong>. Tra i relatori anche il vescovo trentino di Perugia-Citt\u00e0 della Pieve monsignor Ivan Maffeis.<\/p>\n<h4>Tema della quinta edizione<\/h4>\n<p>Gli interventi di questa edizione partono da domande e provocazioni che emergono spesso: <strong>in che modo \u00e8 ancora possibile fare il parroco oggi?<\/strong> <strong>Quale comunit\u00e0 cristiana per il futuro?<\/strong> Si stanno sperimentando <strong>altre possibili forme per la cura pastorale<\/strong> che <strong>non ruotino<\/strong> necessariamente attorno all\u2019<strong>unica figura del parroco?<\/strong><\/p>\n<p>La diminuzione del numero dei presbiteri e dei praticanti \u00e8 certamente stimolo a sperimentazioni pastorali che coinvolgano maggiormente diaconi, laici, religiosi e religiose, ma ci\u00f2 che pu\u00f2 portare a un vero cambiamento non \u00e8 certo la necessit\u00e0 di tamponare emergenze dovute alla mancanza di preti, ma la volont\u00e0 di camminare verso un volto pi\u00f9 ministeriale della comunit\u00e0 cristiana, in un clima di corresponsabilit\u00e0 e rispetto per il bene di tutti.<\/p>\n<h3>Programma<\/h3>\n<p><img loading=\"lazy\" decoding=\"async\" class=\"wp-image-2267 size-medium alignleft\" src=\"https:\/\/www.diocesitn.it\/wp-content\/uploads\/sites\/12\/2024\/05\/Locandina-Presbitery-212x300.jpg\" alt=\"\" width=\"212\" height=\"300\" srcset=\"https:\/\/www.diocesitn.it\/clero\/wp-content\/uploads\/sites\/12\/2024\/05\/Locandina-Presbitery-212x300.jpg 212w, https:\/\/www.diocesitn.it\/clero\/wp-content\/uploads\/sites\/12\/2024\/05\/Locandina-Presbitery-198x280.jpg 198w, https:\/\/www.diocesitn.it\/clero\/wp-content\/uploads\/sites\/12\/2024\/05\/Locandina-Presbitery.jpg 426w\" sizes=\"auto, (max-width: 212px) 100vw, 212px\" \/>Nella<strong> prima giornata<\/strong> mons. <strong>Roberto Repole<\/strong>, arcivescovo di Torino e vescovo di Susa, e <strong>Fabrizio Carletti<\/strong> del Centro Studi Missione Emmaus aiuteranno a riflettere su <em>Cosa e come cambiare per \u201cfare ancora il parroco\u201d<\/em>, affrontando il tema dal punto di vista teologico e culturale-formativo.<\/p>\n<p>Nella <strong>seconda mattinata<\/strong> il diacono <strong>Andrea Sartori<\/strong>, mons. <strong>Ivan Maffeis<\/strong> e suor <strong>Plautilla Brizzolara<\/strong> presenteranno forme e progetti alternativi per la cura pastorale del popolo di Dio che si stanno sperimentando rispettivamente a Roma, Perugia-Citt\u00e0 della Pieve, Parma. Dialogher\u00e0 con loro don <strong>Francesco Zaccaria<\/strong>, pastoralista della Diocesi di Conversano-Monopoli.<\/p>\n<p>Il convegno &#8211; moderato da don <strong>Stefano Zeni<\/strong>, direttore dell&#8217;ISSR Guardini di Trento\u00a0 e membro della Redazione di <em>Presbyteri<\/em>\u00a0 &#8211; sar\u00e0 visibile attraverso il canale <em>YouTube<\/em> della Rivista, raggiungibile del sito <a href=\"http:\/\/www.presbyteri.it\">www.presbyteri.it<\/a>.<\/p>\n<p><iframe loading=\"lazy\" title=\"Cos\u00ec posso ancora fare il parroco. In cammino verso nuovi modelli\" width=\"800\" height=\"450\" src=\"https:\/\/www.youtube.com\/embed\/IRnNPt-nDfA?feature=oembed\" frameborder=\"0\" allow=\"accelerometer; autoplay; clipboard-write; encrypted-media; gyroscope; picture-in-picture; web-share\" referrerpolicy=\"strict-origin-when-cross-origin\" allowfullscreen><\/iframe><\/p>\n<p>&nbsp;<\/p>\n","protected":false},"excerpt":{"rendered":"<p>&#8220;Cos\u00ec posso ancora fare il parroco. In cammino verso nuovi modelli&#8220;. \u00c8 il titolo del quinto Convegno organizzato dalla redazione di Presbyteri, rivista di spiritualit\u00e0 pastorale, in collaborazione con l\u2019Unione Apostolica del Clero. Quest&#8217;anno l&#8217;evento<\/p>\n","protected":false},"author":177,"featured_media":2229,"comment_status":"closed","ping_status":"closed","sticky":false,"template":"","format":"standard","meta":{"footnotes":""},"categories":[275,279],"tags":[347,381],"class_list":["post-2227","post","type-post","status-publish","format-standard","has-post-thumbnail","hentry","category-clero","category-notizie","tag-don-ivan-maffeis","tag-presbitery"],"acf":{"seed-localization-paese-cod":"IT","seed-localization-address":"","seed-localization-citta":"Trento","seed-localization-regione-cod-istat":"04","seed-localization-citta-cod-istat":"022205","seed-localization-localita":"","seed-localization-cap":"","seed-localization-marker-visibility":false,"seed-localization-children-visibility":false,"seed-localization-kml":"","seed-localization-custom-marker":""},"yoast_head":"<!-- This site is optimized with the Yoast SEO Premium plugin v20.2.1 (Yoast SEO v22.2) - https:\/\/yoast.com\/wordpress\/plugins\/seo\/ -->\n<title>Convegno organizzato dalla Redazione di\u00a0Presbyteri<\/title>\n<meta name=\"description\" content=\"Convegno organizzato dalla Redazione di\u00a0Presbyteri: &quot;Cos\u00ec posso ancora fare il parroco&quot;, nelle mattine del 27 e 28 maggio online\" \/>\n<meta name=\"robots\" content=\"index, follow, max-snippet:-1, max-image-preview:large, max-video-preview:-1\" \/>\n<link rel=\"canonical\" href=\"https:\/\/www.diocesitn.it\/clero\/2024\/04\/15\/convegno-organizzato-dalla-redazione-di-presbyteri\/\" \/>\n<meta property=\"og:locale\" content=\"it_IT\" \/>\n<meta property=\"og:type\" content=\"article\" \/>\n<meta property=\"og:title\" content=\"Parroci e comunit\u00e0, verso nuovi modelli. Convegno organizzato da Presbyteri il 27 e 28 maggio. Tra i relatori il vescovo Maffeis\" \/>\n<meta property=\"og:description\" content=\"Convegno organizzato dalla Redazione di\u00a0Presbyteri: &quot;Cos\u00ec posso ancora fare il parroco&quot;, nelle mattine del 27 e 28 maggio online\" \/>\n<meta property=\"og:url\" content=\"https:\/\/www.diocesitn.it\/clero\/2024\/04\/15\/convegno-organizzato-dalla-redazione-di-presbyteri\/\" \/>\n<meta property=\"og:site_name\" content=\"Clero\" \/>\n<meta property=\"article:published_time\" content=\"2024-04-15T08:43:02+00:00\" \/>\n<meta property=\"article:modified_time\" content=\"2024-05-23T11:40:13+00:00\" \/>\n<meta property=\"og:image\" content=\"https:\/\/www.diocesitn.it\/clero\/wp-content\/uploads\/sites\/12\/2024\/04\/vescovo_Ivan_5_web-1.jpg\" \/>\n\t<meta property=\"og:image:width\" content=\"650\" \/>\n\t<meta property=\"og:image:height\" content=\"430\" \/>\n\t<meta property=\"og:image:type\" content=\"image\/jpeg\" \/>\n<meta name=\"author\" content=\"cweiss\" \/>\n<meta name=\"twitter:card\" content=\"summary_large_image\" \/>\n<meta name=\"twitter:label1\" content=\"Scritto da\" \/>\n\t<meta name=\"twitter:data1\" content=\"cweiss\" \/>\n\t<meta name=\"twitter:label2\" content=\"Tempo di lettura stimato\" \/>\n\t<meta name=\"twitter:data2\" content=\"3 minuti\" \/>\n<script type=\"application\/ld+json\" class=\"yoast-schema-graph\">{\"@context\":\"https:\/\/schema.org\",\"@graph\":[{\"@type\":\"WebPage\",\"@id\":\"https:\/\/www.diocesitn.it\/clero\/2024\/04\/15\/convegno-organizzato-dalla-redazione-di-presbyteri\/\",\"url\":\"https:\/\/www.diocesitn.it\/clero\/2024\/04\/15\/convegno-organizzato-dalla-redazione-di-presbyteri\/\",\"name\":\"Convegno organizzato dalla Redazione di\u00a0Presbyteri\",\"isPartOf\":{\"@id\":\"https:\/\/www.diocesitn.it\/clero\/#website\"},\"primaryImageOfPage\":{\"@id\":\"https:\/\/www.diocesitn.it\/clero\/2024\/04\/15\/convegno-organizzato-dalla-redazione-di-presbyteri\/#primaryimage\"},\"image\":{\"@id\":\"https:\/\/www.diocesitn.it\/clero\/2024\/04\/15\/convegno-organizzato-dalla-redazione-di-presbyteri\/#primaryimage\"},\"thumbnailUrl\":\"https:\/\/www.diocesitn.it\/clero\/wp-content\/uploads\/sites\/12\/2024\/04\/vescovo_Ivan_5_web-1.jpg\",\"datePublished\":\"2024-04-15T08:43:02+00:00\",\"dateModified\":\"2024-05-23T11:40:13+00:00\",\"author\":{\"@id\":\"https:\/\/www.diocesitn.it\/clero\/#\/schema\/person\/4d1771273d5fc5c33cf486f49f0d18fb\"},\"description\":\"Convegno organizzato dalla Redazione di\u00a0Presbyteri: \\\"Cos\u00ec posso ancora fare il parroco\\\", nelle mattine del 27 e 28 maggio online\",\"breadcrumb\":{\"@id\":\"https:\/\/www.diocesitn.it\/clero\/2024\/04\/15\/convegno-organizzato-dalla-redazione-di-presbyteri\/#breadcrumb\"},\"inLanguage\":\"it-IT\",\"potentialAction\":[{\"@type\":\"ReadAction\",\"target\":[\"https:\/\/www.diocesitn.it\/clero\/2024\/04\/15\/convegno-organizzato-dalla-redazione-di-presbyteri\/\"]}]},{\"@type\":\"ImageObject\",\"inLanguage\":\"it-IT\",\"@id\":\"https:\/\/www.diocesitn.it\/clero\/2024\/04\/15\/convegno-organizzato-dalla-redazione-di-presbyteri\/#primaryimage\",\"url\":\"https:\/\/www.diocesitn.it\/clero\/wp-content\/uploads\/sites\/12\/2024\/04\/vescovo_Ivan_5_web-1.jpg\",\"contentUrl\":\"https:\/\/www.diocesitn.it\/clero\/wp-content\/uploads\/sites\/12\/2024\/04\/vescovo_Ivan_5_web-1.jpg\",\"width\":650,\"height\":430},{\"@type\":\"BreadcrumbList\",\"@id\":\"https:\/\/www.diocesitn.it\/clero\/2024\/04\/15\/convegno-organizzato-dalla-redazione-di-presbyteri\/#breadcrumb\",\"itemListElement\":[{\"@type\":\"ListItem\",\"position\":1,\"name\":\"Home\",\"item\":\"https:\/\/www.diocesitn.it\/clero\/\"},{\"@type\":\"ListItem\",\"position\":2,\"name\":\"Parroci e comunit\u00e0, verso nuovi modelli. Convegno organizzato da Presbyteri il 27 e 28 maggio. Tra i relatori il vescovo Maffeis\"}]},{\"@type\":\"WebSite\",\"@id\":\"https:\/\/www.diocesitn.it\/clero\/#website\",\"url\":\"https:\/\/www.diocesitn.it\/clero\/\",\"name\":\"Clero\",\"description\":\"Chiesa di TRENTO\",\"potentialAction\":[{\"@type\":\"SearchAction\",\"target\":{\"@type\":\"EntryPoint\",\"urlTemplate\":\"https:\/\/www.diocesitn.it\/clero\/?s={search_term_string}\"},\"query-input\":\"required name=search_term_string\"}],\"inLanguage\":\"it-IT\"},{\"@type\":\"ImageObject\",\"inLanguage\":\"it-IT\",\"@id\":\"https:\/\/www.diocesitn.it\/clero\/2024\/04\/15\/convegno-organizzato-dalla-redazione-di-presbyteri\/#local-main-organization-logo\",\"url\":\"\",\"contentUrl\":\"\",\"caption\":\"Clero\"}]}<\/script>\n<!-- \/ Yoast SEO Premium plugin. -->","yoast_head_json":{"title":"Convegno organizzato dalla Redazione di\u00a0Presbyteri","description":"Convegno organizzato dalla Redazione di\u00a0Presbyteri: \"Cos\u00ec posso ancora fare il parroco\", nelle mattine del 27 e 28 maggio online","robots":{"index":"index","follow":"follow","max-snippet":"max-snippet:-1","max-image-preview":"max-image-preview:large","max-video-preview":"max-video-preview:-1"},"canonical":"https:\/\/www.diocesitn.it\/clero\/2024\/04\/15\/convegno-organizzato-dalla-redazione-di-presbyteri\/","og_locale":"it_IT","og_type":"article","og_title":"Parroci e comunit\u00e0, verso nuovi modelli. Convegno organizzato da Presbyteri il 27 e 28 maggio. Tra i relatori il vescovo Maffeis","og_description":"Convegno organizzato dalla Redazione di\u00a0Presbyteri: \"Cos\u00ec posso ancora fare il parroco\", nelle mattine del 27 e 28 maggio online","og_url":"https:\/\/www.diocesitn.it\/clero\/2024\/04\/15\/convegno-organizzato-dalla-redazione-di-presbyteri\/","og_site_name":"Clero","article_published_time":"2024-04-15T08:43:02+00:00","article_modified_time":"2024-05-23T11:40:13+00:00","og_image":[{"width":650,"height":430,"url":"https:\/\/www.diocesitn.it\/clero\/wp-content\/uploads\/sites\/12\/2024\/04\/vescovo_Ivan_5_web-1.jpg","type":"image\/jpeg"}],"author":"cweiss","twitter_card":"summary_large_image","twitter_misc":{"Scritto da":"cweiss","Tempo di lettura stimato":"3 minuti"},"schema":{"@context":"https:\/\/schema.org","@graph":[{"@type":"WebPage","@id":"https:\/\/www.diocesitn.it\/clero\/2024\/04\/15\/convegno-organizzato-dalla-redazione-di-presbyteri\/","url":"https:\/\/www.diocesitn.it\/clero\/2024\/04\/15\/convegno-organizzato-dalla-redazione-di-presbyteri\/","name":"Convegno organizzato dalla Redazione di\u00a0Presbyteri","isPartOf":{"@id":"https:\/\/www.diocesitn.it\/clero\/#website"},"primaryImageOfPage":{"@id":"https:\/\/www.diocesitn.it\/clero\/2024\/04\/15\/convegno-organizzato-dalla-redazione-di-presbyteri\/#primaryimage"},"image":{"@id":"https:\/\/www.diocesitn.it\/clero\/2024\/04\/15\/convegno-organizzato-dalla-redazione-di-presbyteri\/#primaryimage"},"thumbnailUrl":"https:\/\/www.diocesitn.it\/clero\/wp-content\/uploads\/sites\/12\/2024\/04\/vescovo_Ivan_5_web-1.jpg","datePublished":"2024-04-15T08:43:02+00:00","dateModified":"2024-05-23T11:40:13+00:00","author":{"@id":"https:\/\/www.diocesitn.it\/clero\/#\/schema\/person\/4d1771273d5fc5c33cf486f49f0d18fb"},"description":"Convegno organizzato dalla Redazione di\u00a0Presbyteri: \"Cos\u00ec posso ancora fare il parroco\", nelle mattine del 27 e 28 maggio online","breadcrumb":{"@id":"https:\/\/www.diocesitn.it\/clero\/2024\/04\/15\/convegno-organizzato-dalla-redazione-di-presbyteri\/#breadcrumb"},"inLanguage":"it-IT","potentialAction":[{"@type":"ReadAction","target":["https:\/\/www.diocesitn.it\/clero\/2024\/04\/15\/convegno-organizzato-dalla-redazione-di-presbyteri\/"]}]},{"@type":"ImageObject","inLanguage":"it-IT","@id":"https:\/\/www.diocesitn.it\/clero\/2024\/04\/15\/convegno-organizzato-dalla-redazione-di-presbyteri\/#primaryimage","url":"https:\/\/www.diocesitn.it\/clero\/wp-content\/uploads\/sites\/12\/2024\/04\/vescovo_Ivan_5_web-1.jpg","contentUrl":"https:\/\/www.diocesitn.it\/clero\/wp-content\/uploads\/sites\/12\/2024\/04\/vescovo_Ivan_5_web-1.jpg","width":650,"height":430},{"@type":"BreadcrumbList","@id":"https:\/\/www.diocesitn.it\/clero\/2024\/04\/15\/convegno-organizzato-dalla-redazione-di-presbyteri\/#breadcrumb","itemListElement":[{"@type":"ListItem","position":1,"name":"Home","item":"https:\/\/www.diocesitn.it\/clero\/"},{"@type":"ListItem","position":2,"name":"Parroci e comunit\u00e0, verso nuovi modelli. Convegno organizzato da Presbyteri il 27 e 28 maggio. Tra i relatori il vescovo Maffeis"}]},{"@type":"WebSite","@id":"https:\/\/www.diocesitn.it\/clero\/#website","url":"https:\/\/www.diocesitn.it\/clero\/","name":"Clero","description":"Chiesa di TRENTO","potentialAction":[{"@type":"SearchAction","target":{"@type":"EntryPoint","urlTemplate":"https:\/\/www.diocesitn.it\/clero\/?s={search_term_string}"},"query-input":"required name=search_term_string"}],"inLanguage":"it-IT"},{"@type":"ImageObject","inLanguage":"it-IT","@id":"https:\/\/www.diocesitn.it\/clero\/2024\/04\/15\/convegno-organizzato-dalla-redazione-di-presbyteri\/#local-main-organization-logo","url":"","contentUrl":"","caption":"Clero"}]}},"_links":{"self":[{"href":"https:\/\/www.diocesitn.it\/clero\/wp-json\/wp\/v2\/posts\/2227","targetHints":{"allow":["GET"]}}],"collection":[{"href":"https:\/\/www.diocesitn.it\/clero\/wp-json\/wp\/v2\/posts"}],"about":[{"href":"https:\/\/www.diocesitn.it\/clero\/wp-json\/wp\/v2\/types\/post"}],"author":[{"embeddable":true,"href":"https:\/\/www.diocesitn.it\/clero\/wp-json\/wp\/v2\/users\/177"}],"replies":[{"embeddable":true,"href":"https:\/\/www.diocesitn.it\/clero\/wp-json\/wp\/v2\/comments?post=2227"}],"version-history":[{"count":3,"href":"https:\/\/www.diocesitn.it\/clero\/wp-json\/wp\/v2\/posts\/2227\/revisions"}],"predecessor-version":[{"id":2268,"href":"https:\/\/www.diocesitn.it\/clero\/wp-json\/wp\/v2\/posts\/2227\/revisions\/2268"}],"wp:featuredmedia":[{"embeddable":true,"href":"https:\/\/www.diocesitn.it\/clero\/wp-json\/wp\/v2\/media\/2229"}],"wp:attachment":[{"href":"https:\/\/www.diocesitn.it\/clero\/wp-json\/wp\/v2\/media?parent=2227"}],"wp:term":[{"taxonomy":"category","embeddable":true,"href":"https:\/\/www.diocesitn.it\/clero\/wp-json\/wp\/v2\/categories?post=2227"},{"taxonomy":"post_tag","embeddable":true,"href":"https:\/\/www.diocesitn.it\/clero\/wp-json\/wp\/v2\/tags?post=2227"}],"curies":[{"name":"wp","href":"https:\/\/api.w.org\/{rel}","templated":true}]}}