{"id":2141,"date":"2024-01-22T14:53:12","date_gmt":"2024-01-22T13:53:12","guid":{"rendered":"https:\/\/www.diocesitn.it\/clero\/2024\/01\/22\/formazione-del-clero-mercoledi-24-ce-fumagalli-su-identita-sessuale-e-antropologia-cristiana\/"},"modified":"2024-01-22T14:56:34","modified_gmt":"2024-01-22T13:56:34","slug":"formazione-del-clero-mercoledi-24-ce-fumagalli-su-identita-sessuale-e-antropologia-cristiana","status":"publish","type":"post","link":"https:\/\/www.diocesitn.it\/clero\/2024\/01\/22\/formazione-del-clero-mercoledi-24-ce-fumagalli-su-identita-sessuale-e-antropologia-cristiana\/","title":{"rendered":"Formazione del clero, mercoled\u00ec 24 c&#8217;\u00e8 Fumagalli su &#8220;Identit\u00e0 sessuale e antropologia cristiana&#8221;"},"content":{"rendered":"<p>Nuovo <strong>appuntamento formativo<\/strong> per il <strong>clero trentino<\/strong> mercoled\u00ec <strong>24 gennaio <\/strong>alle <strong>ore 9:30 <\/strong>presso il <strong>Seminario diocesano <\/strong>(aula magna). Interverr\u00e0 <strong>don Aristide Fumagalli<\/strong>, moralista della diocesi di Milano, che tratter\u00e0 un tema di grande attualit\u00e0, di sempre maggiore rilevanza anche dal punto di vista pastorale e spirituale: \u201c<strong>Identit\u00e0 sessuale e antropologia cristiana<\/strong>\u201d.<\/p>\n<p>Presbitero ambrosiano dal 1991, Aristide Fumagalli ha conseguito il dottorato in teologia presso la Pontificia Universit\u00e0 Gregoriana di Roma. \u00c8 docente di Teologia morale presso il Seminario Arcivescovile (Venegono Inferiore), la Facolt\u00e0 Teologica dell\u2019Italia Settentrionale e l\u2019Istituto Superiore di Scienze Religiose di Milano. Risiede e presta la sua collaborazione pastorale presso la Parrocchia del S. Curato d&#8217;Ars in Milano, nel quartiere periferico Giambellino.<\/p>\n<p>Qui il <a href=\"https:\/\/www.diocesitn.it\/clero\/2023\/09\/21\/formazione-per-il-clero-trentino-le-date-dellanno-pastorale-2023-2024\/\"><strong>programma annuale<\/strong> <\/a>completo della formazione del clero trentino.<\/p>\n","protected":false},"excerpt":{"rendered":"<p>Nuovo appuntamento formativo per il clero trentino mercoled\u00ec 24 gennaio alle ore 9:30 presso il Seminario diocesano (aula magna). Interverr\u00e0 don Aristide Fumagalli, moralista della diocesi di Milano, che tratter\u00e0 un tema di grande attualit\u00e0,<\/p>\n","protected":false},"author":3,"featured_media":2142,"comment_status":"closed","ping_status":"closed","sticky":false,"template":"","format":"standard","meta":{"footnotes":""},"categories":[275,357,279],"tags":[368,283,288],"class_list":["post-2141","post","type-post","status-publish","format-standard","has-post-thumbnail","hentry","category-clero","category-servizio-formazione","category-notizie","tag-aristide-fumagalli","tag-clero","tag-formazione"],"acf":{"seed-localization-paese-cod":"IT","seed-localization-address":"","seed-localization-citta":"Trento","seed-localization-regione-cod-istat":"04","seed-localization-citta-cod-istat":"022205","seed-localization-localita":"","seed-localization-cap":"","seed-localization-marker-visibility":false,"seed-localization-children-visibility":false,"seed-localization-kml":"","seed-localization-custom-marker":""},"yoast_head":"<!-- This site is optimized with the Yoast SEO Premium plugin v20.2.1 (Yoast SEO v22.2) - https:\/\/yoast.com\/wordpress\/plugins\/seo\/ -->\n<title>Formazione del clero, mercoled\u00ec 24 c&#039;\u00e8 Fumagalli su &quot;Identit\u00e0 sessuale e antropologia cristiana&quot; - Clero<\/title>\n<meta name=\"robots\" content=\"index, follow, max-snippet:-1, max-image-preview:large, max-video-preview:-1\" \/>\n<link rel=\"canonical\" href=\"https:\/\/www.diocesitn.it\/clero\/2024\/01\/22\/formazione-del-clero-mercoledi-24-ce-fumagalli-su-identita-sessuale-e-antropologia-cristiana\/\" \/>\n<meta property=\"og:locale\" content=\"it_IT\" \/>\n<meta property=\"og:type\" content=\"article\" \/>\n<meta property=\"og:title\" content=\"Formazione del clero, mercoled\u00ec 24 c&#039;\u00e8 Fumagalli su &quot;Identit\u00e0 sessuale e antropologia cristiana&quot;\" \/>\n<meta property=\"og:description\" content=\"Nuovo appuntamento formativo per il clero trentino mercoled\u00ec 24 gennaio alle ore 9:30 presso il Seminario diocesano (aula magna). Interverr\u00e0 don Aristide Fumagalli, moralista della diocesi di Milano, che tratter\u00e0 un tema di grande attualit\u00e0,\" \/>\n<meta property=\"og:url\" content=\"https:\/\/www.diocesitn.it\/clero\/2024\/01\/22\/formazione-del-clero-mercoledi-24-ce-fumagalli-su-identita-sessuale-e-antropologia-cristiana\/\" \/>\n<meta property=\"og:site_name\" content=\"Clero\" \/>\n<meta property=\"article:published_time\" content=\"2024-01-22T13:53:12+00:00\" \/>\n<meta property=\"article:modified_time\" content=\"2024-01-22T13:56:34+00:00\" \/>\n<meta property=\"og:image\" content=\"https:\/\/www.diocesitn.it\/clero\/wp-content\/uploads\/sites\/12\/2024\/01\/don-Aristide-Fumagalli-e1705931576971.png\" \/>\n\t<meta property=\"og:image:width\" content=\"751\" \/>\n\t<meta property=\"og:image:height\" content=\"465\" \/>\n\t<meta property=\"og:image:type\" content=\"image\/png\" \/>\n<meta name=\"author\" content=\"Piergiorgio Franceschini\" \/>\n<meta name=\"twitter:card\" content=\"summary_large_image\" \/>\n<meta name=\"twitter:label1\" content=\"Scritto da\" \/>\n\t<meta name=\"twitter:data1\" content=\"Piergiorgio Franceschini\" \/>\n\t<meta name=\"twitter:label2\" content=\"Tempo di lettura stimato\" \/>\n\t<meta name=\"twitter:data2\" content=\"1 minuto\" \/>\n<script type=\"application\/ld+json\" class=\"yoast-schema-graph\">{\"@context\":\"https:\/\/schema.org\",\"@graph\":[{\"@type\":\"WebPage\",\"@id\":\"https:\/\/www.diocesitn.it\/clero\/2024\/01\/22\/formazione-del-clero-mercoledi-24-ce-fumagalli-su-identita-sessuale-e-antropologia-cristiana\/\",\"url\":\"https:\/\/www.diocesitn.it\/clero\/2024\/01\/22\/formazione-del-clero-mercoledi-24-ce-fumagalli-su-identita-sessuale-e-antropologia-cristiana\/\",\"name\":\"Formazione del clero, mercoled\u00ec 24 c'\u00e8 Fumagalli su \\\"Identit\u00e0 sessuale e antropologia cristiana\\\" - Clero\",\"isPartOf\":{\"@id\":\"https:\/\/www.diocesitn.it\/clero\/#website\"},\"primaryImageOfPage\":{\"@id\":\"https:\/\/www.diocesitn.it\/clero\/2024\/01\/22\/formazione-del-clero-mercoledi-24-ce-fumagalli-su-identita-sessuale-e-antropologia-cristiana\/#primaryimage\"},\"image\":{\"@id\":\"https:\/\/www.diocesitn.it\/clero\/2024\/01\/22\/formazione-del-clero-mercoledi-24-ce-fumagalli-su-identita-sessuale-e-antropologia-cristiana\/#primaryimage\"},\"thumbnailUrl\":\"https:\/\/www.diocesitn.it\/clero\/wp-content\/uploads\/sites\/12\/2024\/01\/don-Aristide-Fumagalli-e1705931576971.png\",\"datePublished\":\"2024-01-22T13:53:12+00:00\",\"dateModified\":\"2024-01-22T13:56:34+00:00\",\"author\":{\"@id\":\"https:\/\/www.diocesitn.it\/clero\/#\/schema\/person\/99590c84577873a025247b6aeb16ad2e\"},\"breadcrumb\":{\"@id\":\"https:\/\/www.diocesitn.it\/clero\/2024\/01\/22\/formazione-del-clero-mercoledi-24-ce-fumagalli-su-identita-sessuale-e-antropologia-cristiana\/#breadcrumb\"},\"inLanguage\":\"it-IT\",\"potentialAction\":[{\"@type\":\"ReadAction\",\"target\":[\"https:\/\/www.diocesitn.it\/clero\/2024\/01\/22\/formazione-del-clero-mercoledi-24-ce-fumagalli-su-identita-sessuale-e-antropologia-cristiana\/\"]}]},{\"@type\":\"ImageObject\",\"inLanguage\":\"it-IT\",\"@id\":\"https:\/\/www.diocesitn.it\/clero\/2024\/01\/22\/formazione-del-clero-mercoledi-24-ce-fumagalli-su-identita-sessuale-e-antropologia-cristiana\/#primaryimage\",\"url\":\"https:\/\/www.diocesitn.it\/clero\/wp-content\/uploads\/sites\/12\/2024\/01\/don-Aristide-Fumagalli-e1705931576971.png\",\"contentUrl\":\"https:\/\/www.diocesitn.it\/clero\/wp-content\/uploads\/sites\/12\/2024\/01\/don-Aristide-Fumagalli-e1705931576971.png\",\"width\":751,\"height\":465},{\"@type\":\"BreadcrumbList\",\"@id\":\"https:\/\/www.diocesitn.it\/clero\/2024\/01\/22\/formazione-del-clero-mercoledi-24-ce-fumagalli-su-identita-sessuale-e-antropologia-cristiana\/#breadcrumb\",\"itemListElement\":[{\"@type\":\"ListItem\",\"position\":1,\"name\":\"Home\",\"item\":\"https:\/\/www.diocesitn.it\/clero\/\"},{\"@type\":\"ListItem\",\"position\":2,\"name\":\"Formazione del clero, mercoled\u00ec 24 c&#8217;\u00e8 Fumagalli su &#8220;Identit\u00e0 sessuale e antropologia cristiana&#8221;\"}]},{\"@type\":\"WebSite\",\"@id\":\"https:\/\/www.diocesitn.it\/clero\/#website\",\"url\":\"https:\/\/www.diocesitn.it\/clero\/\",\"name\":\"Clero\",\"description\":\"Chiesa di TRENTO\",\"potentialAction\":[{\"@type\":\"SearchAction\",\"target\":{\"@type\":\"EntryPoint\",\"urlTemplate\":\"https:\/\/www.diocesitn.it\/clero\/?s={search_term_string}\"},\"query-input\":\"required name=search_term_string\"}],\"inLanguage\":\"it-IT\"},{\"@type\":\"ImageObject\",\"inLanguage\":\"it-IT\",\"@id\":\"https:\/\/www.diocesitn.it\/clero\/2024\/01\/22\/formazione-del-clero-mercoledi-24-ce-fumagalli-su-identita-sessuale-e-antropologia-cristiana\/#local-main-organization-logo\",\"url\":\"\",\"contentUrl\":\"\",\"caption\":\"Clero\"}]}<\/script>\n<!-- \/ Yoast SEO Premium plugin. -->","yoast_head_json":{"title":"Formazione del clero, mercoled\u00ec 24 c'\u00e8 Fumagalli su \"Identit\u00e0 sessuale e antropologia cristiana\" - Clero","robots":{"index":"index","follow":"follow","max-snippet":"max-snippet:-1","max-image-preview":"max-image-preview:large","max-video-preview":"max-video-preview:-1"},"canonical":"https:\/\/www.diocesitn.it\/clero\/2024\/01\/22\/formazione-del-clero-mercoledi-24-ce-fumagalli-su-identita-sessuale-e-antropologia-cristiana\/","og_locale":"it_IT","og_type":"article","og_title":"Formazione del clero, mercoled\u00ec 24 c'\u00e8 Fumagalli su \"Identit\u00e0 sessuale e antropologia cristiana\"","og_description":"Nuovo appuntamento formativo per il clero trentino mercoled\u00ec 24 gennaio alle ore 9:30 presso il Seminario diocesano (aula magna). Interverr\u00e0 don Aristide Fumagalli, moralista della diocesi di Milano, che tratter\u00e0 un tema di grande attualit\u00e0,","og_url":"https:\/\/www.diocesitn.it\/clero\/2024\/01\/22\/formazione-del-clero-mercoledi-24-ce-fumagalli-su-identita-sessuale-e-antropologia-cristiana\/","og_site_name":"Clero","article_published_time":"2024-01-22T13:53:12+00:00","article_modified_time":"2024-01-22T13:56:34+00:00","og_image":[{"width":751,"height":465,"url":"https:\/\/www.diocesitn.it\/clero\/wp-content\/uploads\/sites\/12\/2024\/01\/don-Aristide-Fumagalli-e1705931576971.png","type":"image\/png"}],"author":"Piergiorgio Franceschini","twitter_card":"summary_large_image","twitter_misc":{"Scritto da":"Piergiorgio Franceschini","Tempo di lettura stimato":"1 minuto"},"schema":{"@context":"https:\/\/schema.org","@graph":[{"@type":"WebPage","@id":"https:\/\/www.diocesitn.it\/clero\/2024\/01\/22\/formazione-del-clero-mercoledi-24-ce-fumagalli-su-identita-sessuale-e-antropologia-cristiana\/","url":"https:\/\/www.diocesitn.it\/clero\/2024\/01\/22\/formazione-del-clero-mercoledi-24-ce-fumagalli-su-identita-sessuale-e-antropologia-cristiana\/","name":"Formazione del clero, mercoled\u00ec 24 c'\u00e8 Fumagalli su \"Identit\u00e0 sessuale e antropologia cristiana\" - Clero","isPartOf":{"@id":"https:\/\/www.diocesitn.it\/clero\/#website"},"primaryImageOfPage":{"@id":"https:\/\/www.diocesitn.it\/clero\/2024\/01\/22\/formazione-del-clero-mercoledi-24-ce-fumagalli-su-identita-sessuale-e-antropologia-cristiana\/#primaryimage"},"image":{"@id":"https:\/\/www.diocesitn.it\/clero\/2024\/01\/22\/formazione-del-clero-mercoledi-24-ce-fumagalli-su-identita-sessuale-e-antropologia-cristiana\/#primaryimage"},"thumbnailUrl":"https:\/\/www.diocesitn.it\/clero\/wp-content\/uploads\/sites\/12\/2024\/01\/don-Aristide-Fumagalli-e1705931576971.png","datePublished":"2024-01-22T13:53:12+00:00","dateModified":"2024-01-22T13:56:34+00:00","author":{"@id":"https:\/\/www.diocesitn.it\/clero\/#\/schema\/person\/99590c84577873a025247b6aeb16ad2e"},"breadcrumb":{"@id":"https:\/\/www.diocesitn.it\/clero\/2024\/01\/22\/formazione-del-clero-mercoledi-24-ce-fumagalli-su-identita-sessuale-e-antropologia-cristiana\/#breadcrumb"},"inLanguage":"it-IT","potentialAction":[{"@type":"ReadAction","target":["https:\/\/www.diocesitn.it\/clero\/2024\/01\/22\/formazione-del-clero-mercoledi-24-ce-fumagalli-su-identita-sessuale-e-antropologia-cristiana\/"]}]},{"@type":"ImageObject","inLanguage":"it-IT","@id":"https:\/\/www.diocesitn.it\/clero\/2024\/01\/22\/formazione-del-clero-mercoledi-24-ce-fumagalli-su-identita-sessuale-e-antropologia-cristiana\/#primaryimage","url":"https:\/\/www.diocesitn.it\/clero\/wp-content\/uploads\/sites\/12\/2024\/01\/don-Aristide-Fumagalli-e1705931576971.png","contentUrl":"https:\/\/www.diocesitn.it\/clero\/wp-content\/uploads\/sites\/12\/2024\/01\/don-Aristide-Fumagalli-e1705931576971.png","width":751,"height":465},{"@type":"BreadcrumbList","@id":"https:\/\/www.diocesitn.it\/clero\/2024\/01\/22\/formazione-del-clero-mercoledi-24-ce-fumagalli-su-identita-sessuale-e-antropologia-cristiana\/#breadcrumb","itemListElement":[{"@type":"ListItem","position":1,"name":"Home","item":"https:\/\/www.diocesitn.it\/clero\/"},{"@type":"ListItem","position":2,"name":"Formazione del clero, mercoled\u00ec 24 c&#8217;\u00e8 Fumagalli su &#8220;Identit\u00e0 sessuale e antropologia cristiana&#8221;"}]},{"@type":"WebSite","@id":"https:\/\/www.diocesitn.it\/clero\/#website","url":"https:\/\/www.diocesitn.it\/clero\/","name":"Clero","description":"Chiesa di TRENTO","potentialAction":[{"@type":"SearchAction","target":{"@type":"EntryPoint","urlTemplate":"https:\/\/www.diocesitn.it\/clero\/?s={search_term_string}"},"query-input":"required name=search_term_string"}],"inLanguage":"it-IT"},{"@type":"ImageObject","inLanguage":"it-IT","@id":"https:\/\/www.diocesitn.it\/clero\/2024\/01\/22\/formazione-del-clero-mercoledi-24-ce-fumagalli-su-identita-sessuale-e-antropologia-cristiana\/#local-main-organization-logo","url":"","contentUrl":"","caption":"Clero"}]}},"_links":{"self":[{"href":"https:\/\/www.diocesitn.it\/clero\/wp-json\/wp\/v2\/posts\/2141","targetHints":{"allow":["GET"]}}],"collection":[{"href":"https:\/\/www.diocesitn.it\/clero\/wp-json\/wp\/v2\/posts"}],"about":[{"href":"https:\/\/www.diocesitn.it\/clero\/wp-json\/wp\/v2\/types\/post"}],"author":[{"embeddable":true,"href":"https:\/\/www.diocesitn.it\/clero\/wp-json\/wp\/v2\/users\/3"}],"replies":[{"embeddable":true,"href":"https:\/\/www.diocesitn.it\/clero\/wp-json\/wp\/v2\/comments?post=2141"}],"version-history":[{"count":0,"href":"https:\/\/www.diocesitn.it\/clero\/wp-json\/wp\/v2\/posts\/2141\/revisions"}],"wp:featuredmedia":[{"embeddable":true,"href":"https:\/\/www.diocesitn.it\/clero\/wp-json\/wp\/v2\/media\/2142"}],"wp:attachment":[{"href":"https:\/\/www.diocesitn.it\/clero\/wp-json\/wp\/v2\/media?parent=2141"}],"wp:term":[{"taxonomy":"category","embeddable":true,"href":"https:\/\/www.diocesitn.it\/clero\/wp-json\/wp\/v2\/categories?post=2141"},{"taxonomy":"post_tag","embeddable":true,"href":"https:\/\/www.diocesitn.it\/clero\/wp-json\/wp\/v2\/tags?post=2141"}],"curies":[{"name":"wp","href":"https:\/\/api.w.org\/{rel}","templated":true}]}}