{"id":2134,"date":"2024-01-15T11:07:15","date_gmt":"2024-01-15T10:07:15","guid":{"rendered":"https:\/\/www.diocesitn.it\/clero\/?p=2134"},"modified":"2024-02-08T12:32:37","modified_gmt":"2024-02-08T11:32:37","slug":"giornata-mondiale-della-vita-consacrata-appuntamento-l1-febbraio-a-trento-in-santa-maria-maggiore","status":"publish","type":"post","link":"https:\/\/www.diocesitn.it\/clero\/2024\/01\/15\/giornata-mondiale-della-vita-consacrata-appuntamento-l1-febbraio-a-trento-in-santa-maria-maggiore\/","title":{"rendered":"Giornata Mondiale della vita consacrata, appuntamento l&#8217;1 febbraio a Trento in Santa Maria Maggiore"},"content":{"rendered":"<p>Gioved\u00ec 1 febbraio tutto il clero diocesano \u00e8 invitato a partecipare alla XXVIII Giornata Mondiale della Vita Consacrata: L&#8217;appuntamento \u00e8 per la celebrazione alle ore 17 in Santa Maria Maggiore a Trento, quando l&#8217;arcivescovo Lauro Tisi celebrer\u00e0 la santa messa.<\/p>\n<p>In quest\u2019occasione saranno celebrati anche alcuni giubilei di professione religiosa.<\/p>\n<p>Il titolo pensato per la giornata in diocesi di Trento \u00e8 &#8220;Per una chiesa sinodale&#8221;.<\/p>\n<p>Il programma 2023-2024 per la Vita Consacrata \u00e8 disponibile a <a href=\"https:\/\/www.diocesitn.it\/vitaconsacrata\/notizie\/programma-2023-2024-della-vita-consacrata-per-una-chiesa-sinodale\/\">QUESTO LINK<\/a>.<\/p>\n<p><a href=\"https:\/\/www.diocesitn.it\/clero\/wp-content\/uploads\/sites\/12\/2024\/01\/01-Febbraio-2024-Locandina-invito-002-scaled.jpg\"><img loading=\"lazy\" decoding=\"async\" class=\"wp-image-2135 aligncenter\" src=\"https:\/\/www.diocesitn.it\/clero\/wp-content\/uploads\/sites\/12\/2024\/01\/01-Febbraio-2024-Locandina-invito-002-722x1024.jpg\" alt=\"\" width=\"512\" height=\"726\" srcset=\"https:\/\/www.diocesitn.it\/clero\/wp-content\/uploads\/sites\/12\/2024\/01\/01-Febbraio-2024-Locandina-invito-002-722x1024.jpg 722w, https:\/\/www.diocesitn.it\/clero\/wp-content\/uploads\/sites\/12\/2024\/01\/01-Febbraio-2024-Locandina-invito-002-212x300.jpg 212w, https:\/\/www.diocesitn.it\/clero\/wp-content\/uploads\/sites\/12\/2024\/01\/01-Febbraio-2024-Locandina-invito-002-768x1089.jpg 768w, https:\/\/www.diocesitn.it\/clero\/wp-content\/uploads\/sites\/12\/2024\/01\/01-Febbraio-2024-Locandina-invito-002-197x280.jpg 197w, https:\/\/www.diocesitn.it\/clero\/wp-content\/uploads\/sites\/12\/2024\/01\/01-Febbraio-2024-Locandina-invito-002-542x768.jpg 542w, https:\/\/www.diocesitn.it\/clero\/wp-content\/uploads\/sites\/12\/2024\/01\/01-Febbraio-2024-Locandina-invito-002-1083x1536.jpg 1083w, https:\/\/www.diocesitn.it\/clero\/wp-content\/uploads\/sites\/12\/2024\/01\/01-Febbraio-2024-Locandina-invito-002-1444x2048.jpg 1444w, https:\/\/www.diocesitn.it\/clero\/wp-content\/uploads\/sites\/12\/2024\/01\/01-Febbraio-2024-Locandina-invito-002-800x1135.jpg 800w, https:\/\/www.diocesitn.it\/clero\/wp-content\/uploads\/sites\/12\/2024\/01\/01-Febbraio-2024-Locandina-invito-002-1200x1702.jpg 1200w, https:\/\/www.diocesitn.it\/clero\/wp-content\/uploads\/sites\/12\/2024\/01\/01-Febbraio-2024-Locandina-invito-002-scaled.jpg 1805w\" sizes=\"auto, (max-width: 512px) 100vw, 512px\" \/><\/a><\/p>\n","protected":false},"excerpt":{"rendered":"<p>Gioved\u00ec 1 febbraio tutto il clero diocesano \u00e8 invitato a partecipare alla XXVIII Giornata Mondiale della Vita Consacrata: L&#8217;appuntamento \u00e8 per la celebrazione alle ore 17 in Santa Maria Maggiore a Trento, quando l&#8217;arcivescovo Lauro<\/p>\n","protected":false},"author":168,"featured_media":2136,"comment_status":"closed","ping_status":"closed","sticky":false,"template":"","format":"standard","meta":{"footnotes":""},"categories":[275,279],"tags":[],"class_list":["post-2134","post","type-post","status-publish","format-standard","has-post-thumbnail","hentry","category-clero","category-notizie"],"acf":{"seed-localization-paese-cod":"","seed-localization-address":"","seed-localization-citta":"","seed-localization-regione-cod-istat":"","seed-localization-citta-cod-istat":"","seed-localization-localita":"","seed-localization-cap":"","seed-localization-marker-visibility":false,"seed-localization-children-visibility":false,"seed-localization-kml":"","seed-localization-custom-marker":""},"yoast_head":"<!-- This site is optimized with the Yoast SEO Premium plugin v20.2.1 (Yoast SEO v22.2) - https:\/\/yoast.com\/wordpress\/plugins\/seo\/ -->\n<title>Giornata Mondiale della vita consacrata, appuntamento l&#039;1 febbraio a Trento in Santa Maria Maggiore - Clero<\/title>\n<meta name=\"robots\" content=\"index, follow, max-snippet:-1, max-image-preview:large, max-video-preview:-1\" \/>\n<link rel=\"canonical\" href=\"https:\/\/www.diocesitn.it\/clero\/2024\/01\/15\/giornata-mondiale-della-vita-consacrata-appuntamento-l1-febbraio-a-trento-in-santa-maria-maggiore\/\" \/>\n<meta property=\"og:locale\" content=\"it_IT\" \/>\n<meta property=\"og:type\" content=\"article\" \/>\n<meta property=\"og:title\" content=\"Giornata Mondiale della vita consacrata, appuntamento l&#039;1 febbraio a Trento in Santa Maria Maggiore\" \/>\n<meta property=\"og:description\" content=\"Gioved\u00ec 1 febbraio tutto il clero diocesano \u00e8 invitato a partecipare alla XXVIII Giornata Mondiale della Vita Consacrata: L&#8217;appuntamento \u00e8 per la celebrazione alle ore 17 in Santa Maria Maggiore a Trento, quando l&#8217;arcivescovo Lauro\" \/>\n<meta property=\"og:url\" content=\"https:\/\/www.diocesitn.it\/clero\/2024\/01\/15\/giornata-mondiale-della-vita-consacrata-appuntamento-l1-febbraio-a-trento-in-santa-maria-maggiore\/\" \/>\n<meta property=\"og:site_name\" content=\"Clero\" \/>\n<meta property=\"article:published_time\" content=\"2024-01-15T10:07:15+00:00\" \/>\n<meta property=\"article:modified_time\" content=\"2024-02-08T11:32:37+00:00\" \/>\n<meta property=\"og:image\" content=\"https:\/\/www.diocesitn.it\/clero\/wp-content\/uploads\/sites\/12\/2024\/01\/religiosi_1febbraio2023_2-1200x900-1.jpg\" \/>\n\t<meta property=\"og:image:width\" content=\"1200\" \/>\n\t<meta property=\"og:image:height\" content=\"900\" \/>\n\t<meta property=\"og:image:type\" content=\"image\/jpeg\" \/>\n<meta name=\"author\" content=\"losspapot\" \/>\n<meta name=\"twitter:card\" content=\"summary_large_image\" \/>\n<meta name=\"twitter:label1\" content=\"Scritto da\" \/>\n\t<meta name=\"twitter:data1\" content=\"losspapot\" \/>\n\t<meta name=\"twitter:label2\" content=\"Tempo di lettura stimato\" \/>\n\t<meta name=\"twitter:data2\" content=\"1 minuto\" \/>\n<script type=\"application\/ld+json\" class=\"yoast-schema-graph\">{\"@context\":\"https:\/\/schema.org\",\"@graph\":[{\"@type\":\"WebPage\",\"@id\":\"https:\/\/www.diocesitn.it\/clero\/2024\/01\/15\/giornata-mondiale-della-vita-consacrata-appuntamento-l1-febbraio-a-trento-in-santa-maria-maggiore\/\",\"url\":\"https:\/\/www.diocesitn.it\/clero\/2024\/01\/15\/giornata-mondiale-della-vita-consacrata-appuntamento-l1-febbraio-a-trento-in-santa-maria-maggiore\/\",\"name\":\"Giornata Mondiale della vita consacrata, appuntamento l'1 febbraio a Trento in Santa Maria Maggiore - Clero\",\"isPartOf\":{\"@id\":\"https:\/\/www.diocesitn.it\/clero\/#website\"},\"primaryImageOfPage\":{\"@id\":\"https:\/\/www.diocesitn.it\/clero\/2024\/01\/15\/giornata-mondiale-della-vita-consacrata-appuntamento-l1-febbraio-a-trento-in-santa-maria-maggiore\/#primaryimage\"},\"image\":{\"@id\":\"https:\/\/www.diocesitn.it\/clero\/2024\/01\/15\/giornata-mondiale-della-vita-consacrata-appuntamento-l1-febbraio-a-trento-in-santa-maria-maggiore\/#primaryimage\"},\"thumbnailUrl\":\"https:\/\/www.diocesitn.it\/clero\/wp-content\/uploads\/sites\/12\/2024\/01\/religiosi_1febbraio2023_2-1200x900-1.jpg\",\"datePublished\":\"2024-01-15T10:07:15+00:00\",\"dateModified\":\"2024-02-08T11:32:37+00:00\",\"author\":{\"@id\":\"https:\/\/www.diocesitn.it\/clero\/#\/schema\/person\/3526ceacb35e1aa4c86252e45adfad22\"},\"breadcrumb\":{\"@id\":\"https:\/\/www.diocesitn.it\/clero\/2024\/01\/15\/giornata-mondiale-della-vita-consacrata-appuntamento-l1-febbraio-a-trento-in-santa-maria-maggiore\/#breadcrumb\"},\"inLanguage\":\"it-IT\",\"potentialAction\":[{\"@type\":\"ReadAction\",\"target\":[\"https:\/\/www.diocesitn.it\/clero\/2024\/01\/15\/giornata-mondiale-della-vita-consacrata-appuntamento-l1-febbraio-a-trento-in-santa-maria-maggiore\/\"]}]},{\"@type\":\"ImageObject\",\"inLanguage\":\"it-IT\",\"@id\":\"https:\/\/www.diocesitn.it\/clero\/2024\/01\/15\/giornata-mondiale-della-vita-consacrata-appuntamento-l1-febbraio-a-trento-in-santa-maria-maggiore\/#primaryimage\",\"url\":\"https:\/\/www.diocesitn.it\/clero\/wp-content\/uploads\/sites\/12\/2024\/01\/religiosi_1febbraio2023_2-1200x900-1.jpg\",\"contentUrl\":\"https:\/\/www.diocesitn.it\/clero\/wp-content\/uploads\/sites\/12\/2024\/01\/religiosi_1febbraio2023_2-1200x900-1.jpg\",\"width\":1200,\"height\":900},{\"@type\":\"BreadcrumbList\",\"@id\":\"https:\/\/www.diocesitn.it\/clero\/2024\/01\/15\/giornata-mondiale-della-vita-consacrata-appuntamento-l1-febbraio-a-trento-in-santa-maria-maggiore\/#breadcrumb\",\"itemListElement\":[{\"@type\":\"ListItem\",\"position\":1,\"name\":\"Home\",\"item\":\"https:\/\/www.diocesitn.it\/clero\/\"},{\"@type\":\"ListItem\",\"position\":2,\"name\":\"Giornata Mondiale della vita consacrata, appuntamento l&#8217;1 febbraio a Trento in Santa Maria Maggiore\"}]},{\"@type\":\"WebSite\",\"@id\":\"https:\/\/www.diocesitn.it\/clero\/#website\",\"url\":\"https:\/\/www.diocesitn.it\/clero\/\",\"name\":\"Clero\",\"description\":\"Chiesa di TRENTO\",\"potentialAction\":[{\"@type\":\"SearchAction\",\"target\":{\"@type\":\"EntryPoint\",\"urlTemplate\":\"https:\/\/www.diocesitn.it\/clero\/?s={search_term_string}\"},\"query-input\":\"required name=search_term_string\"}],\"inLanguage\":\"it-IT\"},{\"@type\":\"ImageObject\",\"inLanguage\":\"it-IT\",\"@id\":\"https:\/\/www.diocesitn.it\/clero\/2024\/01\/15\/giornata-mondiale-della-vita-consacrata-appuntamento-l1-febbraio-a-trento-in-santa-maria-maggiore\/#local-main-organization-logo\",\"url\":\"\",\"contentUrl\":\"\",\"caption\":\"Clero\"}]}<\/script>\n<!-- \/ Yoast SEO Premium plugin. -->","yoast_head_json":{"title":"Giornata Mondiale della vita consacrata, appuntamento l'1 febbraio a Trento in Santa Maria Maggiore - Clero","robots":{"index":"index","follow":"follow","max-snippet":"max-snippet:-1","max-image-preview":"max-image-preview:large","max-video-preview":"max-video-preview:-1"},"canonical":"https:\/\/www.diocesitn.it\/clero\/2024\/01\/15\/giornata-mondiale-della-vita-consacrata-appuntamento-l1-febbraio-a-trento-in-santa-maria-maggiore\/","og_locale":"it_IT","og_type":"article","og_title":"Giornata Mondiale della vita consacrata, appuntamento l'1 febbraio a Trento in Santa Maria Maggiore","og_description":"Gioved\u00ec 1 febbraio tutto il clero diocesano \u00e8 invitato a partecipare alla XXVIII Giornata Mondiale della Vita Consacrata: L&#8217;appuntamento \u00e8 per la celebrazione alle ore 17 in Santa Maria Maggiore a Trento, quando l&#8217;arcivescovo Lauro","og_url":"https:\/\/www.diocesitn.it\/clero\/2024\/01\/15\/giornata-mondiale-della-vita-consacrata-appuntamento-l1-febbraio-a-trento-in-santa-maria-maggiore\/","og_site_name":"Clero","article_published_time":"2024-01-15T10:07:15+00:00","article_modified_time":"2024-02-08T11:32:37+00:00","og_image":[{"width":1200,"height":900,"url":"https:\/\/www.diocesitn.it\/clero\/wp-content\/uploads\/sites\/12\/2024\/01\/religiosi_1febbraio2023_2-1200x900-1.jpg","type":"image\/jpeg"}],"author":"losspapot","twitter_card":"summary_large_image","twitter_misc":{"Scritto da":"losspapot","Tempo di lettura stimato":"1 minuto"},"schema":{"@context":"https:\/\/schema.org","@graph":[{"@type":"WebPage","@id":"https:\/\/www.diocesitn.it\/clero\/2024\/01\/15\/giornata-mondiale-della-vita-consacrata-appuntamento-l1-febbraio-a-trento-in-santa-maria-maggiore\/","url":"https:\/\/www.diocesitn.it\/clero\/2024\/01\/15\/giornata-mondiale-della-vita-consacrata-appuntamento-l1-febbraio-a-trento-in-santa-maria-maggiore\/","name":"Giornata Mondiale della vita consacrata, appuntamento l'1 febbraio a Trento in Santa Maria Maggiore - Clero","isPartOf":{"@id":"https:\/\/www.diocesitn.it\/clero\/#website"},"primaryImageOfPage":{"@id":"https:\/\/www.diocesitn.it\/clero\/2024\/01\/15\/giornata-mondiale-della-vita-consacrata-appuntamento-l1-febbraio-a-trento-in-santa-maria-maggiore\/#primaryimage"},"image":{"@id":"https:\/\/www.diocesitn.it\/clero\/2024\/01\/15\/giornata-mondiale-della-vita-consacrata-appuntamento-l1-febbraio-a-trento-in-santa-maria-maggiore\/#primaryimage"},"thumbnailUrl":"https:\/\/www.diocesitn.it\/clero\/wp-content\/uploads\/sites\/12\/2024\/01\/religiosi_1febbraio2023_2-1200x900-1.jpg","datePublished":"2024-01-15T10:07:15+00:00","dateModified":"2024-02-08T11:32:37+00:00","author":{"@id":"https:\/\/www.diocesitn.it\/clero\/#\/schema\/person\/3526ceacb35e1aa4c86252e45adfad22"},"breadcrumb":{"@id":"https:\/\/www.diocesitn.it\/clero\/2024\/01\/15\/giornata-mondiale-della-vita-consacrata-appuntamento-l1-febbraio-a-trento-in-santa-maria-maggiore\/#breadcrumb"},"inLanguage":"it-IT","potentialAction":[{"@type":"ReadAction","target":["https:\/\/www.diocesitn.it\/clero\/2024\/01\/15\/giornata-mondiale-della-vita-consacrata-appuntamento-l1-febbraio-a-trento-in-santa-maria-maggiore\/"]}]},{"@type":"ImageObject","inLanguage":"it-IT","@id":"https:\/\/www.diocesitn.it\/clero\/2024\/01\/15\/giornata-mondiale-della-vita-consacrata-appuntamento-l1-febbraio-a-trento-in-santa-maria-maggiore\/#primaryimage","url":"https:\/\/www.diocesitn.it\/clero\/wp-content\/uploads\/sites\/12\/2024\/01\/religiosi_1febbraio2023_2-1200x900-1.jpg","contentUrl":"https:\/\/www.diocesitn.it\/clero\/wp-content\/uploads\/sites\/12\/2024\/01\/religiosi_1febbraio2023_2-1200x900-1.jpg","width":1200,"height":900},{"@type":"BreadcrumbList","@id":"https:\/\/www.diocesitn.it\/clero\/2024\/01\/15\/giornata-mondiale-della-vita-consacrata-appuntamento-l1-febbraio-a-trento-in-santa-maria-maggiore\/#breadcrumb","itemListElement":[{"@type":"ListItem","position":1,"name":"Home","item":"https:\/\/www.diocesitn.it\/clero\/"},{"@type":"ListItem","position":2,"name":"Giornata Mondiale della vita consacrata, appuntamento l&#8217;1 febbraio a Trento in Santa Maria Maggiore"}]},{"@type":"WebSite","@id":"https:\/\/www.diocesitn.it\/clero\/#website","url":"https:\/\/www.diocesitn.it\/clero\/","name":"Clero","description":"Chiesa di TRENTO","potentialAction":[{"@type":"SearchAction","target":{"@type":"EntryPoint","urlTemplate":"https:\/\/www.diocesitn.it\/clero\/?s={search_term_string}"},"query-input":"required name=search_term_string"}],"inLanguage":"it-IT"},{"@type":"ImageObject","inLanguage":"it-IT","@id":"https:\/\/www.diocesitn.it\/clero\/2024\/01\/15\/giornata-mondiale-della-vita-consacrata-appuntamento-l1-febbraio-a-trento-in-santa-maria-maggiore\/#local-main-organization-logo","url":"","contentUrl":"","caption":"Clero"}]}},"_links":{"self":[{"href":"https:\/\/www.diocesitn.it\/clero\/wp-json\/wp\/v2\/posts\/2134","targetHints":{"allow":["GET"]}}],"collection":[{"href":"https:\/\/www.diocesitn.it\/clero\/wp-json\/wp\/v2\/posts"}],"about":[{"href":"https:\/\/www.diocesitn.it\/clero\/wp-json\/wp\/v2\/types\/post"}],"author":[{"embeddable":true,"href":"https:\/\/www.diocesitn.it\/clero\/wp-json\/wp\/v2\/users\/168"}],"replies":[{"embeddable":true,"href":"https:\/\/www.diocesitn.it\/clero\/wp-json\/wp\/v2\/comments?post=2134"}],"version-history":[{"count":1,"href":"https:\/\/www.diocesitn.it\/clero\/wp-json\/wp\/v2\/posts\/2134\/revisions"}],"predecessor-version":[{"id":2137,"href":"https:\/\/www.diocesitn.it\/clero\/wp-json\/wp\/v2\/posts\/2134\/revisions\/2137"}],"wp:featuredmedia":[{"embeddable":true,"href":"https:\/\/www.diocesitn.it\/clero\/wp-json\/wp\/v2\/media\/2136"}],"wp:attachment":[{"href":"https:\/\/www.diocesitn.it\/clero\/wp-json\/wp\/v2\/media?parent=2134"}],"wp:term":[{"taxonomy":"category","embeddable":true,"href":"https:\/\/www.diocesitn.it\/clero\/wp-json\/wp\/v2\/categories?post=2134"},{"taxonomy":"post_tag","embeddable":true,"href":"https:\/\/www.diocesitn.it\/clero\/wp-json\/wp\/v2\/tags?post=2134"}],"curies":[{"name":"wp","href":"https:\/\/api.w.org\/{rel}","templated":true}]}}