{"id":2118,"date":"2023-10-05T09:47:17","date_gmt":"2023-10-05T07:47:17","guid":{"rendered":"https:\/\/www.diocesitn.it\/clero\/2023\/10\/05\/vescovo-ai-preti-trentini-serve-una-pastorale-delle-occasioni-a-contatto-con-famiglie-e-giovani-tre-capisaldi-parola-al-centro-cura-delleucaristia-priorita-ai-poveri\/"},"modified":"2024-01-25T08:08:33","modified_gmt":"2024-01-25T07:08:33","slug":"vescovo-ai-preti-trentini-serve-una-pastorale-delle-occasioni-a-contatto-con-famiglie-e-giovani-tre-capisaldi-parola-al-centro-cura-delleucaristia-priorita-ai-poveri","status":"publish","type":"post","link":"https:\/\/www.diocesitn.it\/clero\/2023\/10\/05\/vescovo-ai-preti-trentini-serve-una-pastorale-delle-occasioni-a-contatto-con-famiglie-e-giovani-tre-capisaldi-parola-al-centro-cura-delleucaristia-priorita-ai-poveri\/","title":{"rendered":"Vescovo ai preti trentini: &#8220;Serve una pastorale delle occasioni, a contatto con famiglie in sofferenza e giovani soli&#8221;. Tre capisaldi: Parola al centro, cura dell&#8217;Eucaristia, priorit\u00e0 ai poveri (TESTO INTEGRALE)"},"content":{"rendered":"<p>\u201cVa\u2019 e ripara la mia casa, che \u00e8 in rovina\u201d: le parole udite da <strong>San Francesco<\/strong> sono risuonate nella mattinata di <strong>mercoled\u00ec 4 ottobre<\/strong> (in cui la Chiesa fa memoria del Poverello d&#8217;Assisi) nell\u2019incontro di <strong>preti e diaconi <\/strong>della Diocesi di Trento con <strong>l&#8217;arcivescovo Lauro<\/strong>, ospitato dal Seminario diocesano.<\/p>\n<p>Nella riflessione che segna l&#8217;avvio dell&#8217;anno pastorale, don Lauro prende le mosse dalla <strong>parabola di Matteo 18<\/strong> per sottolineare come il <strong>male della Chiesa<\/strong> \u00e8 ben descritto dall\u2019atteggiamento del <strong>servo<\/strong> definito \u201c<strong>spietato<\/strong>\u201d della parabola: &#8220;la rabbia e la tensione ecclesiali&#8221; , a detta dell&#8217;Arcivescovo, nascono spesso dalla presunzione, a cominciare da Pietro, di essere in grado di generare il Regno di Dio &#8220;dal basso&#8221;. Ci\u00f2 che permette invece di ritrovare la pace \u00e8 l\u2019intima convinzione di <strong>riconoscersi bisognosi del perdono di Dio<\/strong>, unico passo verso una Chiesa attenta alla vita, in tutte le sue ferite.<\/p>\n<h5><strong>Una &#8220;pastorale delle occasioni&#8221;<\/strong><\/h5>\n<p>Una Chiesa capace di una <strong>pastorale<\/strong> che monsignor Tisi definisce\u00a0\u201c<strong>occasionale<\/strong>\u201d. &#8220;Non intendo &#8211; precisa &#8211; improvvisata o superficiale, ma <strong>capace di abitare ogni occasione offerta dall\u2019umano<\/strong>: le <strong>famiglie<\/strong> colpite dalla <strong>malattia<\/strong>, dal <strong>lutto<\/strong>, dalla <strong>sofferenza economica<\/strong>; gli <strong>ambienti di lavoro<\/strong>; i <strong>giovani<\/strong> chiusi in casa senza pi\u00f9 relazioni significative, motivazioni nello studio o aspettative professionali; le <strong>persone sole<\/strong>; in generale, tutto il mondo degli affetti e dei passaggi di vita, che sono propri di ogni persona, al di l\u00e0 di qualsiasi appartenenza&#8221;.<\/p>\n<h5><strong>Tre priorit\u00e0 pastorali\u00a0<\/strong><\/h5>\n<p>Il vescovo Lauro propone a preti e diaconi, e attraverso di loro a tutta la comunit\u00e0 diocesana, <strong>tre capisaldi<\/strong> irrinunciabili dell&#8217;impegno pastorale:<\/p>\n<ul>\n<li>l\u2019<strong>ascolto comunitario della Parola di Dio<\/strong>, fin dall\u2019inizio di ogni riunione ecclesiale, come scelta imprescindibile per conoscere il volto di Dio e per ritrovare la grammatica dell\u2019umano;<\/li>\n<li>la <strong>cura dell\u2019Eucaristia<\/strong>, dalla convocazione al canto, alle preghiere dei fedeli; in particolare la scelta \u00e8 quella di individuare alcuni \u201c<strong>fuochi eucaristici<\/strong>\u201d dove convergere, in cui tutte le comunit\u00e0 siano rappresentate. E dove non \u00e8 possibile celebrare la messa domenicale, la comunit\u00e0 si convoca per l\u2019ascolto feriale della Parola di Dio.<\/li>\n<li>il <strong>servizio ai poveri<\/strong> come azione di una comunit\u00e0.<\/li>\n<\/ul>\n<p>Sono cantieri che chiedono ora un accompagnamento, anche attraverso la prossima Visita pastorale, annunciata dall&#8217;arcivescovo Lauro per l\u2019autunno 2024.<\/p>\n<p>Al <strong><a href=\"https:\/\/www.diocesitn.it\/wp-content\/uploads\/sites\/12\/2023\/10\/2023-10-04-Intervento-clero.docx\">LINK<\/a><\/strong> il testo integrale dell&#8217;intervento dell&#8217;arcivescovo Tisi.<\/p>\n\n\n\t\t<style type='text\/css'>\n\n\t\t\t\/* PhotoSwipe Plugin *\/\n\t\t\t.psgal {\n\t\t\t\tmargin: auto;\n\t\t\t\tpadding-bottom:40px;\n\n\t\t\t\t-webkit-transition: all 0.4s ease;\n\t\t\t\t-moz-transition: all 0.4s ease;\n\t\t\t\t-o-transition: all 0.4s ease;\n\t\t\t\ttransition: all 0.4s ease;\n\t\t\t}\n\n\t\t\t.psgal figure {\n\t\t\t\tfloat: left;\n\t\t\t\ttext-align: center;\n    \t\t\twidth: 200px;\n                max-width: 50%;\n\t\t\t\tpadding:5px;\n\t\t\t\tmargin: 0px;\n\t\t\t\tbox-sizing:border-box;\n\t\t\t}\n\t\t\t.psgal a{\n\t\t\t\tdisplay:block;\n\t\t\t}\n\t\t\t.psgal figure figcaption{\n\t\t\t\tfont-size:13px;\n\t\t\t}\n\n\t\t\t.msnry{\n\t\t\t\tmargin:auto;\n\t\t\t}\n\t\t\t.pswp__caption__center{\n\t\t\t\ttext-align: center;\n\t\t\t}\n\t\t\t\n\n\t\t\t.photoswipe-gallery-caption{\n\t\t\t\tdisplay:none;\n\t\t\t}\n\n\t\t\t\n\t\t<\/style> <div style=\"clear:both\"><\/div>\n\n\t\t<div id=\"psgal_2118_1\" class=\"ps-gallery psgal gallery-columns-3 gallery-size-thumbnail\" itemscope itemtype=\"http:\/\/schema.org\/ImageGallery\" >\n\t\t\t\t<figure class=\"msnry_item\" itemscope itemtype=\"http:\/\/schema.org\/ImageObject\">\n\t\t\t\t\t<a href=\"https:\/\/www.diocesitn.it\/clero\/wp-content\/uploads\/sites\/12\/2023\/10\/Incontro-Clero-4_web.jpg\"\n\t\t\t\t\titemprop=\"contentUrl\"\n\t\t\t\t\tdata-pswp-width=\"800\" \n\t\t\t\t    data-pswp-height=\"533\" \n\t\t\t\t    data-cropped=\"true\"\n\t\t\t\t\tdata-caption=\"\"\n\t\t\t\t\tclass=\"post-thumbnail-image-link container-fixed-aspect-ratio__16-9\">\n\t\t\t\t        <img src=https:\/\/www.diocesitn.it\/clero\/wp-content\/uploads\/sites\/12\/2023\/10\/Incontro-Clero-4_web-300x200.jpg itemprop=\"thumbnail\" alt=\"\"  \/>\n\t\t\t\t    <\/a>\n\t\t\t\t    <figcaption class=\"photoswipe-gallery-caption\" ><\/figcaption>\n\t\t\t    <\/figure>\n\t\t\t\t\n\t\t\t\t<figure class=\"msnry_item\" itemscope itemtype=\"http:\/\/schema.org\/ImageObject\">\n\t\t\t\t\t<a href=\"https:\/\/www.diocesitn.it\/clero\/wp-content\/uploads\/sites\/12\/2023\/10\/Incontro-Clero-1.jpg\"\n\t\t\t\t\titemprop=\"contentUrl\"\n\t\t\t\t\tdata-pswp-width=\"800\" \n\t\t\t\t    data-pswp-height=\"533\" \n\t\t\t\t    data-cropped=\"true\"\n\t\t\t\t\tdata-caption=\"\"\n\t\t\t\t\tclass=\"post-thumbnail-image-link container-fixed-aspect-ratio__16-9\">\n\t\t\t\t        <img src=https:\/\/www.diocesitn.it\/clero\/wp-content\/uploads\/sites\/12\/2023\/10\/Incontro-Clero-1-300x200.jpg itemprop=\"thumbnail\" alt=\"\"  \/>\n\t\t\t\t    <\/a>\n\t\t\t\t    <figcaption class=\"photoswipe-gallery-caption\" ><\/figcaption>\n\t\t\t    <\/figure>\n\t\t\t\t\n\t\t\t\t<figure class=\"msnry_item\" itemscope itemtype=\"http:\/\/schema.org\/ImageObject\">\n\t\t\t\t\t<a href=\"https:\/\/www.diocesitn.it\/clero\/wp-content\/uploads\/sites\/12\/2023\/10\/preti_4ottobre23-461x1024.jpg\"\n\t\t\t\t\titemprop=\"contentUrl\"\n\t\t\t\t\tdata-pswp-width=\"461\" \n\t\t\t\t    data-pswp-height=\"1024\" \n\t\t\t\t    data-cropped=\"true\"\n\t\t\t\t\tdata-caption=\"\"\n\t\t\t\t\tclass=\"post-thumbnail-image-link container-fixed-aspect-ratio__16-9\">\n\t\t\t\t        <img src=https:\/\/www.diocesitn.it\/clero\/wp-content\/uploads\/sites\/12\/2023\/10\/preti_4ottobre23-135x300.jpg itemprop=\"thumbnail\" alt=\"\"  \/>\n\t\t\t\t    <\/a>\n\t\t\t\t    <figcaption class=\"photoswipe-gallery-caption\" ><\/figcaption>\n\t\t\t    <\/figure>\n\t\t\t\t\n\t\t\t\t<figure class=\"msnry_item\" itemscope itemtype=\"http:\/\/schema.org\/ImageObject\">\n\t\t\t\t\t<a href=\"https:\/\/www.diocesitn.it\/clero\/wp-content\/uploads\/sites\/12\/2023\/10\/Incontro-Clero-2_web.jpg\"\n\t\t\t\t\titemprop=\"contentUrl\"\n\t\t\t\t\tdata-pswp-width=\"800\" \n\t\t\t\t    data-pswp-height=\"533\" \n\t\t\t\t    data-cropped=\"true\"\n\t\t\t\t\tdata-caption=\"\"\n\t\t\t\t\tclass=\"post-thumbnail-image-link container-fixed-aspect-ratio__16-9\">\n\t\t\t\t        <img src=https:\/\/www.diocesitn.it\/clero\/wp-content\/uploads\/sites\/12\/2023\/10\/Incontro-Clero-2_web-300x200.jpg itemprop=\"thumbnail\" alt=\"\"  \/>\n\t\t\t\t    <\/a>\n\t\t\t\t    <figcaption class=\"photoswipe-gallery-caption\" ><\/figcaption>\n\t\t\t    <\/figure>\n\t\t\t\t\n\t\t\t\t<figure class=\"msnry_item\" itemscope itemtype=\"http:\/\/schema.org\/ImageObject\">\n\t\t\t\t\t<a href=\"https:\/\/www.diocesitn.it\/clero\/wp-content\/uploads\/sites\/12\/2023\/10\/preti_4ottobre23_b.jpg\"\n\t\t\t\t\titemprop=\"contentUrl\"\n\t\t\t\t\tdata-pswp-width=\"800\" \n\t\t\t\t    data-pswp-height=\"360\" \n\t\t\t\t    data-cropped=\"true\"\n\t\t\t\t\tdata-caption=\"\"\n\t\t\t\t\tclass=\"post-thumbnail-image-link container-fixed-aspect-ratio__16-9\">\n\t\t\t\t        <img src=https:\/\/www.diocesitn.it\/clero\/wp-content\/uploads\/sites\/12\/2023\/10\/preti_4ottobre23_b-300x135.jpg itemprop=\"thumbnail\" alt=\"\"  \/>\n\t\t\t\t    <\/a>\n\t\t\t\t    <figcaption class=\"photoswipe-gallery-caption\" ><\/figcaption>\n\t\t\t    <\/figure>\n\t\t\t\t<\/div>\n\t\t<div style='clear:both'><\/div>\n\t\n","protected":false},"excerpt":{"rendered":"<p>\u201cVa\u2019 e ripara la mia casa, che \u00e8 in rovina\u201d: le parole udite da San Francesco sono risuonate nella mattinata di mercoled\u00ec 4 ottobre (in cui la Chiesa fa memoria del Poverello d&#8217;Assisi) nell\u2019incontro di<\/p>\n","protected":false},"author":3,"featured_media":2120,"comment_status":"closed","ping_status":"closed","sticky":false,"template":"","format":"standard","meta":{"footnotes":""},"categories":[284,275,279],"tags":[],"class_list":["post-2118","post","type-post","status-publish","format-standard","has-post-thumbnail","hentry","category-arcivescovo-lauro","category-clero","category-notizie"],"acf":{"seed-localization-paese-cod":"IT","seed-localization-address":"","seed-localization-citta":"Trento","seed-localization-regione-cod-istat":"04","seed-localization-citta-cod-istat":"022205","seed-localization-localita":"","seed-localization-cap":"","seed-localization-marker-visibility":false,"seed-localization-children-visibility":false,"seed-localization-kml":"","seed-localization-custom-marker":""},"yoast_head":"<!-- This site is optimized with the Yoast SEO Premium plugin v20.2.1 (Yoast SEO v22.2) - https:\/\/yoast.com\/wordpress\/plugins\/seo\/ -->\n<title>Vescovo ai preti trentini: &quot;Serve una pastorale delle occasioni, a contatto con famiglie in sofferenza e giovani soli&quot;. Tre capisaldi: Parola al centro, cura dell&#039;Eucaristia, priorit\u00e0 ai poveri (TESTO INTEGRALE) - Clero<\/title>\n<meta name=\"robots\" content=\"index, follow, max-snippet:-1, max-image-preview:large, max-video-preview:-1\" \/>\n<link rel=\"canonical\" href=\"https:\/\/www.diocesitn.it\/clero\/2023\/10\/05\/vescovo-ai-preti-trentini-serve-una-pastorale-delle-occasioni-a-contatto-con-famiglie-e-giovani-tre-capisaldi-parola-al-centro-cura-delleucaristia-priorita-ai-poveri\/\" \/>\n<meta property=\"og:locale\" content=\"it_IT\" \/>\n<meta property=\"og:type\" content=\"article\" \/>\n<meta property=\"og:title\" content=\"Vescovo ai preti trentini: &quot;Serve una pastorale delle occasioni, a contatto con famiglie in sofferenza e giovani soli&quot;. Tre capisaldi: Parola al centro, cura dell&#039;Eucaristia, priorit\u00e0 ai poveri (TESTO INTEGRALE)\" \/>\n<meta property=\"og:description\" content=\"\u201cVa\u2019 e ripara la mia casa, che \u00e8 in rovina\u201d: le parole udite da San Francesco sono risuonate nella mattinata di mercoled\u00ec 4 ottobre (in cui la Chiesa fa memoria del Poverello d&#8217;Assisi) nell\u2019incontro di\" \/>\n<meta property=\"og:url\" content=\"https:\/\/www.diocesitn.it\/clero\/2023\/10\/05\/vescovo-ai-preti-trentini-serve-una-pastorale-delle-occasioni-a-contatto-con-famiglie-e-giovani-tre-capisaldi-parola-al-centro-cura-delleucaristia-priorita-ai-poveri\/\" \/>\n<meta property=\"og:site_name\" content=\"Clero\" \/>\n<meta property=\"article:published_time\" content=\"2023-10-05T07:47:17+00:00\" \/>\n<meta property=\"article:modified_time\" content=\"2024-01-25T07:08:33+00:00\" \/>\n<meta property=\"og:image\" content=\"https:\/\/www.diocesitn.it\/clero\/wp-content\/uploads\/sites\/12\/2023\/10\/Incontro-Clero-1.jpg\" \/>\n\t<meta property=\"og:image:width\" content=\"900\" \/>\n\t<meta property=\"og:image:height\" content=\"600\" \/>\n\t<meta property=\"og:image:type\" content=\"image\/jpeg\" \/>\n<meta name=\"author\" content=\"Piergiorgio Franceschini\" \/>\n<meta name=\"twitter:card\" content=\"summary_large_image\" \/>\n<meta name=\"twitter:label1\" content=\"Scritto da\" \/>\n\t<meta name=\"twitter:data1\" content=\"Piergiorgio Franceschini\" \/>\n\t<meta name=\"twitter:label2\" content=\"Tempo di lettura stimato\" \/>\n\t<meta name=\"twitter:data2\" content=\"2 minuti\" \/>\n<script type=\"application\/ld+json\" class=\"yoast-schema-graph\">{\"@context\":\"https:\/\/schema.org\",\"@graph\":[{\"@type\":\"WebPage\",\"@id\":\"https:\/\/www.diocesitn.it\/clero\/2023\/10\/05\/vescovo-ai-preti-trentini-serve-una-pastorale-delle-occasioni-a-contatto-con-famiglie-e-giovani-tre-capisaldi-parola-al-centro-cura-delleucaristia-priorita-ai-poveri\/\",\"url\":\"https:\/\/www.diocesitn.it\/clero\/2023\/10\/05\/vescovo-ai-preti-trentini-serve-una-pastorale-delle-occasioni-a-contatto-con-famiglie-e-giovani-tre-capisaldi-parola-al-centro-cura-delleucaristia-priorita-ai-poveri\/\",\"name\":\"Vescovo ai preti trentini: \\\"Serve una pastorale delle occasioni, a contatto con famiglie in sofferenza e giovani soli\\\". Tre capisaldi: Parola al centro, cura dell'Eucaristia, priorit\u00e0 ai poveri (TESTO INTEGRALE) - Clero\",\"isPartOf\":{\"@id\":\"https:\/\/www.diocesitn.it\/clero\/#website\"},\"primaryImageOfPage\":{\"@id\":\"https:\/\/www.diocesitn.it\/clero\/2023\/10\/05\/vescovo-ai-preti-trentini-serve-una-pastorale-delle-occasioni-a-contatto-con-famiglie-e-giovani-tre-capisaldi-parola-al-centro-cura-delleucaristia-priorita-ai-poveri\/#primaryimage\"},\"image\":{\"@id\":\"https:\/\/www.diocesitn.it\/clero\/2023\/10\/05\/vescovo-ai-preti-trentini-serve-una-pastorale-delle-occasioni-a-contatto-con-famiglie-e-giovani-tre-capisaldi-parola-al-centro-cura-delleucaristia-priorita-ai-poveri\/#primaryimage\"},\"thumbnailUrl\":\"https:\/\/www.diocesitn.it\/clero\/wp-content\/uploads\/sites\/12\/2023\/10\/Incontro-Clero-1.jpg\",\"datePublished\":\"2023-10-05T07:47:17+00:00\",\"dateModified\":\"2024-01-25T07:08:33+00:00\",\"author\":{\"@id\":\"https:\/\/www.diocesitn.it\/clero\/#\/schema\/person\/99590c84577873a025247b6aeb16ad2e\"},\"breadcrumb\":{\"@id\":\"https:\/\/www.diocesitn.it\/clero\/2023\/10\/05\/vescovo-ai-preti-trentini-serve-una-pastorale-delle-occasioni-a-contatto-con-famiglie-e-giovani-tre-capisaldi-parola-al-centro-cura-delleucaristia-priorita-ai-poveri\/#breadcrumb\"},\"inLanguage\":\"it-IT\",\"potentialAction\":[{\"@type\":\"ReadAction\",\"target\":[\"https:\/\/www.diocesitn.it\/clero\/2023\/10\/05\/vescovo-ai-preti-trentini-serve-una-pastorale-delle-occasioni-a-contatto-con-famiglie-e-giovani-tre-capisaldi-parola-al-centro-cura-delleucaristia-priorita-ai-poveri\/\"]}]},{\"@type\":\"ImageObject\",\"inLanguage\":\"it-IT\",\"@id\":\"https:\/\/www.diocesitn.it\/clero\/2023\/10\/05\/vescovo-ai-preti-trentini-serve-una-pastorale-delle-occasioni-a-contatto-con-famiglie-e-giovani-tre-capisaldi-parola-al-centro-cura-delleucaristia-priorita-ai-poveri\/#primaryimage\",\"url\":\"https:\/\/www.diocesitn.it\/clero\/wp-content\/uploads\/sites\/12\/2023\/10\/Incontro-Clero-1.jpg\",\"contentUrl\":\"https:\/\/www.diocesitn.it\/clero\/wp-content\/uploads\/sites\/12\/2023\/10\/Incontro-Clero-1.jpg\",\"width\":900,\"height\":600},{\"@type\":\"BreadcrumbList\",\"@id\":\"https:\/\/www.diocesitn.it\/clero\/2023\/10\/05\/vescovo-ai-preti-trentini-serve-una-pastorale-delle-occasioni-a-contatto-con-famiglie-e-giovani-tre-capisaldi-parola-al-centro-cura-delleucaristia-priorita-ai-poveri\/#breadcrumb\",\"itemListElement\":[{\"@type\":\"ListItem\",\"position\":1,\"name\":\"Home\",\"item\":\"https:\/\/www.diocesitn.it\/clero\/\"},{\"@type\":\"ListItem\",\"position\":2,\"name\":\"Vescovo ai preti trentini: &#8220;Serve una pastorale delle occasioni, a contatto con famiglie in sofferenza e giovani soli&#8221;. Tre capisaldi: Parola al centro, cura dell&#8217;Eucaristia, priorit\u00e0 ai poveri (TESTO INTEGRALE)\"}]},{\"@type\":\"WebSite\",\"@id\":\"https:\/\/www.diocesitn.it\/clero\/#website\",\"url\":\"https:\/\/www.diocesitn.it\/clero\/\",\"name\":\"Clero\",\"description\":\"Chiesa di TRENTO\",\"potentialAction\":[{\"@type\":\"SearchAction\",\"target\":{\"@type\":\"EntryPoint\",\"urlTemplate\":\"https:\/\/www.diocesitn.it\/clero\/?s={search_term_string}\"},\"query-input\":\"required name=search_term_string\"}],\"inLanguage\":\"it-IT\"},{\"@type\":\"ImageObject\",\"inLanguage\":\"it-IT\",\"@id\":\"https:\/\/www.diocesitn.it\/clero\/2023\/10\/05\/vescovo-ai-preti-trentini-serve-una-pastorale-delle-occasioni-a-contatto-con-famiglie-e-giovani-tre-capisaldi-parola-al-centro-cura-delleucaristia-priorita-ai-poveri\/#local-main-organization-logo\",\"url\":\"\",\"contentUrl\":\"\",\"caption\":\"Clero\"}]}<\/script>\n<!-- \/ Yoast SEO Premium plugin. -->","yoast_head_json":{"title":"Vescovo ai preti trentini: \"Serve una pastorale delle occasioni, a contatto con famiglie in sofferenza e giovani soli\". Tre capisaldi: Parola al centro, cura dell'Eucaristia, priorit\u00e0 ai poveri (TESTO INTEGRALE) - Clero","robots":{"index":"index","follow":"follow","max-snippet":"max-snippet:-1","max-image-preview":"max-image-preview:large","max-video-preview":"max-video-preview:-1"},"canonical":"https:\/\/www.diocesitn.it\/clero\/2023\/10\/05\/vescovo-ai-preti-trentini-serve-una-pastorale-delle-occasioni-a-contatto-con-famiglie-e-giovani-tre-capisaldi-parola-al-centro-cura-delleucaristia-priorita-ai-poveri\/","og_locale":"it_IT","og_type":"article","og_title":"Vescovo ai preti trentini: \"Serve una pastorale delle occasioni, a contatto con famiglie in sofferenza e giovani soli\". Tre capisaldi: Parola al centro, cura dell'Eucaristia, priorit\u00e0 ai poveri (TESTO INTEGRALE)","og_description":"\u201cVa\u2019 e ripara la mia casa, che \u00e8 in rovina\u201d: le parole udite da San Francesco sono risuonate nella mattinata di mercoled\u00ec 4 ottobre (in cui la Chiesa fa memoria del Poverello d&#8217;Assisi) nell\u2019incontro di","og_url":"https:\/\/www.diocesitn.it\/clero\/2023\/10\/05\/vescovo-ai-preti-trentini-serve-una-pastorale-delle-occasioni-a-contatto-con-famiglie-e-giovani-tre-capisaldi-parola-al-centro-cura-delleucaristia-priorita-ai-poveri\/","og_site_name":"Clero","article_published_time":"2023-10-05T07:47:17+00:00","article_modified_time":"2024-01-25T07:08:33+00:00","og_image":[{"width":900,"height":600,"url":"https:\/\/www.diocesitn.it\/clero\/wp-content\/uploads\/sites\/12\/2023\/10\/Incontro-Clero-1.jpg","type":"image\/jpeg"}],"author":"Piergiorgio Franceschini","twitter_card":"summary_large_image","twitter_misc":{"Scritto da":"Piergiorgio Franceschini","Tempo di lettura stimato":"2 minuti"},"schema":{"@context":"https:\/\/schema.org","@graph":[{"@type":"WebPage","@id":"https:\/\/www.diocesitn.it\/clero\/2023\/10\/05\/vescovo-ai-preti-trentini-serve-una-pastorale-delle-occasioni-a-contatto-con-famiglie-e-giovani-tre-capisaldi-parola-al-centro-cura-delleucaristia-priorita-ai-poveri\/","url":"https:\/\/www.diocesitn.it\/clero\/2023\/10\/05\/vescovo-ai-preti-trentini-serve-una-pastorale-delle-occasioni-a-contatto-con-famiglie-e-giovani-tre-capisaldi-parola-al-centro-cura-delleucaristia-priorita-ai-poveri\/","name":"Vescovo ai preti trentini: \"Serve una pastorale delle occasioni, a contatto con famiglie in sofferenza e giovani soli\". Tre capisaldi: Parola al centro, cura dell'Eucaristia, priorit\u00e0 ai poveri (TESTO INTEGRALE) - Clero","isPartOf":{"@id":"https:\/\/www.diocesitn.it\/clero\/#website"},"primaryImageOfPage":{"@id":"https:\/\/www.diocesitn.it\/clero\/2023\/10\/05\/vescovo-ai-preti-trentini-serve-una-pastorale-delle-occasioni-a-contatto-con-famiglie-e-giovani-tre-capisaldi-parola-al-centro-cura-delleucaristia-priorita-ai-poveri\/#primaryimage"},"image":{"@id":"https:\/\/www.diocesitn.it\/clero\/2023\/10\/05\/vescovo-ai-preti-trentini-serve-una-pastorale-delle-occasioni-a-contatto-con-famiglie-e-giovani-tre-capisaldi-parola-al-centro-cura-delleucaristia-priorita-ai-poveri\/#primaryimage"},"thumbnailUrl":"https:\/\/www.diocesitn.it\/clero\/wp-content\/uploads\/sites\/12\/2023\/10\/Incontro-Clero-1.jpg","datePublished":"2023-10-05T07:47:17+00:00","dateModified":"2024-01-25T07:08:33+00:00","author":{"@id":"https:\/\/www.diocesitn.it\/clero\/#\/schema\/person\/99590c84577873a025247b6aeb16ad2e"},"breadcrumb":{"@id":"https:\/\/www.diocesitn.it\/clero\/2023\/10\/05\/vescovo-ai-preti-trentini-serve-una-pastorale-delle-occasioni-a-contatto-con-famiglie-e-giovani-tre-capisaldi-parola-al-centro-cura-delleucaristia-priorita-ai-poveri\/#breadcrumb"},"inLanguage":"it-IT","potentialAction":[{"@type":"ReadAction","target":["https:\/\/www.diocesitn.it\/clero\/2023\/10\/05\/vescovo-ai-preti-trentini-serve-una-pastorale-delle-occasioni-a-contatto-con-famiglie-e-giovani-tre-capisaldi-parola-al-centro-cura-delleucaristia-priorita-ai-poveri\/"]}]},{"@type":"ImageObject","inLanguage":"it-IT","@id":"https:\/\/www.diocesitn.it\/clero\/2023\/10\/05\/vescovo-ai-preti-trentini-serve-una-pastorale-delle-occasioni-a-contatto-con-famiglie-e-giovani-tre-capisaldi-parola-al-centro-cura-delleucaristia-priorita-ai-poveri\/#primaryimage","url":"https:\/\/www.diocesitn.it\/clero\/wp-content\/uploads\/sites\/12\/2023\/10\/Incontro-Clero-1.jpg","contentUrl":"https:\/\/www.diocesitn.it\/clero\/wp-content\/uploads\/sites\/12\/2023\/10\/Incontro-Clero-1.jpg","width":900,"height":600},{"@type":"BreadcrumbList","@id":"https:\/\/www.diocesitn.it\/clero\/2023\/10\/05\/vescovo-ai-preti-trentini-serve-una-pastorale-delle-occasioni-a-contatto-con-famiglie-e-giovani-tre-capisaldi-parola-al-centro-cura-delleucaristia-priorita-ai-poveri\/#breadcrumb","itemListElement":[{"@type":"ListItem","position":1,"name":"Home","item":"https:\/\/www.diocesitn.it\/clero\/"},{"@type":"ListItem","position":2,"name":"Vescovo ai preti trentini: &#8220;Serve una pastorale delle occasioni, a contatto con famiglie in sofferenza e giovani soli&#8221;. Tre capisaldi: Parola al centro, cura dell&#8217;Eucaristia, priorit\u00e0 ai poveri (TESTO INTEGRALE)"}]},{"@type":"WebSite","@id":"https:\/\/www.diocesitn.it\/clero\/#website","url":"https:\/\/www.diocesitn.it\/clero\/","name":"Clero","description":"Chiesa di TRENTO","potentialAction":[{"@type":"SearchAction","target":{"@type":"EntryPoint","urlTemplate":"https:\/\/www.diocesitn.it\/clero\/?s={search_term_string}"},"query-input":"required name=search_term_string"}],"inLanguage":"it-IT"},{"@type":"ImageObject","inLanguage":"it-IT","@id":"https:\/\/www.diocesitn.it\/clero\/2023\/10\/05\/vescovo-ai-preti-trentini-serve-una-pastorale-delle-occasioni-a-contatto-con-famiglie-e-giovani-tre-capisaldi-parola-al-centro-cura-delleucaristia-priorita-ai-poveri\/#local-main-organization-logo","url":"","contentUrl":"","caption":"Clero"}]}},"_links":{"self":[{"href":"https:\/\/www.diocesitn.it\/clero\/wp-json\/wp\/v2\/posts\/2118","targetHints":{"allow":["GET"]}}],"collection":[{"href":"https:\/\/www.diocesitn.it\/clero\/wp-json\/wp\/v2\/posts"}],"about":[{"href":"https:\/\/www.diocesitn.it\/clero\/wp-json\/wp\/v2\/types\/post"}],"author":[{"embeddable":true,"href":"https:\/\/www.diocesitn.it\/clero\/wp-json\/wp\/v2\/users\/3"}],"replies":[{"embeddable":true,"href":"https:\/\/www.diocesitn.it\/clero\/wp-json\/wp\/v2\/comments?post=2118"}],"version-history":[{"count":1,"href":"https:\/\/www.diocesitn.it\/clero\/wp-json\/wp\/v2\/posts\/2118\/revisions"}],"predecessor-version":[{"id":2125,"href":"https:\/\/www.diocesitn.it\/clero\/wp-json\/wp\/v2\/posts\/2118\/revisions\/2125"}],"wp:featuredmedia":[{"embeddable":true,"href":"https:\/\/www.diocesitn.it\/clero\/wp-json\/wp\/v2\/media\/2120"}],"wp:attachment":[{"href":"https:\/\/www.diocesitn.it\/clero\/wp-json\/wp\/v2\/media?parent=2118"}],"wp:term":[{"taxonomy":"category","embeddable":true,"href":"https:\/\/www.diocesitn.it\/clero\/wp-json\/wp\/v2\/categories?post=2118"},{"taxonomy":"post_tag","embeddable":true,"href":"https:\/\/www.diocesitn.it\/clero\/wp-json\/wp\/v2\/tags?post=2118"}],"curies":[{"name":"wp","href":"https:\/\/api.w.org\/{rel}","templated":true}]}}