{"id":2092,"date":"2023-09-04T10:40:31","date_gmt":"2023-09-04T08:40:31","guid":{"rendered":"https:\/\/www.diocesitn.it\/clero\/2023\/09\/04\/in-cattedrale-lordinazione-di-fratel-andrea-giannino-vescovo-lauro-il-dio-inginocchiato-ai-piedi-dei-discepoli-sia-la-tua-compagnia\/"},"modified":"2024-01-15T11:07:35","modified_gmt":"2024-01-15T10:07:35","slug":"in-cattedrale-lordinazione-di-fratel-andrea-giannino-vescovo-lauro-il-dio-inginocchiato-ai-piedi-dei-discepoli-sia-la-tua-compagnia","status":"publish","type":"post","link":"https:\/\/www.diocesitn.it\/clero\/2023\/09\/04\/in-cattedrale-lordinazione-di-fratel-andrea-giannino-vescovo-lauro-il-dio-inginocchiato-ai-piedi-dei-discepoli-sia-la-tua-compagnia\/","title":{"rendered":"In cattedrale l&#8217;ordinazione di fratel Andrea Giannino. &#8220;Vescovo Lauro: il Dio inginocchiato ai piedi dei discepoli sia la tua compagnia&#8221;"},"content":{"rendered":"<p>&#8220;Dio inginocchiato ai piedi dei discepoli sia la tua compagnia. Questo \u00e8 il rinnegare te stesso che non ti fa perdere nulla e ti dona tutto&#8221;.\u00a0 Il programma di vita per <a href=\"https:\/\/www.diocesitn.it\/site\/fratel-andrea-giannino-sara-sacerdote-canossiano-lordinazione-domenica-3-settembre-ore-16-diretta-tv-e-streaming\/\"><strong>fratel Andrea Giannino<\/strong><\/a>, canossiano di Cles cresciuto a Lavis e molto legato al mondo oratoriano, sta in questo passaggio dell&#8217;omelia dell&#8217;arcivescovo Lauro Tisi, nella Messa di ordinazione presbiterale, domenica 3 settembre nella cattedrale di Trento in festa.<\/p>\n<p>&#8220;Uno dei sui figli viene plasmato dallo Spirito per essere capace di rivelare agli uomini la bellezza del Regno e la forza stupenda della Pasqua del Signore&#8221;, aveva esordito don Lauro, dicendosi &#8220;lieto di condividere questa gioia con la famiglia di padre Andrea, in prima fila i genitori Silvia e Salvatore, tutta la famiglia canossiana &#8211; ramo maschile e femminile &#8211; e in particolare con il preposito padre Carlo. Con Andrea &#8211; ha aggiunto l&#8217;Arcivescovo nel saluto introduttivo &#8211; abbiamo condiviso il cammino della Gmg di Lisbona ed \u00e8 bello che il coro oggi sia fatto di tanti giovani dell&#8217;oratorio di Lavis e di partecipanti alla Gmg&#8221;.<\/p>\n<h5><strong>&#8220;Un Parola bella e drammatica, inno all&#8217;uomo&#8221;\u00a0<\/strong><\/h5>\n<p>Nel commentare il Vangelo di Matteo, con l&#8217;invito apparentemente duro ai discepoli a seguirlo rinnegando se stessi e prendendo la loro croce, monsignor Tisi evoca San Paolo VI che definiva la vita &#8220;<strong>bella e drammatica<\/strong>&#8220;.\u00a0 &#8220;<strong>Bella e drammatica \u00e8 anche la Parola di Dio<\/strong> appena ascoltata, canto fermo sulla possibilit\u00e0 per l\u2019uomo di conoscere l\u2019ebbrezza delle vette, l\u2019adrenalina del sesto grado, anzich\u00e9 la nebbia della pianura. Fuori di metafora, questa <strong>Parola impegnativa e sfidante canta la grandezza dell\u2019uomo<\/strong>, lo pensa capace di giocare la vita di Dio, in grado di vivere alla maniera di Dio&#8221;.<\/p>\n<p>&#8220;La Parola di oggi &#8211; ha proseguito don Lauro -, prima di essere un ordine, \u00e8 <strong>un inno all\u2019uomo<\/strong>, dichiarazione dell\u2019<strong>enorme fiducia che Dio ha nell\u2019uomo<\/strong>. <strong>Tu, caro Andrea, sei uno dei destinatari di questa fiducia<\/strong>. Rivolgo a te e a tutti noi quelle parole che mi commuovono sempre: &#8216;chi crede in me compir\u00e0 le mie opere e ne far\u00e0 di pi\u00f9 grandi&#8217;. Impressiona questa affermazione di Ges\u00f9 perch\u00e9 rivela il cuore di Dio. Dio non ha secondi fini, non lavora per s\u00e9, \u00e8 libero da s\u00e9. Obiettivo di Dio \u00e8 uno solo: l\u2019uomo nella gioia. Obiettivo di questa ordinazione \u00e8 Andrea nella gioia. Magari ogni padre e ogni madre fossero in grado di un amore cos\u00ec libero nei confronti dei loro figli!&#8221;<\/p>\n<h5><strong>\u201cSe vuoi veramente gioire, devi essere ai piedi dei tuoi fratelli\u201d<\/strong><\/h5>\n<p>Tornando al Vangelo, don lauro libero subito il campo da equivoci: rinnegare s\u00e9 stessi non vuol dire rinunciare alla vita, ai suoi desideri, ai suoi colori, alle sue emozioni, ai propri percorsi affettivi. Il nostro Dio ama l\u2019umano. Si siede a tavola, fa festa, abbraccia e incontra. E questo Dio, proprio perch\u00e9 ama l\u2019umano, ti dice non voler essere il centro dell\u2019universo, della comunit\u00e0, non voler nessuno ai tuoi piedi. <strong>Guarda invece, se vuoi veramente gioire, ti dice di essere tu ai piedi dei tuoi fratelli<\/strong>. C\u2019\u00e8 <strong>qualcosa di incantevole nell\u2019uomo che si china sui piedi del fratello e con delicatezza li lava. Ecco l\u2019icona della bellezza! Quel Dio inginocchiato ai piedi dei discepoli sia la tua compagnia. Questo \u00e8 il rinnegare te stesso che non ti fa perdere nulla e ti dona tutto<\/strong>&#8220;.<\/p>\n<p>&#8220;Il Signore ti permetta, nella tua vita di presbitero, di essere dietro di Lui e <strong>chi ti incontra gusti la pace di un amore che non lega ma fa decollare<\/strong>. Buona strada, buon cammino, caro Andrea!&#8221;, la conclusione dell&#8217;arcivescovo Tisi con lo sguardo carico di affetto nei confronti del giovane canossiano, subito prima del rito di ordinazione presbiterale, trasmesso in diretta sul canale YouTube della Diocesi e su Telepace Trento.<\/p>\n<h5><strong>Il saluto del superiore dei canossiani\u00a0<\/strong><\/h5>\n<p>Al termine della lunga celebrazione le parole di <strong>padre\u00a0Carlo\u00a0Bittante<\/strong>,\u00a0<strong>preposto\u00a0generale dei Figli della Carit\u00e0-Canossiani<\/strong> con un grazie ai genitori di Andrea, ai padri canossiani (compresi i missionari), alla comunit\u00e0 di Lavis e di Fasano (dove opera padre Andrea), all&#8217;arcivescovo Lauro che &#8220;ha insistito perch\u00e9 la celebrazione avvenisse in cattedrale&#8221;. &#8220;Come dice la nostra regola, la vita canossiana \u00e8 un dono e un impegno che ti assumi per tutta la vita, quello di offrire un umile servizio in obbedienza alle direttive dei pastori, facendo loro conoscere le ricchezze e le esigenze del nostro carisma, in risposta alle povert\u00e0 del Popolo di Dio&#8221;. &#8220;Care padre Andrea, da sacerdote canossiano hai davanti tante sfide che necessitano della nostra preghiera e del nostro sostegno&#8221;, ha concluso padre Bittante mentre l&#8217;applauso caloroso dei presenti saliva dalle navate della cattedrale.<\/p>\n<p>Foto: Gianni Zotta<\/p>\n\n\n\t\t<style type='text\/css'>\n\n\t\t\t\/* PhotoSwipe Plugin *\/\n\t\t\t.psgal {\n\t\t\t\tmargin: auto;\n\t\t\t\tpadding-bottom:40px;\n\n\t\t\t\t-webkit-transition: all 0.4s ease;\n\t\t\t\t-moz-transition: all 0.4s ease;\n\t\t\t\t-o-transition: all 0.4s ease;\n\t\t\t\ttransition: all 0.4s ease;\n\t\t\t}\n\n\t\t\t.psgal figure {\n\t\t\t\tfloat: left;\n\t\t\t\ttext-align: center;\n    \t\t\twidth: 200px;\n                max-width: 50%;\n\t\t\t\tpadding:5px;\n\t\t\t\tmargin: 0px;\n\t\t\t\tbox-sizing:border-box;\n\t\t\t}\n\t\t\t.psgal a{\n\t\t\t\tdisplay:block;\n\t\t\t}\n\t\t\t.psgal figure figcaption{\n\t\t\t\tfont-size:13px;\n\t\t\t}\n\n\t\t\t.msnry{\n\t\t\t\tmargin:auto;\n\t\t\t}\n\t\t\t.pswp__caption__center{\n\t\t\t\ttext-align: center;\n\t\t\t}\n\t\t\t\n\n\t\t\t.photoswipe-gallery-caption{\n\t\t\t\tdisplay:none;\n\t\t\t}\n\n\t\t\t\n\t\t<\/style> <div style=\"clear:both\"><\/div>\n\n\t\t<div id=\"psgal_2092_1\" class=\"ps-gallery psgal gallery-columns-3 gallery-size-thumbnail\" itemscope itemtype=\"http:\/\/schema.org\/ImageGallery\" >\n\t\t\t\t<figure class=\"msnry_item\" itemscope itemtype=\"http:\/\/schema.org\/ImageObject\">\n\t\t\t\t\t<a href=\"https:\/\/www.diocesitn.it\/clero\/wp-content\/uploads\/sites\/12\/2023\/09\/Ordinazione-Padre-Andrea-Giannino-3_web.jpg\"\n\t\t\t\t\titemprop=\"contentUrl\"\n\t\t\t\t\tdata-pswp-width=\"800\" \n\t\t\t\t    data-pswp-height=\"514\" \n\t\t\t\t    data-cropped=\"true\"\n\t\t\t\t\tdata-caption=\"\"\n\t\t\t\t\tclass=\"post-thumbnail-image-link container-fixed-aspect-ratio__16-9\">\n\t\t\t\t        <img src=https:\/\/www.diocesitn.it\/clero\/wp-content\/uploads\/sites\/12\/2023\/09\/Ordinazione-Padre-Andrea-Giannino-3_web-300x193.jpg itemprop=\"thumbnail\" alt=\"\"  \/>\n\t\t\t\t    <\/a>\n\t\t\t\t    <figcaption class=\"photoswipe-gallery-caption\" ><\/figcaption>\n\t\t\t    <\/figure>\n\t\t\t\t\n\t\t\t\t<figure class=\"msnry_item\" itemscope itemtype=\"http:\/\/schema.org\/ImageObject\">\n\t\t\t\t\t<a href=\"https:\/\/www.diocesitn.it\/clero\/wp-content\/uploads\/sites\/12\/2023\/09\/Ordinazione-P.Andrea-Giannino-1_web.jpg\"\n\t\t\t\t\titemprop=\"contentUrl\"\n\t\t\t\t\tdata-pswp-width=\"800\" \n\t\t\t\t    data-pswp-height=\"547\" \n\t\t\t\t    data-cropped=\"true\"\n\t\t\t\t\tdata-caption=\"\"\n\t\t\t\t\tclass=\"post-thumbnail-image-link container-fixed-aspect-ratio__16-9\">\n\t\t\t\t        <img src=https:\/\/www.diocesitn.it\/clero\/wp-content\/uploads\/sites\/12\/2023\/09\/Ordinazione-P.Andrea-Giannino-1_web-300x205.jpg itemprop=\"thumbnail\" alt=\"\"  \/>\n\t\t\t\t    <\/a>\n\t\t\t\t    <figcaption class=\"photoswipe-gallery-caption\" ><\/figcaption>\n\t\t\t    <\/figure>\n\t\t\t\t\n\t\t\t\t<figure class=\"msnry_item\" itemscope itemtype=\"http:\/\/schema.org\/ImageObject\">\n\t\t\t\t\t<a href=\"https:\/\/www.diocesitn.it\/clero\/wp-content\/uploads\/sites\/12\/2023\/09\/Ordinazione-Padre-Andrea-Giannino-4_web.jpg\"\n\t\t\t\t\titemprop=\"contentUrl\"\n\t\t\t\t\tdata-pswp-width=\"800\" \n\t\t\t\t    data-pswp-height=\"532\" \n\t\t\t\t    data-cropped=\"true\"\n\t\t\t\t\tdata-caption=\"\"\n\t\t\t\t\tclass=\"post-thumbnail-image-link container-fixed-aspect-ratio__16-9\">\n\t\t\t\t        <img src=https:\/\/www.diocesitn.it\/clero\/wp-content\/uploads\/sites\/12\/2023\/09\/Ordinazione-Padre-Andrea-Giannino-4_web-300x199.jpg itemprop=\"thumbnail\" alt=\"\"  \/>\n\t\t\t\t    <\/a>\n\t\t\t\t    <figcaption class=\"photoswipe-gallery-caption\" ><\/figcaption>\n\t\t\t    <\/figure>\n\t\t\t\t<\/div>\n\t\t<div style='clear:both'><\/div>\n\t\n<p>&nbsp;<\/p>\n<p>&nbsp;<\/p>\n<p>&nbsp;<\/p>\n<p>&nbsp;<\/p>\n","protected":false},"excerpt":{"rendered":"<p>&#8220;Dio inginocchiato ai piedi dei discepoli sia la tua compagnia. Questo \u00e8 il rinnegare te stesso che non ti fa perdere nulla e ti dona tutto&#8221;.\u00a0 Il programma di vita per fratel Andrea Giannino, canossiano<\/p>\n","protected":false},"author":3,"featured_media":2093,"comment_status":"closed","ping_status":"closed","sticky":false,"template":"","format":"standard","meta":{"footnotes":""},"categories":[275,279],"tags":[367],"class_list":["post-2092","post","type-post","status-publish","format-standard","has-post-thumbnail","hentry","category-clero","category-notizie","tag-religiosi"],"acf":{"seed-localization-paese-cod":"","seed-localization-address":"","seed-localization-citta":"","seed-localization-regione-cod-istat":"","seed-localization-citta-cod-istat":"","seed-localization-localita":"","seed-localization-cap":"","seed-localization-marker-visibility":false,"seed-localization-children-visibility":false,"seed-localization-kml":"","seed-localization-custom-marker":""},"yoast_head":"<!-- This site is optimized with the Yoast SEO Premium plugin v20.2.1 (Yoast SEO v22.2) - https:\/\/yoast.com\/wordpress\/plugins\/seo\/ -->\n<title>In cattedrale l&#039;ordinazione di fratel Andrea Giannino. &quot;Vescovo Lauro: il Dio inginocchiato ai piedi dei discepoli sia la tua compagnia&quot; - Clero<\/title>\n<meta name=\"robots\" content=\"index, follow, max-snippet:-1, max-image-preview:large, max-video-preview:-1\" \/>\n<link rel=\"canonical\" href=\"https:\/\/www.diocesitn.it\/clero\/2023\/09\/04\/in-cattedrale-lordinazione-di-fratel-andrea-giannino-vescovo-lauro-il-dio-inginocchiato-ai-piedi-dei-discepoli-sia-la-tua-compagnia\/\" \/>\n<meta property=\"og:locale\" content=\"it_IT\" \/>\n<meta property=\"og:type\" content=\"article\" \/>\n<meta property=\"og:title\" content=\"In cattedrale l&#039;ordinazione di fratel Andrea Giannino. &quot;Vescovo Lauro: il Dio inginocchiato ai piedi dei discepoli sia la tua compagnia&quot;\" \/>\n<meta property=\"og:description\" content=\"&#8220;Dio inginocchiato ai piedi dei discepoli sia la tua compagnia. Questo \u00e8 il rinnegare te stesso che non ti fa perdere nulla e ti dona tutto&#8221;.\u00a0 Il programma di vita per fratel Andrea Giannino, canossiano\" \/>\n<meta property=\"og:url\" content=\"https:\/\/www.diocesitn.it\/clero\/2023\/09\/04\/in-cattedrale-lordinazione-di-fratel-andrea-giannino-vescovo-lauro-il-dio-inginocchiato-ai-piedi-dei-discepoli-sia-la-tua-compagnia\/\" \/>\n<meta property=\"og:site_name\" content=\"Clero\" \/>\n<meta property=\"article:published_time\" content=\"2023-09-04T08:40:31+00:00\" \/>\n<meta property=\"article:modified_time\" content=\"2024-01-15T10:07:35+00:00\" \/>\n<meta property=\"og:image\" content=\"https:\/\/www.diocesitn.it\/clero\/wp-content\/uploads\/sites\/12\/2023\/09\/Ordinazione-Padre-Andrea-Giannino-3_web.jpg\" \/>\n\t<meta property=\"og:image:width\" content=\"900\" \/>\n\t<meta property=\"og:image:height\" content=\"578\" \/>\n\t<meta property=\"og:image:type\" content=\"image\/jpeg\" \/>\n<meta name=\"author\" content=\"Piergiorgio Franceschini\" \/>\n<meta name=\"twitter:card\" content=\"summary_large_image\" \/>\n<meta name=\"twitter:label1\" content=\"Scritto da\" \/>\n\t<meta name=\"twitter:data1\" content=\"Piergiorgio Franceschini\" \/>\n\t<meta name=\"twitter:label2\" content=\"Tempo di lettura stimato\" \/>\n\t<meta name=\"twitter:data2\" content=\"5 minuti\" \/>\n<script type=\"application\/ld+json\" class=\"yoast-schema-graph\">{\"@context\":\"https:\/\/schema.org\",\"@graph\":[{\"@type\":\"WebPage\",\"@id\":\"https:\/\/www.diocesitn.it\/clero\/2023\/09\/04\/in-cattedrale-lordinazione-di-fratel-andrea-giannino-vescovo-lauro-il-dio-inginocchiato-ai-piedi-dei-discepoli-sia-la-tua-compagnia\/\",\"url\":\"https:\/\/www.diocesitn.it\/clero\/2023\/09\/04\/in-cattedrale-lordinazione-di-fratel-andrea-giannino-vescovo-lauro-il-dio-inginocchiato-ai-piedi-dei-discepoli-sia-la-tua-compagnia\/\",\"name\":\"In cattedrale l'ordinazione di fratel Andrea Giannino. \\\"Vescovo Lauro: il Dio inginocchiato ai piedi dei discepoli sia la tua compagnia\\\" - Clero\",\"isPartOf\":{\"@id\":\"https:\/\/www.diocesitn.it\/clero\/#website\"},\"primaryImageOfPage\":{\"@id\":\"https:\/\/www.diocesitn.it\/clero\/2023\/09\/04\/in-cattedrale-lordinazione-di-fratel-andrea-giannino-vescovo-lauro-il-dio-inginocchiato-ai-piedi-dei-discepoli-sia-la-tua-compagnia\/#primaryimage\"},\"image\":{\"@id\":\"https:\/\/www.diocesitn.it\/clero\/2023\/09\/04\/in-cattedrale-lordinazione-di-fratel-andrea-giannino-vescovo-lauro-il-dio-inginocchiato-ai-piedi-dei-discepoli-sia-la-tua-compagnia\/#primaryimage\"},\"thumbnailUrl\":\"https:\/\/www.diocesitn.it\/clero\/wp-content\/uploads\/sites\/12\/2023\/09\/Ordinazione-Padre-Andrea-Giannino-3_web.jpg\",\"datePublished\":\"2023-09-04T08:40:31+00:00\",\"dateModified\":\"2024-01-15T10:07:35+00:00\",\"author\":{\"@id\":\"https:\/\/www.diocesitn.it\/clero\/#\/schema\/person\/99590c84577873a025247b6aeb16ad2e\"},\"breadcrumb\":{\"@id\":\"https:\/\/www.diocesitn.it\/clero\/2023\/09\/04\/in-cattedrale-lordinazione-di-fratel-andrea-giannino-vescovo-lauro-il-dio-inginocchiato-ai-piedi-dei-discepoli-sia-la-tua-compagnia\/#breadcrumb\"},\"inLanguage\":\"it-IT\",\"potentialAction\":[{\"@type\":\"ReadAction\",\"target\":[\"https:\/\/www.diocesitn.it\/clero\/2023\/09\/04\/in-cattedrale-lordinazione-di-fratel-andrea-giannino-vescovo-lauro-il-dio-inginocchiato-ai-piedi-dei-discepoli-sia-la-tua-compagnia\/\"]}]},{\"@type\":\"ImageObject\",\"inLanguage\":\"it-IT\",\"@id\":\"https:\/\/www.diocesitn.it\/clero\/2023\/09\/04\/in-cattedrale-lordinazione-di-fratel-andrea-giannino-vescovo-lauro-il-dio-inginocchiato-ai-piedi-dei-discepoli-sia-la-tua-compagnia\/#primaryimage\",\"url\":\"https:\/\/www.diocesitn.it\/clero\/wp-content\/uploads\/sites\/12\/2023\/09\/Ordinazione-Padre-Andrea-Giannino-3_web.jpg\",\"contentUrl\":\"https:\/\/www.diocesitn.it\/clero\/wp-content\/uploads\/sites\/12\/2023\/09\/Ordinazione-Padre-Andrea-Giannino-3_web.jpg\",\"width\":900,\"height\":578},{\"@type\":\"BreadcrumbList\",\"@id\":\"https:\/\/www.diocesitn.it\/clero\/2023\/09\/04\/in-cattedrale-lordinazione-di-fratel-andrea-giannino-vescovo-lauro-il-dio-inginocchiato-ai-piedi-dei-discepoli-sia-la-tua-compagnia\/#breadcrumb\",\"itemListElement\":[{\"@type\":\"ListItem\",\"position\":1,\"name\":\"Home\",\"item\":\"https:\/\/www.diocesitn.it\/clero\/\"},{\"@type\":\"ListItem\",\"position\":2,\"name\":\"In cattedrale l&#8217;ordinazione di fratel Andrea Giannino. &#8220;Vescovo Lauro: il Dio inginocchiato ai piedi dei discepoli sia la tua compagnia&#8221;\"}]},{\"@type\":\"WebSite\",\"@id\":\"https:\/\/www.diocesitn.it\/clero\/#website\",\"url\":\"https:\/\/www.diocesitn.it\/clero\/\",\"name\":\"Clero\",\"description\":\"Chiesa di TRENTO\",\"potentialAction\":[{\"@type\":\"SearchAction\",\"target\":{\"@type\":\"EntryPoint\",\"urlTemplate\":\"https:\/\/www.diocesitn.it\/clero\/?s={search_term_string}\"},\"query-input\":\"required name=search_term_string\"}],\"inLanguage\":\"it-IT\"},{\"@type\":\"ImageObject\",\"inLanguage\":\"it-IT\",\"@id\":\"https:\/\/www.diocesitn.it\/clero\/2023\/09\/04\/in-cattedrale-lordinazione-di-fratel-andrea-giannino-vescovo-lauro-il-dio-inginocchiato-ai-piedi-dei-discepoli-sia-la-tua-compagnia\/#local-main-organization-logo\",\"url\":\"\",\"contentUrl\":\"\",\"caption\":\"Clero\"}]}<\/script>\n<!-- \/ Yoast SEO Premium plugin. -->","yoast_head_json":{"title":"In cattedrale l'ordinazione di fratel Andrea Giannino. \"Vescovo Lauro: il Dio inginocchiato ai piedi dei discepoli sia la tua compagnia\" - Clero","robots":{"index":"index","follow":"follow","max-snippet":"max-snippet:-1","max-image-preview":"max-image-preview:large","max-video-preview":"max-video-preview:-1"},"canonical":"https:\/\/www.diocesitn.it\/clero\/2023\/09\/04\/in-cattedrale-lordinazione-di-fratel-andrea-giannino-vescovo-lauro-il-dio-inginocchiato-ai-piedi-dei-discepoli-sia-la-tua-compagnia\/","og_locale":"it_IT","og_type":"article","og_title":"In cattedrale l'ordinazione di fratel Andrea Giannino. \"Vescovo Lauro: il Dio inginocchiato ai piedi dei discepoli sia la tua compagnia\"","og_description":"&#8220;Dio inginocchiato ai piedi dei discepoli sia la tua compagnia. Questo \u00e8 il rinnegare te stesso che non ti fa perdere nulla e ti dona tutto&#8221;.\u00a0 Il programma di vita per fratel Andrea Giannino, canossiano","og_url":"https:\/\/www.diocesitn.it\/clero\/2023\/09\/04\/in-cattedrale-lordinazione-di-fratel-andrea-giannino-vescovo-lauro-il-dio-inginocchiato-ai-piedi-dei-discepoli-sia-la-tua-compagnia\/","og_site_name":"Clero","article_published_time":"2023-09-04T08:40:31+00:00","article_modified_time":"2024-01-15T10:07:35+00:00","og_image":[{"width":900,"height":578,"url":"https:\/\/www.diocesitn.it\/clero\/wp-content\/uploads\/sites\/12\/2023\/09\/Ordinazione-Padre-Andrea-Giannino-3_web.jpg","type":"image\/jpeg"}],"author":"Piergiorgio Franceschini","twitter_card":"summary_large_image","twitter_misc":{"Scritto da":"Piergiorgio Franceschini","Tempo di lettura stimato":"5 minuti"},"schema":{"@context":"https:\/\/schema.org","@graph":[{"@type":"WebPage","@id":"https:\/\/www.diocesitn.it\/clero\/2023\/09\/04\/in-cattedrale-lordinazione-di-fratel-andrea-giannino-vescovo-lauro-il-dio-inginocchiato-ai-piedi-dei-discepoli-sia-la-tua-compagnia\/","url":"https:\/\/www.diocesitn.it\/clero\/2023\/09\/04\/in-cattedrale-lordinazione-di-fratel-andrea-giannino-vescovo-lauro-il-dio-inginocchiato-ai-piedi-dei-discepoli-sia-la-tua-compagnia\/","name":"In cattedrale l'ordinazione di fratel Andrea Giannino. \"Vescovo Lauro: il Dio inginocchiato ai piedi dei discepoli sia la tua compagnia\" - Clero","isPartOf":{"@id":"https:\/\/www.diocesitn.it\/clero\/#website"},"primaryImageOfPage":{"@id":"https:\/\/www.diocesitn.it\/clero\/2023\/09\/04\/in-cattedrale-lordinazione-di-fratel-andrea-giannino-vescovo-lauro-il-dio-inginocchiato-ai-piedi-dei-discepoli-sia-la-tua-compagnia\/#primaryimage"},"image":{"@id":"https:\/\/www.diocesitn.it\/clero\/2023\/09\/04\/in-cattedrale-lordinazione-di-fratel-andrea-giannino-vescovo-lauro-il-dio-inginocchiato-ai-piedi-dei-discepoli-sia-la-tua-compagnia\/#primaryimage"},"thumbnailUrl":"https:\/\/www.diocesitn.it\/clero\/wp-content\/uploads\/sites\/12\/2023\/09\/Ordinazione-Padre-Andrea-Giannino-3_web.jpg","datePublished":"2023-09-04T08:40:31+00:00","dateModified":"2024-01-15T10:07:35+00:00","author":{"@id":"https:\/\/www.diocesitn.it\/clero\/#\/schema\/person\/99590c84577873a025247b6aeb16ad2e"},"breadcrumb":{"@id":"https:\/\/www.diocesitn.it\/clero\/2023\/09\/04\/in-cattedrale-lordinazione-di-fratel-andrea-giannino-vescovo-lauro-il-dio-inginocchiato-ai-piedi-dei-discepoli-sia-la-tua-compagnia\/#breadcrumb"},"inLanguage":"it-IT","potentialAction":[{"@type":"ReadAction","target":["https:\/\/www.diocesitn.it\/clero\/2023\/09\/04\/in-cattedrale-lordinazione-di-fratel-andrea-giannino-vescovo-lauro-il-dio-inginocchiato-ai-piedi-dei-discepoli-sia-la-tua-compagnia\/"]}]},{"@type":"ImageObject","inLanguage":"it-IT","@id":"https:\/\/www.diocesitn.it\/clero\/2023\/09\/04\/in-cattedrale-lordinazione-di-fratel-andrea-giannino-vescovo-lauro-il-dio-inginocchiato-ai-piedi-dei-discepoli-sia-la-tua-compagnia\/#primaryimage","url":"https:\/\/www.diocesitn.it\/clero\/wp-content\/uploads\/sites\/12\/2023\/09\/Ordinazione-Padre-Andrea-Giannino-3_web.jpg","contentUrl":"https:\/\/www.diocesitn.it\/clero\/wp-content\/uploads\/sites\/12\/2023\/09\/Ordinazione-Padre-Andrea-Giannino-3_web.jpg","width":900,"height":578},{"@type":"BreadcrumbList","@id":"https:\/\/www.diocesitn.it\/clero\/2023\/09\/04\/in-cattedrale-lordinazione-di-fratel-andrea-giannino-vescovo-lauro-il-dio-inginocchiato-ai-piedi-dei-discepoli-sia-la-tua-compagnia\/#breadcrumb","itemListElement":[{"@type":"ListItem","position":1,"name":"Home","item":"https:\/\/www.diocesitn.it\/clero\/"},{"@type":"ListItem","position":2,"name":"In cattedrale l&#8217;ordinazione di fratel Andrea Giannino. &#8220;Vescovo Lauro: il Dio inginocchiato ai piedi dei discepoli sia la tua compagnia&#8221;"}]},{"@type":"WebSite","@id":"https:\/\/www.diocesitn.it\/clero\/#website","url":"https:\/\/www.diocesitn.it\/clero\/","name":"Clero","description":"Chiesa di TRENTO","potentialAction":[{"@type":"SearchAction","target":{"@type":"EntryPoint","urlTemplate":"https:\/\/www.diocesitn.it\/clero\/?s={search_term_string}"},"query-input":"required name=search_term_string"}],"inLanguage":"it-IT"},{"@type":"ImageObject","inLanguage":"it-IT","@id":"https:\/\/www.diocesitn.it\/clero\/2023\/09\/04\/in-cattedrale-lordinazione-di-fratel-andrea-giannino-vescovo-lauro-il-dio-inginocchiato-ai-piedi-dei-discepoli-sia-la-tua-compagnia\/#local-main-organization-logo","url":"","contentUrl":"","caption":"Clero"}]}},"_links":{"self":[{"href":"https:\/\/www.diocesitn.it\/clero\/wp-json\/wp\/v2\/posts\/2092","targetHints":{"allow":["GET"]}}],"collection":[{"href":"https:\/\/www.diocesitn.it\/clero\/wp-json\/wp\/v2\/posts"}],"about":[{"href":"https:\/\/www.diocesitn.it\/clero\/wp-json\/wp\/v2\/types\/post"}],"author":[{"embeddable":true,"href":"https:\/\/www.diocesitn.it\/clero\/wp-json\/wp\/v2\/users\/3"}],"replies":[{"embeddable":true,"href":"https:\/\/www.diocesitn.it\/clero\/wp-json\/wp\/v2\/comments?post=2092"}],"version-history":[{"count":2,"href":"https:\/\/www.diocesitn.it\/clero\/wp-json\/wp\/v2\/posts\/2092\/revisions"}],"predecessor-version":[{"id":2099,"href":"https:\/\/www.diocesitn.it\/clero\/wp-json\/wp\/v2\/posts\/2092\/revisions\/2099"}],"wp:featuredmedia":[{"embeddable":true,"href":"https:\/\/www.diocesitn.it\/clero\/wp-json\/wp\/v2\/media\/2093"}],"wp:attachment":[{"href":"https:\/\/www.diocesitn.it\/clero\/wp-json\/wp\/v2\/media?parent=2092"}],"wp:term":[{"taxonomy":"category","embeddable":true,"href":"https:\/\/www.diocesitn.it\/clero\/wp-json\/wp\/v2\/categories?post=2092"},{"taxonomy":"post_tag","embeddable":true,"href":"https:\/\/www.diocesitn.it\/clero\/wp-json\/wp\/v2\/tags?post=2092"}],"curies":[{"name":"wp","href":"https:\/\/api.w.org\/{rel}","templated":true}]}}