{"id":2088,"date":"2023-08-31T07:24:30","date_gmt":"2023-08-31T05:24:30","guid":{"rendered":"https:\/\/www.diocesitn.it\/clero\/2023\/08\/31\/fratel-andrea-giannino-sara-sacerdote-canossiano-lordinazione-domenica-3-settembre-ore-16-diretta-tv-e-streaming\/"},"modified":"2023-09-04T16:06:17","modified_gmt":"2023-09-04T14:06:17","slug":"fratel-andrea-giannino-sara-sacerdote-canossiano-lordinazione-domenica-3-settembre-ore-16-diretta-tv-e-streaming","status":"publish","type":"post","link":"https:\/\/www.diocesitn.it\/clero\/2023\/08\/31\/fratel-andrea-giannino-sara-sacerdote-canossiano-lordinazione-domenica-3-settembre-ore-16-diretta-tv-e-streaming\/","title":{"rendered":"Fratel Andrea Giannino sar\u00e0 sacerdote canossiano: l&#8217;ordinazione domenica 3 settembre (ore 16 &#8211; diretta tv e streaming)"},"content":{"rendered":"<p>Chiesa di Trento in festa. Domenica 3 settembre alle ore 16 in cattedrale <strong>l\u2019arcivescovo Lauro Tisi ordiner\u00e0 prete fratel Andrea Giannino<\/strong>, 33 anni, religioso canossiano.<\/p>\n<p>Nativo di <strong>Cles<\/strong> ma cresciuto a <strong>Lavis<\/strong>, Andrea frequenta da subito l&#8217;oratorio dei <strong>padri Canossiani<\/strong>, venendo in contatto con il loro carisma. Dopo la maturit\u00e0 classica al liceo Prati e la laurea in filosofia a Trento, nel settembre 2014 inizia il cammino di discernimento per la vita consacrata nella Congregazione dei Figli della Carit\u00e0 Canossiani, che lo porta prima a Verona e poi in Brasile, per un anno di noviziato e la prima professione dei voti, nel 2017. Rientrato in Italia, completa lo studio della teologia a Verona e approfondisce l&#8217;esperienza di consacrazione nelle comunit\u00e0 della Congregazione, fino alla professione perpetua dei voti, nel settembre 2022.<\/p>\n<p>Assegnato da due anni alla comunit\u00e0 religiosa di <strong>Fasano<\/strong>, in provincia di <strong>Brindisi<\/strong>, \u00e8 impegnato in oratorio con la catechesi e la pastorale giovanile.<\/p>\n<p>Ordinato lo scorso anno diacono a Fasano dal Vescovo di Conversano-Monopoli, si prepara a ricevere l&#8217;ordinazione presbiterale per mano del vescovo Lauro domenica prossima nel duomo di Trento.\u00a0Dopo l\u2019ordinazione, fratel Giannino continuer\u00e0 il suo ministero a Fasano.<\/p>\n<p>\u201c\u00c8 iniziato tutto nove anni fa con il desiderio di capire da dove venisse quella insolita sensazione di casa, di armonia, di pienezza, che avevo sperimentato per anni in Oratorio, con le Madri e con i Padri canossiani\u201d, racconta fratel Andrea. \u201cLa vita religiosa \u2013 aggiunge \u2013 mi ha preso per mano e mi ha accompagnato a conoscere un Dio che non immaginavo potesse essere cos\u00ec reale, vicino e capace dare gioia\u201d. Andrea racconta di aver scoperto un \u201cGes\u00f9 che ti conquista, ti fa sentire vivo, e ti cambia il modo di guardare la vita, le persone, le situazioni. Ho semplicemente scelto di non cercare altrove una felicit\u00e0 che stavo gi\u00e0 sperimentando abbondantemente\u201d.<\/p>\n<p>Con i voti perpetui Andrea aveva gi\u00e0 aderito a una chiara prospettiva di vita a servizio degli oratori, dei pi\u00f9 giovani e delle pi\u00f9 varie povert\u00e0. Ora il traguardo del sacerdozio completa la scelta religiosa. \u201cDirei che pi\u00f9 che una decisione \u2013 conclude Giannino \u2013, \u00e8 stata una graduale scoperta di quello che sono sempre stato chiamato ad essere per considerarmi felice\u201d.<\/p>\n<p>L\u2019ordinazione presbiterale di domenica 3 settembre sar\u00e0 trasmessa in diretta sul canale YouTube della Diocesi e su Telepace Trento.<\/p>\n<p><iframe loading=\"lazy\" title=\"Cattedrale di Trento, ordinazione di fratel Andrea Giannino (canossiano) - 3 settembre 2023, ore 16\" width=\"800\" height=\"600\" src=\"https:\/\/www.youtube.com\/embed\/wyQXc3j3_p4?feature=oembed\" frameborder=\"0\" allow=\"accelerometer; autoplay; clipboard-write; encrypted-media; gyroscope; picture-in-picture; web-share\" allowfullscreen><\/iframe><\/p>\n<p>&nbsp;<\/p>\n","protected":false},"excerpt":{"rendered":"<p>Chiesa di Trento in festa. Domenica 3 settembre alle ore 16 in cattedrale l\u2019arcivescovo Lauro Tisi ordiner\u00e0 prete fratel Andrea Giannino, 33 anni, religioso canossiano. Nativo di Cles ma cresciuto a Lavis, Andrea frequenta da<\/p>\n","protected":false},"author":168,"featured_media":2090,"comment_status":"closed","ping_status":"closed","sticky":false,"template":"","format":"standard","meta":{"footnotes":""},"categories":[284,275,279],"tags":[],"class_list":["post-2088","post","type-post","status-publish","format-standard","has-post-thumbnail","hentry","category-arcivescovo-lauro","category-clero","category-notizie"],"acf":{"seed-localization-paese-cod":"IT","seed-localization-address":"","seed-localization-citta":"Trento","seed-localization-regione-cod-istat":"04","seed-localization-citta-cod-istat":"022205","seed-localization-localita":"","seed-localization-cap":"","seed-localization-marker-visibility":false,"seed-localization-children-visibility":false,"seed-localization-kml":"","seed-localization-custom-marker":""},"yoast_head":"<!-- This site is optimized with the Yoast SEO Premium plugin v20.2.1 (Yoast SEO v22.2) - https:\/\/yoast.com\/wordpress\/plugins\/seo\/ -->\n<title>Fratel Andrea Giannino sar\u00e0 sacerdote canossiano: l&#039;ordinazione domenica 3 settembre (ore 16 - diretta tv e streaming) - Clero<\/title>\n<meta name=\"robots\" content=\"index, follow, max-snippet:-1, max-image-preview:large, max-video-preview:-1\" \/>\n<link rel=\"canonical\" href=\"https:\/\/www.diocesitn.it\/clero\/2023\/08\/31\/fratel-andrea-giannino-sara-sacerdote-canossiano-lordinazione-domenica-3-settembre-ore-16-diretta-tv-e-streaming\/\" \/>\n<meta property=\"og:locale\" content=\"it_IT\" \/>\n<meta property=\"og:type\" content=\"article\" \/>\n<meta property=\"og:title\" content=\"Fratel Andrea Giannino sar\u00e0 sacerdote canossiano: l&#039;ordinazione domenica 3 settembre (ore 16 - diretta tv e streaming)\" \/>\n<meta property=\"og:description\" content=\"Chiesa di Trento in festa. Domenica 3 settembre alle ore 16 in cattedrale l\u2019arcivescovo Lauro Tisi ordiner\u00e0 prete fratel Andrea Giannino, 33 anni, religioso canossiano. Nativo di Cles ma cresciuto a Lavis, Andrea frequenta da\" \/>\n<meta property=\"og:url\" content=\"https:\/\/www.diocesitn.it\/clero\/2023\/08\/31\/fratel-andrea-giannino-sara-sacerdote-canossiano-lordinazione-domenica-3-settembre-ore-16-diretta-tv-e-streaming\/\" \/>\n<meta property=\"og:site_name\" content=\"Clero\" \/>\n<meta property=\"article:published_time\" content=\"2023-08-31T05:24:30+00:00\" \/>\n<meta property=\"article:modified_time\" content=\"2023-09-04T14:06:17+00:00\" \/>\n<meta property=\"og:image\" content=\"https:\/\/www.diocesitn.it\/clero\/wp-content\/uploads\/sites\/12\/2023\/08\/IMG-20170820-WA0016.jpg\" \/>\n\t<meta property=\"og:image:width\" content=\"1600\" \/>\n\t<meta property=\"og:image:height\" content=\"1200\" \/>\n\t<meta property=\"og:image:type\" content=\"image\/jpeg\" \/>\n<meta name=\"author\" content=\"losspapot\" \/>\n<meta name=\"twitter:card\" content=\"summary_large_image\" \/>\n<meta name=\"twitter:label1\" content=\"Scritto da\" \/>\n\t<meta name=\"twitter:data1\" content=\"losspapot\" \/>\n\t<meta name=\"twitter:label2\" content=\"Tempo di lettura stimato\" \/>\n\t<meta name=\"twitter:data2\" content=\"3 minuti\" \/>\n<script type=\"application\/ld+json\" class=\"yoast-schema-graph\">{\"@context\":\"https:\/\/schema.org\",\"@graph\":[{\"@type\":\"WebPage\",\"@id\":\"https:\/\/www.diocesitn.it\/clero\/2023\/08\/31\/fratel-andrea-giannino-sara-sacerdote-canossiano-lordinazione-domenica-3-settembre-ore-16-diretta-tv-e-streaming\/\",\"url\":\"https:\/\/www.diocesitn.it\/clero\/2023\/08\/31\/fratel-andrea-giannino-sara-sacerdote-canossiano-lordinazione-domenica-3-settembre-ore-16-diretta-tv-e-streaming\/\",\"name\":\"Fratel Andrea Giannino sar\u00e0 sacerdote canossiano: l'ordinazione domenica 3 settembre (ore 16 - diretta tv e streaming) - Clero\",\"isPartOf\":{\"@id\":\"https:\/\/www.diocesitn.it\/clero\/#website\"},\"primaryImageOfPage\":{\"@id\":\"https:\/\/www.diocesitn.it\/clero\/2023\/08\/31\/fratel-andrea-giannino-sara-sacerdote-canossiano-lordinazione-domenica-3-settembre-ore-16-diretta-tv-e-streaming\/#primaryimage\"},\"image\":{\"@id\":\"https:\/\/www.diocesitn.it\/clero\/2023\/08\/31\/fratel-andrea-giannino-sara-sacerdote-canossiano-lordinazione-domenica-3-settembre-ore-16-diretta-tv-e-streaming\/#primaryimage\"},\"thumbnailUrl\":\"https:\/\/www.diocesitn.it\/clero\/wp-content\/uploads\/sites\/12\/2023\/08\/IMG-20170820-WA0016.jpg\",\"datePublished\":\"2023-08-31T05:24:30+00:00\",\"dateModified\":\"2023-09-04T14:06:17+00:00\",\"author\":{\"@id\":\"https:\/\/www.diocesitn.it\/clero\/#\/schema\/person\/3526ceacb35e1aa4c86252e45adfad22\"},\"breadcrumb\":{\"@id\":\"https:\/\/www.diocesitn.it\/clero\/2023\/08\/31\/fratel-andrea-giannino-sara-sacerdote-canossiano-lordinazione-domenica-3-settembre-ore-16-diretta-tv-e-streaming\/#breadcrumb\"},\"inLanguage\":\"it-IT\",\"potentialAction\":[{\"@type\":\"ReadAction\",\"target\":[\"https:\/\/www.diocesitn.it\/clero\/2023\/08\/31\/fratel-andrea-giannino-sara-sacerdote-canossiano-lordinazione-domenica-3-settembre-ore-16-diretta-tv-e-streaming\/\"]}]},{\"@type\":\"ImageObject\",\"inLanguage\":\"it-IT\",\"@id\":\"https:\/\/www.diocesitn.it\/clero\/2023\/08\/31\/fratel-andrea-giannino-sara-sacerdote-canossiano-lordinazione-domenica-3-settembre-ore-16-diretta-tv-e-streaming\/#primaryimage\",\"url\":\"https:\/\/www.diocesitn.it\/clero\/wp-content\/uploads\/sites\/12\/2023\/08\/IMG-20170820-WA0016.jpg\",\"contentUrl\":\"https:\/\/www.diocesitn.it\/clero\/wp-content\/uploads\/sites\/12\/2023\/08\/IMG-20170820-WA0016.jpg\",\"width\":1600,\"height\":1200},{\"@type\":\"BreadcrumbList\",\"@id\":\"https:\/\/www.diocesitn.it\/clero\/2023\/08\/31\/fratel-andrea-giannino-sara-sacerdote-canossiano-lordinazione-domenica-3-settembre-ore-16-diretta-tv-e-streaming\/#breadcrumb\",\"itemListElement\":[{\"@type\":\"ListItem\",\"position\":1,\"name\":\"Home\",\"item\":\"https:\/\/www.diocesitn.it\/clero\/\"},{\"@type\":\"ListItem\",\"position\":2,\"name\":\"Fratel Andrea Giannino sar\u00e0 sacerdote canossiano: l&#8217;ordinazione domenica 3 settembre (ore 16 &#8211; diretta tv e streaming)\"}]},{\"@type\":\"WebSite\",\"@id\":\"https:\/\/www.diocesitn.it\/clero\/#website\",\"url\":\"https:\/\/www.diocesitn.it\/clero\/\",\"name\":\"Clero\",\"description\":\"Chiesa di TRENTO\",\"potentialAction\":[{\"@type\":\"SearchAction\",\"target\":{\"@type\":\"EntryPoint\",\"urlTemplate\":\"https:\/\/www.diocesitn.it\/clero\/?s={search_term_string}\"},\"query-input\":\"required name=search_term_string\"}],\"inLanguage\":\"it-IT\"},{\"@type\":\"ImageObject\",\"inLanguage\":\"it-IT\",\"@id\":\"https:\/\/www.diocesitn.it\/clero\/2023\/08\/31\/fratel-andrea-giannino-sara-sacerdote-canossiano-lordinazione-domenica-3-settembre-ore-16-diretta-tv-e-streaming\/#local-main-organization-logo\",\"url\":\"\",\"contentUrl\":\"\",\"caption\":\"Clero\"}]}<\/script>\n<!-- \/ Yoast SEO Premium plugin. -->","yoast_head_json":{"title":"Fratel Andrea Giannino sar\u00e0 sacerdote canossiano: l'ordinazione domenica 3 settembre (ore 16 - diretta tv e streaming) - Clero","robots":{"index":"index","follow":"follow","max-snippet":"max-snippet:-1","max-image-preview":"max-image-preview:large","max-video-preview":"max-video-preview:-1"},"canonical":"https:\/\/www.diocesitn.it\/clero\/2023\/08\/31\/fratel-andrea-giannino-sara-sacerdote-canossiano-lordinazione-domenica-3-settembre-ore-16-diretta-tv-e-streaming\/","og_locale":"it_IT","og_type":"article","og_title":"Fratel Andrea Giannino sar\u00e0 sacerdote canossiano: l'ordinazione domenica 3 settembre (ore 16 - diretta tv e streaming)","og_description":"Chiesa di Trento in festa. Domenica 3 settembre alle ore 16 in cattedrale l\u2019arcivescovo Lauro Tisi ordiner\u00e0 prete fratel Andrea Giannino, 33 anni, religioso canossiano. Nativo di Cles ma cresciuto a Lavis, Andrea frequenta da","og_url":"https:\/\/www.diocesitn.it\/clero\/2023\/08\/31\/fratel-andrea-giannino-sara-sacerdote-canossiano-lordinazione-domenica-3-settembre-ore-16-diretta-tv-e-streaming\/","og_site_name":"Clero","article_published_time":"2023-08-31T05:24:30+00:00","article_modified_time":"2023-09-04T14:06:17+00:00","og_image":[{"width":1600,"height":1200,"url":"https:\/\/www.diocesitn.it\/clero\/wp-content\/uploads\/sites\/12\/2023\/08\/IMG-20170820-WA0016.jpg","type":"image\/jpeg"}],"author":"losspapot","twitter_card":"summary_large_image","twitter_misc":{"Scritto da":"losspapot","Tempo di lettura stimato":"3 minuti"},"schema":{"@context":"https:\/\/schema.org","@graph":[{"@type":"WebPage","@id":"https:\/\/www.diocesitn.it\/clero\/2023\/08\/31\/fratel-andrea-giannino-sara-sacerdote-canossiano-lordinazione-domenica-3-settembre-ore-16-diretta-tv-e-streaming\/","url":"https:\/\/www.diocesitn.it\/clero\/2023\/08\/31\/fratel-andrea-giannino-sara-sacerdote-canossiano-lordinazione-domenica-3-settembre-ore-16-diretta-tv-e-streaming\/","name":"Fratel Andrea Giannino sar\u00e0 sacerdote canossiano: l'ordinazione domenica 3 settembre (ore 16 - diretta tv e streaming) - Clero","isPartOf":{"@id":"https:\/\/www.diocesitn.it\/clero\/#website"},"primaryImageOfPage":{"@id":"https:\/\/www.diocesitn.it\/clero\/2023\/08\/31\/fratel-andrea-giannino-sara-sacerdote-canossiano-lordinazione-domenica-3-settembre-ore-16-diretta-tv-e-streaming\/#primaryimage"},"image":{"@id":"https:\/\/www.diocesitn.it\/clero\/2023\/08\/31\/fratel-andrea-giannino-sara-sacerdote-canossiano-lordinazione-domenica-3-settembre-ore-16-diretta-tv-e-streaming\/#primaryimage"},"thumbnailUrl":"https:\/\/www.diocesitn.it\/clero\/wp-content\/uploads\/sites\/12\/2023\/08\/IMG-20170820-WA0016.jpg","datePublished":"2023-08-31T05:24:30+00:00","dateModified":"2023-09-04T14:06:17+00:00","author":{"@id":"https:\/\/www.diocesitn.it\/clero\/#\/schema\/person\/3526ceacb35e1aa4c86252e45adfad22"},"breadcrumb":{"@id":"https:\/\/www.diocesitn.it\/clero\/2023\/08\/31\/fratel-andrea-giannino-sara-sacerdote-canossiano-lordinazione-domenica-3-settembre-ore-16-diretta-tv-e-streaming\/#breadcrumb"},"inLanguage":"it-IT","potentialAction":[{"@type":"ReadAction","target":["https:\/\/www.diocesitn.it\/clero\/2023\/08\/31\/fratel-andrea-giannino-sara-sacerdote-canossiano-lordinazione-domenica-3-settembre-ore-16-diretta-tv-e-streaming\/"]}]},{"@type":"ImageObject","inLanguage":"it-IT","@id":"https:\/\/www.diocesitn.it\/clero\/2023\/08\/31\/fratel-andrea-giannino-sara-sacerdote-canossiano-lordinazione-domenica-3-settembre-ore-16-diretta-tv-e-streaming\/#primaryimage","url":"https:\/\/www.diocesitn.it\/clero\/wp-content\/uploads\/sites\/12\/2023\/08\/IMG-20170820-WA0016.jpg","contentUrl":"https:\/\/www.diocesitn.it\/clero\/wp-content\/uploads\/sites\/12\/2023\/08\/IMG-20170820-WA0016.jpg","width":1600,"height":1200},{"@type":"BreadcrumbList","@id":"https:\/\/www.diocesitn.it\/clero\/2023\/08\/31\/fratel-andrea-giannino-sara-sacerdote-canossiano-lordinazione-domenica-3-settembre-ore-16-diretta-tv-e-streaming\/#breadcrumb","itemListElement":[{"@type":"ListItem","position":1,"name":"Home","item":"https:\/\/www.diocesitn.it\/clero\/"},{"@type":"ListItem","position":2,"name":"Fratel Andrea Giannino sar\u00e0 sacerdote canossiano: l&#8217;ordinazione domenica 3 settembre (ore 16 &#8211; diretta tv e streaming)"}]},{"@type":"WebSite","@id":"https:\/\/www.diocesitn.it\/clero\/#website","url":"https:\/\/www.diocesitn.it\/clero\/","name":"Clero","description":"Chiesa di TRENTO","potentialAction":[{"@type":"SearchAction","target":{"@type":"EntryPoint","urlTemplate":"https:\/\/www.diocesitn.it\/clero\/?s={search_term_string}"},"query-input":"required name=search_term_string"}],"inLanguage":"it-IT"},{"@type":"ImageObject","inLanguage":"it-IT","@id":"https:\/\/www.diocesitn.it\/clero\/2023\/08\/31\/fratel-andrea-giannino-sara-sacerdote-canossiano-lordinazione-domenica-3-settembre-ore-16-diretta-tv-e-streaming\/#local-main-organization-logo","url":"","contentUrl":"","caption":"Clero"}]}},"_links":{"self":[{"href":"https:\/\/www.diocesitn.it\/clero\/wp-json\/wp\/v2\/posts\/2088","targetHints":{"allow":["GET"]}}],"collection":[{"href":"https:\/\/www.diocesitn.it\/clero\/wp-json\/wp\/v2\/posts"}],"about":[{"href":"https:\/\/www.diocesitn.it\/clero\/wp-json\/wp\/v2\/types\/post"}],"author":[{"embeddable":true,"href":"https:\/\/www.diocesitn.it\/clero\/wp-json\/wp\/v2\/users\/168"}],"replies":[{"embeddable":true,"href":"https:\/\/www.diocesitn.it\/clero\/wp-json\/wp\/v2\/comments?post=2088"}],"version-history":[{"count":1,"href":"https:\/\/www.diocesitn.it\/clero\/wp-json\/wp\/v2\/posts\/2088\/revisions"}],"predecessor-version":[{"id":2098,"href":"https:\/\/www.diocesitn.it\/clero\/wp-json\/wp\/v2\/posts\/2088\/revisions\/2098"}],"wp:featuredmedia":[{"embeddable":true,"href":"https:\/\/www.diocesitn.it\/clero\/wp-json\/wp\/v2\/media\/2090"}],"wp:attachment":[{"href":"https:\/\/www.diocesitn.it\/clero\/wp-json\/wp\/v2\/media?parent=2088"}],"wp:term":[{"taxonomy":"category","embeddable":true,"href":"https:\/\/www.diocesitn.it\/clero\/wp-json\/wp\/v2\/categories?post=2088"},{"taxonomy":"post_tag","embeddable":true,"href":"https:\/\/www.diocesitn.it\/clero\/wp-json\/wp\/v2\/tags?post=2088"}],"curies":[{"name":"wp","href":"https:\/\/api.w.org\/{rel}","templated":true}]}}